{"id":25643,"date":"2013-09-20T03:32:49","date_gmt":"2013-09-20T08:32:49","guid":{"rendered":"http:\/\/akunq.net\/tr\/?p=25643"},"modified":"2013-09-20T03:36:12","modified_gmt":"2013-09-20T08:36:12","slug":"ermeni-gelinlere-osmanli-tapusu","status":"publish","type":"post","link":"https:\/\/akunq.net\/tr\/?p=25643","title":{"rendered":"Ermeni gelinlere Osmanl\u0131 tapusu"},"content":{"rendered":"<p style=\"text-align: justify;\"><a href=\"http:\/\/www.takvim.com.tr\/Yazarlar\/cetingulec\/Arsiv\"><strong>M<\/strong><\/a><a href=\"http:\/\/akunq.net\/tr\/wp-content\/uploads\/2013\/09\/Mehmet-\u00c7eting\u00fcle\u00e7.jpg\"><img loading=\"lazy\" decoding=\"async\" class=\"alignright size-full wp-image-25644\" alt=\"Mehmet \u00c7eting\u00fcle\u00e7\" src=\"http:\/\/akunq.net\/tr\/wp-content\/uploads\/2013\/09\/Mehmet-\u00c7eting\u00fcle\u00e7.jpg\" width=\"300\" height=\"210\" \/><\/a><a href=\"http:\/\/www.takvim.com.tr\/Yazarlar\/cetingulec\/Arsiv\">ehmet \u00c7eting\u00fcle\u00e7 <\/a><\/p>\n<p style=\"text-align: justify;\">Ermeniler T\u00fcrkiye&#8217;ye d\u00f6nmek istiyor.<br \/>\nGeride b\u0131rakt\u0131klar\u0131 evleri, tarlalar\u0131, bah\u00e7eleri ve hatta mezarl\u0131klar\u0131 almak i\u00e7in.<br \/>\nPeki nas\u0131l?<br \/>\nEllerindeki tapularla\u2026<\/p>\n<p style=\"text-align: justify;\">***<br \/>\nAkdeniz \u00dcniversitesi Rekt\u00f6r\u00fc Prof. Dr. \u0130srafil Kurtcephe sayg\u0131n bir tarih\u00e7i.<br \/>\n<strong>Ermeni meselesini iyi biliyor.<\/strong><b><br \/>\n<\/b>Ermenistan&#8217;da yap\u0131lan d\u00fc\u011f\u00fcnlerde anne-babalar\u0131n gelinlere hediye olarak Osmanl\u0131 tapusu verdi\u011fini s\u00f6yl\u00fcyor.<br \/>\n<strong>1915<\/strong>&#8216;te zorunlu g\u00f6\u00e7e tabi tutulanlar ve daha sonra \u00e7e\u015fitli gerek\u00e7elerle g\u00f6\u00e7 edenlerin b\u0131rakt\u0131klar\u0131 tapular.<\/p>\n<p style=\"text-align: justify;\">***<br \/>\n\u0130\u015fte 2015 y\u0131l\u0131 senaryosunda, bu belgelerin ortaya \u00e7\u0131kar\u0131l\u0131p hak talep edilmesi bekleniyor.<br \/>\nG\u00f6\u00e7 edenlerin varisleri <strong>&#8220;mallar\u0131m\u0131z\u0131 istiyoruz&#8221; <\/strong>diyecekler.<br \/>\n<strong>Peki T\u00fcrkiye b\u00f6yle bir talebe kar\u015f\u0131 haz\u0131rl\u0131kl\u0131 m\u0131?<\/strong><b><br \/>\n<\/b>Daha do\u011frusu bu taleplerden sonu\u00e7 almak m\u00fcmk\u00fcn m\u00fc?<br \/>\nElimizde tapu var&#8221; diye gelip 100 y\u0131ld\u0131r o evleri, arsalar\u0131, ba\u011flar\u0131, bah\u00e7eleri kullanan insanlar\u0131 mallar\u0131ndan edebilirler mi?<\/p>\n<p style=\"text-align: justify;\">***<br \/>\n<strong>Osmanl\u0131 tapular\u0131 ge\u00e7erli. <\/strong><b><br \/>\n<\/b>Dolay\u0131s\u0131yla hukuki yollar a\u00e7\u0131k.<br \/>\nHem i\u00e7eride, hem d\u0131\u015far\u0131da.<br \/>\nZaten T\u00fcrkiye&#8217;de ve ABD&#8217;de a\u00e7\u0131lm\u0131\u015f davalar var.<br \/>\n2015&#8217;e do\u011fru yakla\u015ft\u0131k\u00e7a dava say\u0131s\u0131n\u0131n artmas\u0131 bekleniyor\u2026<\/p>\n<p style=\"text-align: justify;\">***<br \/>\n<strong>Prof. \u0130srafil Kurtcephe<\/strong>, soyk\u0131r\u0131m iddialar\u0131n\u0131n 100. Y\u0131ld\u00f6n\u00fcm\u00fcne ili\u015fkin \u015fu projeksiyonu yap\u0131yor:<br \/>\n&#8220;Ermeniler 13 vilayetimiz hakk\u0131nda toprak talebinde bulunuyor. G\u00f6\u00e7 ettikleri vilayetlerde b\u0131rakt\u0131klar\u0131 m\u00fclkler \u00fczerinden hak iddia ediyorlar. 2015&#8217;e gelirken hem T\u00fcrk mahkemelerine hem de uluslar aras\u0131 mahkemelere bu konuyu ta\u015f\u0131yacaklar\u0131 anla\u015f\u0131l\u0131yor.&#8221;<\/p>\n<p style=\"text-align: justify;\">***<br \/>\nPeki T\u00fcrkiye&#8217;nin ne yapmas\u0131 gerekiyor?<br \/>\n<strong>Prof. \u0130srafil Kurtcephe <\/strong>anlat\u0131yor:<br \/>\n&#8220;Haz\u0131rl\u0131kl\u0131 olmam\u0131z gerekiyor. Ba\u015fta <strong>D\u0131\u015fi\u015fleri Bakanl\u0131\u011f\u0131<\/strong> olmak \u00fczere bu konuda s\u00fcrekli \u00e7al\u0131\u015facak birimlerin olu\u015fturulmas\u0131 laz\u0131m. D\u00fcnya genelinde en az Ermeniler kadar \u00f6rg\u00fctl\u00fc ve planl\u0131 \u00e7al\u0131\u015facak lobi kurulu\u015flar\u0131n\u0131 faaliyete ge\u00e7irmemiz laz\u0131m. Soyk\u0131r\u0131m\u0131n &#8216;bir halk\u0131 tamam\u0131yla ve maksatl\u0131 \u015fekilde yok etmek&#8217; anlam\u0131 ta\u015f\u0131d\u0131\u011f\u0131n\u0131, 1915&#8217;te ya\u015fanan olaylar\u0131n ise kar\u015f\u0131l\u0131kl\u0131 \u00e7at\u0131\u015fma nedeniyle zorunlu bir yer de\u011fi\u015ftirme oldu\u011funu anlatmam\u0131z laz\u0131m. Bunu yapmad\u0131\u011f\u0131m\u0131z takdirde 2015&#8217;e haz\u0131rl\u0131ks\u0131z yakalanabiliriz. D\u00fcnya kamuoyunda olumsuz sonu\u00e7larla kar\u015f\u0131la\u015fabiliriz.&#8221;<\/p>\n<p style=\"text-align: justify;\">***<br \/>\n<strong>Ermeni diasporas\u0131n\u0131n temsilcileri ise \u015fu hesab\u0131 yap\u0131yor:<\/strong><b><br \/>\n<\/b>&#8220;Biz binlerce y\u0131ld\u0131r Anadolu&#8217;da ya\u015f\u0131yoruz. Hi\u00e7bir \u015feyi unutmu\u015f de\u011filiz. <strong>Nereli oldu\u011fumuzu biliyoruz<\/strong>. Atalar\u0131m\u0131z\u0131n b\u0131rakt\u0131\u011f\u0131 ba\u011flar\u0131n, bah\u00e7elerin, evlerin nerede oldu\u011funu da biliyoruz.&#8221;<br \/>\n<strong>Prof.Dr. \u0130srafil Kurtcephe<\/strong>&#8216;nin de\u011ferlendirmesine Ermeni diasporas\u0131n\u0131n a\u00e7\u0131klamas\u0131n\u0131 ekledi\u011finizde herhalde T\u00fcrkiye&#8217;yi yak\u0131n gelecekte nelerin bekledi\u011fini tahmin edebilirsiniz\u2026<\/p>\n<p style=\"text-align: justify;\"><b><i>http:\/\/www.takvim.com.tr\/Yazarlar\/cetingulec\/2013\/09\/19\/ermeni-gelinlere-osmanli-tapusu<\/i><\/b><\/p>\n","protected":false},"excerpt":{"rendered":"<p>Mehmet \u00c7eting\u00fcle\u00e7 Ermeniler T\u00fcrkiye&#8217;ye d\u00f6nmek istiyor. Geride b\u0131rakt\u0131klar\u0131 evleri, tarlalar\u0131, bah\u00e7eleri ve hatta mezarl\u0131klar\u0131 almak i\u00e7in. Peki nas\u0131l? Ellerindeki tapularla\u2026 *** Akdeniz \u00dcniversitesi Rekt\u00f6r\u00fc Prof. Dr. \u0130srafil Kurtcephe sayg\u0131n bir tarih\u00e7i. Ermeni meselesini iyi biliyor. Ermenistan&#8217;da yap\u0131lan d\u00fc\u011f\u00fcnlerde anne-babalar\u0131n gelinlere hediye olarak Osmanl\u0131 tapusu verdi\u011fini s\u00f6yl\u00fcyor. 1915&#8216;te zorunlu g\u00f6\u00e7e tabi tutulanlar ve daha sonra \u00e7e\u015fitli [&hellip;]<\/p>\n","protected":false},"author":7,"featured_media":0,"comment_status":"open","ping_status":"open","sticky":false,"template":"","format":"standard","meta":{"footnotes":""},"categories":[1],"tags":[],"class_list":["post-25643","post","type-post","status-publish","format-standard","hentry","category-haberler"],"yoast_head":"<!-- This site is optimized with the Yoast SEO plugin v27.4 - https:\/\/yoast.com\/product\/yoast-seo-wordpress\/ -->\n<title>Ermeni gelinlere Osmanl\u0131 tapusu - Bati Ermenistan Ve Bati Ermenileri Sorunlari Ara\u015ftirmalar Merkezi<\/title>\n<meta name=\"robots\" content=\"index, follow, max-snippet:-1, max-image-preview:large, max-video-preview:-1\" \/>\n<link rel=\"canonical\" href=\"https:\/\/akunq.net\/tr\/?p=25643\" \/>\n<meta property=\"og:locale\" content=\"en_US\" \/>\n<meta property=\"og:type\" content=\"article\" \/>\n<meta property=\"og:title\" content=\"Ermeni gelinlere Osmanl\u0131 tapusu - Bati Ermenistan Ve Bati Ermenileri Sorunlari Ara\u015ftirmalar Merkezi\" \/>\n<meta property=\"og:description\" content=\"Mehmet \u00c7eting\u00fcle\u00e7 Ermeniler T\u00fcrkiye&#8217;ye d\u00f6nmek istiyor. Geride b\u0131rakt\u0131klar\u0131 evleri, tarlalar\u0131, bah\u00e7eleri ve hatta mezarl\u0131klar\u0131 almak i\u00e7in. Peki nas\u0131l? Ellerindeki tapularla\u2026 *** Akdeniz \u00dcniversitesi Rekt\u00f6r\u00fc Prof. Dr. \u0130srafil Kurtcephe sayg\u0131n bir tarih\u00e7i. Ermeni meselesini iyi biliyor. Ermenistan&#8217;da yap\u0131lan d\u00fc\u011f\u00fcnlerde anne-babalar\u0131n gelinlere hediye olarak Osmanl\u0131 tapusu verdi\u011fini s\u00f6yl\u00fcyor. 1915&#8216;te zorunlu g\u00f6\u00e7e tabi tutulanlar ve daha sonra \u00e7e\u015fitli [&hellip;]\" \/>\n<meta property=\"og:url\" content=\"https:\/\/akunq.net\/tr\/?p=25643\" \/>\n<meta property=\"og:site_name\" content=\"Bati Ermenistan Ve Bati Ermenileri Sorunlari Ara\u015ftirmalar Merkezi\" \/>\n<meta property=\"article:published_time\" content=\"2013-09-20T08:32:49+00:00\" \/>\n<meta property=\"article:modified_time\" content=\"2013-09-20T08:36:12+00:00\" \/>\n<meta name=\"author\" content=\"admin\" \/>\n<meta name=\"twitter:card\" content=\"summary_large_image\" \/>\n<meta name=\"twitter:label1\" content=\"Written by\" \/>\n\t<meta name=\"twitter:data1\" content=\"admin\" \/>\n\t<meta name=\"twitter:label2\" content=\"Est. reading time\" \/>\n\t<meta name=\"twitter:data2\" content=\"2 minutes\" \/>\n<script type=\"application\/ld+json\" class=\"yoast-schema-graph\">{\"@context\":\"https:\\\/\\\/schema.org\",\"@graph\":[{\"@type\":\"Article\",\"@id\":\"https:\\\/\\\/akunq.net\\\/tr\\\/?p=25643#article\",\"isPartOf\":{\"@id\":\"https:\\\/\\\/akunq.net\\\/tr\\\/?p=25643\"},\"author\":{\"name\":\"admin\",\"@id\":\"https:\\\/\\\/akunq.net\\\/tr\\\/#\\\/schema\\\/person\\\/096f1d38a12cce57fb855b485ed24c9e\"},\"headline\":\"Ermeni gelinlere Osmanl\u0131 tapusu\",\"datePublished\":\"2013-09-20T08:32:49+00:00\",\"dateModified\":\"2013-09-20T08:36:12+00:00\",\"mainEntityOfPage\":{\"@id\":\"https:\\\/\\\/akunq.net\\\/tr\\\/?p=25643\"},\"wordCount\":449,\"commentCount\":0,\"articleSection\":[\"Haberler\"],\"inLanguage\":\"en-US\",\"potentialAction\":[{\"@type\":\"CommentAction\",\"name\":\"Comment\",\"target\":[\"https:\\\/\\\/akunq.net\\\/tr\\\/?p=25643#respond\"]}]},{\"@type\":\"WebPage\",\"@id\":\"https:\\\/\\\/akunq.net\\\/tr\\\/?p=25643\",\"url\":\"https:\\\/\\\/akunq.net\\\/tr\\\/?p=25643\",\"name\":\"Ermeni gelinlere Osmanl\u0131 tapusu - Bati Ermenistan Ve Bati Ermenileri Sorunlari Ara\u015ftirmalar Merkezi\",\"isPartOf\":{\"@id\":\"https:\\\/\\\/akunq.net\\\/tr\\\/#website\"},\"datePublished\":\"2013-09-20T08:32:49+00:00\",\"dateModified\":\"2013-09-20T08:36:12+00:00\",\"author\":{\"@id\":\"https:\\\/\\\/akunq.net\\\/tr\\\/#\\\/schema\\\/person\\\/096f1d38a12cce57fb855b485ed24c9e\"},\"breadcrumb\":{\"@id\":\"https:\\\/\\\/akunq.net\\\/tr\\\/?p=25643#breadcrumb\"},\"inLanguage\":\"en-US\",\"potentialAction\":[{\"@type\":\"ReadAction\",\"target\":[\"https:\\\/\\\/akunq.net\\\/tr\\\/?p=25643\"]}]},{\"@type\":\"BreadcrumbList\",\"@id\":\"https:\\\/\\\/akunq.net\\\/tr\\\/?p=25643#breadcrumb\",\"itemListElement\":[{\"@type\":\"ListItem\",\"position\":1,\"name\":\"Home\",\"item\":\"https:\\\/\\\/akunq.net\\\/tr\"},{\"@type\":\"ListItem\",\"position\":2,\"name\":\"Ermeni gelinlere Osmanl\u0131 tapusu\"}]},{\"@type\":\"WebSite\",\"@id\":\"https:\\\/\\\/akunq.net\\\/tr\\\/#website\",\"url\":\"https:\\\/\\\/akunq.net\\\/tr\\\/\",\"name\":\"Bati Ermenistan Ve Bati Ermenileri Sorunlari Ara\u015ftirmalar Merkezi\",\"description\":\"\",\"potentialAction\":[{\"@type\":\"SearchAction\",\"target\":{\"@type\":\"EntryPoint\",\"urlTemplate\":\"https:\\\/\\\/akunq.net\\\/tr\\\/?s={search_term_string}\"},\"query-input\":{\"@type\":\"PropertyValueSpecification\",\"valueRequired\":true,\"valueName\":\"search_term_string\"}}],\"inLanguage\":\"en-US\"},{\"@type\":\"Person\",\"@id\":\"https:\\\/\\\/akunq.net\\\/tr\\\/#\\\/schema\\\/person\\\/096f1d38a12cce57fb855b485ed24c9e\",\"name\":\"admin\",\"url\":\"https:\\\/\\\/akunq.net\\\/tr\\\/?author=7\"}]}<\/script>\n<!-- \/ Yoast SEO plugin. -->","yoast_head_json":{"title":"Ermeni gelinlere Osmanl\u0131 tapusu - Bati Ermenistan Ve Bati Ermenileri Sorunlari Ara\u015ftirmalar Merkezi","robots":{"index":"index","follow":"follow","max-snippet":"max-snippet:-1","max-image-preview":"max-image-preview:large","max-video-preview":"max-video-preview:-1"},"canonical":"https:\/\/akunq.net\/tr\/?p=25643","og_locale":"en_US","og_type":"article","og_title":"Ermeni gelinlere Osmanl\u0131 tapusu - Bati Ermenistan Ve Bati Ermenileri Sorunlari Ara\u015ftirmalar Merkezi","og_description":"Mehmet \u00c7eting\u00fcle\u00e7 Ermeniler T\u00fcrkiye&#8217;ye d\u00f6nmek istiyor. Geride b\u0131rakt\u0131klar\u0131 evleri, tarlalar\u0131, bah\u00e7eleri ve hatta mezarl\u0131klar\u0131 almak i\u00e7in. Peki nas\u0131l? Ellerindeki tapularla\u2026 *** Akdeniz \u00dcniversitesi Rekt\u00f6r\u00fc Prof. Dr. \u0130srafil Kurtcephe sayg\u0131n bir tarih\u00e7i. Ermeni meselesini iyi biliyor. Ermenistan&#8217;da yap\u0131lan d\u00fc\u011f\u00fcnlerde anne-babalar\u0131n gelinlere hediye olarak Osmanl\u0131 tapusu verdi\u011fini s\u00f6yl\u00fcyor. 1915&#8216;te zorunlu g\u00f6\u00e7e tabi tutulanlar ve daha sonra \u00e7e\u015fitli [&hellip;]","og_url":"https:\/\/akunq.net\/tr\/?p=25643","og_site_name":"Bati Ermenistan Ve Bati Ermenileri Sorunlari Ara\u015ftirmalar Merkezi","article_published_time":"2013-09-20T08:32:49+00:00","article_modified_time":"2013-09-20T08:36:12+00:00","author":"admin","twitter_card":"summary_large_image","twitter_misc":{"Written by":"admin","Est. reading time":"2 minutes"},"schema":{"@context":"https:\/\/schema.org","@graph":[{"@type":"Article","@id":"https:\/\/akunq.net\/tr\/?p=25643#article","isPartOf":{"@id":"https:\/\/akunq.net\/tr\/?p=25643"},"author":{"name":"admin","@id":"https:\/\/akunq.net\/tr\/#\/schema\/person\/096f1d38a12cce57fb855b485ed24c9e"},"headline":"Ermeni gelinlere Osmanl\u0131 tapusu","datePublished":"2013-09-20T08:32:49+00:00","dateModified":"2013-09-20T08:36:12+00:00","mainEntityOfPage":{"@id":"https:\/\/akunq.net\/tr\/?p=25643"},"wordCount":449,"commentCount":0,"articleSection":["Haberler"],"inLanguage":"en-US","potentialAction":[{"@type":"CommentAction","name":"Comment","target":["https:\/\/akunq.net\/tr\/?p=25643#respond"]}]},{"@type":"WebPage","@id":"https:\/\/akunq.net\/tr\/?p=25643","url":"https:\/\/akunq.net\/tr\/?p=25643","name":"Ermeni gelinlere Osmanl\u0131 tapusu - Bati Ermenistan Ve Bati Ermenileri Sorunlari Ara\u015ftirmalar Merkezi","isPartOf":{"@id":"https:\/\/akunq.net\/tr\/#website"},"datePublished":"2013-09-20T08:32:49+00:00","dateModified":"2013-09-20T08:36:12+00:00","author":{"@id":"https:\/\/akunq.net\/tr\/#\/schema\/person\/096f1d38a12cce57fb855b485ed24c9e"},"breadcrumb":{"@id":"https:\/\/akunq.net\/tr\/?p=25643#breadcrumb"},"inLanguage":"en-US","potentialAction":[{"@type":"ReadAction","target":["https:\/\/akunq.net\/tr\/?p=25643"]}]},{"@type":"BreadcrumbList","@id":"https:\/\/akunq.net\/tr\/?p=25643#breadcrumb","itemListElement":[{"@type":"ListItem","position":1,"name":"Home","item":"https:\/\/akunq.net\/tr"},{"@type":"ListItem","position":2,"name":"Ermeni gelinlere Osmanl\u0131 tapusu"}]},{"@type":"WebSite","@id":"https:\/\/akunq.net\/tr\/#website","url":"https:\/\/akunq.net\/tr\/","name":"Bati Ermenistan Ve Bati Ermenileri Sorunlari Ara\u015ftirmalar Merkezi","description":"","potentialAction":[{"@type":"SearchAction","target":{"@type":"EntryPoint","urlTemplate":"https:\/\/akunq.net\/tr\/?s={search_term_string}"},"query-input":{"@type":"PropertyValueSpecification","valueRequired":true,"valueName":"search_term_string"}}],"inLanguage":"en-US"},{"@type":"Person","@id":"https:\/\/akunq.net\/tr\/#\/schema\/person\/096f1d38a12cce57fb855b485ed24c9e","name":"admin","url":"https:\/\/akunq.net\/tr\/?author=7"}]}},"_links":{"self":[{"href":"https:\/\/akunq.net\/tr\/index.php?rest_route=\/wp\/v2\/posts\/25643","targetHints":{"allow":["GET"]}}],"collection":[{"href":"https:\/\/akunq.net\/tr\/index.php?rest_route=\/wp\/v2\/posts"}],"about":[{"href":"https:\/\/akunq.net\/tr\/index.php?rest_route=\/wp\/v2\/types\/post"}],"author":[{"embeddable":true,"href":"https:\/\/akunq.net\/tr\/index.php?rest_route=\/wp\/v2\/users\/7"}],"replies":[{"embeddable":true,"href":"https:\/\/akunq.net\/tr\/index.php?rest_route=%2Fwp%2Fv2%2Fcomments&post=25643"}],"version-history":[{"count":3,"href":"https:\/\/akunq.net\/tr\/index.php?rest_route=\/wp\/v2\/posts\/25643\/revisions"}],"predecessor-version":[{"id":25646,"href":"https:\/\/akunq.net\/tr\/index.php?rest_route=\/wp\/v2\/posts\/25643\/revisions\/25646"}],"wp:attachment":[{"href":"https:\/\/akunq.net\/tr\/index.php?rest_route=%2Fwp%2Fv2%2Fmedia&parent=25643"}],"wp:term":[{"taxonomy":"category","embeddable":true,"href":"https:\/\/akunq.net\/tr\/index.php?rest_route=%2Fwp%2Fv2%2Fcategories&post=25643"},{"taxonomy":"post_tag","embeddable":true,"href":"https:\/\/akunq.net\/tr\/index.php?rest_route=%2Fwp%2Fv2%2Ftags&post=25643"}],"curies":[{"name":"wp","href":"https:\/\/api.w.org\/{rel}","templated":true}]}}