{"id":25638,"date":"2013-09-20T03:12:07","date_gmt":"2013-09-20T08:12:07","guid":{"rendered":"http:\/\/akunq.net\/tr\/?p=25638"},"modified":"2013-09-20T03:12:45","modified_gmt":"2013-09-20T08:12:45","slug":"hosap-kalesinde-360-yillik-su-sistemi","status":"publish","type":"post","link":"https:\/\/akunq.net\/tr\/?p=25638","title":{"rendered":"Ho\u015fap Kalesi&#8217;nde 360 Y\u0131ll\u0131k Su Sistemi"},"content":{"rendered":"<h2 style=\"text-align: justify;\"><i><a href=\"http:\/\/akunq.net\/tr\/wp-content\/uploads\/2013\/09\/Ho\u015fap-Kalesi.jpg\"><img loading=\"lazy\" decoding=\"async\" class=\"alignright size-medium wp-image-25639\" alt=\"Ho\u015fap Kalesi\" src=\"http:\/\/akunq.net\/tr\/wp-content\/uploads\/2013\/09\/Ho\u015fap-Kalesi-300x225.jpg\" width=\"300\" height=\"225\" srcset=\"https:\/\/akunq.net\/tr\/wp-content\/uploads\/sites\/6\/2013\/09\/Ho\u015fap-Kalesi-300x225.jpg 300w, https:\/\/akunq.net\/tr\/wp-content\/uploads\/sites\/6\/2013\/09\/Ho\u015fap-Kalesi.jpg 400w\" sizes=\"auto, (max-width: 300px) 100vw, 300px\" \/><\/a>Van&#8217;\u0131n G\u00fcrp\u0131nar il\u00e7esindeki Ho\u015fap Kalesi&#8217;nde Y\u00fcz\u00fcnc\u00fc Y\u0131l \u00dcniversitesi taraf\u0131ndan y\u00fcr\u00fct\u00fclen kaz\u0131 \u00e7al\u0131\u015fmalar\u0131nda, 360 y\u0131l \u00f6ncesine ait su tesisat\u0131 bulundu YY\u00dc Rekt\u00f6r\u00fc Prof. Dr. Battal: &#8220;Bug\u00fcn g\u00f6rd\u00fck ki \u00e7ok \u00f6nemli bir eserimiz g\u00fcn y\u00fcz\u00fcne \u00e7\u0131kt\u0131 ve \u00e7\u0131kmaya devam ediyor&#8221;.<\/i><\/h2>\n<p style=\"text-align: justify;\">Y\u00fcz\u00fcnc\u00fc Y\u0131l \u00dcniversitesince (YY)\u00a0G\u00fcrp\u0131nar il\u00e7esindeki Ho\u015fap Kalesi&#8217;nde y\u00fcr\u00fct\u00fclen kaz\u0131 \u00e7al\u0131\u015fmalar\u0131nda, 360 y\u0131l \u00f6ncesine ait su tesisat\u0131 bulundu.<\/p>\n<p style=\"text-align: justify;\">Urartu medeniyetine ait kalenin temelleri \u00fczerine\u00a016. y\u00fczy\u0131lda kurulan ve uzun y\u0131llar\u00a0Mahmudi beylerinin saray\u0131 olarak\u00a0kullan\u0131lan Ho\u015fap Kalesi&#8217;nde, YY\u00dc taraf\u0131ndan 6 y\u0131l \u00f6nce ba\u015flat\u0131lan kaz\u0131 \u00e7al\u0131\u015fmalar\u0131 bu y\u0131l da devam ediyor.<\/p>\n<p style=\"text-align: justify;\">YY\u00dc Edebiyat Fak\u00fcltesi Sanat Tarihi B\u00f6l\u00fcm\u00fc \u00d6\u011fretim \u00dcyesi Yrd. Do\u00e7. Dr. Mehmet Top ba\u015fkanl\u0131\u011f\u0131nda 6 y\u0131ld\u0131r s\u00fcren kaz\u0131 \u00e7al\u0131\u015fmalar\u0131nda, \u00e7ok say\u0131da eser g\u00fcn \u0131\u015f\u0131\u011f\u0131na \u00e7\u0131kar\u0131l\u0131rken, kaledeki bir\u00e7ok yap\u0131 da yeni bir g\u00f6r\u00fcn\u00fcme b\u00fcr\u00fcnd\u00fc.<\/p>\n<p style=\"text-align: justify;\">Kaz\u0131 \u00e7al\u0131\u015fmalar\u0131n\u0131n bu y\u0131l ki b\u00f6l\u00fcm\u00fcnde ise 1650 y\u0131l\u0131na ait oldu\u011fu belirlenen su tesisat\u0131 bulundu.<\/p>\n<p style=\"text-align: justify;\">Bu y\u0131l devam eden kaz\u0131 \u00e7al\u0131\u015fmalar\u0131n\u0131 inceleyen\u00a0YY\u00dc Rekt\u00f6r\u00fc Prof. Dr. <a title=\"Peyami Battal Haberleri\" href=\"http:\/\/www.haberler.com\/peyami-battal\/\"><b>Peyami Battal<\/b><\/a> ile\u00a0G\u00fcrp\u0131nar Kaymakam\u0131 <a title=\"Metin Y\u0131lmaz Haberleri\" href=\"http:\/\/www.haberler.com\/metin-yilmaz\/\"><b>Metin Y\u0131lmaz<\/b><\/a>, ilk olarak\u00a0kalede ortaya \u00e7\u0131kar\u0131lan b\u00f6l\u00fcmleri gezdi.<\/p>\n<p style=\"text-align: justify;\">\u00c7al\u0131\u015fmalarla ilgili kaz\u0131 ba\u015fkan\u0131 Yrd. Do\u00e7. Dr. Top&#8217;tan bilgi alan Rekt\u00f6r Battal, gazetecilere yapt\u0131\u011f\u0131 a\u00e7\u0131klamada,\u00a0Van&#8217;\u0131n\u00a0tarihi doku bak\u0131m\u0131ndan zengin bir kent oldu\u011funu belirterek, Ho\u015fap Kalesi&#8217;nin de bu doku aras\u0131nda yer ald\u0131\u011f\u0131n\u0131 s\u00f6yledi.<\/p>\n<p style=\"text-align: justify;\">Kaz\u0131 \u00e7al\u0131\u015fmalar\u0131n\u0131n k\u0131sa s\u00fcrede eserleri ortaya \u00e7\u0131kard\u0131\u011f\u0131n\u0131 anlatan Battal, &#8220;Bug\u00fcn g\u00f6rd\u00fck ki \u00e7ok \u00f6nemli bir eserimiz g\u00fcn y\u00fcz\u00fcne \u00e7\u0131kt\u0131 ve\u00a0\u00e7\u0131kmaya devam ediyor. Kaleyle ilgili birka\u00e7 proje daha sunulacak. O projeler de uygulamaya ge\u00e7ti\u011fi zaman kaledeki baz\u0131 mekanlar tamamen korunmu\u015f olacak ve oturulabilir durumu gelecek. B\u00f6ylece buraya daha fazla turist \u00e7ekebilecek a\u015famaya gelece\u011fiz. Ana hatlar\u0131yla bu tarihi dokunun \u00f6nemli hatlar\u0131 ortaya \u00e7\u0131kar\u0131lm\u0131\u015f oldu&#8221; dedi. \u00a0<\/p>\n<p style=\"text-align: justify;\">Kaymakam <a title=\"Metin Y\u0131lmaz Haberleri\" href=\"http:\/\/www.haberler.com\/metin-yilmaz\/\"><b>Metin Y\u0131lmaz<\/b><\/a> ise\u00a0kaleyi ilk kez yak\u0131ndan g\u00f6rme f\u0131rsat\u0131 buldu\u011funu bildirerek, &#8220;\u0130n\u015fallah ileride yap\u0131lacak \u00e7al\u0131\u015fmalarla buras\u0131 tam bir cazibe merkezi durumuna gelir. B\u00f6lgemizin de buna ihtiyac\u0131 var. B\u00f6ylesi yap\u0131lar\u0131n kazand\u0131r\u0131lmas\u0131yla b\u00f6lgemizin imaj\u0131n\u0131n da olumlu anlamda geli\u015fece\u011fini d\u00fc\u015f\u00fcn\u00fcyorum&#8221; ifadelerini kulland\u0131.<\/p>\n<p style=\"text-align: justify;\">Kaz\u0131 ba\u015fkan\u0131 Top da\u00a0kaz\u0131 \u00e7al\u0131\u015fmalar\u0131nda 3 ayr\u0131 hamamla kar\u015f\u0131la\u015ft\u0131klar\u0131na de\u011finerek,\u00a0kaz\u0131larda\u00a0yap\u0131lara aktar\u0131lan temiz ve kirli suyun da\u011f\u0131t\u0131m\u0131 i\u00e7in k\u00fcnk sisteminin kullan\u0131ld\u0131\u011f\u0131na \u015fahit olduklar\u0131n\u0131 kaydetti.<\/p>\n<p style=\"text-align: justify;\">Hamamlardaki su ihtiyac\u0131n\u0131n kalenin yan\u0131 ba\u015f\u0131ndaki nehirden b\u00fcy\u00fck \u00e7\u0131kr\u0131klarla sa\u011fland\u0131\u011f\u0131n\u0131 vurgulayan Top,\u00a0&#8220;Bunun d\u0131\u015f\u0131nda daha y\u00fcksek kesimlerden\u00a0kaleye temiz su getirilmi\u015f ve bu sular\u0131n kullan\u0131m\u0131 da yine k\u00fcnk ve kanalizasyon sistemiyle sa\u011flanm\u0131\u015ft\u0131r. Bu y\u0131l bununla ilgili bulgulara ula\u015ft\u0131k. Bu sistem\u00a01650&#8217;li y\u0131llardan beri kullan\u0131l\u0131yor&#8221; diye konu\u015ftu.<\/p>\n<p style=\"text-align: justify;\"><b><i>http:\/\/www.haberler.com\/hosap-kalesi-nde-360-yillik-su-sistemi-5076657-haberi\/<\/i><\/b><\/p>\n","protected":false},"excerpt":{"rendered":"<p>Van&#8217;\u0131n G\u00fcrp\u0131nar il\u00e7esindeki Ho\u015fap Kalesi&#8217;nde Y\u00fcz\u00fcnc\u00fc Y\u0131l \u00dcniversitesi taraf\u0131ndan y\u00fcr\u00fct\u00fclen kaz\u0131 \u00e7al\u0131\u015fmalar\u0131nda, 360 y\u0131l \u00f6ncesine ait su tesisat\u0131 bulundu YY\u00dc Rekt\u00f6r\u00fc Prof. Dr. Battal: &#8220;Bug\u00fcn g\u00f6rd\u00fck ki \u00e7ok \u00f6nemli bir eserimiz g\u00fcn y\u00fcz\u00fcne \u00e7\u0131kt\u0131 ve \u00e7\u0131kmaya devam ediyor&#8221;. Y\u00fcz\u00fcnc\u00fc Y\u0131l \u00dcniversitesince (YY)\u00a0G\u00fcrp\u0131nar il\u00e7esindeki Ho\u015fap Kalesi&#8217;nde y\u00fcr\u00fct\u00fclen kaz\u0131 \u00e7al\u0131\u015fmalar\u0131nda, 360 y\u0131l \u00f6ncesine ait su tesisat\u0131 bulundu. [&hellip;]<\/p>\n","protected":false},"author":7,"featured_media":0,"comment_status":"open","ping_status":"open","sticky":false,"template":"","format":"standard","meta":{"footnotes":""},"categories":[1],"tags":[],"class_list":["post-25638","post","type-post","status-publish","format-standard","hentry","category-haberler"],"yoast_head":"<!-- This site is optimized with the Yoast SEO plugin v27.4 - https:\/\/yoast.com\/product\/yoast-seo-wordpress\/ -->\n<title>Ho\u015fap Kalesi&#039;nde 360 Y\u0131ll\u0131k Su Sistemi - Bati Ermenistan Ve Bati Ermenileri Sorunlari Ara\u015ftirmalar Merkezi<\/title>\n<meta name=\"robots\" content=\"index, follow, max-snippet:-1, max-image-preview:large, max-video-preview:-1\" \/>\n<link rel=\"canonical\" href=\"https:\/\/akunq.net\/tr\/?p=25638\" \/>\n<meta property=\"og:locale\" content=\"en_US\" \/>\n<meta property=\"og:type\" content=\"article\" \/>\n<meta property=\"og:title\" content=\"Ho\u015fap Kalesi&#039;nde 360 Y\u0131ll\u0131k Su Sistemi - Bati Ermenistan Ve Bati Ermenileri Sorunlari Ara\u015ftirmalar Merkezi\" \/>\n<meta property=\"og:description\" content=\"Van&#8217;\u0131n G\u00fcrp\u0131nar il\u00e7esindeki Ho\u015fap Kalesi&#8217;nde Y\u00fcz\u00fcnc\u00fc Y\u0131l \u00dcniversitesi taraf\u0131ndan y\u00fcr\u00fct\u00fclen kaz\u0131 \u00e7al\u0131\u015fmalar\u0131nda, 360 y\u0131l \u00f6ncesine ait su tesisat\u0131 bulundu YY\u00dc Rekt\u00f6r\u00fc Prof. Dr. Battal: &#8220;Bug\u00fcn g\u00f6rd\u00fck ki \u00e7ok \u00f6nemli bir eserimiz g\u00fcn y\u00fcz\u00fcne \u00e7\u0131kt\u0131 ve \u00e7\u0131kmaya devam ediyor&#8221;. Y\u00fcz\u00fcnc\u00fc Y\u0131l \u00dcniversitesince (YY)\u00a0G\u00fcrp\u0131nar il\u00e7esindeki Ho\u015fap Kalesi&#8217;nde y\u00fcr\u00fct\u00fclen kaz\u0131 \u00e7al\u0131\u015fmalar\u0131nda, 360 y\u0131l \u00f6ncesine ait su tesisat\u0131 bulundu. [&hellip;]\" \/>\n<meta property=\"og:url\" content=\"https:\/\/akunq.net\/tr\/?p=25638\" \/>\n<meta property=\"og:site_name\" content=\"Bati Ermenistan Ve Bati Ermenileri Sorunlari Ara\u015ftirmalar Merkezi\" \/>\n<meta property=\"article:published_time\" content=\"2013-09-20T08:12:07+00:00\" \/>\n<meta property=\"article:modified_time\" content=\"2013-09-20T08:12:45+00:00\" \/>\n<meta name=\"author\" content=\"admin\" \/>\n<meta name=\"twitter:card\" content=\"summary_large_image\" \/>\n<meta name=\"twitter:label1\" content=\"Written by\" \/>\n\t<meta name=\"twitter:data1\" content=\"admin\" \/>\n\t<meta name=\"twitter:label2\" content=\"Est. reading time\" \/>\n\t<meta name=\"twitter:data2\" content=\"3 minutes\" \/>\n<script type=\"application\/ld+json\" class=\"yoast-schema-graph\">{\"@context\":\"https:\\\/\\\/schema.org\",\"@graph\":[{\"@type\":\"Article\",\"@id\":\"https:\\\/\\\/akunq.net\\\/tr\\\/?p=25638#article\",\"isPartOf\":{\"@id\":\"https:\\\/\\\/akunq.net\\\/tr\\\/?p=25638\"},\"author\":{\"name\":\"admin\",\"@id\":\"https:\\\/\\\/akunq.net\\\/tr\\\/#\\\/schema\\\/person\\\/096f1d38a12cce57fb855b485ed24c9e\"},\"headline\":\"Ho\u015fap Kalesi&#8217;nde 360 Y\u0131ll\u0131k Su Sistemi\",\"datePublished\":\"2013-09-20T08:12:07+00:00\",\"dateModified\":\"2013-09-20T08:12:45+00:00\",\"mainEntityOfPage\":{\"@id\":\"https:\\\/\\\/akunq.net\\\/tr\\\/?p=25638\"},\"wordCount\":558,\"commentCount\":0,\"articleSection\":[\"Haberler\"],\"inLanguage\":\"en-US\",\"potentialAction\":[{\"@type\":\"CommentAction\",\"name\":\"Comment\",\"target\":[\"https:\\\/\\\/akunq.net\\\/tr\\\/?p=25638#respond\"]}]},{\"@type\":\"WebPage\",\"@id\":\"https:\\\/\\\/akunq.net\\\/tr\\\/?p=25638\",\"url\":\"https:\\\/\\\/akunq.net\\\/tr\\\/?p=25638\",\"name\":\"Ho\u015fap Kalesi'nde 360 Y\u0131ll\u0131k Su Sistemi - Bati Ermenistan Ve Bati Ermenileri Sorunlari Ara\u015ftirmalar Merkezi\",\"isPartOf\":{\"@id\":\"https:\\\/\\\/akunq.net\\\/tr\\\/#website\"},\"datePublished\":\"2013-09-20T08:12:07+00:00\",\"dateModified\":\"2013-09-20T08:12:45+00:00\",\"author\":{\"@id\":\"https:\\\/\\\/akunq.net\\\/tr\\\/#\\\/schema\\\/person\\\/096f1d38a12cce57fb855b485ed24c9e\"},\"breadcrumb\":{\"@id\":\"https:\\\/\\\/akunq.net\\\/tr\\\/?p=25638#breadcrumb\"},\"inLanguage\":\"en-US\",\"potentialAction\":[{\"@type\":\"ReadAction\",\"target\":[\"https:\\\/\\\/akunq.net\\\/tr\\\/?p=25638\"]}]},{\"@type\":\"BreadcrumbList\",\"@id\":\"https:\\\/\\\/akunq.net\\\/tr\\\/?p=25638#breadcrumb\",\"itemListElement\":[{\"@type\":\"ListItem\",\"position\":1,\"name\":\"Home\",\"item\":\"https:\\\/\\\/akunq.net\\\/tr\"},{\"@type\":\"ListItem\",\"position\":2,\"name\":\"Ho\u015fap Kalesi&#8217;nde 360 Y\u0131ll\u0131k Su Sistemi\"}]},{\"@type\":\"WebSite\",\"@id\":\"https:\\\/\\\/akunq.net\\\/tr\\\/#website\",\"url\":\"https:\\\/\\\/akunq.net\\\/tr\\\/\",\"name\":\"Bati Ermenistan Ve Bati Ermenileri Sorunlari Ara\u015ftirmalar Merkezi\",\"description\":\"\",\"potentialAction\":[{\"@type\":\"SearchAction\",\"target\":{\"@type\":\"EntryPoint\",\"urlTemplate\":\"https:\\\/\\\/akunq.net\\\/tr\\\/?s={search_term_string}\"},\"query-input\":{\"@type\":\"PropertyValueSpecification\",\"valueRequired\":true,\"valueName\":\"search_term_string\"}}],\"inLanguage\":\"en-US\"},{\"@type\":\"Person\",\"@id\":\"https:\\\/\\\/akunq.net\\\/tr\\\/#\\\/schema\\\/person\\\/096f1d38a12cce57fb855b485ed24c9e\",\"name\":\"admin\",\"url\":\"https:\\\/\\\/akunq.net\\\/tr\\\/?author=7\"}]}<\/script>\n<!-- \/ Yoast SEO plugin. -->","yoast_head_json":{"title":"Ho\u015fap Kalesi'nde 360 Y\u0131ll\u0131k Su Sistemi - Bati Ermenistan Ve Bati Ermenileri Sorunlari Ara\u015ftirmalar Merkezi","robots":{"index":"index","follow":"follow","max-snippet":"max-snippet:-1","max-image-preview":"max-image-preview:large","max-video-preview":"max-video-preview:-1"},"canonical":"https:\/\/akunq.net\/tr\/?p=25638","og_locale":"en_US","og_type":"article","og_title":"Ho\u015fap Kalesi'nde 360 Y\u0131ll\u0131k Su Sistemi - Bati Ermenistan Ve Bati Ermenileri Sorunlari Ara\u015ftirmalar Merkezi","og_description":"Van&#8217;\u0131n G\u00fcrp\u0131nar il\u00e7esindeki Ho\u015fap Kalesi&#8217;nde Y\u00fcz\u00fcnc\u00fc Y\u0131l \u00dcniversitesi taraf\u0131ndan y\u00fcr\u00fct\u00fclen kaz\u0131 \u00e7al\u0131\u015fmalar\u0131nda, 360 y\u0131l \u00f6ncesine ait su tesisat\u0131 bulundu YY\u00dc Rekt\u00f6r\u00fc Prof. Dr. Battal: &#8220;Bug\u00fcn g\u00f6rd\u00fck ki \u00e7ok \u00f6nemli bir eserimiz g\u00fcn y\u00fcz\u00fcne \u00e7\u0131kt\u0131 ve \u00e7\u0131kmaya devam ediyor&#8221;. Y\u00fcz\u00fcnc\u00fc Y\u0131l \u00dcniversitesince (YY)\u00a0G\u00fcrp\u0131nar il\u00e7esindeki Ho\u015fap Kalesi&#8217;nde y\u00fcr\u00fct\u00fclen kaz\u0131 \u00e7al\u0131\u015fmalar\u0131nda, 360 y\u0131l \u00f6ncesine ait su tesisat\u0131 bulundu. [&hellip;]","og_url":"https:\/\/akunq.net\/tr\/?p=25638","og_site_name":"Bati Ermenistan Ve Bati Ermenileri Sorunlari Ara\u015ftirmalar Merkezi","article_published_time":"2013-09-20T08:12:07+00:00","article_modified_time":"2013-09-20T08:12:45+00:00","author":"admin","twitter_card":"summary_large_image","twitter_misc":{"Written by":"admin","Est. reading time":"3 minutes"},"schema":{"@context":"https:\/\/schema.org","@graph":[{"@type":"Article","@id":"https:\/\/akunq.net\/tr\/?p=25638#article","isPartOf":{"@id":"https:\/\/akunq.net\/tr\/?p=25638"},"author":{"name":"admin","@id":"https:\/\/akunq.net\/tr\/#\/schema\/person\/096f1d38a12cce57fb855b485ed24c9e"},"headline":"Ho\u015fap Kalesi&#8217;nde 360 Y\u0131ll\u0131k Su Sistemi","datePublished":"2013-09-20T08:12:07+00:00","dateModified":"2013-09-20T08:12:45+00:00","mainEntityOfPage":{"@id":"https:\/\/akunq.net\/tr\/?p=25638"},"wordCount":558,"commentCount":0,"articleSection":["Haberler"],"inLanguage":"en-US","potentialAction":[{"@type":"CommentAction","name":"Comment","target":["https:\/\/akunq.net\/tr\/?p=25638#respond"]}]},{"@type":"WebPage","@id":"https:\/\/akunq.net\/tr\/?p=25638","url":"https:\/\/akunq.net\/tr\/?p=25638","name":"Ho\u015fap Kalesi'nde 360 Y\u0131ll\u0131k Su Sistemi - Bati Ermenistan Ve Bati Ermenileri Sorunlari Ara\u015ftirmalar Merkezi","isPartOf":{"@id":"https:\/\/akunq.net\/tr\/#website"},"datePublished":"2013-09-20T08:12:07+00:00","dateModified":"2013-09-20T08:12:45+00:00","author":{"@id":"https:\/\/akunq.net\/tr\/#\/schema\/person\/096f1d38a12cce57fb855b485ed24c9e"},"breadcrumb":{"@id":"https:\/\/akunq.net\/tr\/?p=25638#breadcrumb"},"inLanguage":"en-US","potentialAction":[{"@type":"ReadAction","target":["https:\/\/akunq.net\/tr\/?p=25638"]}]},{"@type":"BreadcrumbList","@id":"https:\/\/akunq.net\/tr\/?p=25638#breadcrumb","itemListElement":[{"@type":"ListItem","position":1,"name":"Home","item":"https:\/\/akunq.net\/tr"},{"@type":"ListItem","position":2,"name":"Ho\u015fap Kalesi&#8217;nde 360 Y\u0131ll\u0131k Su Sistemi"}]},{"@type":"WebSite","@id":"https:\/\/akunq.net\/tr\/#website","url":"https:\/\/akunq.net\/tr\/","name":"Bati Ermenistan Ve Bati Ermenileri Sorunlari Ara\u015ftirmalar Merkezi","description":"","potentialAction":[{"@type":"SearchAction","target":{"@type":"EntryPoint","urlTemplate":"https:\/\/akunq.net\/tr\/?s={search_term_string}"},"query-input":{"@type":"PropertyValueSpecification","valueRequired":true,"valueName":"search_term_string"}}],"inLanguage":"en-US"},{"@type":"Person","@id":"https:\/\/akunq.net\/tr\/#\/schema\/person\/096f1d38a12cce57fb855b485ed24c9e","name":"admin","url":"https:\/\/akunq.net\/tr\/?author=7"}]}},"_links":{"self":[{"href":"https:\/\/akunq.net\/tr\/index.php?rest_route=\/wp\/v2\/posts\/25638","targetHints":{"allow":["GET"]}}],"collection":[{"href":"https:\/\/akunq.net\/tr\/index.php?rest_route=\/wp\/v2\/posts"}],"about":[{"href":"https:\/\/akunq.net\/tr\/index.php?rest_route=\/wp\/v2\/types\/post"}],"author":[{"embeddable":true,"href":"https:\/\/akunq.net\/tr\/index.php?rest_route=\/wp\/v2\/users\/7"}],"replies":[{"embeddable":true,"href":"https:\/\/akunq.net\/tr\/index.php?rest_route=%2Fwp%2Fv2%2Fcomments&post=25638"}],"version-history":[{"count":3,"href":"https:\/\/akunq.net\/tr\/index.php?rest_route=\/wp\/v2\/posts\/25638\/revisions"}],"predecessor-version":[{"id":25642,"href":"https:\/\/akunq.net\/tr\/index.php?rest_route=\/wp\/v2\/posts\/25638\/revisions\/25642"}],"wp:attachment":[{"href":"https:\/\/akunq.net\/tr\/index.php?rest_route=%2Fwp%2Fv2%2Fmedia&parent=25638"}],"wp:term":[{"taxonomy":"category","embeddable":true,"href":"https:\/\/akunq.net\/tr\/index.php?rest_route=%2Fwp%2Fv2%2Fcategories&post=25638"},{"taxonomy":"post_tag","embeddable":true,"href":"https:\/\/akunq.net\/tr\/index.php?rest_route=%2Fwp%2Fv2%2Ftags&post=25638"}],"curies":[{"name":"wp","href":"https:\/\/api.w.org\/{rel}","templated":true}]}}