{"id":25625,"date":"2013-09-19T02:52:31","date_gmt":"2013-09-19T07:52:31","guid":{"rendered":"http:\/\/akunq.net\/tr\/?p=25625"},"modified":"2013-09-19T02:52:31","modified_gmt":"2013-09-19T07:52:31","slug":"rakel-dink-hranti-devlet-oldurdu","status":"publish","type":"post","link":"https:\/\/akunq.net\/tr\/?p=25625","title":{"rendered":"Rakel Dink: Hrant\u2019\u0131 devlet \u00f6ld\u00fcrd\u00fc"},"content":{"rendered":"<p style=\"text-align: justify;\"><b><i><a href=\"http:\/\/akunq.net\/tr\/wp-content\/uploads\/2013\/09\/Rakel-Dink.jpg\"><img loading=\"lazy\" decoding=\"async\" class=\"alignright size-medium wp-image-25626\" alt=\"Rakel Dink\" src=\"http:\/\/akunq.net\/tr\/wp-content\/uploads\/2013\/09\/Rakel-Dink-300x186.jpg\" width=\"300\" height=\"186\" srcset=\"https:\/\/akunq.net\/tr\/wp-content\/uploads\/sites\/6\/2013\/09\/Rakel-Dink-300x186.jpg 300w, https:\/\/akunq.net\/tr\/wp-content\/uploads\/sites\/6\/2013\/09\/Rakel-Dink.jpg 563w\" sizes=\"auto, (max-width: 300px) 100vw, 300px\" \/><\/a>Agos Gazetesi Genel Yay\u0131n Y\u00f6netmeni Hrant Dink\u2019in e\u015fi Rakel Dink, suikast sonucu hayat\u0131n\u0131 kaybeden e\u015finin \u00f6l\u00fcm\u00fcyle ilgili devleti su\u00e7lad\u0131.\u00a0<\/i><\/b><\/p>\n<p style=\"text-align: justify;\">Hrant Dink Vakf\u0131 taraf\u0131ndan Avrupa Parlamentosu\u2019nda d\u00fczenlenen \u2018T\u00fcrkiye-Ermenistan s\u0131n\u0131r\u0131ndan hik\u00e2yeler\u2019 adl\u0131 foto\u011fraf sergisinin a\u00e7\u0131l\u0131\u015f\u0131nda konu\u015fan Rakel Dink, \u201cHrant cesur bir Ermeni\u2019ydi. Sorunlar\u0131 \u00e7ekinmeden her platformda dile getiriyordu. Bunu sindiremediler. Bize g\u00f6re devletin planlad\u0131\u011f\u0131 bir komplo ile Hrant\u2019\u0131 \u00f6ld\u00fcrd\u00fcler.\u201d dedi. B\u00fcy\u00fck bir sab\u0131rla mahkeme konusunda devlete \u015fans verdiklerini ancak beklediklerinin ger\u00e7ekle\u015fmedi\u011fini s\u00f6yleyen Dink, \u015f\u00f6yle konu\u015ftu: \u201cT\u00fcrkiye\u2019ye \u015fans vermek istedik. Belki adalet konusunda zihinlerini de\u011fi\u015ftirirler diye. Maalesef 6 y\u0131l sonra ayn\u0131 yere geldik. Aile olarak da mahkemelere kat\u0131lmamaya, adaletin yerini bulmayaca\u011f\u0131na karar verdik. Ancak dava sonucunu Avrupa \u0130nsan Haklar\u0131 Mahkemesi\u2019ne ta\u015f\u0131yaca\u011f\u0131z.\u201d Rakel Dink, devletin ac\u0131larla y\u00fczle\u015fme cesareti olmad\u0131\u011f\u0131ndan davan\u0131n \u00e7\u00f6z\u00fclemedi\u011fini iddia etti. Dink, T\u00fcrkiye-Ermenistan s\u0131n\u0131r\u0131n\u0131n kapal\u0131 olmas\u0131yla ilgili yorum yaparken s\u00f6z\u00fc 2020 Olimpiyatlar\u0131\u2019na getirdi. S\u0131n\u0131rlar\u0131 kapal\u0131 bir \u00fclkenin olimpiyatlar\u0131 istemesinin anlams\u0131z oldu\u011funu \u015fu s\u00f6zlerle ifade etti: \u201cBu \u00e7a\u011fda s\u0131n\u0131rlar\u0131n kapal\u0131 olmas\u0131na ak\u0131l s\u0131r ermiyor. S\u0131n\u0131rlar\u0131 kapal\u0131 bir \u00fclke de olimpiyatlar\u0131 istiyor. \u0130sabet olmu\u015f.\u201d<\/p>\n<p style=\"text-align: justify;\"><b><i>SAL\u0130H KARACA &#8211; BR\u00dcKSEL <\/i><\/b><a href=\"http:\/\/zaman.com.tr\/mainAction.action\"><b><i>HABERLER<\/i><\/b><\/a><a href=\"http:\/\/zaman.com.tr\/menuDetail.action?sectionId=1\"><b><i>G\u00fcndem<\/i><\/b><\/a><\/p>\n<h1 style=\"text-align: justify;\"><i>http:\/\/zaman.com.tr\/gundem_rakel-dink-hranti-devlet-oldurdu_2138112.html<\/i><\/h1>\n","protected":false},"excerpt":{"rendered":"<p>Agos Gazetesi Genel Yay\u0131n Y\u00f6netmeni Hrant Dink\u2019in e\u015fi Rakel Dink, suikast sonucu hayat\u0131n\u0131 kaybeden e\u015finin \u00f6l\u00fcm\u00fcyle ilgili devleti su\u00e7lad\u0131.\u00a0 Hrant Dink Vakf\u0131 taraf\u0131ndan Avrupa Parlamentosu\u2019nda d\u00fczenlenen \u2018T\u00fcrkiye-Ermenistan s\u0131n\u0131r\u0131ndan hik\u00e2yeler\u2019 adl\u0131 foto\u011fraf sergisinin a\u00e7\u0131l\u0131\u015f\u0131nda konu\u015fan Rakel Dink, \u201cHrant cesur bir Ermeni\u2019ydi. Sorunlar\u0131 \u00e7ekinmeden her platformda dile getiriyordu. Bunu sindiremediler. Bize g\u00f6re devletin planlad\u0131\u011f\u0131 bir komplo ile [&hellip;]<\/p>\n","protected":false},"author":7,"featured_media":0,"comment_status":"open","ping_status":"open","sticky":false,"template":"","format":"standard","meta":{"footnotes":""},"categories":[1],"tags":[],"class_list":["post-25625","post","type-post","status-publish","format-standard","hentry","category-haberler"],"yoast_head":"<!-- This site is optimized with the Yoast SEO plugin v27.4 - https:\/\/yoast.com\/product\/yoast-seo-wordpress\/ -->\n<title>Rakel Dink: Hrant\u2019\u0131 devlet \u00f6ld\u00fcrd\u00fc - Bati Ermenistan Ve Bati Ermenileri Sorunlari Ara\u015ftirmalar Merkezi<\/title>\n<meta name=\"robots\" content=\"index, follow, max-snippet:-1, max-image-preview:large, max-video-preview:-1\" \/>\n<link rel=\"canonical\" href=\"https:\/\/akunq.net\/tr\/?p=25625\" \/>\n<meta property=\"og:locale\" content=\"en_US\" \/>\n<meta property=\"og:type\" content=\"article\" \/>\n<meta property=\"og:title\" content=\"Rakel Dink: Hrant\u2019\u0131 devlet \u00f6ld\u00fcrd\u00fc - Bati Ermenistan Ve Bati Ermenileri Sorunlari Ara\u015ftirmalar Merkezi\" \/>\n<meta property=\"og:description\" content=\"Agos Gazetesi Genel Yay\u0131n Y\u00f6netmeni Hrant Dink\u2019in e\u015fi Rakel Dink, suikast sonucu hayat\u0131n\u0131 kaybeden e\u015finin \u00f6l\u00fcm\u00fcyle ilgili devleti su\u00e7lad\u0131.\u00a0 Hrant Dink Vakf\u0131 taraf\u0131ndan Avrupa Parlamentosu\u2019nda d\u00fczenlenen \u2018T\u00fcrkiye-Ermenistan s\u0131n\u0131r\u0131ndan hik\u00e2yeler\u2019 adl\u0131 foto\u011fraf sergisinin a\u00e7\u0131l\u0131\u015f\u0131nda konu\u015fan Rakel Dink, \u201cHrant cesur bir Ermeni\u2019ydi. Sorunlar\u0131 \u00e7ekinmeden her platformda dile getiriyordu. Bunu sindiremediler. Bize g\u00f6re devletin planlad\u0131\u011f\u0131 bir komplo ile [&hellip;]\" \/>\n<meta property=\"og:url\" content=\"https:\/\/akunq.net\/tr\/?p=25625\" \/>\n<meta property=\"og:site_name\" content=\"Bati Ermenistan Ve Bati Ermenileri Sorunlari Ara\u015ftirmalar Merkezi\" \/>\n<meta property=\"article:published_time\" content=\"2013-09-19T07:52:31+00:00\" \/>\n<meta property=\"og:image\" content=\"http:\/\/akunq.net\/tr\/wp-content\/uploads\/2013\/09\/Rakel-Dink-300x186.jpg\" \/>\n<meta name=\"author\" content=\"admin\" \/>\n<meta name=\"twitter:card\" content=\"summary_large_image\" \/>\n<meta name=\"twitter:label1\" content=\"Written by\" \/>\n\t<meta name=\"twitter:data1\" content=\"admin\" \/>\n\t<meta name=\"twitter:label2\" content=\"Est. reading time\" \/>\n\t<meta name=\"twitter:data2\" content=\"1 minute\" \/>\n<script type=\"application\/ld+json\" class=\"yoast-schema-graph\">{\"@context\":\"https:\\\/\\\/schema.org\",\"@graph\":[{\"@type\":\"Article\",\"@id\":\"https:\\\/\\\/akunq.net\\\/tr\\\/?p=25625#article\",\"isPartOf\":{\"@id\":\"https:\\\/\\\/akunq.net\\\/tr\\\/?p=25625\"},\"author\":{\"name\":\"admin\",\"@id\":\"https:\\\/\\\/akunq.net\\\/tr\\\/#\\\/schema\\\/person\\\/096f1d38a12cce57fb855b485ed24c9e\"},\"headline\":\"Rakel Dink: Hrant\u2019\u0131 devlet \u00f6ld\u00fcrd\u00fc\",\"datePublished\":\"2013-09-19T07:52:31+00:00\",\"mainEntityOfPage\":{\"@id\":\"https:\\\/\\\/akunq.net\\\/tr\\\/?p=25625\"},\"wordCount\":252,\"commentCount\":0,\"image\":{\"@id\":\"https:\\\/\\\/akunq.net\\\/tr\\\/?p=25625#primaryimage\"},\"thumbnailUrl\":\"http:\\\/\\\/akunq.net\\\/tr\\\/wp-content\\\/uploads\\\/2013\\\/09\\\/Rakel-Dink-300x186.jpg\",\"articleSection\":[\"Haberler\"],\"inLanguage\":\"en-US\",\"potentialAction\":[{\"@type\":\"CommentAction\",\"name\":\"Comment\",\"target\":[\"https:\\\/\\\/akunq.net\\\/tr\\\/?p=25625#respond\"]}]},{\"@type\":\"WebPage\",\"@id\":\"https:\\\/\\\/akunq.net\\\/tr\\\/?p=25625\",\"url\":\"https:\\\/\\\/akunq.net\\\/tr\\\/?p=25625\",\"name\":\"Rakel Dink: Hrant\u2019\u0131 devlet \u00f6ld\u00fcrd\u00fc - Bati Ermenistan Ve Bati Ermenileri Sorunlari Ara\u015ftirmalar Merkezi\",\"isPartOf\":{\"@id\":\"https:\\\/\\\/akunq.net\\\/tr\\\/#website\"},\"primaryImageOfPage\":{\"@id\":\"https:\\\/\\\/akunq.net\\\/tr\\\/?p=25625#primaryimage\"},\"image\":{\"@id\":\"https:\\\/\\\/akunq.net\\\/tr\\\/?p=25625#primaryimage\"},\"thumbnailUrl\":\"http:\\\/\\\/akunq.net\\\/tr\\\/wp-content\\\/uploads\\\/2013\\\/09\\\/Rakel-Dink-300x186.jpg\",\"datePublished\":\"2013-09-19T07:52:31+00:00\",\"author\":{\"@id\":\"https:\\\/\\\/akunq.net\\\/tr\\\/#\\\/schema\\\/person\\\/096f1d38a12cce57fb855b485ed24c9e\"},\"breadcrumb\":{\"@id\":\"https:\\\/\\\/akunq.net\\\/tr\\\/?p=25625#breadcrumb\"},\"inLanguage\":\"en-US\",\"potentialAction\":[{\"@type\":\"ReadAction\",\"target\":[\"https:\\\/\\\/akunq.net\\\/tr\\\/?p=25625\"]}]},{\"@type\":\"ImageObject\",\"inLanguage\":\"en-US\",\"@id\":\"https:\\\/\\\/akunq.net\\\/tr\\\/?p=25625#primaryimage\",\"url\":\"https:\\\/\\\/akunq.net\\\/tr\\\/wp-content\\\/uploads\\\/sites\\\/6\\\/2013\\\/09\\\/Rakel-Dink.jpg\",\"contentUrl\":\"https:\\\/\\\/akunq.net\\\/tr\\\/wp-content\\\/uploads\\\/sites\\\/6\\\/2013\\\/09\\\/Rakel-Dink.jpg\",\"width\":563,\"height\":350},{\"@type\":\"BreadcrumbList\",\"@id\":\"https:\\\/\\\/akunq.net\\\/tr\\\/?p=25625#breadcrumb\",\"itemListElement\":[{\"@type\":\"ListItem\",\"position\":1,\"name\":\"Home\",\"item\":\"https:\\\/\\\/akunq.net\\\/tr\"},{\"@type\":\"ListItem\",\"position\":2,\"name\":\"Rakel Dink: Hrant\u2019\u0131 devlet \u00f6ld\u00fcrd\u00fc\"}]},{\"@type\":\"WebSite\",\"@id\":\"https:\\\/\\\/akunq.net\\\/tr\\\/#website\",\"url\":\"https:\\\/\\\/akunq.net\\\/tr\\\/\",\"name\":\"Bati Ermenistan Ve Bati Ermenileri Sorunlari Ara\u015ftirmalar Merkezi\",\"description\":\"\",\"potentialAction\":[{\"@type\":\"SearchAction\",\"target\":{\"@type\":\"EntryPoint\",\"urlTemplate\":\"https:\\\/\\\/akunq.net\\\/tr\\\/?s={search_term_string}\"},\"query-input\":{\"@type\":\"PropertyValueSpecification\",\"valueRequired\":true,\"valueName\":\"search_term_string\"}}],\"inLanguage\":\"en-US\"},{\"@type\":\"Person\",\"@id\":\"https:\\\/\\\/akunq.net\\\/tr\\\/#\\\/schema\\\/person\\\/096f1d38a12cce57fb855b485ed24c9e\",\"name\":\"admin\",\"url\":\"https:\\\/\\\/akunq.net\\\/tr\\\/?author=7\"}]}<\/script>\n<!-- \/ Yoast SEO plugin. -->","yoast_head_json":{"title":"Rakel Dink: Hrant\u2019\u0131 devlet \u00f6ld\u00fcrd\u00fc - Bati Ermenistan Ve Bati Ermenileri Sorunlari Ara\u015ftirmalar Merkezi","robots":{"index":"index","follow":"follow","max-snippet":"max-snippet:-1","max-image-preview":"max-image-preview:large","max-video-preview":"max-video-preview:-1"},"canonical":"https:\/\/akunq.net\/tr\/?p=25625","og_locale":"en_US","og_type":"article","og_title":"Rakel Dink: Hrant\u2019\u0131 devlet \u00f6ld\u00fcrd\u00fc - Bati Ermenistan Ve Bati Ermenileri Sorunlari Ara\u015ftirmalar Merkezi","og_description":"Agos Gazetesi Genel Yay\u0131n Y\u00f6netmeni Hrant Dink\u2019in e\u015fi Rakel Dink, suikast sonucu hayat\u0131n\u0131 kaybeden e\u015finin \u00f6l\u00fcm\u00fcyle ilgili devleti su\u00e7lad\u0131.\u00a0 Hrant Dink Vakf\u0131 taraf\u0131ndan Avrupa Parlamentosu\u2019nda d\u00fczenlenen \u2018T\u00fcrkiye-Ermenistan s\u0131n\u0131r\u0131ndan hik\u00e2yeler\u2019 adl\u0131 foto\u011fraf sergisinin a\u00e7\u0131l\u0131\u015f\u0131nda konu\u015fan Rakel Dink, \u201cHrant cesur bir Ermeni\u2019ydi. Sorunlar\u0131 \u00e7ekinmeden her platformda dile getiriyordu. Bunu sindiremediler. Bize g\u00f6re devletin planlad\u0131\u011f\u0131 bir komplo ile [&hellip;]","og_url":"https:\/\/akunq.net\/tr\/?p=25625","og_site_name":"Bati Ermenistan Ve Bati Ermenileri Sorunlari Ara\u015ftirmalar Merkezi","article_published_time":"2013-09-19T07:52:31+00:00","og_image":[{"url":"http:\/\/akunq.net\/tr\/wp-content\/uploads\/2013\/09\/Rakel-Dink-300x186.jpg","type":"","width":"","height":""}],"author":"admin","twitter_card":"summary_large_image","twitter_misc":{"Written by":"admin","Est. reading time":"1 minute"},"schema":{"@context":"https:\/\/schema.org","@graph":[{"@type":"Article","@id":"https:\/\/akunq.net\/tr\/?p=25625#article","isPartOf":{"@id":"https:\/\/akunq.net\/tr\/?p=25625"},"author":{"name":"admin","@id":"https:\/\/akunq.net\/tr\/#\/schema\/person\/096f1d38a12cce57fb855b485ed24c9e"},"headline":"Rakel Dink: Hrant\u2019\u0131 devlet \u00f6ld\u00fcrd\u00fc","datePublished":"2013-09-19T07:52:31+00:00","mainEntityOfPage":{"@id":"https:\/\/akunq.net\/tr\/?p=25625"},"wordCount":252,"commentCount":0,"image":{"@id":"https:\/\/akunq.net\/tr\/?p=25625#primaryimage"},"thumbnailUrl":"http:\/\/akunq.net\/tr\/wp-content\/uploads\/2013\/09\/Rakel-Dink-300x186.jpg","articleSection":["Haberler"],"inLanguage":"en-US","potentialAction":[{"@type":"CommentAction","name":"Comment","target":["https:\/\/akunq.net\/tr\/?p=25625#respond"]}]},{"@type":"WebPage","@id":"https:\/\/akunq.net\/tr\/?p=25625","url":"https:\/\/akunq.net\/tr\/?p=25625","name":"Rakel Dink: Hrant\u2019\u0131 devlet \u00f6ld\u00fcrd\u00fc - Bati Ermenistan Ve Bati Ermenileri Sorunlari Ara\u015ftirmalar Merkezi","isPartOf":{"@id":"https:\/\/akunq.net\/tr\/#website"},"primaryImageOfPage":{"@id":"https:\/\/akunq.net\/tr\/?p=25625#primaryimage"},"image":{"@id":"https:\/\/akunq.net\/tr\/?p=25625#primaryimage"},"thumbnailUrl":"http:\/\/akunq.net\/tr\/wp-content\/uploads\/2013\/09\/Rakel-Dink-300x186.jpg","datePublished":"2013-09-19T07:52:31+00:00","author":{"@id":"https:\/\/akunq.net\/tr\/#\/schema\/person\/096f1d38a12cce57fb855b485ed24c9e"},"breadcrumb":{"@id":"https:\/\/akunq.net\/tr\/?p=25625#breadcrumb"},"inLanguage":"en-US","potentialAction":[{"@type":"ReadAction","target":["https:\/\/akunq.net\/tr\/?p=25625"]}]},{"@type":"ImageObject","inLanguage":"en-US","@id":"https:\/\/akunq.net\/tr\/?p=25625#primaryimage","url":"https:\/\/akunq.net\/tr\/wp-content\/uploads\/sites\/6\/2013\/09\/Rakel-Dink.jpg","contentUrl":"https:\/\/akunq.net\/tr\/wp-content\/uploads\/sites\/6\/2013\/09\/Rakel-Dink.jpg","width":563,"height":350},{"@type":"BreadcrumbList","@id":"https:\/\/akunq.net\/tr\/?p=25625#breadcrumb","itemListElement":[{"@type":"ListItem","position":1,"name":"Home","item":"https:\/\/akunq.net\/tr"},{"@type":"ListItem","position":2,"name":"Rakel Dink: Hrant\u2019\u0131 devlet \u00f6ld\u00fcrd\u00fc"}]},{"@type":"WebSite","@id":"https:\/\/akunq.net\/tr\/#website","url":"https:\/\/akunq.net\/tr\/","name":"Bati Ermenistan Ve Bati Ermenileri Sorunlari Ara\u015ftirmalar Merkezi","description":"","potentialAction":[{"@type":"SearchAction","target":{"@type":"EntryPoint","urlTemplate":"https:\/\/akunq.net\/tr\/?s={search_term_string}"},"query-input":{"@type":"PropertyValueSpecification","valueRequired":true,"valueName":"search_term_string"}}],"inLanguage":"en-US"},{"@type":"Person","@id":"https:\/\/akunq.net\/tr\/#\/schema\/person\/096f1d38a12cce57fb855b485ed24c9e","name":"admin","url":"https:\/\/akunq.net\/tr\/?author=7"}]}},"_links":{"self":[{"href":"https:\/\/akunq.net\/tr\/index.php?rest_route=\/wp\/v2\/posts\/25625","targetHints":{"allow":["GET"]}}],"collection":[{"href":"https:\/\/akunq.net\/tr\/index.php?rest_route=\/wp\/v2\/posts"}],"about":[{"href":"https:\/\/akunq.net\/tr\/index.php?rest_route=\/wp\/v2\/types\/post"}],"author":[{"embeddable":true,"href":"https:\/\/akunq.net\/tr\/index.php?rest_route=\/wp\/v2\/users\/7"}],"replies":[{"embeddable":true,"href":"https:\/\/akunq.net\/tr\/index.php?rest_route=%2Fwp%2Fv2%2Fcomments&post=25625"}],"version-history":[{"count":0,"href":"https:\/\/akunq.net\/tr\/index.php?rest_route=\/wp\/v2\/posts\/25625\/revisions"}],"wp:attachment":[{"href":"https:\/\/akunq.net\/tr\/index.php?rest_route=%2Fwp%2Fv2%2Fmedia&parent=25625"}],"wp:term":[{"taxonomy":"category","embeddable":true,"href":"https:\/\/akunq.net\/tr\/index.php?rest_route=%2Fwp%2Fv2%2Fcategories&post=25625"},{"taxonomy":"post_tag","embeddable":true,"href":"https:\/\/akunq.net\/tr\/index.php?rest_route=%2Fwp%2Fv2%2Ftags&post=25625"}],"curies":[{"name":"wp","href":"https:\/\/api.w.org\/{rel}","templated":true}]}}