{"id":25618,"date":"2013-09-19T02:29:18","date_gmt":"2013-09-19T07:29:18","guid":{"rendered":"http:\/\/akunq.net\/tr\/?p=25618"},"modified":"2013-09-19T02:29:18","modified_gmt":"2013-09-19T07:29:18","slug":"cihat-orgutu-kurdu","status":"publish","type":"post","link":"https:\/\/akunq.net\/tr\/?p=25618","title":{"rendered":"Cihat \u00d6rg\u00fct\u00fc Kurdu"},"content":{"rendered":"<p style=\"text-align: justify;\"><strong><i><a href=\"http:\/\/akunq.net\/tr\/wp-content\/uploads\/2013\/09\/Fethullah-G\u00fclen.jpg\"><img loading=\"lazy\" decoding=\"async\" class=\"alignright size-full wp-image-25619\" alt=\"Fethullah G\u00fclen\" src=\"http:\/\/akunq.net\/tr\/wp-content\/uploads\/2013\/09\/Fethullah-G\u00fclen.jpg\" width=\"240\" height=\"120\" \/><\/a>Frans\u0131z istihbarat dergisi Intelligence Online&#8217;\u0131n iddias\u0131na g\u00f6re Ankara, Suriye&#8217;de G\u00fclen cemaati mensuplar\u0131n\u0131n da yer ald\u0131\u011f\u0131 cihat\u00e7\u0131 bir tabur kurdurdu.<\/i><\/strong><\/p>\n<p style=\"text-align: justify;\">Fethullah G\u00fclen hakk\u0131nda daha \u00f6nce de haberler yapan Paris merkezli bir istihbarat dergisi olan Frans\u0131z Intelligence Online, T\u00fcrkiye h\u00fck\u00fcmeti Suriye&#8217;de PYD&#8217;ye kar\u015f\u0131 sava\u015fmak \u00fczere K\u00fcrtlerden olu\u015fan bir cihat\u00e7\u0131 tabur kurdu. Derginin haberinde K\u00fcrtlerden olu\u015fan bu cihat\u00e7\u0131 grubun G\u00fclen cemaati yurtlar\u0131ndan yeti\u015fen ve bin dolar maa\u015f alan ki\u015filer oldu\u011funu yazd\u0131<\/p>\n<p style=\"text-align: justify;\">Haberde \u015fu iddialara yer verildi: <strong>&#8220;T\u00fcrkiye ve Suriye aras\u0131ndaki s\u0131n\u0131r\u0131n bir k\u0131sm\u0131n\u0131 tutan Suriye K\u00fcrt hareketi PYD birlikleri ile sava\u015fmak i\u00e7in, Ankara neredeyse tamam\u0131 K\u00fcrtlerden olu\u015fan ve ad\u0131 Ketibet el-Taliban (KaT) olan cihat\u00e7\u0131 bir taburun kurulmas\u0131n\u0131 te\u015fvik etti&#8221;<\/strong><\/p>\n<p style=\"text-align: justify;\">&#8220;Bu hareketin, temel olarak meteliksiz gen\u00e7lerden olu\u015fan sava\u015f\u00e7\u0131lar\u0131, angaje olduklar\u0131nda yakla\u015f\u0131k 1000 (bin) dolar al\u0131yorlar. Daha sonra PYD&#8217;ye kar\u015f\u0131, \u00d6zg\u00fcr Suriye Ordusu (\u00d6SO) ve El Nusra Cephesi cihat\u00e7\u0131lar\u0131n\u0131n yan\u0131nda sava\u015fmak \u00fczere T\u00fcrkiye-Suriye s\u0131n\u0131r\u0131na g\u00f6nderiliyorlar. Temmuz ay\u0131 sonunda Tel Halaf&#8217;taki bir h\u00fccum s\u0131ras\u0131nda aralar\u0131ndan bir\u00e7o\u011fu \u00f6ld\u00fcr\u00fcld\u00fc.&#8221;<\/p>\n<p style=\"text-align: justify;\"><strong>FETHULLAH G\u00dcLEN YURTLARINDAN GEL\u0130YORLAR<\/strong><\/p>\n<p style=\"text-align: justify;\">Dergi, KaT ad\u0131 verilen \u00f6rg\u00fct\u00fcn \u00fcyelerinin nereden geldi\u011fi iddialar\u0131na ise \u015fu \u015fekilde ifade etti: &#8220;KaT&#8217;\u0131n baz\u0131 sava\u015f\u00e7\u0131lar\u0131 K\u00fcrt cezaevlerinde \u0130slam&#8217;a d\u00f6nen ayr\u0131l\u0131k\u00e7\u0131 K\u00fcrt hareketi PKK&#8217;nin eski \u00fcyeleridir. Di\u011ferleri \u0130mam Fethullah G\u00fclen&#8217;e ba\u011fl\u0131 K\u00fcrdistan&#8217;daki dini okullardan geliyorlar. Bir ba\u015fka K\u00fcrt hareket olan, Irakl\u0131 K\u00fcrt lideri Mesut Barzani&#8217;ye yak\u0131n PDKS (Abdulhakim Ba\u015far&#8217;\u0131n liderli\u011findeki Suriye K\u00fcrdistan Demokratik Partisi) de T\u00fcrk, Suriye ve Irak s\u0131n\u0131r boylar\u0131nda PYD birliklerine kar\u015f\u0131 sava\u015f\u0131yor.&#8221;<\/p>\n<p style=\"text-align: justify;\"><b><i>http:\/\/www.akademipolitik.com\/herkes-duysun\/fethullah-gulen-suriyede-savasmak-icin-cihat-orgutu-kurdu.html<\/i><\/b><\/p>\n","protected":false},"excerpt":{"rendered":"<p>Frans\u0131z istihbarat dergisi Intelligence Online&#8217;\u0131n iddias\u0131na g\u00f6re Ankara, Suriye&#8217;de G\u00fclen cemaati mensuplar\u0131n\u0131n da yer ald\u0131\u011f\u0131 cihat\u00e7\u0131 bir tabur kurdurdu. Fethullah G\u00fclen hakk\u0131nda daha \u00f6nce de haberler yapan Paris merkezli bir istihbarat dergisi olan Frans\u0131z Intelligence Online, T\u00fcrkiye h\u00fck\u00fcmeti Suriye&#8217;de PYD&#8217;ye kar\u015f\u0131 sava\u015fmak \u00fczere K\u00fcrtlerden olu\u015fan bir cihat\u00e7\u0131 tabur kurdu. Derginin haberinde K\u00fcrtlerden olu\u015fan bu cihat\u00e7\u0131 [&hellip;]<\/p>\n","protected":false},"author":7,"featured_media":0,"comment_status":"open","ping_status":"open","sticky":false,"template":"","format":"standard","meta":{"footnotes":""},"categories":[1],"tags":[],"class_list":["post-25618","post","type-post","status-publish","format-standard","hentry","category-haberler"],"yoast_head":"<!-- This site is optimized with the Yoast SEO plugin v27.4 - https:\/\/yoast.com\/product\/yoast-seo-wordpress\/ -->\n<title>Cihat \u00d6rg\u00fct\u00fc Kurdu - Bati Ermenistan Ve Bati Ermenileri Sorunlari Ara\u015ftirmalar Merkezi<\/title>\n<meta name=\"robots\" content=\"index, follow, max-snippet:-1, max-image-preview:large, max-video-preview:-1\" \/>\n<link rel=\"canonical\" href=\"https:\/\/akunq.net\/tr\/?p=25618\" \/>\n<meta property=\"og:locale\" content=\"en_US\" \/>\n<meta property=\"og:type\" content=\"article\" \/>\n<meta property=\"og:title\" content=\"Cihat \u00d6rg\u00fct\u00fc Kurdu - Bati Ermenistan Ve Bati Ermenileri Sorunlari Ara\u015ftirmalar Merkezi\" \/>\n<meta property=\"og:description\" content=\"Frans\u0131z istihbarat dergisi Intelligence Online&#8217;\u0131n iddias\u0131na g\u00f6re Ankara, Suriye&#8217;de G\u00fclen cemaati mensuplar\u0131n\u0131n da yer ald\u0131\u011f\u0131 cihat\u00e7\u0131 bir tabur kurdurdu. Fethullah G\u00fclen hakk\u0131nda daha \u00f6nce de haberler yapan Paris merkezli bir istihbarat dergisi olan Frans\u0131z Intelligence Online, T\u00fcrkiye h\u00fck\u00fcmeti Suriye&#8217;de PYD&#8217;ye kar\u015f\u0131 sava\u015fmak \u00fczere K\u00fcrtlerden olu\u015fan bir cihat\u00e7\u0131 tabur kurdu. Derginin haberinde K\u00fcrtlerden olu\u015fan bu cihat\u00e7\u0131 [&hellip;]\" \/>\n<meta property=\"og:url\" content=\"https:\/\/akunq.net\/tr\/?p=25618\" \/>\n<meta property=\"og:site_name\" content=\"Bati Ermenistan Ve Bati Ermenileri Sorunlari Ara\u015ftirmalar Merkezi\" \/>\n<meta property=\"article:published_time\" content=\"2013-09-19T07:29:18+00:00\" \/>\n<meta name=\"author\" content=\"admin\" \/>\n<meta name=\"twitter:card\" content=\"summary_large_image\" \/>\n<meta name=\"twitter:label1\" content=\"Written by\" \/>\n\t<meta name=\"twitter:data1\" content=\"admin\" \/>\n\t<meta name=\"twitter:label2\" content=\"Est. reading time\" \/>\n\t<meta name=\"twitter:data2\" content=\"2 minutes\" \/>\n<script type=\"application\/ld+json\" class=\"yoast-schema-graph\">{\"@context\":\"https:\\\/\\\/schema.org\",\"@graph\":[{\"@type\":\"Article\",\"@id\":\"https:\\\/\\\/akunq.net\\\/tr\\\/?p=25618#article\",\"isPartOf\":{\"@id\":\"https:\\\/\\\/akunq.net\\\/tr\\\/?p=25618\"},\"author\":{\"name\":\"admin\",\"@id\":\"https:\\\/\\\/akunq.net\\\/tr\\\/#\\\/schema\\\/person\\\/096f1d38a12cce57fb855b485ed24c9e\"},\"headline\":\"Cihat \u00d6rg\u00fct\u00fc Kurdu\",\"datePublished\":\"2013-09-19T07:29:18+00:00\",\"mainEntityOfPage\":{\"@id\":\"https:\\\/\\\/akunq.net\\\/tr\\\/?p=25618\"},\"wordCount\":323,\"commentCount\":0,\"articleSection\":[\"Haberler\"],\"inLanguage\":\"en-US\",\"potentialAction\":[{\"@type\":\"CommentAction\",\"name\":\"Comment\",\"target\":[\"https:\\\/\\\/akunq.net\\\/tr\\\/?p=25618#respond\"]}]},{\"@type\":\"WebPage\",\"@id\":\"https:\\\/\\\/akunq.net\\\/tr\\\/?p=25618\",\"url\":\"https:\\\/\\\/akunq.net\\\/tr\\\/?p=25618\",\"name\":\"Cihat \u00d6rg\u00fct\u00fc Kurdu - Bati Ermenistan Ve Bati Ermenileri Sorunlari Ara\u015ftirmalar Merkezi\",\"isPartOf\":{\"@id\":\"https:\\\/\\\/akunq.net\\\/tr\\\/#website\"},\"datePublished\":\"2013-09-19T07:29:18+00:00\",\"author\":{\"@id\":\"https:\\\/\\\/akunq.net\\\/tr\\\/#\\\/schema\\\/person\\\/096f1d38a12cce57fb855b485ed24c9e\"},\"breadcrumb\":{\"@id\":\"https:\\\/\\\/akunq.net\\\/tr\\\/?p=25618#breadcrumb\"},\"inLanguage\":\"en-US\",\"potentialAction\":[{\"@type\":\"ReadAction\",\"target\":[\"https:\\\/\\\/akunq.net\\\/tr\\\/?p=25618\"]}]},{\"@type\":\"BreadcrumbList\",\"@id\":\"https:\\\/\\\/akunq.net\\\/tr\\\/?p=25618#breadcrumb\",\"itemListElement\":[{\"@type\":\"ListItem\",\"position\":1,\"name\":\"Home\",\"item\":\"https:\\\/\\\/akunq.net\\\/tr\"},{\"@type\":\"ListItem\",\"position\":2,\"name\":\"Cihat \u00d6rg\u00fct\u00fc Kurdu\"}]},{\"@type\":\"WebSite\",\"@id\":\"https:\\\/\\\/akunq.net\\\/tr\\\/#website\",\"url\":\"https:\\\/\\\/akunq.net\\\/tr\\\/\",\"name\":\"Bati Ermenistan Ve Bati Ermenileri Sorunlari Ara\u015ftirmalar Merkezi\",\"description\":\"\",\"potentialAction\":[{\"@type\":\"SearchAction\",\"target\":{\"@type\":\"EntryPoint\",\"urlTemplate\":\"https:\\\/\\\/akunq.net\\\/tr\\\/?s={search_term_string}\"},\"query-input\":{\"@type\":\"PropertyValueSpecification\",\"valueRequired\":true,\"valueName\":\"search_term_string\"}}],\"inLanguage\":\"en-US\"},{\"@type\":\"Person\",\"@id\":\"https:\\\/\\\/akunq.net\\\/tr\\\/#\\\/schema\\\/person\\\/096f1d38a12cce57fb855b485ed24c9e\",\"name\":\"admin\",\"url\":\"https:\\\/\\\/akunq.net\\\/tr\\\/?author=7\"}]}<\/script>\n<!-- \/ Yoast SEO plugin. -->","yoast_head_json":{"title":"Cihat \u00d6rg\u00fct\u00fc Kurdu - Bati Ermenistan Ve Bati Ermenileri Sorunlari Ara\u015ftirmalar Merkezi","robots":{"index":"index","follow":"follow","max-snippet":"max-snippet:-1","max-image-preview":"max-image-preview:large","max-video-preview":"max-video-preview:-1"},"canonical":"https:\/\/akunq.net\/tr\/?p=25618","og_locale":"en_US","og_type":"article","og_title":"Cihat \u00d6rg\u00fct\u00fc Kurdu - Bati Ermenistan Ve Bati Ermenileri Sorunlari Ara\u015ftirmalar Merkezi","og_description":"Frans\u0131z istihbarat dergisi Intelligence Online&#8217;\u0131n iddias\u0131na g\u00f6re Ankara, Suriye&#8217;de G\u00fclen cemaati mensuplar\u0131n\u0131n da yer ald\u0131\u011f\u0131 cihat\u00e7\u0131 bir tabur kurdurdu. Fethullah G\u00fclen hakk\u0131nda daha \u00f6nce de haberler yapan Paris merkezli bir istihbarat dergisi olan Frans\u0131z Intelligence Online, T\u00fcrkiye h\u00fck\u00fcmeti Suriye&#8217;de PYD&#8217;ye kar\u015f\u0131 sava\u015fmak \u00fczere K\u00fcrtlerden olu\u015fan bir cihat\u00e7\u0131 tabur kurdu. Derginin haberinde K\u00fcrtlerden olu\u015fan bu cihat\u00e7\u0131 [&hellip;]","og_url":"https:\/\/akunq.net\/tr\/?p=25618","og_site_name":"Bati Ermenistan Ve Bati Ermenileri Sorunlari Ara\u015ftirmalar Merkezi","article_published_time":"2013-09-19T07:29:18+00:00","author":"admin","twitter_card":"summary_large_image","twitter_misc":{"Written by":"admin","Est. reading time":"2 minutes"},"schema":{"@context":"https:\/\/schema.org","@graph":[{"@type":"Article","@id":"https:\/\/akunq.net\/tr\/?p=25618#article","isPartOf":{"@id":"https:\/\/akunq.net\/tr\/?p=25618"},"author":{"name":"admin","@id":"https:\/\/akunq.net\/tr\/#\/schema\/person\/096f1d38a12cce57fb855b485ed24c9e"},"headline":"Cihat \u00d6rg\u00fct\u00fc Kurdu","datePublished":"2013-09-19T07:29:18+00:00","mainEntityOfPage":{"@id":"https:\/\/akunq.net\/tr\/?p=25618"},"wordCount":323,"commentCount":0,"articleSection":["Haberler"],"inLanguage":"en-US","potentialAction":[{"@type":"CommentAction","name":"Comment","target":["https:\/\/akunq.net\/tr\/?p=25618#respond"]}]},{"@type":"WebPage","@id":"https:\/\/akunq.net\/tr\/?p=25618","url":"https:\/\/akunq.net\/tr\/?p=25618","name":"Cihat \u00d6rg\u00fct\u00fc Kurdu - Bati Ermenistan Ve Bati Ermenileri Sorunlari Ara\u015ftirmalar Merkezi","isPartOf":{"@id":"https:\/\/akunq.net\/tr\/#website"},"datePublished":"2013-09-19T07:29:18+00:00","author":{"@id":"https:\/\/akunq.net\/tr\/#\/schema\/person\/096f1d38a12cce57fb855b485ed24c9e"},"breadcrumb":{"@id":"https:\/\/akunq.net\/tr\/?p=25618#breadcrumb"},"inLanguage":"en-US","potentialAction":[{"@type":"ReadAction","target":["https:\/\/akunq.net\/tr\/?p=25618"]}]},{"@type":"BreadcrumbList","@id":"https:\/\/akunq.net\/tr\/?p=25618#breadcrumb","itemListElement":[{"@type":"ListItem","position":1,"name":"Home","item":"https:\/\/akunq.net\/tr"},{"@type":"ListItem","position":2,"name":"Cihat \u00d6rg\u00fct\u00fc Kurdu"}]},{"@type":"WebSite","@id":"https:\/\/akunq.net\/tr\/#website","url":"https:\/\/akunq.net\/tr\/","name":"Bati Ermenistan Ve Bati Ermenileri Sorunlari Ara\u015ftirmalar Merkezi","description":"","potentialAction":[{"@type":"SearchAction","target":{"@type":"EntryPoint","urlTemplate":"https:\/\/akunq.net\/tr\/?s={search_term_string}"},"query-input":{"@type":"PropertyValueSpecification","valueRequired":true,"valueName":"search_term_string"}}],"inLanguage":"en-US"},{"@type":"Person","@id":"https:\/\/akunq.net\/tr\/#\/schema\/person\/096f1d38a12cce57fb855b485ed24c9e","name":"admin","url":"https:\/\/akunq.net\/tr\/?author=7"}]}},"_links":{"self":[{"href":"https:\/\/akunq.net\/tr\/index.php?rest_route=\/wp\/v2\/posts\/25618","targetHints":{"allow":["GET"]}}],"collection":[{"href":"https:\/\/akunq.net\/tr\/index.php?rest_route=\/wp\/v2\/posts"}],"about":[{"href":"https:\/\/akunq.net\/tr\/index.php?rest_route=\/wp\/v2\/types\/post"}],"author":[{"embeddable":true,"href":"https:\/\/akunq.net\/tr\/index.php?rest_route=\/wp\/v2\/users\/7"}],"replies":[{"embeddable":true,"href":"https:\/\/akunq.net\/tr\/index.php?rest_route=%2Fwp%2Fv2%2Fcomments&post=25618"}],"version-history":[{"count":1,"href":"https:\/\/akunq.net\/tr\/index.php?rest_route=\/wp\/v2\/posts\/25618\/revisions"}],"predecessor-version":[{"id":25620,"href":"https:\/\/akunq.net\/tr\/index.php?rest_route=\/wp\/v2\/posts\/25618\/revisions\/25620"}],"wp:attachment":[{"href":"https:\/\/akunq.net\/tr\/index.php?rest_route=%2Fwp%2Fv2%2Fmedia&parent=25618"}],"wp:term":[{"taxonomy":"category","embeddable":true,"href":"https:\/\/akunq.net\/tr\/index.php?rest_route=%2Fwp%2Fv2%2Fcategories&post=25618"},{"taxonomy":"post_tag","embeddable":true,"href":"https:\/\/akunq.net\/tr\/index.php?rest_route=%2Fwp%2Fv2%2Ftags&post=25618"}],"curies":[{"name":"wp","href":"https:\/\/api.w.org\/{rel}","templated":true}]}}