{"id":25600,"date":"2013-09-18T04:30:52","date_gmt":"2013-09-18T09:30:52","guid":{"rendered":"http:\/\/akunq.net\/tr\/?p=25600"},"modified":"2013-09-18T04:30:52","modified_gmt":"2013-09-18T09:30:52","slug":"bakanin-mesajina-duygulandi-yurda-dondu","status":"publish","type":"post","link":"https:\/\/akunq.net\/tr\/?p=25600","title":{"rendered":"Bakan&#8217;\u0131n mesaj\u0131na duyguland\u0131 yurda d\u00f6nd\u00fc"},"content":{"rendered":"<p style=\"text-align: justify;\"><b><i><a href=\"http:\/\/akunq.net\/tr\/wp-content\/uploads\/2013\/09\/Yervant-Bostanc\u0131.jpg\"><img loading=\"lazy\" decoding=\"async\" class=\"alignright size-medium wp-image-25601\" alt=\"Yervant Bostanc\u0131\" src=\"http:\/\/akunq.net\/tr\/wp-content\/uploads\/2013\/09\/Yervant-Bostanc\u0131-300x159.jpg\" width=\"300\" height=\"159\" srcset=\"https:\/\/akunq.net\/tr\/wp-content\/uploads\/sites\/6\/2013\/09\/Yervant-Bostanc\u0131-300x159.jpg 300w, https:\/\/akunq.net\/tr\/wp-content\/uploads\/sites\/6\/2013\/09\/Yervant-Bostanc\u0131-600x318.jpg 600w, https:\/\/akunq.net\/tr\/wp-content\/uploads\/sites\/6\/2013\/09\/Yervant-Bostanc\u0131.jpg 615w\" sizes=\"auto, (max-width: 300px) 100vw, 300px\" \/><\/a>21 y\u0131l aradan sonra K\u00fclt\u00fcr ve Turizm Bakan\u0131 \u00c7elik&#8217;in sosyal medya \u00fczerinden att\u0131\u011f\u0131 bir mesajdan duygulanarak memleketi Diyarbak\u0131r&#8217;a d\u00f6nen Ermeni as\u0131ll\u0131 sanat\u00e7\u0131 Bostanc\u0131, T\u00fcrkiye&#8217;nin k\u00fclt\u00fcr el\u00e7isi olmaya haz\u0131rlan\u0131yor. <\/i><\/b><\/p>\n<p style=\"text-align: justify;\">21 y\u0131l aradan sonra memleketi Diyarbak\u0131r&#8217;a d\u00f6nen Ermeni as\u0131ll\u0131 sanat\u00e7\u0131 Udi Yervant Bostanc\u0131,T\u00fcrkiye&#8217;nin k\u00fclt\u00fcr el\u00e7isi olmaya haz\u0131rlan\u0131yor.<\/p>\n<p style=\"text-align: justify;\">Diyarbak\u0131r&#8217;da T\u00fcrkler, K\u00fcrtler, Ermeniler, Yahudiler&#8217;in bir arada ya\u015fad\u0131\u011f\u0131 Han\u00e7epek&#8217;te do\u011fan Yervant Bostanc\u0131, ilkokul ve ortaokulu Diyarbak\u0131r&#8217;da okuduktan sonra 1976 y\u0131l\u0131nda \u0130stanbul&#8217;a g\u00f6\u00e7 etti.<\/p>\n<p style=\"text-align: justify;\">\u0130stanbul&#8217;da 1992 y\u0131l\u0131na kadar \u00dcsk\u00fcdar Musiki Cemiyeti&#8217;nde ud dersi verip sahneye \u00e7\u0131kan Bostanc\u0131, 1992 y\u0131l\u0131nda Amerika&#8217;ya g\u00f6\u00e7 etti. 21 y\u0131ld\u0131r Amerika&#8217;n\u0131n Los Angeles kentinde gazinolarda sahne alan ve uduyla Ermenice&#8217;nin yan\u0131 s\u0131ra T\u00fcrk\u00e7e ve K\u00fcrt\u00e7e t\u00fcrk\u00fcler s\u00f6yledi\u011fi i\u00e7in zaman zaman Ermeni Diasporas\u0131&#8217;n\u0131n, &#8220;neden Ermenice&#8217;den ba\u015fka dilde \u015fark\u0131 okuyorsun&#8221; ele\u015ftirileriyle kar\u015f\u0131la\u015fan Bostanc\u0131, dil ayr\u0131mc\u0131l\u0131\u011f\u0131na kar\u015f\u0131 \u00e7\u0131karak m\u00fczi\u011fini 3 dilde seslendirmeyi s\u00fcrd\u00fcrd\u00fc.<\/p>\n<p style=\"text-align: justify;\"><b>&#8220;Bakan \u00c7elik&#8217;in mesaj\u0131 beni duyguland\u0131rd\u0131&#8221;<\/b><\/p>\n<p style=\"text-align: justify;\">Yap\u0131lan \u00e7a\u011fr\u0131lar \u00fczerine Amerika&#8217;dan kesin d\u00f6n\u00fc\u015f yapan Bostanc\u0131, memleketi Diyarbak\u0131r&#8217;da AA muhabirine yapt\u0131\u011f\u0131 a\u00e7\u0131klamada, davet \u00fczerine memleketine d\u00f6n\u00fc\u015f yapman\u0131n mutlulu\u011funu ya\u015fad\u0131\u011f\u0131n\u0131 s\u00f6yledi.<\/p>\n<p style=\"text-align: justify;\">Bostanc\u0131, K\u00fclt\u00fcr ve Turizm Bakan\u0131 \u00c7elik&#8217;in sosyal payla\u015f\u0131m sitesinden att\u0131\u011f\u0131 mesaj\u0131n kendisini duyguland\u0131rd\u0131\u011f\u0131n\u0131 ifade ederek, bu mesaj\u0131n ard\u0131ndan Bakan \u00c7elik ile g\u00f6r\u00fc\u015ft\u00fcklerini hat\u0131rlatt\u0131.<\/p>\n<p style=\"text-align: justify;\">Bir \u00fclkenin K\u00fclt\u00fcr ve Turizm Bakan\u0131 ile ayn\u0131 masada oturman\u0131n \u00f6nemli oldu\u011funu vurgulayan Bostanc\u0131, \u015f\u00f6yle dedi:<\/p>\n<p style=\"text-align: justify;\">&#8220;Ayn\u0131 masada dost\u00e7a, karde\u015f\u00e7e g\u00f6zlerimiz ya\u015fararak birbirimiz dinledik. G\u00fczel \u00e7al\u0131\u015fmalar var. Ben bu at\u0131l\u0131mlar\u0131n ba\u015far\u0131l\u0131 olaca\u011f\u0131na inan\u0131yorum. 30 y\u0131l \u00f6nce bir bek\u00e7i g\u00f6rd\u00fc\u011f\u00fcm\u00fczde korkard\u0131k, bug\u00fcn K\u00fclt\u00fcr Bakan\u0131 ile oturup konu\u015fabiliyorum. Art\u0131k i\u00e7imizi d\u00f6kebiliyoruz. Eskiden kalma horlanma ve d\u0131\u015flanmalar\u0131 rahatl\u0131kla konu\u015fabiliyoruz. Bunlar geli\u015fme de\u011fil de nedir? \u015eimdi ba\u015f\u0131m\u0131za y\u0131k\u0131lan kiliseyi onarabiliyoruz. Bunlar birer geli\u015fmedir. Bunlar\u0131 g\u00f6rmezden gelemeyiz. Her \u015fey d\u00f6rt d\u00f6rtl\u00fck y\u00fcr\u00fcm\u00fcyor ancak iyi \u00e7al\u0131\u015fmalar var.&#8221;<\/p>\n<p style=\"text-align: justify;\">Bostanc\u0131 kendisini gelmesi i\u00e7in Diyarbak\u0131r B\u00fcy\u00fck\u015fehir Belediye Ba\u015fkan\u0131 Osman Baydemir&#8217;in de davet etti\u011fini belirterek, d\u00f6nmesine katk\u0131 sunanlara te\u015fekk\u00fcr etti.<\/p>\n<p style=\"text-align: justify;\"><b>&#8220;K\u00fclt\u00fcr el\u00e7isi olma teklifi<\/b><\/p>\n<p style=\"text-align: justify;\">Bostanc\u0131, K\u00fclt\u00fcr ve Turizm Bakanl\u0131\u011f\u0131 M\u00fcste\u015far\u0131 Nihat G\u00fcr ve dan\u0131\u015fman\u0131 \u0130brahim Sar\u0131ta\u015f ile g\u00f6r\u00fc\u015ft\u00fc\u011f\u00fcnde kendisine b\u00fcy\u00fck ilgi g\u00f6sterdiklerini belirterek, &#8220;Bana k\u00fclt\u00fcr el\u00e7isi olmam ve karde\u015fli\u011fi m\u00fczik ile kendi memleketimden d\u00fcnyaya yans\u0131tmam konusunda teklifte bulunuldu&#8221; dedi.<\/p>\n<p style=\"text-align: justify;\">&#8220;Bakan \u00c7elik, &#8216;sen gel, biz \u00fcst\u00fcm\u00fcze d\u00fc\u015fen g\u00f6revi yapar\u0131z, sana k\u00fclt\u00fcrle ilgili g\u00f6revler verece\u011fiz&#8217; dedi. Ben de seve seve kabul ettim&#8221; diyen Bostanc\u0131, politikac\u0131 de\u011fil, udu ve sesiyle var olan bir sanat\u00e7\u0131 oldu\u011funu vurgulad\u0131.<\/p>\n<p style=\"text-align: justify;\"><b><i>http:\/\/yenisafak.com.tr\/politika-haber\/bakanin-mesajina-duygulandi-yurda-dondu-17.09.2013-565252<\/i><\/b><\/p>\n","protected":false},"excerpt":{"rendered":"<p>21 y\u0131l aradan sonra K\u00fclt\u00fcr ve Turizm Bakan\u0131 \u00c7elik&#8217;in sosyal medya \u00fczerinden att\u0131\u011f\u0131 bir mesajdan duygulanarak memleketi Diyarbak\u0131r&#8217;a d\u00f6nen Ermeni as\u0131ll\u0131 sanat\u00e7\u0131 Bostanc\u0131, T\u00fcrkiye&#8217;nin k\u00fclt\u00fcr el\u00e7isi olmaya haz\u0131rlan\u0131yor. 21 y\u0131l aradan sonra memleketi Diyarbak\u0131r&#8217;a d\u00f6nen Ermeni as\u0131ll\u0131 sanat\u00e7\u0131 Udi Yervant Bostanc\u0131,T\u00fcrkiye&#8217;nin k\u00fclt\u00fcr el\u00e7isi olmaya haz\u0131rlan\u0131yor. Diyarbak\u0131r&#8217;da T\u00fcrkler, K\u00fcrtler, Ermeniler, Yahudiler&#8217;in bir arada ya\u015fad\u0131\u011f\u0131 Han\u00e7epek&#8217;te do\u011fan [&hellip;]<\/p>\n","protected":false},"author":7,"featured_media":0,"comment_status":"open","ping_status":"open","sticky":false,"template":"","format":"standard","meta":{"footnotes":""},"categories":[1],"tags":[],"class_list":["post-25600","post","type-post","status-publish","format-standard","hentry","category-haberler"],"yoast_head":"<!-- This site is optimized with the Yoast SEO plugin v27.4 - https:\/\/yoast.com\/product\/yoast-seo-wordpress\/ -->\n<title>Bakan&#039;\u0131n mesaj\u0131na duyguland\u0131 yurda d\u00f6nd\u00fc - Bati Ermenistan Ve Bati Ermenileri Sorunlari Ara\u015ftirmalar Merkezi<\/title>\n<meta name=\"robots\" content=\"index, follow, max-snippet:-1, max-image-preview:large, max-video-preview:-1\" \/>\n<link rel=\"canonical\" href=\"https:\/\/akunq.net\/tr\/?p=25600\" \/>\n<meta property=\"og:locale\" content=\"en_US\" \/>\n<meta property=\"og:type\" content=\"article\" \/>\n<meta property=\"og:title\" content=\"Bakan&#039;\u0131n mesaj\u0131na duyguland\u0131 yurda d\u00f6nd\u00fc - Bati Ermenistan Ve Bati Ermenileri Sorunlari Ara\u015ftirmalar Merkezi\" \/>\n<meta property=\"og:description\" content=\"21 y\u0131l aradan sonra K\u00fclt\u00fcr ve Turizm Bakan\u0131 \u00c7elik&#8217;in sosyal medya \u00fczerinden att\u0131\u011f\u0131 bir mesajdan duygulanarak memleketi Diyarbak\u0131r&#8217;a d\u00f6nen Ermeni as\u0131ll\u0131 sanat\u00e7\u0131 Bostanc\u0131, T\u00fcrkiye&#8217;nin k\u00fclt\u00fcr el\u00e7isi olmaya haz\u0131rlan\u0131yor. 21 y\u0131l aradan sonra memleketi Diyarbak\u0131r&#8217;a d\u00f6nen Ermeni as\u0131ll\u0131 sanat\u00e7\u0131 Udi Yervant Bostanc\u0131,T\u00fcrkiye&#8217;nin k\u00fclt\u00fcr el\u00e7isi olmaya haz\u0131rlan\u0131yor. Diyarbak\u0131r&#8217;da T\u00fcrkler, K\u00fcrtler, Ermeniler, Yahudiler&#8217;in bir arada ya\u015fad\u0131\u011f\u0131 Han\u00e7epek&#8217;te do\u011fan [&hellip;]\" \/>\n<meta property=\"og:url\" content=\"https:\/\/akunq.net\/tr\/?p=25600\" \/>\n<meta property=\"og:site_name\" content=\"Bati Ermenistan Ve Bati Ermenileri Sorunlari Ara\u015ftirmalar Merkezi\" \/>\n<meta property=\"article:published_time\" content=\"2013-09-18T09:30:52+00:00\" \/>\n<meta name=\"author\" content=\"admin\" \/>\n<meta name=\"twitter:card\" content=\"summary_large_image\" \/>\n<meta name=\"twitter:label1\" content=\"Written by\" \/>\n\t<meta name=\"twitter:data1\" content=\"admin\" \/>\n\t<meta name=\"twitter:label2\" content=\"Est. reading time\" \/>\n\t<meta name=\"twitter:data2\" content=\"3 minutes\" \/>\n<script type=\"application\/ld+json\" class=\"yoast-schema-graph\">{\"@context\":\"https:\\\/\\\/schema.org\",\"@graph\":[{\"@type\":\"Article\",\"@id\":\"https:\\\/\\\/akunq.net\\\/tr\\\/?p=25600#article\",\"isPartOf\":{\"@id\":\"https:\\\/\\\/akunq.net\\\/tr\\\/?p=25600\"},\"author\":{\"name\":\"admin\",\"@id\":\"https:\\\/\\\/akunq.net\\\/tr\\\/#\\\/schema\\\/person\\\/096f1d38a12cce57fb855b485ed24c9e\"},\"headline\":\"Bakan&#8217;\u0131n mesaj\u0131na duyguland\u0131 yurda d\u00f6nd\u00fc\",\"datePublished\":\"2013-09-18T09:30:52+00:00\",\"mainEntityOfPage\":{\"@id\":\"https:\\\/\\\/akunq.net\\\/tr\\\/?p=25600\"},\"wordCount\":539,\"commentCount\":0,\"articleSection\":[\"Haberler\"],\"inLanguage\":\"en-US\",\"potentialAction\":[{\"@type\":\"CommentAction\",\"name\":\"Comment\",\"target\":[\"https:\\\/\\\/akunq.net\\\/tr\\\/?p=25600#respond\"]}]},{\"@type\":\"WebPage\",\"@id\":\"https:\\\/\\\/akunq.net\\\/tr\\\/?p=25600\",\"url\":\"https:\\\/\\\/akunq.net\\\/tr\\\/?p=25600\",\"name\":\"Bakan'\u0131n mesaj\u0131na duyguland\u0131 yurda d\u00f6nd\u00fc - Bati Ermenistan Ve Bati Ermenileri Sorunlari Ara\u015ftirmalar Merkezi\",\"isPartOf\":{\"@id\":\"https:\\\/\\\/akunq.net\\\/tr\\\/#website\"},\"datePublished\":\"2013-09-18T09:30:52+00:00\",\"author\":{\"@id\":\"https:\\\/\\\/akunq.net\\\/tr\\\/#\\\/schema\\\/person\\\/096f1d38a12cce57fb855b485ed24c9e\"},\"breadcrumb\":{\"@id\":\"https:\\\/\\\/akunq.net\\\/tr\\\/?p=25600#breadcrumb\"},\"inLanguage\":\"en-US\",\"potentialAction\":[{\"@type\":\"ReadAction\",\"target\":[\"https:\\\/\\\/akunq.net\\\/tr\\\/?p=25600\"]}]},{\"@type\":\"BreadcrumbList\",\"@id\":\"https:\\\/\\\/akunq.net\\\/tr\\\/?p=25600#breadcrumb\",\"itemListElement\":[{\"@type\":\"ListItem\",\"position\":1,\"name\":\"Home\",\"item\":\"https:\\\/\\\/akunq.net\\\/tr\"},{\"@type\":\"ListItem\",\"position\":2,\"name\":\"Bakan&#8217;\u0131n mesaj\u0131na duyguland\u0131 yurda d\u00f6nd\u00fc\"}]},{\"@type\":\"WebSite\",\"@id\":\"https:\\\/\\\/akunq.net\\\/tr\\\/#website\",\"url\":\"https:\\\/\\\/akunq.net\\\/tr\\\/\",\"name\":\"Bati Ermenistan Ve Bati Ermenileri Sorunlari Ara\u015ftirmalar Merkezi\",\"description\":\"\",\"potentialAction\":[{\"@type\":\"SearchAction\",\"target\":{\"@type\":\"EntryPoint\",\"urlTemplate\":\"https:\\\/\\\/akunq.net\\\/tr\\\/?s={search_term_string}\"},\"query-input\":{\"@type\":\"PropertyValueSpecification\",\"valueRequired\":true,\"valueName\":\"search_term_string\"}}],\"inLanguage\":\"en-US\"},{\"@type\":\"Person\",\"@id\":\"https:\\\/\\\/akunq.net\\\/tr\\\/#\\\/schema\\\/person\\\/096f1d38a12cce57fb855b485ed24c9e\",\"name\":\"admin\",\"url\":\"https:\\\/\\\/akunq.net\\\/tr\\\/?author=7\"}]}<\/script>\n<!-- \/ Yoast SEO plugin. -->","yoast_head_json":{"title":"Bakan'\u0131n mesaj\u0131na duyguland\u0131 yurda d\u00f6nd\u00fc - Bati Ermenistan Ve Bati Ermenileri Sorunlari Ara\u015ftirmalar Merkezi","robots":{"index":"index","follow":"follow","max-snippet":"max-snippet:-1","max-image-preview":"max-image-preview:large","max-video-preview":"max-video-preview:-1"},"canonical":"https:\/\/akunq.net\/tr\/?p=25600","og_locale":"en_US","og_type":"article","og_title":"Bakan'\u0131n mesaj\u0131na duyguland\u0131 yurda d\u00f6nd\u00fc - Bati Ermenistan Ve Bati Ermenileri Sorunlari Ara\u015ftirmalar Merkezi","og_description":"21 y\u0131l aradan sonra K\u00fclt\u00fcr ve Turizm Bakan\u0131 \u00c7elik&#8217;in sosyal medya \u00fczerinden att\u0131\u011f\u0131 bir mesajdan duygulanarak memleketi Diyarbak\u0131r&#8217;a d\u00f6nen Ermeni as\u0131ll\u0131 sanat\u00e7\u0131 Bostanc\u0131, T\u00fcrkiye&#8217;nin k\u00fclt\u00fcr el\u00e7isi olmaya haz\u0131rlan\u0131yor. 21 y\u0131l aradan sonra memleketi Diyarbak\u0131r&#8217;a d\u00f6nen Ermeni as\u0131ll\u0131 sanat\u00e7\u0131 Udi Yervant Bostanc\u0131,T\u00fcrkiye&#8217;nin k\u00fclt\u00fcr el\u00e7isi olmaya haz\u0131rlan\u0131yor. Diyarbak\u0131r&#8217;da T\u00fcrkler, K\u00fcrtler, Ermeniler, Yahudiler&#8217;in bir arada ya\u015fad\u0131\u011f\u0131 Han\u00e7epek&#8217;te do\u011fan [&hellip;]","og_url":"https:\/\/akunq.net\/tr\/?p=25600","og_site_name":"Bati Ermenistan Ve Bati Ermenileri Sorunlari Ara\u015ftirmalar Merkezi","article_published_time":"2013-09-18T09:30:52+00:00","author":"admin","twitter_card":"summary_large_image","twitter_misc":{"Written by":"admin","Est. reading time":"3 minutes"},"schema":{"@context":"https:\/\/schema.org","@graph":[{"@type":"Article","@id":"https:\/\/akunq.net\/tr\/?p=25600#article","isPartOf":{"@id":"https:\/\/akunq.net\/tr\/?p=25600"},"author":{"name":"admin","@id":"https:\/\/akunq.net\/tr\/#\/schema\/person\/096f1d38a12cce57fb855b485ed24c9e"},"headline":"Bakan&#8217;\u0131n mesaj\u0131na duyguland\u0131 yurda d\u00f6nd\u00fc","datePublished":"2013-09-18T09:30:52+00:00","mainEntityOfPage":{"@id":"https:\/\/akunq.net\/tr\/?p=25600"},"wordCount":539,"commentCount":0,"articleSection":["Haberler"],"inLanguage":"en-US","potentialAction":[{"@type":"CommentAction","name":"Comment","target":["https:\/\/akunq.net\/tr\/?p=25600#respond"]}]},{"@type":"WebPage","@id":"https:\/\/akunq.net\/tr\/?p=25600","url":"https:\/\/akunq.net\/tr\/?p=25600","name":"Bakan'\u0131n mesaj\u0131na duyguland\u0131 yurda d\u00f6nd\u00fc - Bati Ermenistan Ve Bati Ermenileri Sorunlari Ara\u015ftirmalar Merkezi","isPartOf":{"@id":"https:\/\/akunq.net\/tr\/#website"},"datePublished":"2013-09-18T09:30:52+00:00","author":{"@id":"https:\/\/akunq.net\/tr\/#\/schema\/person\/096f1d38a12cce57fb855b485ed24c9e"},"breadcrumb":{"@id":"https:\/\/akunq.net\/tr\/?p=25600#breadcrumb"},"inLanguage":"en-US","potentialAction":[{"@type":"ReadAction","target":["https:\/\/akunq.net\/tr\/?p=25600"]}]},{"@type":"BreadcrumbList","@id":"https:\/\/akunq.net\/tr\/?p=25600#breadcrumb","itemListElement":[{"@type":"ListItem","position":1,"name":"Home","item":"https:\/\/akunq.net\/tr"},{"@type":"ListItem","position":2,"name":"Bakan&#8217;\u0131n mesaj\u0131na duyguland\u0131 yurda d\u00f6nd\u00fc"}]},{"@type":"WebSite","@id":"https:\/\/akunq.net\/tr\/#website","url":"https:\/\/akunq.net\/tr\/","name":"Bati Ermenistan Ve Bati Ermenileri Sorunlari Ara\u015ftirmalar Merkezi","description":"","potentialAction":[{"@type":"SearchAction","target":{"@type":"EntryPoint","urlTemplate":"https:\/\/akunq.net\/tr\/?s={search_term_string}"},"query-input":{"@type":"PropertyValueSpecification","valueRequired":true,"valueName":"search_term_string"}}],"inLanguage":"en-US"},{"@type":"Person","@id":"https:\/\/akunq.net\/tr\/#\/schema\/person\/096f1d38a12cce57fb855b485ed24c9e","name":"admin","url":"https:\/\/akunq.net\/tr\/?author=7"}]}},"_links":{"self":[{"href":"https:\/\/akunq.net\/tr\/index.php?rest_route=\/wp\/v2\/posts\/25600","targetHints":{"allow":["GET"]}}],"collection":[{"href":"https:\/\/akunq.net\/tr\/index.php?rest_route=\/wp\/v2\/posts"}],"about":[{"href":"https:\/\/akunq.net\/tr\/index.php?rest_route=\/wp\/v2\/types\/post"}],"author":[{"embeddable":true,"href":"https:\/\/akunq.net\/tr\/index.php?rest_route=\/wp\/v2\/users\/7"}],"replies":[{"embeddable":true,"href":"https:\/\/akunq.net\/tr\/index.php?rest_route=%2Fwp%2Fv2%2Fcomments&post=25600"}],"version-history":[{"count":1,"href":"https:\/\/akunq.net\/tr\/index.php?rest_route=\/wp\/v2\/posts\/25600\/revisions"}],"predecessor-version":[{"id":25602,"href":"https:\/\/akunq.net\/tr\/index.php?rest_route=\/wp\/v2\/posts\/25600\/revisions\/25602"}],"wp:attachment":[{"href":"https:\/\/akunq.net\/tr\/index.php?rest_route=%2Fwp%2Fv2%2Fmedia&parent=25600"}],"wp:term":[{"taxonomy":"category","embeddable":true,"href":"https:\/\/akunq.net\/tr\/index.php?rest_route=%2Fwp%2Fv2%2Fcategories&post=25600"},{"taxonomy":"post_tag","embeddable":true,"href":"https:\/\/akunq.net\/tr\/index.php?rest_route=%2Fwp%2Fv2%2Ftags&post=25600"}],"curies":[{"name":"wp","href":"https:\/\/api.w.org\/{rel}","templated":true}]}}