{"id":25592,"date":"2013-09-18T01:37:30","date_gmt":"2013-09-18T06:37:30","guid":{"rendered":"http:\/\/akunq.net\/tr\/?p=25592"},"modified":"2013-09-18T01:37:30","modified_gmt":"2013-09-18T06:37:30","slug":"hrant-dink-davasi-tekrar-basladi","status":"publish","type":"post","link":"https:\/\/akunq.net\/tr\/?p=25592","title":{"rendered":"Hrant Dink Davas\u0131 Tekrar Ba\u015flad\u0131"},"content":{"rendered":"<h2 style=\"text-align: justify;\"><i><a href=\"http:\/\/akunq.net\/tr\/wp-content\/uploads\/2013\/09\/\u0540\u0580\u0561\u0576\u057f-\u0534\u056b\u0576\u0584.jpg\"><img loading=\"lazy\" decoding=\"async\" class=\"alignright size-medium wp-image-25593\" alt=\"agos gazetesi hrant dink\" src=\"http:\/\/akunq.net\/tr\/wp-content\/uploads\/2013\/09\/\u0540\u0580\u0561\u0576\u057f-\u0534\u056b\u0576\u0584-300x225.jpg\" width=\"300\" height=\"225\" srcset=\"https:\/\/akunq.net\/tr\/wp-content\/uploads\/sites\/6\/2013\/09\/\u0540\u0580\u0561\u0576\u057f-\u0534\u056b\u0576\u0584-300x225.jpg 300w, https:\/\/akunq.net\/tr\/wp-content\/uploads\/sites\/6\/2013\/09\/\u0540\u0580\u0561\u0576\u057f-\u0534\u056b\u0576\u0584.jpg 312w\" sizes=\"auto, (max-width: 300px) 100vw, 300px\" \/><\/a>Hrant Dink davas\u0131 yeniden ba\u015fl\u0131yor. Dink davas\u0131 ile ilgili savc\u0131, Erhan Tuncel i\u00e7in yakalam emri \u00e7\u0131kar\u0131lmas\u0131n\u0131 istedi.<\/i><\/h2>\n<p style=\"text-align: justify;\"><a title=\"Savc\u0131\" href=\"http:\/\/www.milliyet.com.tr\/savci\/\" target=\"_blank\">Savc\u0131<\/a> yeniden g\u00f6r\u00fclen Dink davas\u0131nda Erhan <a title=\"Tuncel\" href=\"http:\/\/www.milliyet.com.tr\/tuncel\/\" target=\"_blank\">Tuncel<\/a> i\u00e7in <a title=\"yakalama karar\u0131\" href=\"http:\/\/www.milliyet.com.tr\/yakalama-karari\/\" target=\"_blank\">yakalama karar\u0131<\/a> \u00e7\u0131kar\u0131lmas\u0131n\u0131 istedi. Savc\u0131n\u0131n talebini <a title=\"kabul\" href=\"http:\/\/www.milliyet.com.tr\/kabul\/\" target=\"_blank\">kabul<\/a> eden <a title=\"mahkeme\" href=\"http:\/\/www.milliyet.com.tr\/mahkeme\/\" target=\"_blank\">mahkeme<\/a> taraf\u0131ndan Erhan Tuncel i\u00e7in yakalama karar\u0131 \u00e7\u0131kar\u0131ld\u0131. \u00d6te yandan mahkeme, Dink karar\u0131n\u0131 bozan <a title=\"Yarg\u0131tay\" href=\"http:\/\/www.milliyet.com.tr\/yargitay\/\" target=\"_blank\">Yarg\u0131tay<\/a> karar\u0131na uyup uymayaca\u011f\u0131na daha sonra karar verecek. Duru\u015fma <a title=\"ertelendi\" href=\"http:\/\/www.milliyet.com.tr\/ertelendi\/\" target=\"_blank\">ertelendi<\/a>.<\/p>\n<p style=\"text-align: justify;\"><a title=\"Dink davas\u0131\" href=\"http:\/\/www.milliyet.com.tr\/dink-davasi\/\" target=\"_blank\"><b>Dink davas\u0131<\/b><\/a><strong> yeniden ba\u015flad\u0131<\/strong><\/p>\n<p style=\"text-align: justify;\"><a title=\"Agos Gazetesi\" href=\"http:\/\/www.milliyet.com.tr\/agos-gazetesi\/\" target=\"_blank\">Agos Gazetesi<\/a> Genel <a title=\"Yay\u0131n\" href=\"http:\/\/www.milliyet.com.tr\/yayin\/\" target=\"_blank\">Yay\u0131n<\/a> Y\u00f6netmeni <a title=\"Hrant Dink\" href=\"http:\/\/www.milliyet.com.tr\/hrant-dink\/\" target=\"_blank\">Hrant Dink<\/a>\u2019in \u00f6ld\u00fcr\u00fclmesiyle ilgili davan\u0131n Yarg\u0131tay\u2019\u0131n bozma karar\u0131ndan sonraki ilk duru\u015fmas\u0131 bug\u00fcn ba\u015flad\u0131.Yarg\u0131tay 9. Ceza Dairesi davaya bakan mahkemenin \u2018\u00f6rg\u00fct yok\u2019 karar\u0131n\u0131 san\u0131klar\u0131n ter\u00f6r <a title=\"\u00f6rg\u00fct\u00fc\" href=\"http:\/\/www.milliyet.com.tr\/orgutu\/\" target=\"_blank\">\u00f6rg\u00fct\u00fc<\/a> de\u011fil su\u00e7 \u00f6rg\u00fct\u00fc \u00fcyesi olduklar\u0131 gerek\u00e7esiyle bozmu\u015ftu.<\/p>\n<p style=\"text-align: justify;\"><strong>D\u0130NK A\u0130LES\u0130 SALONDA YOK<\/strong><\/p>\n<p style=\"text-align: justify;\">Bozulan davan\u0131n ilk duru\u015fmas\u0131 bug\u00fcn <a title=\"\u00c7a\u011flayan\" href=\"http:\/\/www.milliyet.com.tr\/caglayan\/\" target=\"_blank\">\u00c7a\u011flayan<\/a>\u2019daki \u0130stanbul <a title=\"Adalet Saray\u0131\" href=\"http:\/\/www.milliyet.com.tr\/adalet-sarayi\/\" target=\"_blank\">Adalet Saray\u0131<\/a>\u2019nda g\u00f6r\u00fcl\u00fcyor. Adliyenin b\u00fcy\u00fck salonunda g\u00f6r\u00fclen duru\u015fmaya ilgi b\u00fcy\u00fck. Tamamen dolan duru\u015fma salonunda <a title=\"CHP\" href=\"http:\/\/www.milliyet.com.tr\/chp\/\" target=\"_blank\">CHP<\/a> Milletvekilleri Mahmut <a title=\"Tanal\" href=\"http:\/\/www.milliyet.com.tr\/tanal\/\" target=\"_blank\">Tanal<\/a>, Sezgin <a title=\"Tanr\u0131kulu\" href=\"http:\/\/www.milliyet.com.tr\/tanrikulu\/\" target=\"_blank\">Tanr\u0131kulu<\/a> ile <a title=\"BDP Milletvekilleri\" href=\"http:\/\/www.milliyet.com.tr\/bdp-milletvekilleri\/\" target=\"_blank\">BDP Milletvekilleri<\/a> <a title=\"Sebahat Tuncel\" href=\"http:\/\/www.milliyet.com.tr\/sebahat-tuncel\/\" target=\"_blank\">Sebahat Tuncel<\/a> ve Ertu\u011frul <a title=\"K\u00fcrk\u00e7\u00fc\" href=\"http:\/\/www.milliyet.com.tr\/kurkcu\/\" target=\"_blank\">K\u00fcrk\u00e7\u00fc<\/a> de bulunuyor. Dink ailesi salonda yerini almazken, aileyi avukatlar\u0131 temsil <a title=\"etti\" href=\"http:\/\/www.milliyet.com.tr\/e.t.\/\" target=\"_blank\">etti<\/a>.<\/p>\n<p style=\"text-align: justify;\"><strong>BA\u015eKAN \u0130Z\u0130NDE, \u00dcYE <\/strong><a title=\"HAK\u0130M\" href=\"http:\/\/www.milliyet.com.tr\/hakim\/\" target=\"_blank\"><b>HAK\u0130M<\/b><\/a><strong> BA\u015eKANLIK ED\u0130YOR<\/strong><\/p>\n<p style=\"text-align: justify;\">\u0130stanbul 14. <a title=\"A\u011f\u0131r Ceza\" href=\"http:\/\/www.milliyet.com.tr\/agir-ceza\/\" target=\"_blank\">A\u011f\u0131r Ceza<\/a> Mahkemesi ba\u015fkan\u0131 Hadi \u00c7a\u011fd\u0131r\u2019\u0131n izinli olmas\u0131 nedeniyle duru\u015fmaya \u00fcye hakim Mustafa Ba\u015fer ba\u015fkanl\u0131k ediyor. Davaya <a title=\"tutuklu\" href=\"http:\/\/www.milliyet.com.tr\/tutuklu\/\" target=\"_blank\">tutuklu<\/a> <a title=\"san\u0131k\" href=\"http:\/\/www.milliyet.com.tr\/sanik\/\" target=\"_blank\">san\u0131k<\/a> <a title=\"Yasin Hayal\" href=\"http:\/\/www.milliyet.com.tr\/yasin-hayal\/\" target=\"_blank\">Yasin Hayal<\/a> ile tutuksuz san\u0131k <a title=\"Salih\" href=\"http:\/\/www.milliyet.com.tr\/salih\/\" target=\"_blank\">Salih<\/a> <a title=\"Hac\u0131saliho\u011flu\" href=\"http:\/\/www.milliyet.com.tr\/hacisalihoglu\/\" target=\"_blank\">Hac\u0131saliho\u011flu<\/a> da kat\u0131ld\u0131. Duru\u015fmada ilk olarak Yarg\u0131tay\u2019\u0131n bozma karar\u0131 okundu. HAYAL: SU\u00c7 \u00d6RG\u00dcT\u00dc KURMADIM Daha sonra san\u0131k Yasin Hayal\u2019e bozma karar\u0131na ili\u015fkin diyecekleri soruldu. Herhangi bir su\u00e7 \u00f6rg\u00fct\u00fc kurmad\u0131\u011f\u0131n\u0131 belirten Hayal, \u201cYarg\u0131tay\u2019\u0131n bozma karar\u0131n\u0131 kabul etmiyorum. Hatta cinayet su\u00e7unu onamas\u0131na da <a title=\"itiraz\" href=\"http:\/\/www.milliyet.com.tr\/itiraz\/\" target=\"_blank\">itiraz<\/a> ediyorum. Medyadan \u00f6\u011frendim. Bir itiraf\u00e7\u0131 \u00e7\u0131km\u0131\u015f. \u0130tiraf\u00e7\u0131 benim masum oldu\u011fumu ortaya koyuyor. \u0130tiraf\u00e7\u0131, cinayeti Erhan Tuncel ile i\u015fleyerek <a title=\"Rusya\" href=\"http:\/\/www.milliyet.com.tr\/rusya\/\" target=\"_blank\">Rusya<\/a>\u2019ya ka\u00e7acaklar\u0131n\u0131 belirtiyor&#8221; dedi.<\/p>\n<p style=\"text-align: justify;\"><strong>TUNCEL\u2019\u0130N AVUKATI: YARGITAY KARARI \u00c7EL\u0130\u015eK\u0130L\u0130D\u0130R<\/strong><\/p>\n<p style=\"text-align: justify;\">Daha sonra duru\u015fmaya kat\u0131lmayan tutuksuz san\u0131k Erhan Tuncel\u2019in avukat\u0131 Erdo\u011fan Soruklu s\u00f6z ald\u0131. Soruklu, \u201cYarg\u0131tay bu kadar kapsaml\u0131 bir dosyay\u0131 \u00e7ok k\u0131sa s\u00fcrede incelemi\u015ftir. Karar \u00e7eli\u015fkilidir. Yarg\u0131tay mahkemeleri <a title=\"etki\" href=\"http:\/\/www.milliyet.com.tr\/e.k.\/\" target=\"_blank\">etki<\/a> alt\u0131na alabilecek baz\u0131 ki\u015filerin a\u00e7\u0131klamalar\u0131ndan etkilenmi\u015ftir. Yarg\u0131tay\u2019\u0131n verdi\u011fi bu karar bunu g\u00f6stermektedir. Yarg\u0131tay karar\u0131ndaki lehimize olan k\u0131s\u0131mlara uyulmas\u0131n\u0131, aleyhimize olan hususlar\u0131 ise delillerle \u00e7\u00fcr\u00fctt\u00fc\u011f\u00fcm\u00fcz i\u00e7in uyulmamas\u0131n\u0131 <a title=\"talep\" href=\"http:\/\/www.milliyet.com.tr\/talep\/\" target=\"_blank\">talep<\/a> ediyorum&#8221; dedi. Duru\u015fma di\u011fer avukatlar\u0131n Yarg\u0131tay karar\u0131na kar\u015f\u0131 s\u00f6zlerinin al\u0131nmas\u0131 ile devam ediliyor.<\/p>\n<p style=\"text-align: justify;\"><b><i>http:\/\/gundem.milliyet.com.tr\/hrant-dink-davasi-tekrar-basladi\/gundem\/detay\/1764745\/default.htm<\/i><\/b><\/p>\n","protected":false},"excerpt":{"rendered":"<p>Hrant Dink davas\u0131 yeniden ba\u015fl\u0131yor. Dink davas\u0131 ile ilgili savc\u0131, Erhan Tuncel i\u00e7in yakalam emri \u00e7\u0131kar\u0131lmas\u0131n\u0131 istedi. Savc\u0131 yeniden g\u00f6r\u00fclen Dink davas\u0131nda Erhan Tuncel i\u00e7in yakalama karar\u0131 \u00e7\u0131kar\u0131lmas\u0131n\u0131 istedi. Savc\u0131n\u0131n talebini kabul eden mahkeme taraf\u0131ndan Erhan Tuncel i\u00e7in yakalama karar\u0131 \u00e7\u0131kar\u0131ld\u0131. \u00d6te yandan mahkeme, Dink karar\u0131n\u0131 bozan Yarg\u0131tay karar\u0131na uyup uymayaca\u011f\u0131na daha sonra karar verecek. [&hellip;]<\/p>\n","protected":false},"author":7,"featured_media":0,"comment_status":"open","ping_status":"open","sticky":false,"template":"","format":"standard","meta":{"footnotes":""},"categories":[1],"tags":[],"class_list":["post-25592","post","type-post","status-publish","format-standard","hentry","category-haberler"],"yoast_head":"<!-- This site is optimized with the Yoast SEO plugin v27.4 - https:\/\/yoast.com\/product\/yoast-seo-wordpress\/ -->\n<title>Hrant Dink Davas\u0131 Tekrar Ba\u015flad\u0131 - Bati Ermenistan Ve Bati Ermenileri Sorunlari Ara\u015ftirmalar Merkezi<\/title>\n<meta name=\"robots\" content=\"index, follow, max-snippet:-1, max-image-preview:large, max-video-preview:-1\" \/>\n<link rel=\"canonical\" href=\"https:\/\/akunq.net\/tr\/?p=25592\" \/>\n<meta property=\"og:locale\" content=\"en_US\" \/>\n<meta property=\"og:type\" content=\"article\" \/>\n<meta property=\"og:title\" content=\"Hrant Dink Davas\u0131 Tekrar Ba\u015flad\u0131 - Bati Ermenistan Ve Bati Ermenileri Sorunlari Ara\u015ftirmalar Merkezi\" \/>\n<meta property=\"og:description\" content=\"Hrant Dink davas\u0131 yeniden ba\u015fl\u0131yor. Dink davas\u0131 ile ilgili savc\u0131, Erhan Tuncel i\u00e7in yakalam emri \u00e7\u0131kar\u0131lmas\u0131n\u0131 istedi. Savc\u0131 yeniden g\u00f6r\u00fclen Dink davas\u0131nda Erhan Tuncel i\u00e7in yakalama karar\u0131 \u00e7\u0131kar\u0131lmas\u0131n\u0131 istedi. Savc\u0131n\u0131n talebini kabul eden mahkeme taraf\u0131ndan Erhan Tuncel i\u00e7in yakalama karar\u0131 \u00e7\u0131kar\u0131ld\u0131. \u00d6te yandan mahkeme, Dink karar\u0131n\u0131 bozan Yarg\u0131tay karar\u0131na uyup uymayaca\u011f\u0131na daha sonra karar verecek. [&hellip;]\" \/>\n<meta property=\"og:url\" content=\"https:\/\/akunq.net\/tr\/?p=25592\" \/>\n<meta property=\"og:site_name\" content=\"Bati Ermenistan Ve Bati Ermenileri Sorunlari Ara\u015ftirmalar Merkezi\" \/>\n<meta property=\"article:published_time\" content=\"2013-09-18T06:37:30+00:00\" \/>\n<meta name=\"author\" content=\"admin\" \/>\n<meta name=\"twitter:card\" content=\"summary_large_image\" \/>\n<meta name=\"twitter:label1\" content=\"Written by\" \/>\n\t<meta name=\"twitter:data1\" content=\"admin\" \/>\n\t<meta name=\"twitter:label2\" content=\"Est. reading time\" \/>\n\t<meta name=\"twitter:data2\" content=\"2 minutes\" \/>\n<script type=\"application\/ld+json\" class=\"yoast-schema-graph\">{\"@context\":\"https:\\\/\\\/schema.org\",\"@graph\":[{\"@type\":\"Article\",\"@id\":\"https:\\\/\\\/akunq.net\\\/tr\\\/?p=25592#article\",\"isPartOf\":{\"@id\":\"https:\\\/\\\/akunq.net\\\/tr\\\/?p=25592\"},\"author\":{\"name\":\"admin\",\"@id\":\"https:\\\/\\\/akunq.net\\\/tr\\\/#\\\/schema\\\/person\\\/096f1d38a12cce57fb855b485ed24c9e\"},\"headline\":\"Hrant Dink Davas\u0131 Tekrar Ba\u015flad\u0131\",\"datePublished\":\"2013-09-18T06:37:30+00:00\",\"mainEntityOfPage\":{\"@id\":\"https:\\\/\\\/akunq.net\\\/tr\\\/?p=25592\"},\"wordCount\":483,\"commentCount\":0,\"articleSection\":[\"Haberler\"],\"inLanguage\":\"en-US\",\"potentialAction\":[{\"@type\":\"CommentAction\",\"name\":\"Comment\",\"target\":[\"https:\\\/\\\/akunq.net\\\/tr\\\/?p=25592#respond\"]}]},{\"@type\":\"WebPage\",\"@id\":\"https:\\\/\\\/akunq.net\\\/tr\\\/?p=25592\",\"url\":\"https:\\\/\\\/akunq.net\\\/tr\\\/?p=25592\",\"name\":\"Hrant Dink Davas\u0131 Tekrar Ba\u015flad\u0131 - Bati Ermenistan Ve Bati Ermenileri Sorunlari Ara\u015ftirmalar Merkezi\",\"isPartOf\":{\"@id\":\"https:\\\/\\\/akunq.net\\\/tr\\\/#website\"},\"datePublished\":\"2013-09-18T06:37:30+00:00\",\"author\":{\"@id\":\"https:\\\/\\\/akunq.net\\\/tr\\\/#\\\/schema\\\/person\\\/096f1d38a12cce57fb855b485ed24c9e\"},\"breadcrumb\":{\"@id\":\"https:\\\/\\\/akunq.net\\\/tr\\\/?p=25592#breadcrumb\"},\"inLanguage\":\"en-US\",\"potentialAction\":[{\"@type\":\"ReadAction\",\"target\":[\"https:\\\/\\\/akunq.net\\\/tr\\\/?p=25592\"]}]},{\"@type\":\"BreadcrumbList\",\"@id\":\"https:\\\/\\\/akunq.net\\\/tr\\\/?p=25592#breadcrumb\",\"itemListElement\":[{\"@type\":\"ListItem\",\"position\":1,\"name\":\"Home\",\"item\":\"https:\\\/\\\/akunq.net\\\/tr\"},{\"@type\":\"ListItem\",\"position\":2,\"name\":\"Hrant Dink Davas\u0131 Tekrar Ba\u015flad\u0131\"}]},{\"@type\":\"WebSite\",\"@id\":\"https:\\\/\\\/akunq.net\\\/tr\\\/#website\",\"url\":\"https:\\\/\\\/akunq.net\\\/tr\\\/\",\"name\":\"Bati Ermenistan Ve Bati Ermenileri Sorunlari Ara\u015ftirmalar Merkezi\",\"description\":\"\",\"potentialAction\":[{\"@type\":\"SearchAction\",\"target\":{\"@type\":\"EntryPoint\",\"urlTemplate\":\"https:\\\/\\\/akunq.net\\\/tr\\\/?s={search_term_string}\"},\"query-input\":{\"@type\":\"PropertyValueSpecification\",\"valueRequired\":true,\"valueName\":\"search_term_string\"}}],\"inLanguage\":\"en-US\"},{\"@type\":\"Person\",\"@id\":\"https:\\\/\\\/akunq.net\\\/tr\\\/#\\\/schema\\\/person\\\/096f1d38a12cce57fb855b485ed24c9e\",\"name\":\"admin\",\"url\":\"https:\\\/\\\/akunq.net\\\/tr\\\/?author=7\"}]}<\/script>\n<!-- \/ Yoast SEO plugin. -->","yoast_head_json":{"title":"Hrant Dink Davas\u0131 Tekrar Ba\u015flad\u0131 - Bati Ermenistan Ve Bati Ermenileri Sorunlari Ara\u015ftirmalar Merkezi","robots":{"index":"index","follow":"follow","max-snippet":"max-snippet:-1","max-image-preview":"max-image-preview:large","max-video-preview":"max-video-preview:-1"},"canonical":"https:\/\/akunq.net\/tr\/?p=25592","og_locale":"en_US","og_type":"article","og_title":"Hrant Dink Davas\u0131 Tekrar Ba\u015flad\u0131 - Bati Ermenistan Ve Bati Ermenileri Sorunlari Ara\u015ftirmalar Merkezi","og_description":"Hrant Dink davas\u0131 yeniden ba\u015fl\u0131yor. Dink davas\u0131 ile ilgili savc\u0131, Erhan Tuncel i\u00e7in yakalam emri \u00e7\u0131kar\u0131lmas\u0131n\u0131 istedi. Savc\u0131 yeniden g\u00f6r\u00fclen Dink davas\u0131nda Erhan Tuncel i\u00e7in yakalama karar\u0131 \u00e7\u0131kar\u0131lmas\u0131n\u0131 istedi. Savc\u0131n\u0131n talebini kabul eden mahkeme taraf\u0131ndan Erhan Tuncel i\u00e7in yakalama karar\u0131 \u00e7\u0131kar\u0131ld\u0131. \u00d6te yandan mahkeme, Dink karar\u0131n\u0131 bozan Yarg\u0131tay karar\u0131na uyup uymayaca\u011f\u0131na daha sonra karar verecek. [&hellip;]","og_url":"https:\/\/akunq.net\/tr\/?p=25592","og_site_name":"Bati Ermenistan Ve Bati Ermenileri Sorunlari Ara\u015ftirmalar Merkezi","article_published_time":"2013-09-18T06:37:30+00:00","author":"admin","twitter_card":"summary_large_image","twitter_misc":{"Written by":"admin","Est. reading time":"2 minutes"},"schema":{"@context":"https:\/\/schema.org","@graph":[{"@type":"Article","@id":"https:\/\/akunq.net\/tr\/?p=25592#article","isPartOf":{"@id":"https:\/\/akunq.net\/tr\/?p=25592"},"author":{"name":"admin","@id":"https:\/\/akunq.net\/tr\/#\/schema\/person\/096f1d38a12cce57fb855b485ed24c9e"},"headline":"Hrant Dink Davas\u0131 Tekrar Ba\u015flad\u0131","datePublished":"2013-09-18T06:37:30+00:00","mainEntityOfPage":{"@id":"https:\/\/akunq.net\/tr\/?p=25592"},"wordCount":483,"commentCount":0,"articleSection":["Haberler"],"inLanguage":"en-US","potentialAction":[{"@type":"CommentAction","name":"Comment","target":["https:\/\/akunq.net\/tr\/?p=25592#respond"]}]},{"@type":"WebPage","@id":"https:\/\/akunq.net\/tr\/?p=25592","url":"https:\/\/akunq.net\/tr\/?p=25592","name":"Hrant Dink Davas\u0131 Tekrar Ba\u015flad\u0131 - Bati Ermenistan Ve Bati Ermenileri Sorunlari Ara\u015ftirmalar Merkezi","isPartOf":{"@id":"https:\/\/akunq.net\/tr\/#website"},"datePublished":"2013-09-18T06:37:30+00:00","author":{"@id":"https:\/\/akunq.net\/tr\/#\/schema\/person\/096f1d38a12cce57fb855b485ed24c9e"},"breadcrumb":{"@id":"https:\/\/akunq.net\/tr\/?p=25592#breadcrumb"},"inLanguage":"en-US","potentialAction":[{"@type":"ReadAction","target":["https:\/\/akunq.net\/tr\/?p=25592"]}]},{"@type":"BreadcrumbList","@id":"https:\/\/akunq.net\/tr\/?p=25592#breadcrumb","itemListElement":[{"@type":"ListItem","position":1,"name":"Home","item":"https:\/\/akunq.net\/tr"},{"@type":"ListItem","position":2,"name":"Hrant Dink Davas\u0131 Tekrar Ba\u015flad\u0131"}]},{"@type":"WebSite","@id":"https:\/\/akunq.net\/tr\/#website","url":"https:\/\/akunq.net\/tr\/","name":"Bati Ermenistan Ve Bati Ermenileri Sorunlari Ara\u015ftirmalar Merkezi","description":"","potentialAction":[{"@type":"SearchAction","target":{"@type":"EntryPoint","urlTemplate":"https:\/\/akunq.net\/tr\/?s={search_term_string}"},"query-input":{"@type":"PropertyValueSpecification","valueRequired":true,"valueName":"search_term_string"}}],"inLanguage":"en-US"},{"@type":"Person","@id":"https:\/\/akunq.net\/tr\/#\/schema\/person\/096f1d38a12cce57fb855b485ed24c9e","name":"admin","url":"https:\/\/akunq.net\/tr\/?author=7"}]}},"_links":{"self":[{"href":"https:\/\/akunq.net\/tr\/index.php?rest_route=\/wp\/v2\/posts\/25592","targetHints":{"allow":["GET"]}}],"collection":[{"href":"https:\/\/akunq.net\/tr\/index.php?rest_route=\/wp\/v2\/posts"}],"about":[{"href":"https:\/\/akunq.net\/tr\/index.php?rest_route=\/wp\/v2\/types\/post"}],"author":[{"embeddable":true,"href":"https:\/\/akunq.net\/tr\/index.php?rest_route=\/wp\/v2\/users\/7"}],"replies":[{"embeddable":true,"href":"https:\/\/akunq.net\/tr\/index.php?rest_route=%2Fwp%2Fv2%2Fcomments&post=25592"}],"version-history":[{"count":1,"href":"https:\/\/akunq.net\/tr\/index.php?rest_route=\/wp\/v2\/posts\/25592\/revisions"}],"predecessor-version":[{"id":25594,"href":"https:\/\/akunq.net\/tr\/index.php?rest_route=\/wp\/v2\/posts\/25592\/revisions\/25594"}],"wp:attachment":[{"href":"https:\/\/akunq.net\/tr\/index.php?rest_route=%2Fwp%2Fv2%2Fmedia&parent=25592"}],"wp:term":[{"taxonomy":"category","embeddable":true,"href":"https:\/\/akunq.net\/tr\/index.php?rest_route=%2Fwp%2Fv2%2Fcategories&post=25592"},{"taxonomy":"post_tag","embeddable":true,"href":"https:\/\/akunq.net\/tr\/index.php?rest_route=%2Fwp%2Fv2%2Ftags&post=25592"}],"curies":[{"name":"wp","href":"https:\/\/api.w.org\/{rel}","templated":true}]}}