{"id":25589,"date":"2013-09-17T04:57:40","date_gmt":"2013-09-17T09:57:40","guid":{"rendered":"http:\/\/akunq.net\/tr\/?p=25589"},"modified":"2013-09-17T04:57:40","modified_gmt":"2013-09-17T09:57:40","slug":"dersimin-mazgert-ilcesindeki-ermeni-mezarligi-kazi-yapilarak-tahrip-ediliyor","status":"publish","type":"post","link":"https:\/\/akunq.net\/tr\/?p=25589","title":{"rendered":"Dersim&#8217;in Mazgert il\u00e7esindeki Ermeni mezarl\u0131\u011f\u0131, kaz\u0131 yap\u0131larak tahrip ediliyor"},"content":{"rendered":"<p style=\"text-align: justify;\"><a href=\"http:\/\/akunq.net\/tr\/wp-content\/uploads\/2013\/09\/1.jpg\"><img loading=\"lazy\" decoding=\"async\" class=\"alignright size-medium wp-image-25590\" alt=\"1\" src=\"http:\/\/akunq.net\/tr\/wp-content\/uploads\/2013\/09\/1-300x225.jpg\" width=\"300\" height=\"225\" srcset=\"https:\/\/akunq.net\/tr\/wp-content\/uploads\/sites\/6\/2013\/09\/1-300x225.jpg 300w, https:\/\/akunq.net\/tr\/wp-content\/uploads\/sites\/6\/2013\/09\/1-600x450.jpg 600w, https:\/\/akunq.net\/tr\/wp-content\/uploads\/sites\/6\/2013\/09\/1.jpg 960w\" sizes=\"auto, (max-width: 300px) 100vw, 300px\" \/><\/a>Dersim\u2019den arkada\u015flar\u0131n bildirdi\u011fine g\u00f6re; Dersim&#8217;in Mazgert il\u00e7esindeki Ermeni mezarl\u0131\u011f\u0131, kaz\u0131 yap\u0131larak tahrip ediliyormu\u015f. Sahipsiz mezarlar\u0131m\u0131za dokunmay\u0131n l\u00fctfen !<\/p>\n<p style=\"text-align: justify;\"><b><i>Dersim Ermenileri Inan\u00e7 ve Sosyal Yard\u0131mla\u015fma Derne\u011fi Ba\u015fkan\u0131 Miran Pirgi\u00e7 G\u00fcltekin<\/i><\/b><\/p>\n<p style=\"text-align: justify;\"><b><i>Akunq.net<\/i><\/b><\/p>\n","protected":false},"excerpt":{"rendered":"<p>Dersim\u2019den arkada\u015flar\u0131n bildirdi\u011fine g\u00f6re; Dersim&#8217;in Mazgert il\u00e7esindeki Ermeni mezarl\u0131\u011f\u0131, kaz\u0131 yap\u0131larak tahrip ediliyormu\u015f. Sahipsiz mezarlar\u0131m\u0131za dokunmay\u0131n l\u00fctfen ! Dersim Ermenileri Inan\u00e7 ve Sosyal Yard\u0131mla\u015fma Derne\u011fi Ba\u015fkan\u0131 Miran Pirgi\u00e7 G\u00fcltekin Akunq.net<\/p>\n","protected":false},"author":7,"featured_media":0,"comment_status":"open","ping_status":"open","sticky":false,"template":"","format":"standard","meta":{"footnotes":""},"categories":[22,1],"tags":[],"class_list":["post-25589","post","type-post","status-publish","format-standard","hentry","category-gunumuzde-bati-ermenistan","category-haberler"],"yoast_head":"<!-- This site is optimized with the Yoast SEO plugin v27.4 - https:\/\/yoast.com\/product\/yoast-seo-wordpress\/ -->\n<title>Dersim&#039;in Mazgert il\u00e7esindeki Ermeni mezarl\u0131\u011f\u0131, kaz\u0131 yap\u0131larak tahrip ediliyor - Bati Ermenistan Ve Bati Ermenileri Sorunlari Ara\u015ftirmalar Merkezi<\/title>\n<meta name=\"robots\" content=\"index, follow, max-snippet:-1, max-image-preview:large, max-video-preview:-1\" \/>\n<link rel=\"canonical\" href=\"https:\/\/akunq.net\/tr\/?p=25589\" \/>\n<meta property=\"og:locale\" content=\"en_US\" \/>\n<meta property=\"og:type\" content=\"article\" \/>\n<meta property=\"og:title\" content=\"Dersim&#039;in Mazgert il\u00e7esindeki Ermeni mezarl\u0131\u011f\u0131, kaz\u0131 yap\u0131larak tahrip ediliyor - Bati Ermenistan Ve Bati Ermenileri Sorunlari Ara\u015ftirmalar Merkezi\" \/>\n<meta property=\"og:description\" content=\"Dersim\u2019den arkada\u015flar\u0131n bildirdi\u011fine g\u00f6re; Dersim&#8217;in Mazgert il\u00e7esindeki Ermeni mezarl\u0131\u011f\u0131, kaz\u0131 yap\u0131larak tahrip ediliyormu\u015f. Sahipsiz mezarlar\u0131m\u0131za dokunmay\u0131n l\u00fctfen ! Dersim Ermenileri Inan\u00e7 ve Sosyal Yard\u0131mla\u015fma Derne\u011fi Ba\u015fkan\u0131 Miran Pirgi\u00e7 G\u00fcltekin Akunq.net\" \/>\n<meta property=\"og:url\" content=\"https:\/\/akunq.net\/tr\/?p=25589\" \/>\n<meta property=\"og:site_name\" content=\"Bati Ermenistan Ve Bati Ermenileri Sorunlari Ara\u015ftirmalar Merkezi\" \/>\n<meta property=\"article:published_time\" content=\"2013-09-17T09:57:40+00:00\" \/>\n<meta property=\"og:image\" content=\"http:\/\/akunq.net\/tr\/wp-content\/uploads\/2013\/09\/1-300x225.jpg\" \/>\n<meta name=\"author\" content=\"admin\" \/>\n<meta name=\"twitter:card\" content=\"summary_large_image\" \/>\n<meta name=\"twitter:label1\" content=\"Written by\" \/>\n\t<meta name=\"twitter:data1\" content=\"admin\" \/>\n<script type=\"application\/ld+json\" class=\"yoast-schema-graph\">{\"@context\":\"https:\\\/\\\/schema.org\",\"@graph\":[{\"@type\":\"Article\",\"@id\":\"https:\\\/\\\/akunq.net\\\/tr\\\/?p=25589#article\",\"isPartOf\":{\"@id\":\"https:\\\/\\\/akunq.net\\\/tr\\\/?p=25589\"},\"author\":{\"name\":\"admin\",\"@id\":\"https:\\\/\\\/akunq.net\\\/tr\\\/#\\\/schema\\\/person\\\/096f1d38a12cce57fb855b485ed24c9e\"},\"headline\":\"Dersim&#8217;in Mazgert il\u00e7esindeki Ermeni mezarl\u0131\u011f\u0131, kaz\u0131 yap\u0131larak tahrip ediliyor\",\"datePublished\":\"2013-09-17T09:57:40+00:00\",\"mainEntityOfPage\":{\"@id\":\"https:\\\/\\\/akunq.net\\\/tr\\\/?p=25589\"},\"wordCount\":57,\"commentCount\":0,\"image\":{\"@id\":\"https:\\\/\\\/akunq.net\\\/tr\\\/?p=25589#primaryimage\"},\"thumbnailUrl\":\"http:\\\/\\\/akunq.net\\\/tr\\\/wp-content\\\/uploads\\\/2013\\\/09\\\/1-300x225.jpg\",\"articleSection\":[\"G\u00fcn\u00fcm\u00fczde Bat\u0131 Ermenistan\",\"Haberler\"],\"inLanguage\":\"en-US\",\"potentialAction\":[{\"@type\":\"CommentAction\",\"name\":\"Comment\",\"target\":[\"https:\\\/\\\/akunq.net\\\/tr\\\/?p=25589#respond\"]}]},{\"@type\":\"WebPage\",\"@id\":\"https:\\\/\\\/akunq.net\\\/tr\\\/?p=25589\",\"url\":\"https:\\\/\\\/akunq.net\\\/tr\\\/?p=25589\",\"name\":\"Dersim'in Mazgert il\u00e7esindeki Ermeni mezarl\u0131\u011f\u0131, kaz\u0131 yap\u0131larak tahrip ediliyor - Bati Ermenistan Ve Bati Ermenileri Sorunlari Ara\u015ftirmalar Merkezi\",\"isPartOf\":{\"@id\":\"https:\\\/\\\/akunq.net\\\/tr\\\/#website\"},\"primaryImageOfPage\":{\"@id\":\"https:\\\/\\\/akunq.net\\\/tr\\\/?p=25589#primaryimage\"},\"image\":{\"@id\":\"https:\\\/\\\/akunq.net\\\/tr\\\/?p=25589#primaryimage\"},\"thumbnailUrl\":\"http:\\\/\\\/akunq.net\\\/tr\\\/wp-content\\\/uploads\\\/2013\\\/09\\\/1-300x225.jpg\",\"datePublished\":\"2013-09-17T09:57:40+00:00\",\"author\":{\"@id\":\"https:\\\/\\\/akunq.net\\\/tr\\\/#\\\/schema\\\/person\\\/096f1d38a12cce57fb855b485ed24c9e\"},\"breadcrumb\":{\"@id\":\"https:\\\/\\\/akunq.net\\\/tr\\\/?p=25589#breadcrumb\"},\"inLanguage\":\"en-US\",\"potentialAction\":[{\"@type\":\"ReadAction\",\"target\":[\"https:\\\/\\\/akunq.net\\\/tr\\\/?p=25589\"]}]},{\"@type\":\"ImageObject\",\"inLanguage\":\"en-US\",\"@id\":\"https:\\\/\\\/akunq.net\\\/tr\\\/?p=25589#primaryimage\",\"url\":\"https:\\\/\\\/akunq.net\\\/tr\\\/wp-content\\\/uploads\\\/sites\\\/6\\\/2013\\\/09\\\/1.jpg\",\"contentUrl\":\"https:\\\/\\\/akunq.net\\\/tr\\\/wp-content\\\/uploads\\\/sites\\\/6\\\/2013\\\/09\\\/1.jpg\",\"width\":960,\"height\":720},{\"@type\":\"BreadcrumbList\",\"@id\":\"https:\\\/\\\/akunq.net\\\/tr\\\/?p=25589#breadcrumb\",\"itemListElement\":[{\"@type\":\"ListItem\",\"position\":1,\"name\":\"Home\",\"item\":\"https:\\\/\\\/akunq.net\\\/tr\"},{\"@type\":\"ListItem\",\"position\":2,\"name\":\"Dersim&#8217;in Mazgert il\u00e7esindeki Ermeni mezarl\u0131\u011f\u0131, kaz\u0131 yap\u0131larak tahrip ediliyor\"}]},{\"@type\":\"WebSite\",\"@id\":\"https:\\\/\\\/akunq.net\\\/tr\\\/#website\",\"url\":\"https:\\\/\\\/akunq.net\\\/tr\\\/\",\"name\":\"Bati Ermenistan Ve Bati Ermenileri Sorunlari Ara\u015ftirmalar Merkezi\",\"description\":\"\",\"potentialAction\":[{\"@type\":\"SearchAction\",\"target\":{\"@type\":\"EntryPoint\",\"urlTemplate\":\"https:\\\/\\\/akunq.net\\\/tr\\\/?s={search_term_string}\"},\"query-input\":{\"@type\":\"PropertyValueSpecification\",\"valueRequired\":true,\"valueName\":\"search_term_string\"}}],\"inLanguage\":\"en-US\"},{\"@type\":\"Person\",\"@id\":\"https:\\\/\\\/akunq.net\\\/tr\\\/#\\\/schema\\\/person\\\/096f1d38a12cce57fb855b485ed24c9e\",\"name\":\"admin\",\"url\":\"https:\\\/\\\/akunq.net\\\/tr\\\/?author=7\"}]}<\/script>\n<!-- \/ Yoast SEO plugin. -->","yoast_head_json":{"title":"Dersim'in Mazgert il\u00e7esindeki Ermeni mezarl\u0131\u011f\u0131, kaz\u0131 yap\u0131larak tahrip ediliyor - Bati Ermenistan Ve Bati Ermenileri Sorunlari Ara\u015ftirmalar Merkezi","robots":{"index":"index","follow":"follow","max-snippet":"max-snippet:-1","max-image-preview":"max-image-preview:large","max-video-preview":"max-video-preview:-1"},"canonical":"https:\/\/akunq.net\/tr\/?p=25589","og_locale":"en_US","og_type":"article","og_title":"Dersim'in Mazgert il\u00e7esindeki Ermeni mezarl\u0131\u011f\u0131, kaz\u0131 yap\u0131larak tahrip ediliyor - Bati Ermenistan Ve Bati Ermenileri Sorunlari Ara\u015ftirmalar Merkezi","og_description":"Dersim\u2019den arkada\u015flar\u0131n bildirdi\u011fine g\u00f6re; Dersim&#8217;in Mazgert il\u00e7esindeki Ermeni mezarl\u0131\u011f\u0131, kaz\u0131 yap\u0131larak tahrip ediliyormu\u015f. Sahipsiz mezarlar\u0131m\u0131za dokunmay\u0131n l\u00fctfen ! Dersim Ermenileri Inan\u00e7 ve Sosyal Yard\u0131mla\u015fma Derne\u011fi Ba\u015fkan\u0131 Miran Pirgi\u00e7 G\u00fcltekin Akunq.net","og_url":"https:\/\/akunq.net\/tr\/?p=25589","og_site_name":"Bati Ermenistan Ve Bati Ermenileri Sorunlari Ara\u015ftirmalar Merkezi","article_published_time":"2013-09-17T09:57:40+00:00","og_image":[{"url":"http:\/\/akunq.net\/tr\/wp-content\/uploads\/2013\/09\/1-300x225.jpg","type":"","width":"","height":""}],"author":"admin","twitter_card":"summary_large_image","twitter_misc":{"Written by":"admin"},"schema":{"@context":"https:\/\/schema.org","@graph":[{"@type":"Article","@id":"https:\/\/akunq.net\/tr\/?p=25589#article","isPartOf":{"@id":"https:\/\/akunq.net\/tr\/?p=25589"},"author":{"name":"admin","@id":"https:\/\/akunq.net\/tr\/#\/schema\/person\/096f1d38a12cce57fb855b485ed24c9e"},"headline":"Dersim&#8217;in Mazgert il\u00e7esindeki Ermeni mezarl\u0131\u011f\u0131, kaz\u0131 yap\u0131larak tahrip ediliyor","datePublished":"2013-09-17T09:57:40+00:00","mainEntityOfPage":{"@id":"https:\/\/akunq.net\/tr\/?p=25589"},"wordCount":57,"commentCount":0,"image":{"@id":"https:\/\/akunq.net\/tr\/?p=25589#primaryimage"},"thumbnailUrl":"http:\/\/akunq.net\/tr\/wp-content\/uploads\/2013\/09\/1-300x225.jpg","articleSection":["G\u00fcn\u00fcm\u00fczde Bat\u0131 Ermenistan","Haberler"],"inLanguage":"en-US","potentialAction":[{"@type":"CommentAction","name":"Comment","target":["https:\/\/akunq.net\/tr\/?p=25589#respond"]}]},{"@type":"WebPage","@id":"https:\/\/akunq.net\/tr\/?p=25589","url":"https:\/\/akunq.net\/tr\/?p=25589","name":"Dersim'in Mazgert il\u00e7esindeki Ermeni mezarl\u0131\u011f\u0131, kaz\u0131 yap\u0131larak tahrip ediliyor - Bati Ermenistan Ve Bati Ermenileri Sorunlari Ara\u015ftirmalar Merkezi","isPartOf":{"@id":"https:\/\/akunq.net\/tr\/#website"},"primaryImageOfPage":{"@id":"https:\/\/akunq.net\/tr\/?p=25589#primaryimage"},"image":{"@id":"https:\/\/akunq.net\/tr\/?p=25589#primaryimage"},"thumbnailUrl":"http:\/\/akunq.net\/tr\/wp-content\/uploads\/2013\/09\/1-300x225.jpg","datePublished":"2013-09-17T09:57:40+00:00","author":{"@id":"https:\/\/akunq.net\/tr\/#\/schema\/person\/096f1d38a12cce57fb855b485ed24c9e"},"breadcrumb":{"@id":"https:\/\/akunq.net\/tr\/?p=25589#breadcrumb"},"inLanguage":"en-US","potentialAction":[{"@type":"ReadAction","target":["https:\/\/akunq.net\/tr\/?p=25589"]}]},{"@type":"ImageObject","inLanguage":"en-US","@id":"https:\/\/akunq.net\/tr\/?p=25589#primaryimage","url":"https:\/\/akunq.net\/tr\/wp-content\/uploads\/sites\/6\/2013\/09\/1.jpg","contentUrl":"https:\/\/akunq.net\/tr\/wp-content\/uploads\/sites\/6\/2013\/09\/1.jpg","width":960,"height":720},{"@type":"BreadcrumbList","@id":"https:\/\/akunq.net\/tr\/?p=25589#breadcrumb","itemListElement":[{"@type":"ListItem","position":1,"name":"Home","item":"https:\/\/akunq.net\/tr"},{"@type":"ListItem","position":2,"name":"Dersim&#8217;in Mazgert il\u00e7esindeki Ermeni mezarl\u0131\u011f\u0131, kaz\u0131 yap\u0131larak tahrip ediliyor"}]},{"@type":"WebSite","@id":"https:\/\/akunq.net\/tr\/#website","url":"https:\/\/akunq.net\/tr\/","name":"Bati Ermenistan Ve Bati Ermenileri Sorunlari Ara\u015ftirmalar Merkezi","description":"","potentialAction":[{"@type":"SearchAction","target":{"@type":"EntryPoint","urlTemplate":"https:\/\/akunq.net\/tr\/?s={search_term_string}"},"query-input":{"@type":"PropertyValueSpecification","valueRequired":true,"valueName":"search_term_string"}}],"inLanguage":"en-US"},{"@type":"Person","@id":"https:\/\/akunq.net\/tr\/#\/schema\/person\/096f1d38a12cce57fb855b485ed24c9e","name":"admin","url":"https:\/\/akunq.net\/tr\/?author=7"}]}},"_links":{"self":[{"href":"https:\/\/akunq.net\/tr\/index.php?rest_route=\/wp\/v2\/posts\/25589","targetHints":{"allow":["GET"]}}],"collection":[{"href":"https:\/\/akunq.net\/tr\/index.php?rest_route=\/wp\/v2\/posts"}],"about":[{"href":"https:\/\/akunq.net\/tr\/index.php?rest_route=\/wp\/v2\/types\/post"}],"author":[{"embeddable":true,"href":"https:\/\/akunq.net\/tr\/index.php?rest_route=\/wp\/v2\/users\/7"}],"replies":[{"embeddable":true,"href":"https:\/\/akunq.net\/tr\/index.php?rest_route=%2Fwp%2Fv2%2Fcomments&post=25589"}],"version-history":[{"count":1,"href":"https:\/\/akunq.net\/tr\/index.php?rest_route=\/wp\/v2\/posts\/25589\/revisions"}],"predecessor-version":[{"id":25591,"href":"https:\/\/akunq.net\/tr\/index.php?rest_route=\/wp\/v2\/posts\/25589\/revisions\/25591"}],"wp:attachment":[{"href":"https:\/\/akunq.net\/tr\/index.php?rest_route=%2Fwp%2Fv2%2Fmedia&parent=25589"}],"wp:term":[{"taxonomy":"category","embeddable":true,"href":"https:\/\/akunq.net\/tr\/index.php?rest_route=%2Fwp%2Fv2%2Fcategories&post=25589"},{"taxonomy":"post_tag","embeddable":true,"href":"https:\/\/akunq.net\/tr\/index.php?rest_route=%2Fwp%2Fv2%2Ftags&post=25589"}],"curies":[{"name":"wp","href":"https:\/\/api.w.org\/{rel}","templated":true}]}}