{"id":25586,"date":"2013-09-17T03:53:33","date_gmt":"2013-09-17T08:53:33","guid":{"rendered":"http:\/\/akunq.net\/tr\/?p=25586"},"modified":"2013-09-17T03:53:33","modified_gmt":"2013-09-17T08:53:33","slug":"dink-ailesi-caglayandaki-durusmalara-katilmayacak","status":"publish","type":"post","link":"https:\/\/akunq.net\/tr\/?p=25586","title":{"rendered":"Dink ailesi \u00c7a\u011flayan\u2019daki duru\u015fmalara kat\u0131lmayacak"},"content":{"rendered":"<p style=\"text-align: justify;\"><b><i><a href=\"http:\/\/akunq.net\/tr\/wp-content\/uploads\/2013\/09\/\u0540\u0580\u0561\u0576\u057f-\u0534\u056b\u0576\u0584\u056b-\u0568\u0576\u057f\u0561\u0576\u056b\u0584\u0568.jpg\"><img loading=\"lazy\" decoding=\"async\" class=\"alignright size-medium wp-image-25587\" alt=\"\u0540\u0580\u0561\u0576\u057f \u0534\u056b\u0576\u0584\u056b \u0568\u0576\u057f\u0561\u0576\u056b\u0584\u0568\" src=\"http:\/\/akunq.net\/tr\/wp-content\/uploads\/2013\/09\/\u0540\u0580\u0561\u0576\u057f-\u0534\u056b\u0576\u0584\u056b-\u0568\u0576\u057f\u0561\u0576\u056b\u0584\u0568-300x156.jpg\" width=\"300\" height=\"156\" srcset=\"https:\/\/akunq.net\/tr\/wp-content\/uploads\/sites\/6\/2013\/09\/\u0540\u0580\u0561\u0576\u057f-\u0534\u056b\u0576\u0584\u056b-\u0568\u0576\u057f\u0561\u0576\u056b\u0584\u0568-300x156.jpg 300w, https:\/\/akunq.net\/tr\/wp-content\/uploads\/sites\/6\/2013\/09\/\u0540\u0580\u0561\u0576\u057f-\u0534\u056b\u0576\u0584\u056b-\u0568\u0576\u057f\u0561\u0576\u056b\u0584\u0568.jpg 450w\" sizes=\"auto, (max-width: 300px) 100vw, 300px\" \/><\/a>Dink ailesi, \u00c7a\u011flayan\u2019da bug\u00fcn yeniden g\u00f6r\u00fclmeye ba\u015flanacak olan cinayet davas\u0131n\u0131n duru\u015fmalar\u0131na kat\u0131lmayaca\u011f\u0131n\u0131 duyurdu. Aile taraf\u0131ndan yap\u0131lan a\u00e7\u0131klamada \u201cYalan\u0131n su gibi i\u00e7ildi\u011fi, zorbal\u0131\u011f\u0131n ekmek gibi yendi\u011fi; ya\u015fam hakk\u0131, insan hakk\u0131, do\u011fruluk, d\u00fcr\u00fcstl\u00fck, hak ve hukukun ayaklar alt\u0131na al\u0131nd\u0131\u011f\u0131\u201d ifadelerine yer verildi.<\/i><\/b><\/p>\n<p style=\"text-align: justify;\"><b><i>Agos.com.tr <\/i><\/b><i>&#8211;<\/i> Dink ailesi, \u00c7a\u011flayan\u2019da bug\u00fcn yeniden g\u00f6r\u00fclmeye ba\u015flanacak olan cinayet davas\u0131n\u0131n duru\u015fmalar\u0131na kat\u0131lmayaca\u011f\u0131n\u0131 a\u00e7\u0131klad\u0131. \u201cYalan\u0131n su gibi i\u00e7ildi\u011fi, zorbal\u0131\u011f\u0131n ekmek gibi yendi\u011fi; ya\u015fam hakk\u0131, insan hakk\u0131, do\u011fruluk, d\u00fcr\u00fcstl\u00fck, hak ve hukukun ayaklar alt\u0131na al\u0131nd\u0131\u011f\u0131\u201d ifadelerine yer verilen a\u00e7\u0131klama \u015f\u00f6yle:<\/p>\n<p style=\"text-align: justify;\">Dink ailesi olarak, bundan b\u00f6yle, bizlerle alay eden devlet mekanizmalar\u0131n\u0131n oyununa alet olmayacak ve cinayet davas\u0131n\u0131n yeniden g\u00f6r\u00fclmeye ba\u015flanan duru\u015fmalar\u0131na kat\u0131lmayaca\u011f\u0131z. Daha fazla kirlenmemek ad\u0131na, yalan\u0131n su gibi i\u00e7ildi\u011fi, zorbal\u0131\u011f\u0131n ekmek gibi yendi\u011fi; ya\u015fam hakk\u0131, insan hakk\u0131, do\u011fruluk, d\u00fcr\u00fcstl\u00fck, hak ve hukukun ayaklar alt\u0131na al\u0131nd\u0131\u011f\u0131 o duru\u015fma salonlar\u0131na, art\u0131k girmeyece\u011fiz.\u00a0<\/p>\n<p style=\"text-align: justify;\">19 Ocak 2007\u2019de Hrant Dink\u2019in katledildi\u011fi g\u00fcnden bu yana T\u00fcrkiye\u2019de sistem, yarg\u0131s\u0131yla, kollu\u011fuyla, asker ve sivil b\u00fcrokrasisiyle, siyasi kurumlar\u0131yla, bizimle adeta alay etti. Ad\u0131na devlet denen su\u00e7 ittifak\u0131, adaleti arar g\u00f6r\u00fcn\u00fcrken, g\u00fcn g\u00fcn, celse celse, cinayeti yeniden ve yeniden i\u015fledi. Bu ittifak, cinayeti planlayan ve sonra da \u00fczerini \u00f6rten su\u00e7 \u00f6rg\u00fct\u00fcn\u00fcn ta kendisidir.<\/p>\n<p style=\"text-align: justify;\">Cinayetten sonra savc\u0131l\u0131\u011fa verdi\u011fimiz ilk dilek\u00e7ede, bug\u00fcn Ergenekon \u00fcyesi olarak mahk\u00fbm edilen pek \u00e7ok ki\u015finin ad\u0131n\u0131 verip soru\u015fturulmalar\u0131n\u0131 istedik. Hi\u00e7biri soru\u015fturulmad\u0131. Bu davan\u0131n hi\u00e7bir a\u015famas\u0131nda etkili bir soru\u015fturma y\u00fcr\u00fct\u00fclmedi. Devletin t\u00fcm kurumlar\u0131n\u0131n dahil oldu\u011fu bir cinayette kim hangi soru\u015fturmay\u0131 etkili y\u00fcr\u00fctebilirdi ki?<\/p>\n<p style=\"text-align: justify;\">\u015eimdiye kadar defalarca mahkemelere girdik \u00e7\u0131kt\u0131k. \u00dczerimize g\u00fcl\u00fcnd\u00fc, hakaret edildi, \u201cYa sev ya terk et\u201d denildi. Ama en b\u00fcy\u00fck alay\u0131 mahkeme, \u201cCinayette \u00f6rg\u00fct yoktur\u201d diyerek etti. Son olarak Yarg\u0131tay\u2019\u0131n yerel mahkemenin karar\u0131n\u0131 bozan h\u00fckm\u00fc, sinsice haz\u0131rlanm\u0131\u015f yeni bir oyunla, var oldu\u011funu tespit etti\u011fi \u00f6rg\u00fct\u00fc birka\u00e7 milliyet\u00e7i gen\u00e7le s\u0131n\u0131rlayarak bizlerle bir kez daha alay etti. Yetmezmi\u015f gibi, Yarg\u0131tay\u2019\u0131n bu karar\u0131 sanki olumlu bir ad\u0131mm\u0131\u015f gibi yans\u0131t\u0131larak kamuoyu bir kez daha yan\u0131lt\u0131ld\u0131. Bu Yarg\u0131tay, Hrant Dink\u2019i sa\u011fl\u0131\u011f\u0131nda, t\u00fcrl\u00fc hukuksuzluklarla T\u00fcrkl\u00fc\u011fe hakaretten mahkum eden Yarg\u0131tay\u2019\u0131n ta kendisiydi.<\/p>\n<p style=\"text-align: justify;\">Bu davada, devletin cinayet mekanizmalar\u0131n\u0131n ve su\u00e7 ittifak\u0131n\u0131n ortaya \u00e7\u0131kar\u0131lmas\u0131 konusunda gereken tek \u015fey siyasi iradeydi. Siyasi iktidar, kamuoyu \u00f6n\u00fcndeki t\u00fcrl\u00fc s\u00f6zlerine ve vaatlerine kar\u015f\u0131n, bu iradeyi g\u00f6stermekten \u0131srarla ka\u00e7\u0131nd\u0131. \u0130rade g\u00f6stermek bir yana, cinayette rol alan veya katilleri y\u00fccelten devlet g\u00f6revlilerini terfi ettirdi, emniyet m\u00fcd\u00fcr\u00fc, m\u00fcste\u015far, vali, ombudsman olarak atad\u0131; baz\u0131lar\u0131n\u0131 da kendi b\u00fcnyesine katarak, milletvekili, bakan yapt\u0131.<\/p>\n<p style=\"text-align: justify;\">Muhalefet partileri ise, kah 301. maddeye ili\u015fkin tutumlar\u0131yla, kah \u00fclkedeki milliyet\u00e7i-ulusalc\u0131 dalgalanmalar\u0131 k\u00f6r\u00fcklemeleriyle, k\u00e2h tetik\u00e7ileri yeti\u015ftirdikleri ocaklar\u0131yla, zaten cinayet ikliminin ba\u015f akt\u00f6rleriydi.<\/p>\n<p style=\"text-align: justify;\">\u0130ktidar, kendi d\u00f6neminde i\u015flenen bu cinayeti \u201cnamus\u201d meselesi haline getirmek yerine koz olarak kullanmay\u0131, silah sadece kendilerine do\u011frultulunca su\u00e7lular\u0131 yarg\u0131lamay\u0131, Cumhuriyet tarihi boyunca y\u00fcksek sesle insan haklar\u0131 m\u00fccadelesi vermi\u015f tek Ermeni\u2019nin \u00f6ld\u00fcr\u00fclmesini yok say\u0131p \u201cBizim zaman\u0131m\u0131zda faili me\u00e7hul cinayet olmam\u0131\u015ft\u0131r\u201d diye b\u00f6b\u00fcrlenmeyi se\u00e7ti. Cinayetin hemen ard\u0131ndan \u201cBu kur\u015fun T\u00fcrkiye&#8217;ye s\u0131k\u0131lm\u0131\u015ft\u0131r!\u201d demek, ama sonra bu icraat\u0131 g\u00f6stermek, onursuzluktur. Do\u011frudur! Bu cinayet faili me\u00e7hul de\u011fildir: Fail, muhalefeti ve iktidar\u0131, askeri, polisi, istihbarat\u0131 ve yarg\u0131s\u0131yla, devlettir.<\/p>\n<p style=\"text-align: justify;\">Biz art\u0131k bu m\u00fcsamerede yokuz. \u201cBu mahkemenin karar\u0131 \u015fundan iyiymi\u015f\u201dlerden, \u201cbu savc\u0131 \u015funda daha do\u011fru demi\u015f\u201dlerden, \u201cbu yapmak istiyormu\u015f da yapam\u0131yormu\u015f\u201dlardan, \u201c\u015fu yapabilirmi\u015f de yapm\u0131yormu\u015f\u201dlardan, \u201c\u015fu asl\u0131nda iyiymi\u015f de \u00e7evresi k\u00f6t\u00fcym\u00fc\u015f\u201dlerden s\u0131k\u0131ld\u0131k.<\/p>\n<p style=\"text-align: justify;\">Ne bekliyorduk ki. Bir tek bizim mi ba\u015f\u0131m\u0131za gelmi\u015fti? Daha \u00f6nce ne olmu\u015ftu ki \u015fimdi ne olacakt\u0131. Ama olsundu. Belki bu kez farkl\u0131 olurdu. Belki \u00f6nceki davalara, belki sonraki cinayetlere de bir faydas\u0131 olurdu. Bir de biz deneyelim dedik. Denedik, olmad\u0131. Ac\u0131da akraba olduklar\u0131m\u0131z\u0131n yan\u0131ndaki yerimizi \u00e7oktan ald\u0131k. T\u00fcrkl\u00fc\u011fe hakarete girmesin diye T\u00fcrk adaleti demekten \u00f6zenle ka\u00e7\u0131nd\u0131\u011f\u0131m\u0131z bu \u015fey, ad\u0131 her neyse, biz art\u0131k yokuz. \u00d6n\u00fcnde ya da arkas\u0131nda devlet olan herhangi bir \u015feyden, bir beklentimiz yok.<\/p>\n<p style=\"text-align: justify;\">Hrant Dink, en y\u00fcksek yarg\u0131 makam\u0131 olarak halklar\u0131n vicdan\u0131n\u0131 g\u00f6r\u00fcrd\u00fc. B\u00fct\u00fcn bu ya\u015fananlar i\u00e7inde bizlere gelecek ad\u0131na h\u00e2l\u00e2 umut veren tek \u015fey, halk\u0131n \u00e7ok geni\u015f bir kesiminin bu cinayeti vicdanlar\u0131nda mahk\u00fbm etmesi; ona y\u00fcreklerinde yer a\u00e7mas\u0131 oldu.<\/p>\n<p style=\"text-align: justify;\">Bu dava sadece ailemizin de\u011fil, T\u00fcrkiye\u2019de demokrasiye inanan, ayr\u0131mc\u0131l\u0131\u011f\u0131 ortadan kald\u0131rmak isteyen, devletin \u015feffafla\u015fmas\u0131n\u0131 arzu eden, y\u00fczle\u015fmeden ve bar\u0131\u015ftan yana herkesin davas\u0131d\u0131r. \u0130\u015fte bu insanlar ad\u0131na avukatlar\u0131m\u0131z davay\u0131 \u015feklen takip etmeyi, sahipsiz b\u0131rakmamay\u0131 s\u00fcrd\u00fcrecekler.<\/p>\n<p style=\"text-align: justify;\">Bizler oldu\u011fumuz ve olmam\u0131z gereken yerde olaca\u011f\u0131z. \u00d6yle ya da b\u00f6yle, devlet eliyle, sopas\u0131yla, copuyla, bombas\u0131yla \u00f6ld\u00fcr\u00fclenlerin yak\u0131nlar\u0131n\u0131n yan\u0131nda. Daha iyisinin de\u011fil, iyinin kavgas\u0131nda. Salonlarda de\u011fil, sokaklarda, caddelerde, meydanlarda&#8230; \u0130nsan\u0131na, vicdan\u0131na inand\u0131\u011f\u0131m\u0131z bu toplumun i\u00e7inde, onlarla birlikte, bu vicdan\u0131 temsil eden ger\u00e7ek adaletin tecellisi i\u00e7in m\u00fccadeleden vazge\u00e7meyece\u011fiz.<\/p>\n<p style=\"text-align: justify;\"><b><i>http:\/\/www.agos.com.tr\/haber.php?seo=dink-ailesi-caglayandaki-durusmalara-katilmayacak&amp;haberid=5756<\/i><\/b><\/p>\n","protected":false},"excerpt":{"rendered":"<p>Dink ailesi, \u00c7a\u011flayan\u2019da bug\u00fcn yeniden g\u00f6r\u00fclmeye ba\u015flanacak olan cinayet davas\u0131n\u0131n duru\u015fmalar\u0131na kat\u0131lmayaca\u011f\u0131n\u0131 duyurdu. Aile taraf\u0131ndan yap\u0131lan a\u00e7\u0131klamada \u201cYalan\u0131n su gibi i\u00e7ildi\u011fi, zorbal\u0131\u011f\u0131n ekmek gibi yendi\u011fi; ya\u015fam hakk\u0131, insan hakk\u0131, do\u011fruluk, d\u00fcr\u00fcstl\u00fck, hak ve hukukun ayaklar alt\u0131na al\u0131nd\u0131\u011f\u0131\u201d ifadelerine yer verildi. Agos.com.tr &#8211; Dink ailesi, \u00c7a\u011flayan\u2019da bug\u00fcn yeniden g\u00f6r\u00fclmeye ba\u015flanacak olan cinayet davas\u0131n\u0131n duru\u015fmalar\u0131na kat\u0131lmayaca\u011f\u0131n\u0131 a\u00e7\u0131klad\u0131. [&hellip;]<\/p>\n","protected":false},"author":7,"featured_media":0,"comment_status":"open","ping_status":"open","sticky":false,"template":"","format":"standard","meta":{"footnotes":""},"categories":[1],"tags":[],"class_list":["post-25586","post","type-post","status-publish","format-standard","hentry","category-haberler"],"yoast_head":"<!-- This site is optimized with the Yoast SEO plugin v27.4 - https:\/\/yoast.com\/product\/yoast-seo-wordpress\/ -->\n<title>Dink ailesi \u00c7a\u011flayan\u2019daki duru\u015fmalara kat\u0131lmayacak - Bati Ermenistan Ve Bati Ermenileri Sorunlari Ara\u015ftirmalar Merkezi<\/title>\n<meta name=\"robots\" content=\"index, follow, max-snippet:-1, max-image-preview:large, max-video-preview:-1\" \/>\n<link rel=\"canonical\" href=\"https:\/\/akunq.net\/tr\/?p=25586\" \/>\n<meta property=\"og:locale\" content=\"en_US\" \/>\n<meta property=\"og:type\" content=\"article\" \/>\n<meta property=\"og:title\" content=\"Dink ailesi \u00c7a\u011flayan\u2019daki duru\u015fmalara kat\u0131lmayacak - Bati Ermenistan Ve Bati Ermenileri Sorunlari Ara\u015ftirmalar Merkezi\" \/>\n<meta property=\"og:description\" content=\"Dink ailesi, \u00c7a\u011flayan\u2019da bug\u00fcn yeniden g\u00f6r\u00fclmeye ba\u015flanacak olan cinayet davas\u0131n\u0131n duru\u015fmalar\u0131na kat\u0131lmayaca\u011f\u0131n\u0131 duyurdu. Aile taraf\u0131ndan yap\u0131lan a\u00e7\u0131klamada \u201cYalan\u0131n su gibi i\u00e7ildi\u011fi, zorbal\u0131\u011f\u0131n ekmek gibi yendi\u011fi; ya\u015fam hakk\u0131, insan hakk\u0131, do\u011fruluk, d\u00fcr\u00fcstl\u00fck, hak ve hukukun ayaklar alt\u0131na al\u0131nd\u0131\u011f\u0131\u201d ifadelerine yer verildi. Agos.com.tr &#8211; Dink ailesi, \u00c7a\u011flayan\u2019da bug\u00fcn yeniden g\u00f6r\u00fclmeye ba\u015flanacak olan cinayet davas\u0131n\u0131n duru\u015fmalar\u0131na kat\u0131lmayaca\u011f\u0131n\u0131 a\u00e7\u0131klad\u0131. [&hellip;]\" \/>\n<meta property=\"og:url\" content=\"https:\/\/akunq.net\/tr\/?p=25586\" \/>\n<meta property=\"og:site_name\" content=\"Bati Ermenistan Ve Bati Ermenileri Sorunlari Ara\u015ftirmalar Merkezi\" \/>\n<meta property=\"article:published_time\" content=\"2013-09-17T08:53:33+00:00\" \/>\n<meta name=\"author\" content=\"admin\" \/>\n<meta name=\"twitter:card\" content=\"summary_large_image\" \/>\n<meta name=\"twitter:label1\" content=\"Written by\" \/>\n\t<meta name=\"twitter:data1\" content=\"admin\" \/>\n\t<meta name=\"twitter:label2\" content=\"Est. reading time\" \/>\n\t<meta name=\"twitter:data2\" content=\"5 minutes\" \/>\n<script type=\"application\/ld+json\" class=\"yoast-schema-graph\">{\"@context\":\"https:\\\/\\\/schema.org\",\"@graph\":[{\"@type\":\"Article\",\"@id\":\"https:\\\/\\\/akunq.net\\\/tr\\\/?p=25586#article\",\"isPartOf\":{\"@id\":\"https:\\\/\\\/akunq.net\\\/tr\\\/?p=25586\"},\"author\":{\"name\":\"admin\",\"@id\":\"https:\\\/\\\/akunq.net\\\/tr\\\/#\\\/schema\\\/person\\\/096f1d38a12cce57fb855b485ed24c9e\"},\"headline\":\"Dink ailesi \u00c7a\u011flayan\u2019daki duru\u015fmalara kat\u0131lmayacak\",\"datePublished\":\"2013-09-17T08:53:33+00:00\",\"mainEntityOfPage\":{\"@id\":\"https:\\\/\\\/akunq.net\\\/tr\\\/?p=25586\"},\"wordCount\":1031,\"commentCount\":0,\"articleSection\":[\"Haberler\"],\"inLanguage\":\"en-US\",\"potentialAction\":[{\"@type\":\"CommentAction\",\"name\":\"Comment\",\"target\":[\"https:\\\/\\\/akunq.net\\\/tr\\\/?p=25586#respond\"]}]},{\"@type\":\"WebPage\",\"@id\":\"https:\\\/\\\/akunq.net\\\/tr\\\/?p=25586\",\"url\":\"https:\\\/\\\/akunq.net\\\/tr\\\/?p=25586\",\"name\":\"Dink ailesi \u00c7a\u011flayan\u2019daki duru\u015fmalara kat\u0131lmayacak - Bati Ermenistan Ve Bati Ermenileri Sorunlari Ara\u015ftirmalar Merkezi\",\"isPartOf\":{\"@id\":\"https:\\\/\\\/akunq.net\\\/tr\\\/#website\"},\"datePublished\":\"2013-09-17T08:53:33+00:00\",\"author\":{\"@id\":\"https:\\\/\\\/akunq.net\\\/tr\\\/#\\\/schema\\\/person\\\/096f1d38a12cce57fb855b485ed24c9e\"},\"breadcrumb\":{\"@id\":\"https:\\\/\\\/akunq.net\\\/tr\\\/?p=25586#breadcrumb\"},\"inLanguage\":\"en-US\",\"potentialAction\":[{\"@type\":\"ReadAction\",\"target\":[\"https:\\\/\\\/akunq.net\\\/tr\\\/?p=25586\"]}]},{\"@type\":\"BreadcrumbList\",\"@id\":\"https:\\\/\\\/akunq.net\\\/tr\\\/?p=25586#breadcrumb\",\"itemListElement\":[{\"@type\":\"ListItem\",\"position\":1,\"name\":\"Home\",\"item\":\"https:\\\/\\\/akunq.net\\\/tr\"},{\"@type\":\"ListItem\",\"position\":2,\"name\":\"Dink ailesi \u00c7a\u011flayan\u2019daki duru\u015fmalara kat\u0131lmayacak\"}]},{\"@type\":\"WebSite\",\"@id\":\"https:\\\/\\\/akunq.net\\\/tr\\\/#website\",\"url\":\"https:\\\/\\\/akunq.net\\\/tr\\\/\",\"name\":\"Bati Ermenistan Ve Bati Ermenileri Sorunlari Ara\u015ftirmalar Merkezi\",\"description\":\"\",\"potentialAction\":[{\"@type\":\"SearchAction\",\"target\":{\"@type\":\"EntryPoint\",\"urlTemplate\":\"https:\\\/\\\/akunq.net\\\/tr\\\/?s={search_term_string}\"},\"query-input\":{\"@type\":\"PropertyValueSpecification\",\"valueRequired\":true,\"valueName\":\"search_term_string\"}}],\"inLanguage\":\"en-US\"},{\"@type\":\"Person\",\"@id\":\"https:\\\/\\\/akunq.net\\\/tr\\\/#\\\/schema\\\/person\\\/096f1d38a12cce57fb855b485ed24c9e\",\"name\":\"admin\",\"url\":\"https:\\\/\\\/akunq.net\\\/tr\\\/?author=7\"}]}<\/script>\n<!-- \/ Yoast SEO plugin. -->","yoast_head_json":{"title":"Dink ailesi \u00c7a\u011flayan\u2019daki duru\u015fmalara kat\u0131lmayacak - Bati Ermenistan Ve Bati Ermenileri Sorunlari Ara\u015ftirmalar Merkezi","robots":{"index":"index","follow":"follow","max-snippet":"max-snippet:-1","max-image-preview":"max-image-preview:large","max-video-preview":"max-video-preview:-1"},"canonical":"https:\/\/akunq.net\/tr\/?p=25586","og_locale":"en_US","og_type":"article","og_title":"Dink ailesi \u00c7a\u011flayan\u2019daki duru\u015fmalara kat\u0131lmayacak - Bati Ermenistan Ve Bati Ermenileri Sorunlari Ara\u015ftirmalar Merkezi","og_description":"Dink ailesi, \u00c7a\u011flayan\u2019da bug\u00fcn yeniden g\u00f6r\u00fclmeye ba\u015flanacak olan cinayet davas\u0131n\u0131n duru\u015fmalar\u0131na kat\u0131lmayaca\u011f\u0131n\u0131 duyurdu. Aile taraf\u0131ndan yap\u0131lan a\u00e7\u0131klamada \u201cYalan\u0131n su gibi i\u00e7ildi\u011fi, zorbal\u0131\u011f\u0131n ekmek gibi yendi\u011fi; ya\u015fam hakk\u0131, insan hakk\u0131, do\u011fruluk, d\u00fcr\u00fcstl\u00fck, hak ve hukukun ayaklar alt\u0131na al\u0131nd\u0131\u011f\u0131\u201d ifadelerine yer verildi. Agos.com.tr &#8211; Dink ailesi, \u00c7a\u011flayan\u2019da bug\u00fcn yeniden g\u00f6r\u00fclmeye ba\u015flanacak olan cinayet davas\u0131n\u0131n duru\u015fmalar\u0131na kat\u0131lmayaca\u011f\u0131n\u0131 a\u00e7\u0131klad\u0131. [&hellip;]","og_url":"https:\/\/akunq.net\/tr\/?p=25586","og_site_name":"Bati Ermenistan Ve Bati Ermenileri Sorunlari Ara\u015ftirmalar Merkezi","article_published_time":"2013-09-17T08:53:33+00:00","author":"admin","twitter_card":"summary_large_image","twitter_misc":{"Written by":"admin","Est. reading time":"5 minutes"},"schema":{"@context":"https:\/\/schema.org","@graph":[{"@type":"Article","@id":"https:\/\/akunq.net\/tr\/?p=25586#article","isPartOf":{"@id":"https:\/\/akunq.net\/tr\/?p=25586"},"author":{"name":"admin","@id":"https:\/\/akunq.net\/tr\/#\/schema\/person\/096f1d38a12cce57fb855b485ed24c9e"},"headline":"Dink ailesi \u00c7a\u011flayan\u2019daki duru\u015fmalara kat\u0131lmayacak","datePublished":"2013-09-17T08:53:33+00:00","mainEntityOfPage":{"@id":"https:\/\/akunq.net\/tr\/?p=25586"},"wordCount":1031,"commentCount":0,"articleSection":["Haberler"],"inLanguage":"en-US","potentialAction":[{"@type":"CommentAction","name":"Comment","target":["https:\/\/akunq.net\/tr\/?p=25586#respond"]}]},{"@type":"WebPage","@id":"https:\/\/akunq.net\/tr\/?p=25586","url":"https:\/\/akunq.net\/tr\/?p=25586","name":"Dink ailesi \u00c7a\u011flayan\u2019daki duru\u015fmalara kat\u0131lmayacak - Bati Ermenistan Ve Bati Ermenileri Sorunlari Ara\u015ftirmalar Merkezi","isPartOf":{"@id":"https:\/\/akunq.net\/tr\/#website"},"datePublished":"2013-09-17T08:53:33+00:00","author":{"@id":"https:\/\/akunq.net\/tr\/#\/schema\/person\/096f1d38a12cce57fb855b485ed24c9e"},"breadcrumb":{"@id":"https:\/\/akunq.net\/tr\/?p=25586#breadcrumb"},"inLanguage":"en-US","potentialAction":[{"@type":"ReadAction","target":["https:\/\/akunq.net\/tr\/?p=25586"]}]},{"@type":"BreadcrumbList","@id":"https:\/\/akunq.net\/tr\/?p=25586#breadcrumb","itemListElement":[{"@type":"ListItem","position":1,"name":"Home","item":"https:\/\/akunq.net\/tr"},{"@type":"ListItem","position":2,"name":"Dink ailesi \u00c7a\u011flayan\u2019daki duru\u015fmalara kat\u0131lmayacak"}]},{"@type":"WebSite","@id":"https:\/\/akunq.net\/tr\/#website","url":"https:\/\/akunq.net\/tr\/","name":"Bati Ermenistan Ve Bati Ermenileri Sorunlari Ara\u015ftirmalar Merkezi","description":"","potentialAction":[{"@type":"SearchAction","target":{"@type":"EntryPoint","urlTemplate":"https:\/\/akunq.net\/tr\/?s={search_term_string}"},"query-input":{"@type":"PropertyValueSpecification","valueRequired":true,"valueName":"search_term_string"}}],"inLanguage":"en-US"},{"@type":"Person","@id":"https:\/\/akunq.net\/tr\/#\/schema\/person\/096f1d38a12cce57fb855b485ed24c9e","name":"admin","url":"https:\/\/akunq.net\/tr\/?author=7"}]}},"_links":{"self":[{"href":"https:\/\/akunq.net\/tr\/index.php?rest_route=\/wp\/v2\/posts\/25586","targetHints":{"allow":["GET"]}}],"collection":[{"href":"https:\/\/akunq.net\/tr\/index.php?rest_route=\/wp\/v2\/posts"}],"about":[{"href":"https:\/\/akunq.net\/tr\/index.php?rest_route=\/wp\/v2\/types\/post"}],"author":[{"embeddable":true,"href":"https:\/\/akunq.net\/tr\/index.php?rest_route=\/wp\/v2\/users\/7"}],"replies":[{"embeddable":true,"href":"https:\/\/akunq.net\/tr\/index.php?rest_route=%2Fwp%2Fv2%2Fcomments&post=25586"}],"version-history":[{"count":1,"href":"https:\/\/akunq.net\/tr\/index.php?rest_route=\/wp\/v2\/posts\/25586\/revisions"}],"predecessor-version":[{"id":25588,"href":"https:\/\/akunq.net\/tr\/index.php?rest_route=\/wp\/v2\/posts\/25586\/revisions\/25588"}],"wp:attachment":[{"href":"https:\/\/akunq.net\/tr\/index.php?rest_route=%2Fwp%2Fv2%2Fmedia&parent=25586"}],"wp:term":[{"taxonomy":"category","embeddable":true,"href":"https:\/\/akunq.net\/tr\/index.php?rest_route=%2Fwp%2Fv2%2Fcategories&post=25586"},{"taxonomy":"post_tag","embeddable":true,"href":"https:\/\/akunq.net\/tr\/index.php?rest_route=%2Fwp%2Fv2%2Ftags&post=25586"}],"curies":[{"name":"wp","href":"https:\/\/api.w.org\/{rel}","templated":true}]}}