{"id":25570,"date":"2013-09-17T02:14:52","date_gmt":"2013-09-17T07:14:52","guid":{"rendered":"http:\/\/akunq.net\/tr\/?p=25570"},"modified":"2013-09-17T02:14:52","modified_gmt":"2013-09-17T07:14:52","slug":"bizim-martin-luther-kingimiz","status":"publish","type":"post","link":"https:\/\/akunq.net\/tr\/?p=25570","title":{"rendered":"Bizim Martin Luther King\u2019imiz"},"content":{"rendered":"<p style=\"text-align: justify;\"><b><a href=\"http:\/\/akunq.net\/tr\/wp-content\/uploads\/2013\/09\/Hrant-Dink.jpg\"><img loading=\"lazy\" decoding=\"async\" class=\"alignright size-medium wp-image-25571\" alt=\"Hrant Dink\" src=\"http:\/\/akunq.net\/tr\/wp-content\/uploads\/2013\/09\/Hrant-Dink-300x225.jpg\" width=\"300\" height=\"225\" srcset=\"https:\/\/akunq.net\/tr\/wp-content\/uploads\/sites\/6\/2013\/09\/Hrant-Dink-300x225.jpg 300w, https:\/\/akunq.net\/tr\/wp-content\/uploads\/sites\/6\/2013\/09\/Hrant-Dink-600x450.jpg 600w, https:\/\/akunq.net\/tr\/wp-content\/uploads\/sites\/6\/2013\/09\/Hrant-Dink.jpg 1200w\" sizes=\"auto, (max-width: 300px) 100vw, 300px\" \/><\/a>Taner Ak\u00e7am<\/b><\/p>\n<p style=\"text-align: justify;\">Martin Luther King, Amerikan vatanda\u015fl\u0131k haklar\u0131 m\u00fccadelesinin efsanevi lideridir.<\/p>\n<p style=\"text-align: justify;\">4 Nisan 1968\u2019de \u00f6ld\u00fcr\u00fcld\u00fc; 15 Ocak do\u011fumludur. 1990\u2019dan beri, Amerika\u2019da her ocak ay\u0131n\u0131n \u00fc\u00e7\u00fcnc\u00fc pazartesi\u00a0<strong>Martin Luther King G\u00fcn\u00fc<\/strong><b>\u00a0<\/b>olarak kutlan\u0131r. Irk\u00e7\u0131l\u0131\u011fa, ay\u0131r\u0131mc\u0131l\u0131\u011fa kar\u015f\u0131, e\u015fitlik ve vatanda\u015fl\u0131k haklar\u0131n\u0131n \u00f6neminin alt\u0131 \u00e7izilir. As\u0131rlard\u0131r zencilere kar\u015f\u0131 uygulanan \u0131rk\u00e7\u0131 ve ay\u0131r\u0131mc\u0131 politikalar\u0131n sonunu, Amerikan ulusunun birli\u011fi ve beraberli\u011fini sembolize eden bir g\u00fcnd\u00fcr.<\/p>\n<p style=\"text-align: justify;\"><strong>Hrant Dink bizim Martin Luther King\u2019imizdir.<\/strong>\u00a015 Eyl\u00fcl do\u011fumludur. Bizde de eyl\u00fcl\u00fcn iki veya \u00fc\u00e7\u00fcnc\u00fc pazartesisi\u00a0<strong>Hrant Dink G\u00fcn\u00fc<\/strong><b>\u00a0<\/b>olarak an\u0131lmal\u0131d\u0131r; ayr\u0131mc\u0131l\u0131\u011fa, nefret s\u00f6ylemine kar\u015f\u0131, vatanda\u015fl\u0131k haklar\u0131 temelinde ulusal birlik ve beraberlik g\u00fcn\u00fc olarak&#8230; Okullar o g\u00fcn a\u00e7\u0131lmal\u0131 ve e\u011fitimin ilk g\u00fcn\u00fc bu konuda yap\u0131lacak etkinliklere ayr\u0131lmal\u0131d\u0131r.<\/p>\n<p style=\"text-align: justify;\">\u00c7ok \u00fctopik bir \u015fey de\u011fil \u00f6nerdi\u011fim.<\/p>\n<p style=\"text-align: justify;\">Otoriter bir rejimden daha demokratik bir topluma ge\u00e7menin sanc\u0131lar\u0131n\u0131 ya\u015f\u0131yoruz. Onlarca y\u0131ld\u0131r s\u00fcren K\u00fcrt-T\u00fcrk sava\u015f\u0131n\u0131n sonuna geliyoruz. Ge\u00e7mi\u015fte T\u00fcrkiye\u2019yi birarada tutan semboller sadece bir kesimin sembol\u00fc idi. \u015eimdi k\u00fcllerinden \u00e7ok a\u011f\u0131r ve sanc\u0131l\u0131 do\u011fmakta olan yeni T\u00fcrkiye\u2019nin sembolleri yok. Tekrarland\u0131\u011f\u0131nda insanlar\u0131 durduracak, d\u00fc\u015f\u00fcnmeye sevk edecek; \u00f6teki ile birle\u015fti\u011fi noktalar\u0131 hat\u0131rlatacak bir de\u011feri yok. Hrant bu yeni ulusun birli\u011finin sembol\u00fcd\u00fcr; vatanda\u015fl\u0131k ekseninde tan\u0131mlanmakta olan yeni ulusumuzun \u00e7imentosudur.<\/p>\n<p style=\"text-align: justify;\">Ni\u00e7in mi?<\/p>\n<p style=\"text-align: justify;\">\u015e\u00f6yle bir arkan\u0131za yaslan\u0131n ve d\u00fc\u015f\u00fcn\u00fcn.<\/p>\n<p style=\"text-align: justify;\">Bu topraklarda bu devlet,\u00a0<strong>\u201cben devletim istedi\u011fimi \u00f6ld\u00fcr\u00fcr\u00fcm\u201d<\/strong>\u00a0diyerek \u00e7ok insan\u0131n can\u0131na k\u0131yd\u0131. Abdi \u0130pek\u00e7i, U\u011fur Mumcu, Muammer Aksoy sadece yazarken akl\u0131ma ilk gelenler. Binlerce faili me\u00e7hul\u00fc saym\u0131yorum bile. Sadece cinayet de\u011fildi sorun; as\u0131l \u00f6l\u00fcm sonra geldi; belki cinayet sonras\u0131 birka\u00e7 y\u0131l, birka\u00e7 anma toplant\u0131s\u0131 ama sonra unuttuk bu isimleri. \u00d6l\u00fcm y\u0131ld\u00f6n\u00fcmlerini sadece yak\u0131nlar\u0131 hat\u0131rl\u0131yor art\u0131k.<\/p>\n<p style=\"text-align: justify;\">Ama Hrant\u2019\u0131 daha unutturamad\u0131lar. \u00d6l\u00fcm\u00fcnden sonra, her cenaze t\u00f6renine bir \u00f6ncekinden daha \u00e7ok insan kat\u0131ld\u0131; her mahkemeye bir \u00f6ncekinden daha \u00e7ok insan sahip \u00e7\u0131kt\u0131! Bu Cumhuriyet tarihinde bir ilk.<\/p>\n<p style=\"text-align: justify;\">D\u00f6n\u00fcn arkan\u0131za bak\u0131n? Bir Ermeni\u2019nin \u00f6l\u00fcm\u00fc sonras\u0131 ya\u015fananlar daha \u00f6nce ya\u015fanmam\u0131\u015ft\u0131 bu topraklarda.<\/p>\n<p style=\"text-align: justify;\">Nedir buradaki s\u0131r, buradaki t\u0131ls\u0131m, hi\u00e7 d\u00fc\u015f\u00fcnd\u00fcn\u00fcz m\u00fc?<\/p>\n<p style=\"text-align: justify;\">Bu kadar b\u00f6l\u00fcnm\u00fc\u015f, birbirinden nefret eden ve bo\u011fmak i\u00e7in f\u0131rsat kollayanlar bile onun ad\u0131n\u0131 duyunca susmuyorlar m\u0131? Onda, birbirine siyasi olarak en uzak insanlar\u0131 bile birle\u015ftiren bir \u015feyler yok mu?<\/p>\n<p style=\"text-align: justify;\">Peki, nedir bu?<\/p>\n<p style=\"text-align: justify;\">Alt\u0131 \u00e7atlak ayakkab\u0131 m\u0131; gazeteci olmas\u0131 m\u0131? Pek de\u011fil galiba.<\/p>\n<p style=\"text-align: justify;\">Onun ad\u0131 y\u00fcre\u011fimizin derinlerinde bir yerleri s\u0131zlat\u0131yor de\u011fil mi?<\/p>\n<p style=\"text-align: justify;\">Sanki onun \u00f6ld\u00fcr\u00fclmesi, insanl\u0131\u011f\u0131m\u0131z\u0131n dibe vurdu\u011fu yer.<\/p>\n<p style=\"text-align: justify;\">Cumhuriyet tarihinin en organize cinayeti; kat\u0131lmayan devlet kurumu kalmam\u0131\u015f.<\/p>\n<p style=\"text-align: justify;\">Bir tarafta, sadece Ermeni oldu\u011funu ve de bu topraklar\u0131n \u00e7ocu\u011fu oldu\u011funu s\u00f6ylemenin d\u0131\u015f\u0131nda bir \u015fey yapmayan Hrant; \u00f6b\u00fcr tarafta, gizli servisi, genelkurmay\u0131, emniyet te\u015fkilat\u0131 ile bir devlet&#8230; Aradaki u\u00e7urumun korkun\u00e7lu\u011funun fark\u0131nda m\u0131s\u0131n\u0131z? Toplum ile devlet aras\u0131ndaki makas\u0131n bu kadar a\u00e7\u0131ld\u0131\u011f\u0131 bir ba\u015fka durum zor bulunur.<\/p>\n<p style=\"text-align: justify;\">Onun pe\u015finden ayaklar\u0131m\u0131z\u0131 s\u00fcr\u00fcyen bu korkun\u00e7 u\u00e7urumun verdi\u011fi ac\u0131, bir vicdan muhasebesi mi?<strong>\u201c\u0130nsafs\u0131zl\u0131\u011f\u0131n bu kadar\u0131 da olmaz\u201d<\/strong>\u00a0demek ve onu yaln\u0131z b\u0131rakt\u0131\u011f\u0131m\u0131z i\u00e7in \u00f6z\u00fcr dilemek mi?<\/p>\n<p style=\"text-align: justify;\">Bu topraklarda T\u00fcrkl\u00fck, biraz Ermenili\u011fini imhas\u0131d\u0131r. Bizim varl\u0131\u011f\u0131m\u0131z, onlar\u0131n yoklu\u011fu ile oldu. Ve sanki Hrant kendi yoklu\u011fu ile bizi yeniden varl\u0131k h\u00e2line sokuyor. Yoklu\u011funda kendimizi yeniden tan\u0131ml\u0131yoruz. Yoklu\u011funda birle\u015fiyoruz.<\/p>\n<p style=\"text-align: justify;\">Kat\u0131ks\u0131z cinayeti temsil eden bir devlete kar\u015f\u0131, insanl\u0131\u011f\u0131n\u0131 ke\u015ffeden toplumu temsil ediyor Hrant.<\/p>\n<p style=\"text-align: justify;\">Bu nedenle\u00a0<strong>Hrant yeni T\u00fcrkiye\u2019nin \u00e7imentosudur, sembol\u00fcd\u00fcr,<\/strong>\u00a0diyorum.<\/p>\n<p style=\"text-align: justify;\">Ger\u00e7ek katillerinin bile bizden sakland\u0131\u011f\u0131 bir yerde, bu s\u00f6ylediklerim \u00e7ok hayalci gelebilir. Bir y\u0131l 365 g\u00fcnd\u00fcr. 364 g\u00fcn\u00fc sizin olsun. Bir g\u00fcn\u00fcn\u00fc Hrant\u2019a verin.<\/p>\n<p style=\"text-align: justify;\"><strong><i>tanerakcam@gmail.com<\/i><\/strong><\/p>\n<p style=\"text-align: justify;\"><a href=\"http:\/\/www.taraf.com.tr\/taner-akcam\/makale-bizim-martin-luther-king-imiz.htm\"><b><i>http:\/\/www.taraf.com.tr\/taner-akcam\/makale-bizim-martin-luther-king-imiz.htm<\/i><\/b><\/a><\/p>\n","protected":false},"excerpt":{"rendered":"<p>Taner Ak\u00e7am Martin Luther King, Amerikan vatanda\u015fl\u0131k haklar\u0131 m\u00fccadelesinin efsanevi lideridir. 4 Nisan 1968\u2019de \u00f6ld\u00fcr\u00fcld\u00fc; 15 Ocak do\u011fumludur. 1990\u2019dan beri, Amerika\u2019da her ocak ay\u0131n\u0131n \u00fc\u00e7\u00fcnc\u00fc pazartesi\u00a0Martin Luther King G\u00fcn\u00fc\u00a0olarak kutlan\u0131r. Irk\u00e7\u0131l\u0131\u011fa, ay\u0131r\u0131mc\u0131l\u0131\u011fa kar\u015f\u0131, e\u015fitlik ve vatanda\u015fl\u0131k haklar\u0131n\u0131n \u00f6neminin alt\u0131 \u00e7izilir. As\u0131rlard\u0131r zencilere kar\u015f\u0131 uygulanan \u0131rk\u00e7\u0131 ve ay\u0131r\u0131mc\u0131 politikalar\u0131n sonunu, Amerikan ulusunun birli\u011fi ve beraberli\u011fini sembolize [&hellip;]<\/p>\n","protected":false},"author":7,"featured_media":0,"comment_status":"open","ping_status":"open","sticky":false,"template":"","format":"standard","meta":{"footnotes":""},"categories":[1],"tags":[],"class_list":["post-25570","post","type-post","status-publish","format-standard","hentry","category-haberler"],"yoast_head":"<!-- This site is optimized with the Yoast SEO plugin v27.4 - https:\/\/yoast.com\/product\/yoast-seo-wordpress\/ -->\n<title>Bizim Martin Luther King\u2019imiz - Bati Ermenistan Ve Bati Ermenileri Sorunlari Ara\u015ftirmalar Merkezi<\/title>\n<meta name=\"robots\" content=\"index, follow, max-snippet:-1, max-image-preview:large, max-video-preview:-1\" \/>\n<link rel=\"canonical\" href=\"https:\/\/akunq.net\/tr\/?p=25570\" \/>\n<meta property=\"og:locale\" content=\"en_US\" \/>\n<meta property=\"og:type\" content=\"article\" \/>\n<meta property=\"og:title\" content=\"Bizim Martin Luther King\u2019imiz - Bati Ermenistan Ve Bati Ermenileri Sorunlari Ara\u015ftirmalar Merkezi\" \/>\n<meta property=\"og:description\" content=\"Taner Ak\u00e7am Martin Luther King, Amerikan vatanda\u015fl\u0131k haklar\u0131 m\u00fccadelesinin efsanevi lideridir. 4 Nisan 1968\u2019de \u00f6ld\u00fcr\u00fcld\u00fc; 15 Ocak do\u011fumludur. 1990\u2019dan beri, Amerika\u2019da her ocak ay\u0131n\u0131n \u00fc\u00e7\u00fcnc\u00fc pazartesi\u00a0Martin Luther King G\u00fcn\u00fc\u00a0olarak kutlan\u0131r. Irk\u00e7\u0131l\u0131\u011fa, ay\u0131r\u0131mc\u0131l\u0131\u011fa kar\u015f\u0131, e\u015fitlik ve vatanda\u015fl\u0131k haklar\u0131n\u0131n \u00f6neminin alt\u0131 \u00e7izilir. As\u0131rlard\u0131r zencilere kar\u015f\u0131 uygulanan \u0131rk\u00e7\u0131 ve ay\u0131r\u0131mc\u0131 politikalar\u0131n sonunu, Amerikan ulusunun birli\u011fi ve beraberli\u011fini sembolize [&hellip;]\" \/>\n<meta property=\"og:url\" content=\"https:\/\/akunq.net\/tr\/?p=25570\" \/>\n<meta property=\"og:site_name\" content=\"Bati Ermenistan Ve Bati Ermenileri Sorunlari Ara\u015ftirmalar Merkezi\" \/>\n<meta property=\"article:published_time\" content=\"2013-09-17T07:14:52+00:00\" \/>\n<meta property=\"og:image\" content=\"http:\/\/akunq.net\/tr\/wp-content\/uploads\/2013\/09\/Hrant-Dink-300x225.jpg\" \/>\n<meta name=\"author\" content=\"admin\" \/>\n<meta name=\"twitter:card\" content=\"summary_large_image\" \/>\n<meta name=\"twitter:label1\" content=\"Written by\" \/>\n\t<meta name=\"twitter:data1\" content=\"admin\" \/>\n\t<meta name=\"twitter:label2\" content=\"Est. reading time\" \/>\n\t<meta name=\"twitter:data2\" content=\"4 minutes\" \/>\n<script type=\"application\/ld+json\" class=\"yoast-schema-graph\">{\"@context\":\"https:\\\/\\\/schema.org\",\"@graph\":[{\"@type\":\"Article\",\"@id\":\"https:\\\/\\\/akunq.net\\\/tr\\\/?p=25570#article\",\"isPartOf\":{\"@id\":\"https:\\\/\\\/akunq.net\\\/tr\\\/?p=25570\"},\"author\":{\"name\":\"admin\",\"@id\":\"https:\\\/\\\/akunq.net\\\/tr\\\/#\\\/schema\\\/person\\\/096f1d38a12cce57fb855b485ed24c9e\"},\"headline\":\"Bizim Martin Luther King\u2019imiz\",\"datePublished\":\"2013-09-17T07:14:52+00:00\",\"mainEntityOfPage\":{\"@id\":\"https:\\\/\\\/akunq.net\\\/tr\\\/?p=25570\"},\"wordCount\":747,\"commentCount\":0,\"image\":{\"@id\":\"https:\\\/\\\/akunq.net\\\/tr\\\/?p=25570#primaryimage\"},\"thumbnailUrl\":\"http:\\\/\\\/akunq.net\\\/tr\\\/wp-content\\\/uploads\\\/2013\\\/09\\\/Hrant-Dink-300x225.jpg\",\"articleSection\":[\"Haberler\"],\"inLanguage\":\"en-US\",\"potentialAction\":[{\"@type\":\"CommentAction\",\"name\":\"Comment\",\"target\":[\"https:\\\/\\\/akunq.net\\\/tr\\\/?p=25570#respond\"]}]},{\"@type\":\"WebPage\",\"@id\":\"https:\\\/\\\/akunq.net\\\/tr\\\/?p=25570\",\"url\":\"https:\\\/\\\/akunq.net\\\/tr\\\/?p=25570\",\"name\":\"Bizim Martin Luther King\u2019imiz - Bati Ermenistan Ve Bati Ermenileri Sorunlari Ara\u015ftirmalar Merkezi\",\"isPartOf\":{\"@id\":\"https:\\\/\\\/akunq.net\\\/tr\\\/#website\"},\"primaryImageOfPage\":{\"@id\":\"https:\\\/\\\/akunq.net\\\/tr\\\/?p=25570#primaryimage\"},\"image\":{\"@id\":\"https:\\\/\\\/akunq.net\\\/tr\\\/?p=25570#primaryimage\"},\"thumbnailUrl\":\"http:\\\/\\\/akunq.net\\\/tr\\\/wp-content\\\/uploads\\\/2013\\\/09\\\/Hrant-Dink-300x225.jpg\",\"datePublished\":\"2013-09-17T07:14:52+00:00\",\"author\":{\"@id\":\"https:\\\/\\\/akunq.net\\\/tr\\\/#\\\/schema\\\/person\\\/096f1d38a12cce57fb855b485ed24c9e\"},\"breadcrumb\":{\"@id\":\"https:\\\/\\\/akunq.net\\\/tr\\\/?p=25570#breadcrumb\"},\"inLanguage\":\"en-US\",\"potentialAction\":[{\"@type\":\"ReadAction\",\"target\":[\"https:\\\/\\\/akunq.net\\\/tr\\\/?p=25570\"]}]},{\"@type\":\"ImageObject\",\"inLanguage\":\"en-US\",\"@id\":\"https:\\\/\\\/akunq.net\\\/tr\\\/?p=25570#primaryimage\",\"url\":\"https:\\\/\\\/akunq.net\\\/tr\\\/wp-content\\\/uploads\\\/sites\\\/6\\\/2013\\\/09\\\/Hrant-Dink.jpg\",\"contentUrl\":\"https:\\\/\\\/akunq.net\\\/tr\\\/wp-content\\\/uploads\\\/sites\\\/6\\\/2013\\\/09\\\/Hrant-Dink.jpg\",\"width\":1200,\"height\":900},{\"@type\":\"BreadcrumbList\",\"@id\":\"https:\\\/\\\/akunq.net\\\/tr\\\/?p=25570#breadcrumb\",\"itemListElement\":[{\"@type\":\"ListItem\",\"position\":1,\"name\":\"Home\",\"item\":\"https:\\\/\\\/akunq.net\\\/tr\"},{\"@type\":\"ListItem\",\"position\":2,\"name\":\"Bizim Martin Luther King\u2019imiz\"}]},{\"@type\":\"WebSite\",\"@id\":\"https:\\\/\\\/akunq.net\\\/tr\\\/#website\",\"url\":\"https:\\\/\\\/akunq.net\\\/tr\\\/\",\"name\":\"Bati Ermenistan Ve Bati Ermenileri Sorunlari Ara\u015ftirmalar Merkezi\",\"description\":\"\",\"potentialAction\":[{\"@type\":\"SearchAction\",\"target\":{\"@type\":\"EntryPoint\",\"urlTemplate\":\"https:\\\/\\\/akunq.net\\\/tr\\\/?s={search_term_string}\"},\"query-input\":{\"@type\":\"PropertyValueSpecification\",\"valueRequired\":true,\"valueName\":\"search_term_string\"}}],\"inLanguage\":\"en-US\"},{\"@type\":\"Person\",\"@id\":\"https:\\\/\\\/akunq.net\\\/tr\\\/#\\\/schema\\\/person\\\/096f1d38a12cce57fb855b485ed24c9e\",\"name\":\"admin\",\"url\":\"https:\\\/\\\/akunq.net\\\/tr\\\/?author=7\"}]}<\/script>\n<!-- \/ Yoast SEO plugin. -->","yoast_head_json":{"title":"Bizim Martin Luther King\u2019imiz - Bati Ermenistan Ve Bati Ermenileri Sorunlari Ara\u015ftirmalar Merkezi","robots":{"index":"index","follow":"follow","max-snippet":"max-snippet:-1","max-image-preview":"max-image-preview:large","max-video-preview":"max-video-preview:-1"},"canonical":"https:\/\/akunq.net\/tr\/?p=25570","og_locale":"en_US","og_type":"article","og_title":"Bizim Martin Luther King\u2019imiz - Bati Ermenistan Ve Bati Ermenileri Sorunlari Ara\u015ftirmalar Merkezi","og_description":"Taner Ak\u00e7am Martin Luther King, Amerikan vatanda\u015fl\u0131k haklar\u0131 m\u00fccadelesinin efsanevi lideridir. 4 Nisan 1968\u2019de \u00f6ld\u00fcr\u00fcld\u00fc; 15 Ocak do\u011fumludur. 1990\u2019dan beri, Amerika\u2019da her ocak ay\u0131n\u0131n \u00fc\u00e7\u00fcnc\u00fc pazartesi\u00a0Martin Luther King G\u00fcn\u00fc\u00a0olarak kutlan\u0131r. Irk\u00e7\u0131l\u0131\u011fa, ay\u0131r\u0131mc\u0131l\u0131\u011fa kar\u015f\u0131, e\u015fitlik ve vatanda\u015fl\u0131k haklar\u0131n\u0131n \u00f6neminin alt\u0131 \u00e7izilir. As\u0131rlard\u0131r zencilere kar\u015f\u0131 uygulanan \u0131rk\u00e7\u0131 ve ay\u0131r\u0131mc\u0131 politikalar\u0131n sonunu, Amerikan ulusunun birli\u011fi ve beraberli\u011fini sembolize [&hellip;]","og_url":"https:\/\/akunq.net\/tr\/?p=25570","og_site_name":"Bati Ermenistan Ve Bati Ermenileri Sorunlari Ara\u015ftirmalar Merkezi","article_published_time":"2013-09-17T07:14:52+00:00","og_image":[{"url":"http:\/\/akunq.net\/tr\/wp-content\/uploads\/2013\/09\/Hrant-Dink-300x225.jpg","type":"","width":"","height":""}],"author":"admin","twitter_card":"summary_large_image","twitter_misc":{"Written by":"admin","Est. reading time":"4 minutes"},"schema":{"@context":"https:\/\/schema.org","@graph":[{"@type":"Article","@id":"https:\/\/akunq.net\/tr\/?p=25570#article","isPartOf":{"@id":"https:\/\/akunq.net\/tr\/?p=25570"},"author":{"name":"admin","@id":"https:\/\/akunq.net\/tr\/#\/schema\/person\/096f1d38a12cce57fb855b485ed24c9e"},"headline":"Bizim Martin Luther King\u2019imiz","datePublished":"2013-09-17T07:14:52+00:00","mainEntityOfPage":{"@id":"https:\/\/akunq.net\/tr\/?p=25570"},"wordCount":747,"commentCount":0,"image":{"@id":"https:\/\/akunq.net\/tr\/?p=25570#primaryimage"},"thumbnailUrl":"http:\/\/akunq.net\/tr\/wp-content\/uploads\/2013\/09\/Hrant-Dink-300x225.jpg","articleSection":["Haberler"],"inLanguage":"en-US","potentialAction":[{"@type":"CommentAction","name":"Comment","target":["https:\/\/akunq.net\/tr\/?p=25570#respond"]}]},{"@type":"WebPage","@id":"https:\/\/akunq.net\/tr\/?p=25570","url":"https:\/\/akunq.net\/tr\/?p=25570","name":"Bizim Martin Luther King\u2019imiz - Bati Ermenistan Ve Bati Ermenileri Sorunlari Ara\u015ftirmalar Merkezi","isPartOf":{"@id":"https:\/\/akunq.net\/tr\/#website"},"primaryImageOfPage":{"@id":"https:\/\/akunq.net\/tr\/?p=25570#primaryimage"},"image":{"@id":"https:\/\/akunq.net\/tr\/?p=25570#primaryimage"},"thumbnailUrl":"http:\/\/akunq.net\/tr\/wp-content\/uploads\/2013\/09\/Hrant-Dink-300x225.jpg","datePublished":"2013-09-17T07:14:52+00:00","author":{"@id":"https:\/\/akunq.net\/tr\/#\/schema\/person\/096f1d38a12cce57fb855b485ed24c9e"},"breadcrumb":{"@id":"https:\/\/akunq.net\/tr\/?p=25570#breadcrumb"},"inLanguage":"en-US","potentialAction":[{"@type":"ReadAction","target":["https:\/\/akunq.net\/tr\/?p=25570"]}]},{"@type":"ImageObject","inLanguage":"en-US","@id":"https:\/\/akunq.net\/tr\/?p=25570#primaryimage","url":"https:\/\/akunq.net\/tr\/wp-content\/uploads\/sites\/6\/2013\/09\/Hrant-Dink.jpg","contentUrl":"https:\/\/akunq.net\/tr\/wp-content\/uploads\/sites\/6\/2013\/09\/Hrant-Dink.jpg","width":1200,"height":900},{"@type":"BreadcrumbList","@id":"https:\/\/akunq.net\/tr\/?p=25570#breadcrumb","itemListElement":[{"@type":"ListItem","position":1,"name":"Home","item":"https:\/\/akunq.net\/tr"},{"@type":"ListItem","position":2,"name":"Bizim Martin Luther King\u2019imiz"}]},{"@type":"WebSite","@id":"https:\/\/akunq.net\/tr\/#website","url":"https:\/\/akunq.net\/tr\/","name":"Bati Ermenistan Ve Bati Ermenileri Sorunlari Ara\u015ftirmalar Merkezi","description":"","potentialAction":[{"@type":"SearchAction","target":{"@type":"EntryPoint","urlTemplate":"https:\/\/akunq.net\/tr\/?s={search_term_string}"},"query-input":{"@type":"PropertyValueSpecification","valueRequired":true,"valueName":"search_term_string"}}],"inLanguage":"en-US"},{"@type":"Person","@id":"https:\/\/akunq.net\/tr\/#\/schema\/person\/096f1d38a12cce57fb855b485ed24c9e","name":"admin","url":"https:\/\/akunq.net\/tr\/?author=7"}]}},"_links":{"self":[{"href":"https:\/\/akunq.net\/tr\/index.php?rest_route=\/wp\/v2\/posts\/25570","targetHints":{"allow":["GET"]}}],"collection":[{"href":"https:\/\/akunq.net\/tr\/index.php?rest_route=\/wp\/v2\/posts"}],"about":[{"href":"https:\/\/akunq.net\/tr\/index.php?rest_route=\/wp\/v2\/types\/post"}],"author":[{"embeddable":true,"href":"https:\/\/akunq.net\/tr\/index.php?rest_route=\/wp\/v2\/users\/7"}],"replies":[{"embeddable":true,"href":"https:\/\/akunq.net\/tr\/index.php?rest_route=%2Fwp%2Fv2%2Fcomments&post=25570"}],"version-history":[{"count":1,"href":"https:\/\/akunq.net\/tr\/index.php?rest_route=\/wp\/v2\/posts\/25570\/revisions"}],"predecessor-version":[{"id":25572,"href":"https:\/\/akunq.net\/tr\/index.php?rest_route=\/wp\/v2\/posts\/25570\/revisions\/25572"}],"wp:attachment":[{"href":"https:\/\/akunq.net\/tr\/index.php?rest_route=%2Fwp%2Fv2%2Fmedia&parent=25570"}],"wp:term":[{"taxonomy":"category","embeddable":true,"href":"https:\/\/akunq.net\/tr\/index.php?rest_route=%2Fwp%2Fv2%2Fcategories&post=25570"},{"taxonomy":"post_tag","embeddable":true,"href":"https:\/\/akunq.net\/tr\/index.php?rest_route=%2Fwp%2Fv2%2Ftags&post=25570"}],"curies":[{"name":"wp","href":"https:\/\/api.w.org\/{rel}","templated":true}]}}