{"id":25564,"date":"2013-09-17T01:47:55","date_gmt":"2013-09-17T06:47:55","guid":{"rendered":"http:\/\/akunq.net\/tr\/?p=25564"},"modified":"2013-09-17T01:47:55","modified_gmt":"2013-09-17T06:47:55","slug":"utanc-duyuyorum","status":"publish","type":"post","link":"https:\/\/akunq.net\/tr\/?p=25564","title":{"rendered":"Utan\u00e7 Duyuyorum"},"content":{"rendered":"<p style=\"text-align: justify;\"><b><a href=\"http:\/\/akunq.net\/tr\/wp-content\/uploads\/2013\/09\/Hasan-Cemal.jpg\"><img loading=\"lazy\" decoding=\"async\" class=\"alignright size-full wp-image-25565\" alt=\"Hasan Cemal\" src=\"http:\/\/akunq.net\/tr\/wp-content\/uploads\/2013\/09\/Hasan-Cemal.jpg\" width=\"274\" height=\"184\" \/><\/a><a href=\"http:\/\/t24.com.tr\/yazar\/hasan-cemal\/73\">Hasan Cemal<\/a><\/b><\/p>\n<p style=\"text-align: justify;\"><b><i>Sevgili <\/i><\/b><i>Hrant \u00f6ylesine ya\u015fad\u0131 ve \u00f6ylesine \u00f6ld\u00fc ki, T\u00fcrkiye\u2019ye ili\u015fkin yeni sorular sorulmas\u0131na, yeni cevaplar aranmas\u0131na yol a\u00e7t\u0131. Ama \u015funu iyi bilin; \u2018eski yap\u0131\u2019 direniyor! T\u00fcrkiye\u2019yi \u2018yalanda ya\u015fatma\u2019ya ahdetmi\u015f kafalar, Dink cinayetini karanl\u0131kta tutmak i\u00e7in direnmeye devam ediyorlar.<\/i><\/p>\n<p style=\"text-align: justify;\"><b><i>Dink<\/i><\/b><i> davas\u0131 yar\u0131n yeniden ele al\u0131nmaya ba\u015flanacak. Ne kadar iyimser olabiliriz? Davan\u0131n bug\u00fcne kadarki seyri, karamsar olmak i\u00e7in her t\u00fcrl\u00fc ipucuna sahip. O kadar ki, Dink ailesinin avukat\u0131 Fethiye \u00c7etin, cinayet yarg\u0131s\u0131yla ve sevgili Hrant\u2019la ilgili yeni kitab\u0131na \u015fu ad\u0131 koymu\u015f: Utan\u00e7 duyuyorum.<\/i><\/p>\n<p style=\"text-align: justify;\">Baz\u0131 insanlar\u0131n hayat\u0131 vard\u0131r, o hayat sadece onlar\u0131n hayat\u0131 de\u011fildir. Ya\u015fam ve \u00f6l\u00fcmleri yaln\u0131z kendilerini de\u011fil, i\u00e7inden \u00e7\u0131kt\u0131klar\u0131 toplumu da bir\u00e7ok bak\u0131mdan ve \u00e7ok yak\u0131ndan ilgilendirir.<\/p>\n<p style=\"text-align: justify;\"><b>Hrant Dink<\/b>\u2019in hayat\u0131 da b\u00f6yleydi.<\/p>\n<p style=\"text-align: justify;\">Sevgili Hrant \u00f6ylesine ya\u015fad\u0131 ve \u00f6ylesine \u00f6ld\u00fc ki, T\u00fcrkiye\u2019ye ili\u015fkin <b>yeni sorular<\/b> sorulmas\u0131na, <b>yeni cevaplar<\/b> aranmas\u0131na yol a\u00e7t\u0131.<\/p>\n<p style=\"text-align: justify;\">\u00d6ylesine ya\u015fad\u0131 ve \u00f6ld\u00fc ki, bu topraklar\u0131n d\u00fcn\u00fc ve bug\u00fcn\u00fc daha derinlemesine mercek alt\u0131na al\u0131nd\u0131.<\/p>\n<p style=\"text-align: justify;\">Sevgili Hrant \u00f6ylesine ya\u015fad\u0131 ve \u00f6ld\u00fc ki, akl\u0131 ve vicdan\u0131 olan herkes, bu topraklarda daha \u00e7ok demokrasiye, daha \u00e7ok hukuka, daha \u00e7ok \u00f6zg\u00fcrl\u00fck ve insan haklar\u0131na a\u00e7\u0131lan yollardaki engeller \u00fczerinde kafa yormaya ba\u015flad\u0131.<\/p>\n<p style=\"text-align: justify;\">Sevgili Hrant, hayat\u0131 ve trajik \u00f6l\u00fcm\u00fcyle, T\u00fcrkiye\u2019nin kendi vatanda\u015flar\u0131n\u0131 <b>yalanda ya\u015fatmay\u0131<\/b> bir devlet ideolojisi olarak benimsemi\u015f <b>milliyet\u00e7ilik<\/b> anlay\u0131\u015f\u0131na b\u00fcy\u00fck bir darbe indirdi.<\/p>\n<p style=\"text-align: justify;\">Bu topraklar\u0131n ger\u00e7ek tarihinin c\u0131lk\u0131 \u00e7\u0131km\u0131\u015f <b>resmi kli\u015feler<\/b> d\u0131\u015f\u0131nda yeniden yaz\u0131lmas\u0131n\u0131 h\u0131zland\u0131r\u0131rken, tarihle y\u00fczle\u015fmenin kap\u0131s\u0131n\u0131 biraz daha a\u00e7t\u0131.<\/p>\n<p style=\"text-align: justify;\">\u015eunu s\u00f6yleyebilirim:<\/p>\n<p style=\"text-align: justify;\">Ben de, Sevgili Hrant sayesinde daha \u00f6zg\u00fcrle\u015ftim! Beni y\u0131llar boyu \u2018yalanda ya\u015fatm\u0131\u015f\u2019 ve zihnimi tutsak alm\u0131\u015f olan baz\u0131 <b>tabu ve zincirler<\/b> belki de nihai darbeyi b\u00f6yle yedi.<\/p>\n<p style=\"text-align: justify;\"><b>Eski yap\u0131 direniyor\u00a0<\/b><\/p>\n<p style=\"text-align: justify;\">Hayat ac\u0131mas\u0131z.<\/p>\n<p style=\"text-align: justify;\">Baz\u0131 bedeller \u00f6denmeden, baz\u0131 kopu\u015flar ya\u015fanmadan iyili\u011fe, bar\u0131\u015f ve huzura giden yollar a\u00e7\u0131lam\u0131yor. \u0130nsanl\u0131k tarihi ne yaz\u0131k ki bunun hazin \u00f6rnekleriyle dolu.<\/p>\n<p style=\"text-align: justify;\">Sevgili Hrant, bu b\u00fcy\u00fck bedellerden birini ne ac\u0131d\u0131r ki kendi hayat\u0131yla \u00f6dedi; T\u00fcrkiye\u2019nin \u00f6zg\u00fcrle\u015fmesinin \u00f6n\u00fcnde duran setlerden birini daha kendi hayat\u0131yla y\u0131kt\u0131.\u00a0<\/p>\n<p style=\"text-align: justify;\">Ama \u015funu iyi bilin:<\/p>\n<p style=\"text-align: justify;\"><b>\u2018Eski yap\u0131\u2019<\/b> <b>direniyor!<\/b><\/p>\n<p style=\"text-align: justify;\">T\u00fcrkiye\u2019yi \u2018yalanda ya\u015fatma\u2019ya ahdetmi\u015f kafalar, Hrant Dink cinayetini karanl\u0131kta tutmak i\u00e7in direnmeye devam ediyorlar.<\/p>\n<p style=\"text-align: justify;\">\u0130\u015fte bunun i\u00e7indir ki; Hrant Dink cinayetinin ayd\u0131nlat\u0131lmas\u0131, T\u00fcrkiye\u2019nin \u00f6n\u00fcnde duran bir \u2018<b>demokrasi s\u0131nav\u0131<\/b>\u2019d\u0131r.<\/p>\n<p style=\"text-align: justify;\"><b>Hukukun \u00fcst\u00fcnl\u00fc\u011f\u00fc s\u0131nav\u0131d\u0131r.<\/b><\/p>\n<p style=\"text-align: justify;\"><b>\u0130nsan haklar\u0131 s\u0131nav\u0131d\u0131r.<\/b><\/p>\n<p style=\"text-align: justify;\"><b>\u00d6zg\u00fcrl\u00fck s\u0131nav\u0131d\u0131r.<\/b><\/p>\n<p style=\"text-align: justify;\">T\u00fcrkiye bu s\u0131navdan kal\u0131rsa, demokrasiye de, hukukun \u00fcst\u00fcnl\u00fc\u011f\u00fcne de, insan haklar\u0131 ve \u00f6zg\u00fcrl\u00fcklere de lay\u0131k olamaz.<\/p>\n<p style=\"text-align: justify;\">Bu b\u00fcy\u00fck s\u0131nav\u0131 verecek olan sadece <b>yarg\u0131<\/b> de\u011fil.<b> \u0130ktidar <\/b>da bu s\u0131nav\u0131n \u00f6n\u00fcnde. <b>AK Parti<\/b> h\u00fck\u00fcmetini de, elbette demokrasi konusunda ger\u00e7ek duyarl\u0131\u011f\u0131 olan kamuoyunu da bekliyor bu s\u0131nav&#8230;<\/p>\n<p style=\"text-align: justify;\"><b>Dava yeniden ba\u015flarken sorular \u00e7ok\u00a0<\/b><\/p>\n<p style=\"text-align: justify;\">Sorular epeyce&#8230;<\/p>\n<p style=\"text-align: justify;\">Devletin i\u00e7indeki bu <b>eski yap\u0131<\/b> varl\u0131\u011f\u0131n\u0131 s\u00fcrd\u00fcrecek mi?<\/p>\n<p style=\"text-align: justify;\"><b>Ba\u015fbakan Erdo\u011fan <\/b>iktidar\u0131 bu \u2018eski yap\u0131\u2019yla uzla\u015ft\u0131 m\u0131?<\/p>\n<p style=\"text-align: justify;\">Bu <b>uzla\u015fman\u0131n<\/b> Hrant Dink cinayeti yarg\u0131s\u0131n\u0131n seyrinde ipu\u00e7lar\u0131 var m\u0131?<\/p>\n<p style=\"text-align: justify;\"><b>AK Parti h\u00fck\u00fcmeti<\/b>, devletin i\u00e7indeki, k\u00f6kleri \u00e7ok eskilere, Osmanl\u0131\u2019n\u0131n <b>\u0130ttihat ve Terakkisi<\/b>\u2019ne kadar giden bu \u2018eski yap\u0131\u2019yla bir yerde \u00e7izgi \u00e7ekti\u011fi i\u00e7in mi Hrant Dink cinayeti karanl\u0131kta kalmaya devam ediyor?<\/p>\n<p style=\"text-align: justify;\">Devam edecek mi?<\/p>\n<p style=\"text-align: justify;\">Kolayca \u00e7o\u011falt\u0131labilecek bu sorular akla tak\u0131l\u0131yor, \u00e7\u00fcnk\u00fc Hrant Dink davas\u0131 yar\u0131n yeniden ele al\u0131nmaya ba\u015flanacak. \u0130lgili mahkemenin hukuk a\u00e7\u0131s\u0131ndan ger\u00e7ek bir skandal olan ge\u00e7en y\u0131lki karar\u0131 <b>Yarg\u0131tay<\/b>\u2019dan geri d\u00f6nd\u00fc\u011f\u00fc i\u00e7in \u00f6yle.<\/p>\n<p style=\"text-align: justify;\">\u015eimdi ne kadar iyimser olabiliriz?<\/p>\n<p style=\"text-align: justify;\">Davan\u0131n bug\u00fcne kadarki seyri, karamsar olmak i\u00e7in her t\u00fcrl\u00fc ipucuna sahip. O kadar ki, Hrant Dink ailesinin avukat\u0131 <b>Fethiye \u00c7etin<\/b>, cinayet yarg\u0131s\u0131yla ve sevgili Hrant\u2019la ilgili yeni kitab\u0131na (Metis Yay\u0131nlar\u0131) \u015fu ad\u0131 koymu\u015f:<\/p>\n<p style=\"text-align: justify;\"><b>Utan\u00e7 duyuyorum!<\/b><\/p>\n<p style=\"text-align: justify;\">Bu utan\u00e7 duygusu, kitab\u0131n h\u00fcz\u00fcn ve ger\u00e7eklerden olu\u015fan sayfalar\u0131 aras\u0131nda derinle\u015ftik\u00e7e derinle\u015fiyor.<\/p>\n<p style=\"text-align: justify;\"><b>&#8216;B\u0131rak\u0131n bu palavralar\u0131!&#8217;\u00a0<\/b><\/p>\n<p style=\"text-align: justify;\">Fethiye \u00c7etin, kitab\u0131n\u0131n bir yerinde anlat\u0131yor:<\/p>\n<p style=\"text-align: justify;\">\u201cKonu ba\u015fl\u0131\u011f\u0131n\u0131 pek hat\u0131rlam\u0131yorum ama <b>Siyaset Meydan\u0131<\/b>, o gece, T\u00fcrkiye&#8217;de az\u0131nl\u0131klar ve sorunlar\u0131n\u0131 konu etmi\u015fti. Rum, Ermeni, Yahudi konuklar ile baz\u0131 akademisyenlerin konuk edildi\u011fi, \u00e7ok ge\u00e7\u0327 saatlere kadar oturup izledi\u011fim bu program\u0131n en son konu\u015fmac\u0131s\u0131yd\u0131 <b>Hrant<\/b>.<\/p>\n<p style=\"text-align: justify;\">O vakte kadar, arada \u00fcrkek ve ka\u00e7amak s\u00f6zlerle sorunlara de\u011finilse de, az\u0131nl\u0131k mensubu kat\u0131l\u0131mc\u0131lar\u0131n \u00e7o\u011fu, \u2018Hayat\u0131m\u0131zdan memnunuz&#8230; Bir problemimiz yok Allaha \u015f\u00fck\u00fcr&#8230; \u015eimdilik mutluyuz&#8230;\u2019 gibi c\u00fcmleler kuruyorlard\u0131.<\/p>\n<p style=\"text-align: justify;\">Hat\u0131rlad\u0131\u011f\u0131m kadar\u0131yla Hrant s\u00f6ze, az\u0131nl\u0131k vak\u0131flar\u0131n\u0131n m\u00fclk edinmelerinin nas\u0131l yasakland\u0131\u011f\u0131n\u0131, o g\u00fcne kadar edinilmi\u015f m\u00fclklerin hukuka ayk\u0131r\u0131 gerek\u00e7eler yarat\u0131larak nas\u0131l ellerinden al\u0131nd\u0131\u011f\u0131n\u0131, <b>Yarg\u0131tay<\/b>&#8216;\u0131n \u00fclkenin az\u0131nl\u0131klar\u0131n\u0131 <b>yabanc\u0131<\/b> olarak niteledi\u011fi karar\u0131 anlatarak ba\u011flad\u0131.<\/p>\n<p style=\"text-align: justify;\">Sonra Ermeni yetimlerinin elleriyle, t\u0131rnaklar\u0131yla kurduklar\u0131 <b>Tuzla Ermeni Yetimhanesi<\/b>\u2019nin gasbedili\u015finin hikayesine ge\u00e7ti. Gasbedilen sadece mallar de\u011fil, o yetimlerin emekleri, hayatlar\u0131, hayalleriydi. Hrant Dink, eme\u011fi, hayat\u0131 ve hayali gasbedilenler aras\u0131ndayd\u0131.<\/p>\n<p style=\"text-align: justify;\">Etkileyiciydi konu\u015fmas\u0131, \u00f6ylesine sahici, \u00f6ylesine samimi, \u00f6ylesine sade ve inand\u0131r\u0131c\u0131yd\u0131. Konu\u015fmas\u0131n\u0131n bir yerinde di\u011fer konu\u015fmac\u0131lara bakarak \u015f\u00f6yle bir \u015feyler s\u00f6yledi:<\/p>\n<p style=\"text-align: justify;\">\u2018B\u0131rak\u0131n bu palavralar\u0131\u2026 \u00c7ok iyiyiz&#8230; \u00c7ok mutluyuz&#8230; Sabah kalk\u0131yoruz iyiyiz, sonra?.. Sonra sorunlar, sorunlar&#8230; K\u00f6t\u00fcy\u00fcz!..&#8217;<\/p>\n<p style=\"text-align: justify;\">Ge\u00e7mi\u015f g\u00fcn, kelimelerin hepsini tam akl\u0131mda tutamad\u0131m ama<b> palavra<\/b> deyi\u015fini hi\u00e7 unutamad\u0131m. Birdenbire, \u00f6yle pat diye ortaya atm\u0131\u015ft\u0131 s\u00f6z\u00fc:<\/p>\n<p style=\"text-align: justify;\">\u00a0<b>\u2018B\u0131rak\u0131n bu palavralar\u0131&#8230;\u2019 <\/b><\/p>\n<p style=\"text-align: justify;\">Hrant sonra hi\u00e7\u0327 a\u011fa\u00e7 dikemeyen <b>Ferman<\/b>\u2019\u0131n hikayesini anlatt\u0131.<\/p>\n<p style=\"text-align: justify;\">\u00a0<b>Ferman, Siirtli bir Ermeni. <\/b><\/p>\n<p style=\"text-align: justify;\">Marmara Ere\u011flisi&#8217;nde yazl\u0131\u011f\u0131 var, bir de bah\u00e7esi, lakin bah\u00e7ede tek bir a\u011fa\u00e7 yok. Domates, biber, m\u0131s\u0131r, ay \u00e7i\u00e7e\u011fi ekmi\u015f de Ferman, bir tek a\u011fa\u00e7 dikmemi\u015fti bah\u00e7eye.<\/p>\n<p style=\"text-align: justify;\">Soranlara \u015f\u00f6yle diyordu:<\/p>\n<p style=\"text-align: justify;\"><b>\u2018Dikmem arkada\u015f, ne zaman a\u011fa\u00e7 diktim de meyvesini yiyebildim ki&#8230;\u2019<\/b><\/p>\n<p style=\"text-align: justify;\">Yay\u0131ld\u0131\u011f\u0131m koltuktan kalkm\u0131\u015f ve \u2018\u0130\u015fte bu\u2019 demi\u015ftim, \u2018\u0130\u015fte bu kadar.\u2019 Bir k\u00fc\u00e7\u00fcc\u00fck hikayeyle neler anlatmam\u0131\u015ft\u0131 ki&#8230;\u00a0 O, \u00f6l\u00fcm\u00fcne korkulan ge\u00e7mi\u015fi, minicik bir hikayeyle sermi\u015fti ortaya&#8230;\u201d<\/p>\n<p style=\"text-align: justify;\"><b>&#8216;Hesab\u0131 sorulmam\u0131\u015f her cinayet yenilerini tetikliyor<\/b><\/p>\n<p style=\"text-align: justify;\">Fethiye \u00c7etin, kitab\u0131nda Hrant Dink cinayetinin, haz\u0131rlan\u0131\u015f\u0131yla, i\u015fleni\u015fiyle g\u00f6zlerimizin \u00f6n\u00fcnde ad\u0131m ad\u0131m ger\u00e7ekle\u015ftirildi\u011fini ve bizim de bu s\u00fcreci y\u0131llar boyu ba\u015fka su\u00e7 ve ac\u0131lar\u0131\u00a0 seyretti\u011fimiz gibi seyretmekle yetindi\u011fimizi yaz\u0131yor.<\/p>\n<p style=\"text-align: justify;\">Maalesef \u00e7ok hakl\u0131.<\/p>\n<p style=\"text-align: justify;\"><b>Hazal \u00d6zvar\u0131\u015f<\/b> bug\u00fcn <b>T24<\/b>\u2019te yay\u0131mlanan g\u00fczel s\u00f6yle\u015fisinde Fethiye \u00c7etin\u2019e soruyor:<\/p>\n<p style=\"text-align: justify;\"><i>\u201c\u00c7izdi\u011finiz tabloda bas\u0131nda \u00f6zele\u015ftiri yok, <b>Kerin\u00e7siz<\/b>\u2019e <b>emrin var m\u0131<\/b> diyen h\u00e2kime soru\u015fturma yok, davaya m\u00fcdahil olan bir baro yok&#8230; Hrant Dink cinayeti i\u00e7in at\u0131lmayan ad\u0131mlar sizce yeni cinayetler i\u00e7in de kap\u0131y\u0131 a\u00e7\u0131k b\u0131rak\u0131yor mu?\u201d<\/i><\/p>\n<p style=\"text-align: justify;\"><b>Fethiye \u00c7etin:<\/b><i> &#8220;<\/i>Geni\u015fletelim; kamu g\u00f6revlilerinin cinayete dahli, kamu g\u00f6revlilerinin san\u0131klarla ili\u015fkileri, b\u00fct\u00fcn cinayet planlar\u0131na \u00f6nlem almamalar\u0131, san\u0131klara neredeyse baz\u0131 konularda yard\u0131mc\u0131 olmalar\u0131, san\u0131klar\u0131n telefon g\u00f6r\u00fc\u015fmelerinin silinmesi&#8230; B\u00fct\u00fcn bunlar\u0131 d\u00fc\u015f\u00fcnd\u00fc\u011f\u00fcn\u00fczde bir tane polis yarg\u0131land\u0131 m\u0131? Hay\u0131r. Bu kamu g\u00f6revlilerini cesaretlendiriyor, \u00e7\u00fcnk\u00fc cezas\u0131zl\u0131k kural\u0131 i\u015fliyor, kamu g\u00f6revlilerine kimse dokunam\u0131yor. O y\u00fczden de bu son g\u00fcnlerde ya\u015fad\u0131klar\u0131m\u0131za bak\u0131n. Eski\u015fehir&#8217;de <b>Ali \u0130smail Korkmaz<\/b>\u2019\u0131 lin\u00e7 ederek \u00f6ld\u00fcren emniyet g\u00f6revlisi bu pervas\u0131zl\u0131\u011f\u0131 nereden al\u0131yor? Ge\u00e7mi\u015fteki eylemlerinden dolay\u0131 g\u00fcvenlik g\u00fc\u00e7leri yarg\u0131 \u00f6n\u00fcne \u00e7\u0131kar\u0131l\u0131p ceza alsa idi bug\u00fcn b\u00f6yle mi davran\u0131rd\u0131 o polis? Her \u015feyden \u00f6nce cezas\u0131zl\u0131\u011f\u0131n \u00f6n\u00fcne ge\u00e7mek laz\u0131m. Sizin de hakl\u0131 olarak ifade etti\u011finiz gibi hesab\u0131 sorulmam\u0131\u015f her cinayet yenilerinin kap\u0131s\u0131n\u0131 aral\u0131yor, her su\u00e7 yenilerini tetikliyor.&#8221;<\/p>\n<p style=\"text-align: justify;\"><b>&#8216;Siyasi irade \u00f6nlerini a\u00e7mad\u0131k\u00e7a savc\u0131lar ilerleyemiyor&#8217;<\/b><\/p>\n<p style=\"text-align: justify;\"><b>Hazal \u00d6zvar\u0131\u015f<\/b>:<i> Ba\u015fbakan Erdo\u011fan&#8217;\u0131n, \u2018Ben bu davan\u0131n savc\u0131s\u0131y\u0131m\u2019 dedi\u011fi <b>Ergenekon<\/b> davas\u0131n\u0131n ger\u00e7ek savc\u0131s\u0131 <b>Zekeriya \u00d6z<\/b> neden AKP taraf\u0131ndan engellensin?<\/i><\/p>\n<p style=\"text-align: justify;\"><b>Fethiye \u00c7etin: <\/b>&#8220;\u015e\u00f6yle; Zekeriya Bey birka\u00e7 kez sordu, hat\u0131rlatt\u0131, o s\u0131rada ortal\u0131kta dola\u015fan \u015fema hakk\u0131nda da bilgi istedi, birka\u00e7 kez yazd\u0131. Bir \u00e7abas\u0131 vard\u0131, fakat g\u00f6rd\u00fc\u011f\u00fcm kadar\u0131yla bu t\u00fcr davalarda siyasi irade savc\u0131lar\u0131n \u00f6n\u00fcn\u00fc a\u00e7mad\u0131k\u00e7a, devletin derinli\u011fine giden yoldaki, Ba\u015fbakan&#8217;\u0131n deyimiyle &#8220;dehlizler&#8221;deki delilleri \u00e7\u0131karmad\u0131k\u00e7a savc\u0131lar ilerleyemiyorlar. Zekeriya \u00d6z&#8217;e Ergenekon davas\u0131nda bir yere kadar bu yolu a\u00e7t\u0131lar, fakat sonra kapatt\u0131lar. \u00c7\u00fcnk\u00fc Ergenekon dosyas\u0131n\u0131, iddianamesini, m\u00fctalaas\u0131n\u0131 ve kararlar\u0131n\u0131 &#8220;h\u00fck\u00fcmete kar\u015f\u0131 darbe te\u015febb\u00fcs\u00fc&#8221; ile s\u0131n\u0131rlad\u0131lar. Eylemler \u00fczerine odaklanmad\u0131lar ya da eylemleri ara\u015ft\u0131rmad\u0131lar.&#8221;<\/p>\n<p style=\"text-align: justify;\"><b>Dink cinayeti pazarl\u0131k masas\u0131na m\u0131 kondu?\u00a0<\/b><\/p>\n<p style=\"text-align: justify;\"><b>Hazal \u00d6zvar\u0131\u015f: <\/b><i>Kafa kar\u0131\u015ft\u0131ran nokta \u015fu: Zekeriya \u00d6z&#8217;e bilgi ak\u0131\u015f\u0131n\u0131 s\u0131n\u0131rland\u0131rd\u0131\u011f\u0131n\u0131 s\u00f6yledi\u011finiz mecran\u0131n Hrant Dink cinayeti i\u00e7in, \u2018<b>Bu cinayet asl\u0131nda bize kar\u015f\u0131 i\u015flenmi\u015f bir cinayettir<\/b>\u2019 diyen, Ergenekon davas\u0131n\u0131 kendisini taraf ilan ederek savunan <b>Tayyip Erdo\u011fan<\/b>\u2019\u0131n ba\u015f\u0131nda oldu\u011fu siyasi irade olmas\u0131. Sizce <b>birden \u00e7ok AKP<\/b> mi var?<\/i><\/p>\n<p style=\"text-align: justify;\"><b>Fethiye \u00c7etin: <\/b>&#8220;Savc\u0131 de\u011filim, savc\u0131lar\u0131n sahip oldu\u011fu yetkilere sahip de\u011filim ama kafam\u0131 kurcalayan birtak\u0131m sorular sorabilir, baz\u0131 iddialarda bulunabilirim.\u00a0 O tarihlerde AKP h\u00fck\u00fcmetinin elinde Hrant Dink cinayeti dahil olmak\u00a0 \u00fczere bir\u00e7ok eylemin bilgisi oldu\u011funu d\u00fc\u015f\u00fcn\u00fcyorum. AKP h\u00fck\u00fcmette ancak o tarihlerde hen\u00fcz tam anlam\u0131yla muktedir de\u011fil. AKP\u2019nin iktidar\u0131n\u0131 sa\u011flamla\u015ft\u0131rmas\u0131, rakiplerinin tasfiyesine ba\u011fl\u0131.\u00a0 Ve burada da yeni bir soruyla yola \u00e7\u0131k\u0131yorum; Ergenekon davas\u0131, bir mutabakat \u00fcr\u00fcn\u00fc m\u00fc?\u00a0 Ergenekon davas\u0131nda yarg\u0131lanan ki\u015filerin tasfiyesini konu alan bir mutabakat mi bu?\u00a0 Mutabakata g\u00f6re, eylemler \u00fczerine gidilmeyecek, ancak birtak\u0131m ki\u015filer darbe te\u015febb\u00fcs\u00fc ile yarg\u0131lanacak, ceza alacak ve b\u00f6ylece bu ekip tasfiye mi edilecek? Sanki bu\u00a0 ger\u00e7ekle\u015ftirildi. Bir k\u0131s\u0131m san\u0131klar a\u011f\u0131r cezalar ald\u0131. <b>Veli K\u00fc\u00e7\u00fck<\/b>ler, <b>Muzaffer Tekin<\/b>lere oldu\u011fu gibi\u2026 Yani bu ekibi alt edebilmek i\u00e7in bir pazarl\u0131k y\u00fcr\u00fct\u00fcld\u00fc\u011f\u00fcn\u00fc ve bu pazarl\u0131kta Hrant Dink cinayeti dahil olmak \u00fczere pek \u00e7ok eylem dosyas\u0131n\u0131n masaya kondu\u011funu d\u00fc\u015f\u00fcn\u00fcyorum.\u00a0 Sonu\u00e7ta, Ergenekon davas\u0131n\u0131n \u00e7er\u00e7evesi de darbe te\u015febb\u00fcs\u00fc ile s\u0131n\u0131rland\u0131, eylemler soru\u015fturma d\u0131\u015f\u0131nda b\u0131rak\u0131ld\u0131. S\u0131n\u0131r burada tutulunca, eylemlere ili\u015fkin deliller savc\u0131lara g\u00f6nderilmedi.\u00a0 Eylemler ara\u015ft\u0131r\u0131lsayd\u0131 hem Ergenekon san\u0131klar\u0131ndan baz\u0131lar\u0131n\u0131n Hrant Dink cinayetinde aktif rol ald\u0131\u011f\u0131 g\u00f6r\u00fclecek, hem de buradan Ergenekon \u00fcst\u00fcndeki ve derinindeki yap\u0131ya ula\u015f\u0131lacakt\u0131. Bu yap\u0131lmad\u0131.&#8221;<\/p>\n<p style=\"text-align: justify;\"><b>Tekrar ba\u015flayan Dink davas\u0131 en b\u00fcy\u00fck s\u0131navlardan biri<\/b><\/p>\n<p style=\"text-align: justify;\">Fethiye \u00c7etin\u2019in dokundu\u011fu bu \u00f6nemli halkay\u0131, <b>Agos<\/b> gazetesi de son say\u0131s\u0131ndaki \u2018<b>Siz katilleri iyi bilirsiniz!<\/b>\u2019 ba\u015fl\u0131\u011f\u0131 ta\u015f\u0131yan ba\u015fyaz\u0131s\u0131nda \u015f\u00f6yle \u00e7ekmi\u015f:<\/p>\n<p style=\"text-align: justify;\">\u201cYarg\u0131tay\u2019dan d\u00f6nen dava 17 Eyl\u00fcl Sal\u0131 g\u00fcn\u00fc (yar\u0131n) \u2018<b>Adalet Saray\u0131\u2019<\/b> \u00c7a\u011flayan\u2019a terfi etmi\u015f haliyle yeniden ba\u015fl\u0131yor. 15 Eyl\u00fcl\u2019de, ad\u0131na verilen \u00f6d\u00fclle birlikte kutlanan <b>Hrant Dink<\/b>\u2019in 59. do\u011fum g\u00fcn\u00fcn\u00fcn iki g\u00fcn sonras\u0131nda. Dava, siyasi \u00e7ap\u0131yla ba\u015fta h\u00fck\u00fcmet ve di\u011fer akt\u00f6rler olmak \u00fczere b\u00fct\u00fcn sorumlular\u0131n s\u0131nav\u0131 olacak. Fena halde \u00e7ak\u0131lan vicdan ve adalet dersinde b\u00fct\u00fcnleme d\u00f6nemini g\u00f6rece\u011fiz.\u201d<\/p>\n<p style=\"text-align: justify;\">Dileriz, bu kez bu s\u0131navdan ge\u00e7ilir.<\/p>\n<p style=\"text-align: justify;\">\u00c7\u00fcnk\u00fc bu s\u0131nav, T\u00fcrkiye\u2019de demokrasi ve hukukun \u00fcst\u00fcnl\u00fc\u011f\u00fc yolundaki en b\u00fcy\u00fck s\u0131navlardan birini olu\u015fturuyor.<\/p>\n<p style=\"text-align: justify;\"><b><i>Twitter: <\/i><\/b><b><i>@HSNCML<\/i><\/b><\/p>\n<p style=\"text-align: justify;\"><b><i>http:\/\/t24.com.tr\/yazi\/u-t-a-n-c&#8212;d-u-y-u-y-o-r-u-m\/7419<\/i><\/b><\/p>\n","protected":false},"excerpt":{"rendered":"<p>Hasan Cemal Sevgili Hrant \u00f6ylesine ya\u015fad\u0131 ve \u00f6ylesine \u00f6ld\u00fc ki, T\u00fcrkiye\u2019ye ili\u015fkin yeni sorular sorulmas\u0131na, yeni cevaplar aranmas\u0131na yol a\u00e7t\u0131. Ama \u015funu iyi bilin; \u2018eski yap\u0131\u2019 direniyor! T\u00fcrkiye\u2019yi \u2018yalanda ya\u015fatma\u2019ya ahdetmi\u015f kafalar, Dink cinayetini karanl\u0131kta tutmak i\u00e7in direnmeye devam ediyorlar. Dink davas\u0131 yar\u0131n yeniden ele al\u0131nmaya ba\u015flanacak. Ne kadar iyimser olabiliriz? Davan\u0131n bug\u00fcne kadarki seyri, [&hellip;]<\/p>\n","protected":false},"author":7,"featured_media":0,"comment_status":"open","ping_status":"open","sticky":false,"template":"","format":"standard","meta":{"footnotes":""},"categories":[1],"tags":[],"class_list":["post-25564","post","type-post","status-publish","format-standard","hentry","category-haberler"],"yoast_head":"<!-- This site is optimized with the Yoast SEO plugin v27.4 - https:\/\/yoast.com\/product\/yoast-seo-wordpress\/ -->\n<title>Utan\u00e7 Duyuyorum - Bati Ermenistan Ve Bati Ermenileri Sorunlari Ara\u015ftirmalar Merkezi<\/title>\n<meta name=\"robots\" content=\"index, follow, max-snippet:-1, max-image-preview:large, max-video-preview:-1\" \/>\n<link rel=\"canonical\" href=\"https:\/\/akunq.net\/tr\/?p=25564\" \/>\n<meta property=\"og:locale\" content=\"en_US\" \/>\n<meta property=\"og:type\" content=\"article\" \/>\n<meta property=\"og:title\" content=\"Utan\u00e7 Duyuyorum - Bati Ermenistan Ve Bati Ermenileri Sorunlari Ara\u015ftirmalar Merkezi\" \/>\n<meta property=\"og:description\" content=\"Hasan Cemal Sevgili Hrant \u00f6ylesine ya\u015fad\u0131 ve \u00f6ylesine \u00f6ld\u00fc ki, T\u00fcrkiye\u2019ye ili\u015fkin yeni sorular sorulmas\u0131na, yeni cevaplar aranmas\u0131na yol a\u00e7t\u0131. Ama \u015funu iyi bilin; \u2018eski yap\u0131\u2019 direniyor! T\u00fcrkiye\u2019yi \u2018yalanda ya\u015fatma\u2019ya ahdetmi\u015f kafalar, Dink cinayetini karanl\u0131kta tutmak i\u00e7in direnmeye devam ediyorlar. Dink davas\u0131 yar\u0131n yeniden ele al\u0131nmaya ba\u015flanacak. Ne kadar iyimser olabiliriz? Davan\u0131n bug\u00fcne kadarki seyri, [&hellip;]\" \/>\n<meta property=\"og:url\" content=\"https:\/\/akunq.net\/tr\/?p=25564\" \/>\n<meta property=\"og:site_name\" content=\"Bati Ermenistan Ve Bati Ermenileri Sorunlari Ara\u015ftirmalar Merkezi\" \/>\n<meta property=\"article:published_time\" content=\"2013-09-17T06:47:55+00:00\" \/>\n<meta property=\"og:image\" content=\"http:\/\/akunq.net\/tr\/wp-content\/uploads\/2013\/09\/Hasan-Cemal.jpg\" \/>\n<meta name=\"author\" content=\"admin\" \/>\n<meta name=\"twitter:card\" content=\"summary_large_image\" \/>\n<meta name=\"twitter:label1\" content=\"Written by\" \/>\n\t<meta name=\"twitter:data1\" content=\"admin\" \/>\n\t<meta name=\"twitter:label2\" content=\"Est. reading time\" \/>\n\t<meta name=\"twitter:data2\" content=\"11 minutes\" \/>\n<script type=\"application\/ld+json\" class=\"yoast-schema-graph\">{\"@context\":\"https:\\\/\\\/schema.org\",\"@graph\":[{\"@type\":\"Article\",\"@id\":\"https:\\\/\\\/akunq.net\\\/tr\\\/?p=25564#article\",\"isPartOf\":{\"@id\":\"https:\\\/\\\/akunq.net\\\/tr\\\/?p=25564\"},\"author\":{\"name\":\"admin\",\"@id\":\"https:\\\/\\\/akunq.net\\\/tr\\\/#\\\/schema\\\/person\\\/096f1d38a12cce57fb855b485ed24c9e\"},\"headline\":\"Utan\u00e7 Duyuyorum\",\"datePublished\":\"2013-09-17T06:47:55+00:00\",\"mainEntityOfPage\":{\"@id\":\"https:\\\/\\\/akunq.net\\\/tr\\\/?p=25564\"},\"wordCount\":2103,\"commentCount\":0,\"image\":{\"@id\":\"https:\\\/\\\/akunq.net\\\/tr\\\/?p=25564#primaryimage\"},\"thumbnailUrl\":\"http:\\\/\\\/akunq.net\\\/tr\\\/wp-content\\\/uploads\\\/2013\\\/09\\\/Hasan-Cemal.jpg\",\"articleSection\":[\"Haberler\"],\"inLanguage\":\"en-US\",\"potentialAction\":[{\"@type\":\"CommentAction\",\"name\":\"Comment\",\"target\":[\"https:\\\/\\\/akunq.net\\\/tr\\\/?p=25564#respond\"]}]},{\"@type\":\"WebPage\",\"@id\":\"https:\\\/\\\/akunq.net\\\/tr\\\/?p=25564\",\"url\":\"https:\\\/\\\/akunq.net\\\/tr\\\/?p=25564\",\"name\":\"Utan\u00e7 Duyuyorum - Bati Ermenistan Ve Bati Ermenileri Sorunlari Ara\u015ftirmalar Merkezi\",\"isPartOf\":{\"@id\":\"https:\\\/\\\/akunq.net\\\/tr\\\/#website\"},\"primaryImageOfPage\":{\"@id\":\"https:\\\/\\\/akunq.net\\\/tr\\\/?p=25564#primaryimage\"},\"image\":{\"@id\":\"https:\\\/\\\/akunq.net\\\/tr\\\/?p=25564#primaryimage\"},\"thumbnailUrl\":\"http:\\\/\\\/akunq.net\\\/tr\\\/wp-content\\\/uploads\\\/2013\\\/09\\\/Hasan-Cemal.jpg\",\"datePublished\":\"2013-09-17T06:47:55+00:00\",\"author\":{\"@id\":\"https:\\\/\\\/akunq.net\\\/tr\\\/#\\\/schema\\\/person\\\/096f1d38a12cce57fb855b485ed24c9e\"},\"breadcrumb\":{\"@id\":\"https:\\\/\\\/akunq.net\\\/tr\\\/?p=25564#breadcrumb\"},\"inLanguage\":\"en-US\",\"potentialAction\":[{\"@type\":\"ReadAction\",\"target\":[\"https:\\\/\\\/akunq.net\\\/tr\\\/?p=25564\"]}]},{\"@type\":\"ImageObject\",\"inLanguage\":\"en-US\",\"@id\":\"https:\\\/\\\/akunq.net\\\/tr\\\/?p=25564#primaryimage\",\"url\":\"http:\\\/\\\/akunq.net\\\/tr\\\/wp-content\\\/uploads\\\/2013\\\/09\\\/Hasan-Cemal.jpg\",\"contentUrl\":\"http:\\\/\\\/akunq.net\\\/tr\\\/wp-content\\\/uploads\\\/2013\\\/09\\\/Hasan-Cemal.jpg\"},{\"@type\":\"BreadcrumbList\",\"@id\":\"https:\\\/\\\/akunq.net\\\/tr\\\/?p=25564#breadcrumb\",\"itemListElement\":[{\"@type\":\"ListItem\",\"position\":1,\"name\":\"Home\",\"item\":\"https:\\\/\\\/akunq.net\\\/tr\"},{\"@type\":\"ListItem\",\"position\":2,\"name\":\"Utan\u00e7 Duyuyorum\"}]},{\"@type\":\"WebSite\",\"@id\":\"https:\\\/\\\/akunq.net\\\/tr\\\/#website\",\"url\":\"https:\\\/\\\/akunq.net\\\/tr\\\/\",\"name\":\"Bati Ermenistan Ve Bati Ermenileri Sorunlari Ara\u015ftirmalar Merkezi\",\"description\":\"\",\"potentialAction\":[{\"@type\":\"SearchAction\",\"target\":{\"@type\":\"EntryPoint\",\"urlTemplate\":\"https:\\\/\\\/akunq.net\\\/tr\\\/?s={search_term_string}\"},\"query-input\":{\"@type\":\"PropertyValueSpecification\",\"valueRequired\":true,\"valueName\":\"search_term_string\"}}],\"inLanguage\":\"en-US\"},{\"@type\":\"Person\",\"@id\":\"https:\\\/\\\/akunq.net\\\/tr\\\/#\\\/schema\\\/person\\\/096f1d38a12cce57fb855b485ed24c9e\",\"name\":\"admin\",\"url\":\"https:\\\/\\\/akunq.net\\\/tr\\\/?author=7\"}]}<\/script>\n<!-- \/ Yoast SEO plugin. -->","yoast_head_json":{"title":"Utan\u00e7 Duyuyorum - Bati Ermenistan Ve Bati Ermenileri Sorunlari Ara\u015ftirmalar Merkezi","robots":{"index":"index","follow":"follow","max-snippet":"max-snippet:-1","max-image-preview":"max-image-preview:large","max-video-preview":"max-video-preview:-1"},"canonical":"https:\/\/akunq.net\/tr\/?p=25564","og_locale":"en_US","og_type":"article","og_title":"Utan\u00e7 Duyuyorum - Bati Ermenistan Ve Bati Ermenileri Sorunlari Ara\u015ftirmalar Merkezi","og_description":"Hasan Cemal Sevgili Hrant \u00f6ylesine ya\u015fad\u0131 ve \u00f6ylesine \u00f6ld\u00fc ki, T\u00fcrkiye\u2019ye ili\u015fkin yeni sorular sorulmas\u0131na, yeni cevaplar aranmas\u0131na yol a\u00e7t\u0131. Ama \u015funu iyi bilin; \u2018eski yap\u0131\u2019 direniyor! T\u00fcrkiye\u2019yi \u2018yalanda ya\u015fatma\u2019ya ahdetmi\u015f kafalar, Dink cinayetini karanl\u0131kta tutmak i\u00e7in direnmeye devam ediyorlar. Dink davas\u0131 yar\u0131n yeniden ele al\u0131nmaya ba\u015flanacak. Ne kadar iyimser olabiliriz? Davan\u0131n bug\u00fcne kadarki seyri, [&hellip;]","og_url":"https:\/\/akunq.net\/tr\/?p=25564","og_site_name":"Bati Ermenistan Ve Bati Ermenileri Sorunlari Ara\u015ftirmalar Merkezi","article_published_time":"2013-09-17T06:47:55+00:00","og_image":[{"url":"http:\/\/akunq.net\/tr\/wp-content\/uploads\/2013\/09\/Hasan-Cemal.jpg","type":"","width":"","height":""}],"author":"admin","twitter_card":"summary_large_image","twitter_misc":{"Written by":"admin","Est. reading time":"11 minutes"},"schema":{"@context":"https:\/\/schema.org","@graph":[{"@type":"Article","@id":"https:\/\/akunq.net\/tr\/?p=25564#article","isPartOf":{"@id":"https:\/\/akunq.net\/tr\/?p=25564"},"author":{"name":"admin","@id":"https:\/\/akunq.net\/tr\/#\/schema\/person\/096f1d38a12cce57fb855b485ed24c9e"},"headline":"Utan\u00e7 Duyuyorum","datePublished":"2013-09-17T06:47:55+00:00","mainEntityOfPage":{"@id":"https:\/\/akunq.net\/tr\/?p=25564"},"wordCount":2103,"commentCount":0,"image":{"@id":"https:\/\/akunq.net\/tr\/?p=25564#primaryimage"},"thumbnailUrl":"http:\/\/akunq.net\/tr\/wp-content\/uploads\/2013\/09\/Hasan-Cemal.jpg","articleSection":["Haberler"],"inLanguage":"en-US","potentialAction":[{"@type":"CommentAction","name":"Comment","target":["https:\/\/akunq.net\/tr\/?p=25564#respond"]}]},{"@type":"WebPage","@id":"https:\/\/akunq.net\/tr\/?p=25564","url":"https:\/\/akunq.net\/tr\/?p=25564","name":"Utan\u00e7 Duyuyorum - Bati Ermenistan Ve Bati Ermenileri Sorunlari Ara\u015ftirmalar Merkezi","isPartOf":{"@id":"https:\/\/akunq.net\/tr\/#website"},"primaryImageOfPage":{"@id":"https:\/\/akunq.net\/tr\/?p=25564#primaryimage"},"image":{"@id":"https:\/\/akunq.net\/tr\/?p=25564#primaryimage"},"thumbnailUrl":"http:\/\/akunq.net\/tr\/wp-content\/uploads\/2013\/09\/Hasan-Cemal.jpg","datePublished":"2013-09-17T06:47:55+00:00","author":{"@id":"https:\/\/akunq.net\/tr\/#\/schema\/person\/096f1d38a12cce57fb855b485ed24c9e"},"breadcrumb":{"@id":"https:\/\/akunq.net\/tr\/?p=25564#breadcrumb"},"inLanguage":"en-US","potentialAction":[{"@type":"ReadAction","target":["https:\/\/akunq.net\/tr\/?p=25564"]}]},{"@type":"ImageObject","inLanguage":"en-US","@id":"https:\/\/akunq.net\/tr\/?p=25564#primaryimage","url":"http:\/\/akunq.net\/tr\/wp-content\/uploads\/2013\/09\/Hasan-Cemal.jpg","contentUrl":"http:\/\/akunq.net\/tr\/wp-content\/uploads\/2013\/09\/Hasan-Cemal.jpg"},{"@type":"BreadcrumbList","@id":"https:\/\/akunq.net\/tr\/?p=25564#breadcrumb","itemListElement":[{"@type":"ListItem","position":1,"name":"Home","item":"https:\/\/akunq.net\/tr"},{"@type":"ListItem","position":2,"name":"Utan\u00e7 Duyuyorum"}]},{"@type":"WebSite","@id":"https:\/\/akunq.net\/tr\/#website","url":"https:\/\/akunq.net\/tr\/","name":"Bati Ermenistan Ve Bati Ermenileri Sorunlari Ara\u015ftirmalar Merkezi","description":"","potentialAction":[{"@type":"SearchAction","target":{"@type":"EntryPoint","urlTemplate":"https:\/\/akunq.net\/tr\/?s={search_term_string}"},"query-input":{"@type":"PropertyValueSpecification","valueRequired":true,"valueName":"search_term_string"}}],"inLanguage":"en-US"},{"@type":"Person","@id":"https:\/\/akunq.net\/tr\/#\/schema\/person\/096f1d38a12cce57fb855b485ed24c9e","name":"admin","url":"https:\/\/akunq.net\/tr\/?author=7"}]}},"_links":{"self":[{"href":"https:\/\/akunq.net\/tr\/index.php?rest_route=\/wp\/v2\/posts\/25564","targetHints":{"allow":["GET"]}}],"collection":[{"href":"https:\/\/akunq.net\/tr\/index.php?rest_route=\/wp\/v2\/posts"}],"about":[{"href":"https:\/\/akunq.net\/tr\/index.php?rest_route=\/wp\/v2\/types\/post"}],"author":[{"embeddable":true,"href":"https:\/\/akunq.net\/tr\/index.php?rest_route=\/wp\/v2\/users\/7"}],"replies":[{"embeddable":true,"href":"https:\/\/akunq.net\/tr\/index.php?rest_route=%2Fwp%2Fv2%2Fcomments&post=25564"}],"version-history":[{"count":1,"href":"https:\/\/akunq.net\/tr\/index.php?rest_route=\/wp\/v2\/posts\/25564\/revisions"}],"predecessor-version":[{"id":25566,"href":"https:\/\/akunq.net\/tr\/index.php?rest_route=\/wp\/v2\/posts\/25564\/revisions\/25566"}],"wp:attachment":[{"href":"https:\/\/akunq.net\/tr\/index.php?rest_route=%2Fwp%2Fv2%2Fmedia&parent=25564"}],"wp:term":[{"taxonomy":"category","embeddable":true,"href":"https:\/\/akunq.net\/tr\/index.php?rest_route=%2Fwp%2Fv2%2Fcategories&post=25564"},{"taxonomy":"post_tag","embeddable":true,"href":"https:\/\/akunq.net\/tr\/index.php?rest_route=%2Fwp%2Fv2%2Ftags&post=25564"}],"curies":[{"name":"wp","href":"https:\/\/api.w.org\/{rel}","templated":true}]}}