{"id":25536,"date":"2013-09-14T00:58:28","date_gmt":"2013-09-14T05:58:28","guid":{"rendered":"http:\/\/akunq.net\/tr\/?p=25536"},"modified":"2013-09-14T00:58:28","modified_gmt":"2013-09-14T05:58:28","slug":"uluslararasi-hrant-dink-odul-toreni-internet-uzerinden-naklen-yayinlanacaktir","status":"publish","type":"post","link":"https:\/\/akunq.net\/tr\/?p=25536","title":{"rendered":"Uluslararas\u0131 Hrant Dink \u00d6d\u00fcl T\u00f6reni \u0130nternet \u00dczerinden Naklen Yay\u0131nlanacakt\u0131r"},"content":{"rendered":"<p style=\"text-align: justify;\"><a href=\"http:\/\/akunq.net\/tr\/wp-content\/uploads\/2013\/09\/ULUSLARARASI-HRANT-D\u0130NK-\u00d6D\u00dcL-T\u00d6REN\u0130.jpg\"><img loading=\"lazy\" decoding=\"async\" class=\"alignright size-medium wp-image-25537\" alt=\"ULUSLARARASI HRANT D\u0130NK \u00d6D\u00dcL T\u00d6REN\u0130\" src=\"http:\/\/akunq.net\/tr\/wp-content\/uploads\/2013\/09\/ULUSLARARASI-HRANT-D\u0130NK-\u00d6D\u00dcL-T\u00d6REN\u0130-300x123.jpg\" width=\"300\" height=\"123\" srcset=\"https:\/\/akunq.net\/tr\/wp-content\/uploads\/sites\/6\/2013\/09\/ULUSLARARASI-HRANT-D\u0130NK-\u00d6D\u00dcL-T\u00d6REN\u0130-300x123.jpg 300w, https:\/\/akunq.net\/tr\/wp-content\/uploads\/sites\/6\/2013\/09\/ULUSLARARASI-HRANT-D\u0130NK-\u00d6D\u00dcL-T\u00d6REN\u0130.jpg 600w\" sizes=\"auto, (max-width: 300px) 100vw, 300px\" \/><\/a>Hrant Dink\u2019in do\u011fum g\u00fcn\u00fc olan 15 Eyl\u00fcl\u2019de be\u015finci kez verilecek olan Uluslararas\u0131 Hrant Dink \u00d6d\u00fcl t\u00f6reni <a href=\"http:\/\/www.hrantdink.org\" target=\"_blank\"><b>www.hrantdink.org<\/b><\/a> ve <a href=\"http:\/\/www.hrantdinkodulu.org\" target=\"_blank\"><b>www.hrantdinkodulu.org<\/b><\/a> adreslerinden saat 20.00\u2019den itibaren T\u00fcrk\u00e7e ve \u0130ngilizce olarak canl\u0131 izlenebilecek.<\/p>\n<p style=\"text-align: justify;\">Geceye dair t\u00fcm detaylar t\u00f6renle e\u015f zamanl\u0131 olarak <strong>Facebook<\/strong>\u2019ta \u2018Uluslararas\u0131 Hrant Dink \u00d6d\u00fcl\u00fc \/ International Hrant Dink Award\u2019 ve \u2018Hrant Dink Vakf\u0131 \/ Hrant Dink Foundation \/ <strong>\u0540\u0580\u0561\u0576\u0564<\/strong> \u054f\u056b\u0576\u0584 \u0540\u056b\u0574\u0576\u0561\u0580\u056f\u2019 sayfalar\u0131ndan ve <strong>Twitter<\/strong>\u2019da \u2018hrantdinkvakfi\u2019 ve \u2018hrantdinkaward\u2019 hesaplar\u0131ndan 3 dilde (T\u00fcrk\u00e7e, \u0130ngilizce ve Ermenice) takip edilebilecek.<\/p>\n<p style=\"text-align: justify;\">Uluslararas\u0131 Hrant Dink \u00d6d\u00fcl t\u00f6reni, 15 Eyl\u00fcl 2013 Pazar g\u00fcn\u00fc, saat 20.00-22.00 aras\u0131nda \u0130stanbul L\u00fctfi K\u0131rdar Kongre ve Sergi Saray\u0131\u2019nda ger\u00e7ekle\u015fecek. Sunuculu\u011funu <strong>Olgun\u00a0 \u015eim\u015fek<\/strong>\u2019in yapaca\u011f\u0131 \u00f6d\u00fcl t\u00f6reninde, <strong>Hayko\u00a0Cepkin<\/strong> ve <strong>Bo\u011fazi\u00e7i\u00a0Caz\u00a0Korosu<\/strong>\u2019nun sahne alacak ve 2013 y\u0131l\u0131 \u00f6d\u00fcl sahipleri a\u00e7\u0131klanacak.<\/p>\n<p style=\"text-align: justify;\">\u00d6d\u00fcl\u00fcn bu y\u0131lki j\u00fcrisinde Tim Garton Ash, \u0130smail Be\u015fik\u00e7i, Lydia Cacho, Rakel Dink, Costa Gavras, Nil\u00fcfer G\u00f6le, Alexander Iskendaryan, Etyen Mah\u00e7upyan ve Uluslararas\u0131 \u201cMemorial\u201d Toplulu\u011fu bulunuyor.<\/p>\n<p style=\"text-align: justify;\">\u00d6d\u00fcl, her y\u0131l, ayr\u0131mc\u0131l\u0131ktan, \u0131rk\u00e7\u0131l\u0131ktan, \u015fiddetten ar\u0131nm\u0131\u015f, daha \u00f6zg\u00fcr ve adil bir d\u00fcnya i\u00e7in \u00e7al\u0131\u015fan, bu idealler u\u011fruna bireysel risk alan, ezber bozan, bar\u0131\u015f\u0131n dilini kullanan, bunlar\u0131 yaparken, insanlara m\u00fccadeleye devam etme yolunda ilham ve umut veren, biri T\u00fcrkiye\u2019den biri yurt d\u0131\u015f\u0131ndan olmak \u00fczere, iki ki\u015fi, kurum veya gruplara veriliyor.<\/p>\n<p style=\"text-align: justify;\">Hrant Dink Vakf\u0131, \u00f6d\u00fclle, bu y\u00f6nde \u00e7aba g\u00f6sterenlere, seslerinin duyuldu\u011funu, yapt\u0131klar\u0131n\u0131n g\u00f6r\u00fcld\u00fc\u011f\u00fcn\u00fc ve yaln\u0131z olmad\u0131klar\u0131n\u0131 hat\u0131rlatmak, onlara manen destek olmak, t\u00fcm insanlar\u0131 idealleri u\u011fruna m\u00fccadeleye te\u015fvik etmek istiyor.<\/p>\n<p style=\"text-align: justify;\">\u00d6nceki y\u0131llarda Uluslararas\u0131 Hrant Dink \u00d6d\u00fcl\u00fc\u2019n\u00fc kazananlar aras\u0131nda Alper G\u00f6rm\u00fc\u015f, Amira Hass, T\u00fcrkiye Vicdani Ret Hareketi, Baltasar Garz\u00f3n, Ahmet Altan, Lydia Cacho, \u0130smail Be\u015fik\u00e7i ve Uluslararas\u0131 \u201cMemorial\u201d Toplulu\u011fu bulunuyor.<\/p>\n<p style=\"text-align: justify;\"><strong>\u00a0<\/strong><\/p>\n<p style=\"text-align: justify;\"><strong>INTERNATIONAL HRANT DINK AWARD CEREMONY LIVE ON INTERNET<\/strong><\/p>\n<p style=\"text-align: justify;\">The International Hrant Dink Award Ceremony, which will be presented for the fifth time on Hrant Dink\u2019s birthday, September 15, will be broadcasted live in English on <a href=\"http:\/\/www.hrantdink.org\" target=\"_blank\"><b>www.hrantdink.org<\/b><\/a> and <a href=\"http:\/\/www.hrantdinkodulu.org\" target=\"_blank\"><b>www.hrantdinkodulu.org<\/b><\/a>.<\/p>\n<p style=\"text-align: justify;\">The details of the night will also be available on <strong>Facebook<\/strong> pages \u2018Uluslararas\u0131 Hrant Dink \u00d6d\u00fcl\u00fc \/ International Hrant Dink Award\u2019 and \u2018Hrant Dink Vakf\u0131 \/ Hrant Dink Foundation \/ \u0540\u0580\u0561\u0576\u0564 \u054f\u056b\u0576\u0584 \u0540\u056b\u0574\u0576\u0561\u0580\u056f\u2019 and \u2018HrantDinkVakfi\u2019 ve \u2018HrantDinkAward\u2019 accounts on <strong>Twitter<\/strong> in 3 languages, being Turkish, English and Armenian.<\/p>\n<p style=\"text-align: justify;\">The award ceremony will take place on September 15th, 2013 between the hours 20.00-22.00 (between UTC\/GMT +2 hours and UTC\/GMT +4 hours) at Istanbul L\u00fctfi K\u0131rdar Convention &amp; Exhibition Centre. At the ceremony, <strong>Hayko Cepkin<\/strong> and <strong>Bogazici Jazz Choir<\/strong> will take to the stage, and the awardees of 2013 will be announced. The ceremony will be presented by <strong>Olgun Simsek<\/strong>.<\/p>\n<p style=\"text-align: justify;\">The Jury of the International Hrant Dink Award 2013 consists of Tim Garton Ash, \u0130smail Be\u015fik\u00e7i, Lydia Cacho, Rakel Dink, Costa Gavras, Nil\u00fcfer G\u00f6le, Alexander Iskendaryan, Etyen Mah\u00e7upyan and International MEMORIAL Society.<\/p>\n<p style=\"text-align: justify;\">Every year, the award is presented to two people, groups or institutions from inside and outside Turkey, who work for a world free of discrimination, racism, and violence, take personal risks for their ideals, use the language of peace, and by doing so, inspire and encourage others.<\/p>\n<p style=\"text-align: justify;\">With this award, the Foundation aims to remind to all those who struggle for these ideals that their voices are heard, their work is visible and that they are not alone, and also to encourage everyone to fight for their ideals.<\/p>\n<p style=\"text-align: justify;\">Alper G\u00f6rm\u00fc\u015f, Amira Hass, the Conscientious Objection Movement of Turkey, Baltasar Garz\u00f3n, Ahmet Altan, Lydia Cacho, \u0130smail Be\u015fik\u00e7i and International MEMORIAL Society are the former laureates of the International Hrant Dink Award.<\/p>\n<p style=\"text-align: justify;\">\n","protected":false},"excerpt":{"rendered":"<p>Hrant Dink\u2019in do\u011fum g\u00fcn\u00fc olan 15 Eyl\u00fcl\u2019de be\u015finci kez verilecek olan Uluslararas\u0131 Hrant Dink \u00d6d\u00fcl t\u00f6reni www.hrantdink.org ve www.hrantdinkodulu.org adreslerinden saat 20.00\u2019den itibaren T\u00fcrk\u00e7e ve \u0130ngilizce olarak canl\u0131 izlenebilecek. Geceye dair t\u00fcm detaylar t\u00f6renle e\u015f zamanl\u0131 olarak Facebook\u2019ta \u2018Uluslararas\u0131 Hrant Dink \u00d6d\u00fcl\u00fc \/ International Hrant Dink Award\u2019 ve \u2018Hrant Dink Vakf\u0131 \/ Hrant Dink Foundation [&hellip;]<\/p>\n","protected":false},"author":7,"featured_media":0,"comment_status":"open","ping_status":"open","sticky":false,"template":"","format":"standard","meta":{"footnotes":""},"categories":[1],"tags":[],"class_list":["post-25536","post","type-post","status-publish","format-standard","hentry","category-haberler"],"yoast_head":"<!-- This site is optimized with the Yoast SEO plugin v27.4 - https:\/\/yoast.com\/product\/yoast-seo-wordpress\/ -->\n<title>Uluslararas\u0131 Hrant Dink \u00d6d\u00fcl T\u00f6reni \u0130nternet \u00dczerinden Naklen Yay\u0131nlanacakt\u0131r - Bati Ermenistan Ve Bati Ermenileri Sorunlari Ara\u015ftirmalar Merkezi<\/title>\n<meta name=\"robots\" content=\"index, follow, max-snippet:-1, max-image-preview:large, max-video-preview:-1\" \/>\n<link rel=\"canonical\" href=\"https:\/\/akunq.net\/tr\/?p=25536\" \/>\n<meta property=\"og:locale\" content=\"en_US\" \/>\n<meta property=\"og:type\" content=\"article\" \/>\n<meta property=\"og:title\" content=\"Uluslararas\u0131 Hrant Dink \u00d6d\u00fcl T\u00f6reni \u0130nternet \u00dczerinden Naklen Yay\u0131nlanacakt\u0131r - Bati Ermenistan Ve Bati Ermenileri Sorunlari Ara\u015ftirmalar Merkezi\" \/>\n<meta property=\"og:description\" content=\"Hrant Dink\u2019in do\u011fum g\u00fcn\u00fc olan 15 Eyl\u00fcl\u2019de be\u015finci kez verilecek olan Uluslararas\u0131 Hrant Dink \u00d6d\u00fcl t\u00f6reni www.hrantdink.org ve www.hrantdinkodulu.org adreslerinden saat 20.00\u2019den itibaren T\u00fcrk\u00e7e ve \u0130ngilizce olarak canl\u0131 izlenebilecek. Geceye dair t\u00fcm detaylar t\u00f6renle e\u015f zamanl\u0131 olarak Facebook\u2019ta \u2018Uluslararas\u0131 Hrant Dink \u00d6d\u00fcl\u00fc \/ International Hrant Dink Award\u2019 ve \u2018Hrant Dink Vakf\u0131 \/ Hrant Dink Foundation [&hellip;]\" \/>\n<meta property=\"og:url\" content=\"https:\/\/akunq.net\/tr\/?p=25536\" \/>\n<meta property=\"og:site_name\" content=\"Bati Ermenistan Ve Bati Ermenileri Sorunlari Ara\u015ftirmalar Merkezi\" \/>\n<meta property=\"article:published_time\" content=\"2013-09-14T05:58:28+00:00\" \/>\n<meta name=\"author\" content=\"admin\" \/>\n<meta name=\"twitter:card\" content=\"summary_large_image\" \/>\n<meta name=\"twitter:label1\" content=\"Written by\" \/>\n\t<meta name=\"twitter:data1\" content=\"admin\" \/>\n\t<meta name=\"twitter:label2\" content=\"Est. reading time\" \/>\n\t<meta name=\"twitter:data2\" content=\"3 minutes\" \/>\n<script type=\"application\/ld+json\" class=\"yoast-schema-graph\">{\"@context\":\"https:\\\/\\\/schema.org\",\"@graph\":[{\"@type\":\"Article\",\"@id\":\"https:\\\/\\\/akunq.net\\\/tr\\\/?p=25536#article\",\"isPartOf\":{\"@id\":\"https:\\\/\\\/akunq.net\\\/tr\\\/?p=25536\"},\"author\":{\"name\":\"admin\",\"@id\":\"https:\\\/\\\/akunq.net\\\/tr\\\/#\\\/schema\\\/person\\\/096f1d38a12cce57fb855b485ed24c9e\"},\"headline\":\"Uluslararas\u0131 Hrant Dink \u00d6d\u00fcl T\u00f6reni \u0130nternet \u00dczerinden Naklen Yay\u0131nlanacakt\u0131r\",\"datePublished\":\"2013-09-14T05:58:28+00:00\",\"mainEntityOfPage\":{\"@id\":\"https:\\\/\\\/akunq.net\\\/tr\\\/?p=25536\"},\"wordCount\":655,\"commentCount\":0,\"articleSection\":[\"Haberler\"],\"inLanguage\":\"en-US\",\"potentialAction\":[{\"@type\":\"CommentAction\",\"name\":\"Comment\",\"target\":[\"https:\\\/\\\/akunq.net\\\/tr\\\/?p=25536#respond\"]}]},{\"@type\":\"WebPage\",\"@id\":\"https:\\\/\\\/akunq.net\\\/tr\\\/?p=25536\",\"url\":\"https:\\\/\\\/akunq.net\\\/tr\\\/?p=25536\",\"name\":\"Uluslararas\u0131 Hrant Dink \u00d6d\u00fcl T\u00f6reni \u0130nternet \u00dczerinden Naklen Yay\u0131nlanacakt\u0131r - Bati Ermenistan Ve Bati Ermenileri Sorunlari Ara\u015ftirmalar Merkezi\",\"isPartOf\":{\"@id\":\"https:\\\/\\\/akunq.net\\\/tr\\\/#website\"},\"datePublished\":\"2013-09-14T05:58:28+00:00\",\"author\":{\"@id\":\"https:\\\/\\\/akunq.net\\\/tr\\\/#\\\/schema\\\/person\\\/096f1d38a12cce57fb855b485ed24c9e\"},\"breadcrumb\":{\"@id\":\"https:\\\/\\\/akunq.net\\\/tr\\\/?p=25536#breadcrumb\"},\"inLanguage\":\"en-US\",\"potentialAction\":[{\"@type\":\"ReadAction\",\"target\":[\"https:\\\/\\\/akunq.net\\\/tr\\\/?p=25536\"]}]},{\"@type\":\"BreadcrumbList\",\"@id\":\"https:\\\/\\\/akunq.net\\\/tr\\\/?p=25536#breadcrumb\",\"itemListElement\":[{\"@type\":\"ListItem\",\"position\":1,\"name\":\"Home\",\"item\":\"https:\\\/\\\/akunq.net\\\/tr\"},{\"@type\":\"ListItem\",\"position\":2,\"name\":\"Uluslararas\u0131 Hrant Dink \u00d6d\u00fcl T\u00f6reni \u0130nternet \u00dczerinden Naklen Yay\u0131nlanacakt\u0131r\"}]},{\"@type\":\"WebSite\",\"@id\":\"https:\\\/\\\/akunq.net\\\/tr\\\/#website\",\"url\":\"https:\\\/\\\/akunq.net\\\/tr\\\/\",\"name\":\"Bati Ermenistan Ve Bati Ermenileri Sorunlari Ara\u015ftirmalar Merkezi\",\"description\":\"\",\"potentialAction\":[{\"@type\":\"SearchAction\",\"target\":{\"@type\":\"EntryPoint\",\"urlTemplate\":\"https:\\\/\\\/akunq.net\\\/tr\\\/?s={search_term_string}\"},\"query-input\":{\"@type\":\"PropertyValueSpecification\",\"valueRequired\":true,\"valueName\":\"search_term_string\"}}],\"inLanguage\":\"en-US\"},{\"@type\":\"Person\",\"@id\":\"https:\\\/\\\/akunq.net\\\/tr\\\/#\\\/schema\\\/person\\\/096f1d38a12cce57fb855b485ed24c9e\",\"name\":\"admin\",\"url\":\"https:\\\/\\\/akunq.net\\\/tr\\\/?author=7\"}]}<\/script>\n<!-- \/ Yoast SEO plugin. -->","yoast_head_json":{"title":"Uluslararas\u0131 Hrant Dink \u00d6d\u00fcl T\u00f6reni \u0130nternet \u00dczerinden Naklen Yay\u0131nlanacakt\u0131r - Bati Ermenistan Ve Bati Ermenileri Sorunlari Ara\u015ftirmalar Merkezi","robots":{"index":"index","follow":"follow","max-snippet":"max-snippet:-1","max-image-preview":"max-image-preview:large","max-video-preview":"max-video-preview:-1"},"canonical":"https:\/\/akunq.net\/tr\/?p=25536","og_locale":"en_US","og_type":"article","og_title":"Uluslararas\u0131 Hrant Dink \u00d6d\u00fcl T\u00f6reni \u0130nternet \u00dczerinden Naklen Yay\u0131nlanacakt\u0131r - Bati Ermenistan Ve Bati Ermenileri Sorunlari Ara\u015ftirmalar Merkezi","og_description":"Hrant Dink\u2019in do\u011fum g\u00fcn\u00fc olan 15 Eyl\u00fcl\u2019de be\u015finci kez verilecek olan Uluslararas\u0131 Hrant Dink \u00d6d\u00fcl t\u00f6reni www.hrantdink.org ve www.hrantdinkodulu.org adreslerinden saat 20.00\u2019den itibaren T\u00fcrk\u00e7e ve \u0130ngilizce olarak canl\u0131 izlenebilecek. Geceye dair t\u00fcm detaylar t\u00f6renle e\u015f zamanl\u0131 olarak Facebook\u2019ta \u2018Uluslararas\u0131 Hrant Dink \u00d6d\u00fcl\u00fc \/ International Hrant Dink Award\u2019 ve \u2018Hrant Dink Vakf\u0131 \/ Hrant Dink Foundation [&hellip;]","og_url":"https:\/\/akunq.net\/tr\/?p=25536","og_site_name":"Bati Ermenistan Ve Bati Ermenileri Sorunlari Ara\u015ftirmalar Merkezi","article_published_time":"2013-09-14T05:58:28+00:00","author":"admin","twitter_card":"summary_large_image","twitter_misc":{"Written by":"admin","Est. reading time":"3 minutes"},"schema":{"@context":"https:\/\/schema.org","@graph":[{"@type":"Article","@id":"https:\/\/akunq.net\/tr\/?p=25536#article","isPartOf":{"@id":"https:\/\/akunq.net\/tr\/?p=25536"},"author":{"name":"admin","@id":"https:\/\/akunq.net\/tr\/#\/schema\/person\/096f1d38a12cce57fb855b485ed24c9e"},"headline":"Uluslararas\u0131 Hrant Dink \u00d6d\u00fcl T\u00f6reni \u0130nternet \u00dczerinden Naklen Yay\u0131nlanacakt\u0131r","datePublished":"2013-09-14T05:58:28+00:00","mainEntityOfPage":{"@id":"https:\/\/akunq.net\/tr\/?p=25536"},"wordCount":655,"commentCount":0,"articleSection":["Haberler"],"inLanguage":"en-US","potentialAction":[{"@type":"CommentAction","name":"Comment","target":["https:\/\/akunq.net\/tr\/?p=25536#respond"]}]},{"@type":"WebPage","@id":"https:\/\/akunq.net\/tr\/?p=25536","url":"https:\/\/akunq.net\/tr\/?p=25536","name":"Uluslararas\u0131 Hrant Dink \u00d6d\u00fcl T\u00f6reni \u0130nternet \u00dczerinden Naklen Yay\u0131nlanacakt\u0131r - Bati Ermenistan Ve Bati Ermenileri Sorunlari Ara\u015ftirmalar Merkezi","isPartOf":{"@id":"https:\/\/akunq.net\/tr\/#website"},"datePublished":"2013-09-14T05:58:28+00:00","author":{"@id":"https:\/\/akunq.net\/tr\/#\/schema\/person\/096f1d38a12cce57fb855b485ed24c9e"},"breadcrumb":{"@id":"https:\/\/akunq.net\/tr\/?p=25536#breadcrumb"},"inLanguage":"en-US","potentialAction":[{"@type":"ReadAction","target":["https:\/\/akunq.net\/tr\/?p=25536"]}]},{"@type":"BreadcrumbList","@id":"https:\/\/akunq.net\/tr\/?p=25536#breadcrumb","itemListElement":[{"@type":"ListItem","position":1,"name":"Home","item":"https:\/\/akunq.net\/tr"},{"@type":"ListItem","position":2,"name":"Uluslararas\u0131 Hrant Dink \u00d6d\u00fcl T\u00f6reni \u0130nternet \u00dczerinden Naklen Yay\u0131nlanacakt\u0131r"}]},{"@type":"WebSite","@id":"https:\/\/akunq.net\/tr\/#website","url":"https:\/\/akunq.net\/tr\/","name":"Bati Ermenistan Ve Bati Ermenileri Sorunlari Ara\u015ftirmalar Merkezi","description":"","potentialAction":[{"@type":"SearchAction","target":{"@type":"EntryPoint","urlTemplate":"https:\/\/akunq.net\/tr\/?s={search_term_string}"},"query-input":{"@type":"PropertyValueSpecification","valueRequired":true,"valueName":"search_term_string"}}],"inLanguage":"en-US"},{"@type":"Person","@id":"https:\/\/akunq.net\/tr\/#\/schema\/person\/096f1d38a12cce57fb855b485ed24c9e","name":"admin","url":"https:\/\/akunq.net\/tr\/?author=7"}]}},"_links":{"self":[{"href":"https:\/\/akunq.net\/tr\/index.php?rest_route=\/wp\/v2\/posts\/25536","targetHints":{"allow":["GET"]}}],"collection":[{"href":"https:\/\/akunq.net\/tr\/index.php?rest_route=\/wp\/v2\/posts"}],"about":[{"href":"https:\/\/akunq.net\/tr\/index.php?rest_route=\/wp\/v2\/types\/post"}],"author":[{"embeddable":true,"href":"https:\/\/akunq.net\/tr\/index.php?rest_route=\/wp\/v2\/users\/7"}],"replies":[{"embeddable":true,"href":"https:\/\/akunq.net\/tr\/index.php?rest_route=%2Fwp%2Fv2%2Fcomments&post=25536"}],"version-history":[{"count":1,"href":"https:\/\/akunq.net\/tr\/index.php?rest_route=\/wp\/v2\/posts\/25536\/revisions"}],"predecessor-version":[{"id":25538,"href":"https:\/\/akunq.net\/tr\/index.php?rest_route=\/wp\/v2\/posts\/25536\/revisions\/25538"}],"wp:attachment":[{"href":"https:\/\/akunq.net\/tr\/index.php?rest_route=%2Fwp%2Fv2%2Fmedia&parent=25536"}],"wp:term":[{"taxonomy":"category","embeddable":true,"href":"https:\/\/akunq.net\/tr\/index.php?rest_route=%2Fwp%2Fv2%2Fcategories&post=25536"},{"taxonomy":"post_tag","embeddable":true,"href":"https:\/\/akunq.net\/tr\/index.php?rest_route=%2Fwp%2Fv2%2Ftags&post=25536"}],"curies":[{"name":"wp","href":"https:\/\/api.w.org\/{rel}","templated":true}]}}