{"id":25525,"date":"2013-09-13T03:36:15","date_gmt":"2013-09-13T08:36:15","guid":{"rendered":"http:\/\/akunq.net\/tr\/?p=25525"},"modified":"2013-09-13T03:36:15","modified_gmt":"2013-09-13T08:36:15","slug":"turkiyeyi-neden-yine-gosteriler-sardi","status":"publish","type":"post","link":"https:\/\/akunq.net\/tr\/?p=25525","title":{"rendered":"&#8220;T\u00fcrkiye&#8217;yi neden yine g\u00f6steriler sard\u0131?&#8221;"},"content":{"rendered":"<p style=\"text-align: justify;\"><b><i><a href=\"http:\/\/akunq.net\/tr\/wp-content\/uploads\/2013\/09\/\u0566\u0561\u0576\u0563\u057e\u0561\u056e\u0561\u0575\u056b\u0576-\u0562\u0578\u0572\u0578\u0584\u056b-\u0561\u056f\u0581\u056b\u0561\u0576\u0565\u0580.jpg\"><img loading=\"lazy\" decoding=\"async\" class=\"alignright size-medium wp-image-25526\" alt=\"\u0566\u0561\u0576\u0563\u057e\u0561\u056e\u0561\u0575\u056b\u0576 \u0562\u0578\u0572\u0578\u0584\u056b \u0561\u056f\u0581\u056b\u0561\u0576\u0565\u0580\" src=\"http:\/\/akunq.net\/tr\/wp-content\/uploads\/2013\/09\/\u0566\u0561\u0576\u0563\u057e\u0561\u056e\u0561\u0575\u056b\u0576-\u0562\u0578\u0572\u0578\u0584\u056b-\u0561\u056f\u0581\u056b\u0561\u0576\u0565\u0580-300x199.jpg\" width=\"300\" height=\"199\" srcset=\"https:\/\/akunq.net\/tr\/wp-content\/uploads\/sites\/6\/2013\/09\/\u0566\u0561\u0576\u0563\u057e\u0561\u056e\u0561\u0575\u056b\u0576-\u0562\u0578\u0572\u0578\u0584\u056b-\u0561\u056f\u0581\u056b\u0561\u0576\u0565\u0580-300x199.jpg 300w, https:\/\/akunq.net\/tr\/wp-content\/uploads\/sites\/6\/2013\/09\/\u0566\u0561\u0576\u0563\u057e\u0561\u056e\u0561\u0575\u056b\u0576-\u0562\u0578\u0572\u0578\u0584\u056b-\u0561\u056f\u0581\u056b\u0561\u0576\u0565\u0580.jpg 424w\" sizes=\"auto, (max-width: 300px) 100vw, 300px\" \/><\/a>T\u00fcrkiye&#8217;de protesto g\u00f6sterileri s\u00fcrerken Rus medyas\u0131nda &#8220;T\u00fcrkiye&#8217;yi neden yine g\u00f6steriler sard\u0131?&#8221; sorusuna yan\u0131t aran\u0131yor. <\/i><\/b><\/p>\n<p style=\"text-align: justify;\"><a title=\"Rusya\" href=\"http:\/\/haber.mynet.com\/haberler\/rusya-116\"><b>Rusya<\/b><\/a>&#8216;n\u0131n Sesi&#8217;nin siyaset bilimcisi Stanislav Tarasov imzas\u0131yle yay\u0131mlad\u0131\u011f\u0131 bir yorumda &#8220;T\u00fcrkiye&#8217;de yine <a title=\"g\u00f6steri\" href=\"http:\/\/haber.mynet.com\/haberler\/gosteri-1203\"><b>g\u00f6steri<\/b><\/a> havas\u0131 hakim&#8221; de\u011ferlendirmesi yap\u0131ld\u0131.<\/p>\n<p style=\"text-align: justify;\">&#8220;\u015eimdi bir\u00e7ok uzman <a title=\"protesto\" href=\"http:\/\/haber.mynet.com\/haberler\/protesto-39\"><b>protesto<\/b><\/a> eylemlerinin yeni daha g\u00fc\u00e7l\u00fc dalgas\u0131n\u0131n ya\u015fanaca\u011f\u0131 tahmininde bulunuyor&#8221; diyen Tarasov, &#8220;Hat\u0131rlanaca\u011f\u0131 \u00fczere yaz\u0131n g\u00f6steriler \u00fclkenin 81 eyaletinden 60&#8217;\u0131n\u0131 sarm\u0131\u015ft\u0131. Peki, T\u00fcrkler neden protesto etmeye devam ediyorlar? Duruma h\u00fck\u00fcmetin a\u00e7\u0131s\u0131ndan bak\u0131l\u0131rsa olaylar\u0131n ana sebebi \u00e7evre sorunlar\u0131.&#8221;<\/p>\n<p style=\"text-align: justify;\"><strong>-&#8220;ERDO\u011eAN&#8217;IN POL\u0130T\u0130KASINDAK\u0130 PARADOKSLAR VAR&#8221;-<\/strong><\/p>\n<p style=\"text-align: justify;\">Ancak, uzmanlar\u0131n Erdo\u011fan h\u00fck\u00fcmetinin \u00f6nerdi\u011fi \u00fclkenin geli\u015ftirilmesi senaryosuna kar\u015f\u0131 \u00e7\u0131kan ve \u015fimdilik &#8220;tamamen \u015fekillenmemi\u015f siyasi g\u00fc\u00e7lerin&#8221; \u00e7evre gerek\u00e7esiyle siyasi sahneye \u00e7\u0131kt\u0131\u011f\u0131na eminler&#8221; denildi\u011fi yorumda \u015fu savlar da dile getirildi:<\/p>\n<p style=\"text-align: justify;\">&#8220;Erdo\u011fan&#8217;\u0131n izledi\u011fi politikan\u0131n bir\u00e7ok unsurunun temelinde zaten paradokslar bulunuyor. Birincisi, Ba\u015fbakan liberal fikirleri \u00f6ne s\u00fcrerek ve liberal reformlar\u0131 ger\u00e7ekle\u015ftirerek bir uzman\u0131n ifadesiyle &#8220;T\u00fcrkiye&#8217;nin Avrupa&#8217;ya \u0130slam bayra\u011f\u0131yla gelmesini sa\u011flamaya karar verdi&#8217;. Ama asl\u0131nda Avrupa&#8217;n\u0131n bunu kabul etmeyece\u011fi en ba\u015ftan belliydi.&#8221;<\/p>\n<p style=\"text-align: justify;\">\u00dclkede fiilen iki g\u00fc\u00e7l\u00fc ve birbirine kar\u015f\u0131 olan siyasi ve ekonomik grubun olu\u015ftu\u011fu \u00f6ne s\u00fcr\u00fcld\u00fc\u011f\u00fc yorumda &#8220;Bu gruplar bir\u00e7ok Avrupa \u00fclkelerinde oldu\u011fu gibi liberal ve m\u0131hafazakarlar\u0131 temsil etmiyor. Onlar T\u00fcrkiye&#8217;nin \u0130slamla\u015fmas\u0131ndan ve onun laiklik yolunda ilerlemesinden yana olanlard\u0131r&#8221; denildi<\/p>\n<p style=\"text-align: justify;\">Rusya&#8217;n\u0131n Sesi, &#8220;\u0130ki grup aras\u0131nda meydana gelecek \u00e7at\u0131\u015fma &#8211; ki protesto eylemlerinin artmas\u0131 bu \u00e7at\u0131\u015fman\u0131n ba\u015flang\u0131c\u0131 -\u00e7ok sert olabilir. \u0130slamla\u015fma politikas\u0131n\u0131n T\u00fcrkiye&#8217;nin siyasi arenas\u0131na \u015eii ve S\u00fcnni sorunlar\u0131, K\u00fcrt sorunu ba\u015fta olmak \u00fczere etnikleraras\u0131 meseleleri beraberinde getirmesi de durumun gerginli\u011fini daha da k\u00f6r\u00fcklemektedir&#8221; g\u00f6r\u00fc\u015f\u00fcn\u00fc de dile getirdi.<\/p>\n<p style=\"text-align: justify;\">Erdo\u011fan&#8217;\u0131n politikas\u0131n\u0131n ikinci paradoksunun ise, &#8220;b\u00fct\u00fcn bu sorunlar\u0131n h\u0131zl\u0131 ekonomik b\u00fcy\u00fcme sayesinde \u00e7\u00f6z\u00fclebilece\u011fini sanmak oldu\u011fu&#8221;nu savunan Tasarov,\u00fc\u00e7\u00fcnc\u00fc paradoks olarak ise, &#8220;Erdo\u011fan&#8217;\u0131n ger\u00e7ekle\u015ftirdi\u011fi reformlarla olu\u015fturdu\u011fu orta s\u0131n\u0131fIN art\u0131k Ba\u015fbakan&#8217;\u0131n politikas\u0131na kar\u015f\u0131 \u00e7\u0131kmas\u0131n\u0131&#8221; diye g\u00f6sterdi.<\/p>\n<p style=\"text-align: justify;\">T\u00fcrk h\u00fck\u00fcmetinin d\u0131\u015f politikada yapt\u0131\u011f\u0131 &#8220;hatalar\u0131n da bu durumda etkili oldu\u011fu&#8221; iddia edildi\u011fi yorumda Br\u00fcksel&#8217;in T\u00fcrkiye&#8217;deki protesto eylemlerini desteklemesi ve \u00fclkenin AB \u00fcyeli\u011fi s\u00fcrecini ask\u0131ya almas\u0131 T\u00fcrk h\u00fck\u00fcmeti i\u00e7in olumsuz bir s\u00fcrpriz oldu&#8221; de\u011ferlendirmesinde de bulundu.<\/p>\n<p style=\"text-align: justify;\">Yorumda &#8220;D\u00f6rd\u00fcnc\u00fc paradoksun \u00f6z\u00fc ise Avrupa&#8217;n\u0131n g\u00f6sterdi\u011fi tepkinin T\u00fcrkiye&#8217;nin Orta Do\u011fu&#8217;daki d\u0131\u015f politika ideolojisine zarar vermesidir&#8221; denildikten sonra \u015fu savlara da yer verildi:<\/p>\n<p style=\"text-align: justify;\">&#8220;\u00c7\u00fcnk\u00fc T\u00fcrkiye bu b\u00f6lgede &#8220;diktat\u00f6r rejimlerinin demokratikle\u015ftirilmesi&#8217; gerek\u00e7esiyle Arap bahar\u0131 olaylar\u0131na aktif \u015fekilde kat\u0131l\u0131yordu, Suriye krizinde ise b\u00f6lgesel sava\u015f e\u015fi\u011fine yakla\u015ft\u0131. \u015eimdi bir\u00e7ok T\u00fcrk \u015fehrinde T\u00fcrkiye&#8217;nin Suriye ile olas\u0131 sava\u015fa kat\u0131lmas\u0131na kar\u015f\u0131 kitlesel protesto eylemleri yap\u0131l\u0131yor. B\u00fct\u00fcn bu protestolar T\u00fcrkiye&#8217;de yine \u00e7ok gergin i\u00e7 siyasi durum yarat\u0131yor.&#8221;<\/p>\n<p style=\"text-align: justify;\"><b><i>http:\/\/haber.mynet.com\/dunya\/turkiyeyi-neden-yine-gosteriler-sardi-795879-1<\/i><\/b><\/p>\n","protected":false},"excerpt":{"rendered":"<p>T\u00fcrkiye&#8217;de protesto g\u00f6sterileri s\u00fcrerken Rus medyas\u0131nda &#8220;T\u00fcrkiye&#8217;yi neden yine g\u00f6steriler sard\u0131?&#8221; sorusuna yan\u0131t aran\u0131yor. Rusya&#8216;n\u0131n Sesi&#8217;nin siyaset bilimcisi Stanislav Tarasov imzas\u0131yle yay\u0131mlad\u0131\u011f\u0131 bir yorumda &#8220;T\u00fcrkiye&#8217;de yine g\u00f6steri havas\u0131 hakim&#8221; de\u011ferlendirmesi yap\u0131ld\u0131. &#8220;\u015eimdi bir\u00e7ok uzman protesto eylemlerinin yeni daha g\u00fc\u00e7l\u00fc dalgas\u0131n\u0131n ya\u015fanaca\u011f\u0131 tahmininde bulunuyor&#8221; diyen Tarasov, &#8220;Hat\u0131rlanaca\u011f\u0131 \u00fczere yaz\u0131n g\u00f6steriler \u00fclkenin 81 eyaletinden 60&#8217;\u0131n\u0131 sarm\u0131\u015ft\u0131. Peki, [&hellip;]<\/p>\n","protected":false},"author":7,"featured_media":0,"comment_status":"open","ping_status":"open","sticky":false,"template":"","format":"standard","meta":{"footnotes":""},"categories":[1],"tags":[],"class_list":["post-25525","post","type-post","status-publish","format-standard","hentry","category-haberler"],"yoast_head":"<!-- This site is optimized with the Yoast SEO plugin v27.4 - https:\/\/yoast.com\/product\/yoast-seo-wordpress\/ -->\n<title>&quot;T\u00fcrkiye&#039;yi neden yine g\u00f6steriler sard\u0131?&quot; - Bati Ermenistan Ve Bati Ermenileri Sorunlari Ara\u015ftirmalar Merkezi<\/title>\n<meta name=\"robots\" content=\"index, follow, max-snippet:-1, max-image-preview:large, max-video-preview:-1\" \/>\n<link rel=\"canonical\" href=\"https:\/\/akunq.net\/tr\/?p=25525\" \/>\n<meta property=\"og:locale\" content=\"en_US\" \/>\n<meta property=\"og:type\" content=\"article\" \/>\n<meta property=\"og:title\" content=\"&quot;T\u00fcrkiye&#039;yi neden yine g\u00f6steriler sard\u0131?&quot; - Bati Ermenistan Ve Bati Ermenileri Sorunlari Ara\u015ftirmalar Merkezi\" \/>\n<meta property=\"og:description\" content=\"T\u00fcrkiye&#8217;de protesto g\u00f6sterileri s\u00fcrerken Rus medyas\u0131nda &#8220;T\u00fcrkiye&#8217;yi neden yine g\u00f6steriler sard\u0131?&#8221; sorusuna yan\u0131t aran\u0131yor. Rusya&#8216;n\u0131n Sesi&#8217;nin siyaset bilimcisi Stanislav Tarasov imzas\u0131yle yay\u0131mlad\u0131\u011f\u0131 bir yorumda &#8220;T\u00fcrkiye&#8217;de yine g\u00f6steri havas\u0131 hakim&#8221; de\u011ferlendirmesi yap\u0131ld\u0131. &#8220;\u015eimdi bir\u00e7ok uzman protesto eylemlerinin yeni daha g\u00fc\u00e7l\u00fc dalgas\u0131n\u0131n ya\u015fanaca\u011f\u0131 tahmininde bulunuyor&#8221; diyen Tarasov, &#8220;Hat\u0131rlanaca\u011f\u0131 \u00fczere yaz\u0131n g\u00f6steriler \u00fclkenin 81 eyaletinden 60&#8217;\u0131n\u0131 sarm\u0131\u015ft\u0131. Peki, [&hellip;]\" \/>\n<meta property=\"og:url\" content=\"https:\/\/akunq.net\/tr\/?p=25525\" \/>\n<meta property=\"og:site_name\" content=\"Bati Ermenistan Ve Bati Ermenileri Sorunlari Ara\u015ftirmalar Merkezi\" \/>\n<meta property=\"article:published_time\" content=\"2013-09-13T08:36:15+00:00\" \/>\n<meta name=\"author\" content=\"admin\" \/>\n<meta name=\"twitter:card\" content=\"summary_large_image\" \/>\n<meta name=\"twitter:label1\" content=\"Written by\" \/>\n\t<meta name=\"twitter:data1\" content=\"admin\" \/>\n\t<meta name=\"twitter:label2\" content=\"Est. reading time\" \/>\n\t<meta name=\"twitter:data2\" content=\"3 minutes\" \/>\n<script type=\"application\/ld+json\" class=\"yoast-schema-graph\">{\"@context\":\"https:\\\/\\\/schema.org\",\"@graph\":[{\"@type\":\"Article\",\"@id\":\"https:\\\/\\\/akunq.net\\\/tr\\\/?p=25525#article\",\"isPartOf\":{\"@id\":\"https:\\\/\\\/akunq.net\\\/tr\\\/?p=25525\"},\"author\":{\"name\":\"admin\",\"@id\":\"https:\\\/\\\/akunq.net\\\/tr\\\/#\\\/schema\\\/person\\\/096f1d38a12cce57fb855b485ed24c9e\"},\"headline\":\"&#8220;T\u00fcrkiye&#8217;yi neden yine g\u00f6steriler sard\u0131?&#8221;\",\"datePublished\":\"2013-09-13T08:36:15+00:00\",\"mainEntityOfPage\":{\"@id\":\"https:\\\/\\\/akunq.net\\\/tr\\\/?p=25525\"},\"wordCount\":557,\"commentCount\":0,\"articleSection\":[\"Haberler\"],\"inLanguage\":\"en-US\",\"potentialAction\":[{\"@type\":\"CommentAction\",\"name\":\"Comment\",\"target\":[\"https:\\\/\\\/akunq.net\\\/tr\\\/?p=25525#respond\"]}]},{\"@type\":\"WebPage\",\"@id\":\"https:\\\/\\\/akunq.net\\\/tr\\\/?p=25525\",\"url\":\"https:\\\/\\\/akunq.net\\\/tr\\\/?p=25525\",\"name\":\"\\\"T\u00fcrkiye'yi neden yine g\u00f6steriler sard\u0131?\\\" - Bati Ermenistan Ve Bati Ermenileri Sorunlari Ara\u015ftirmalar Merkezi\",\"isPartOf\":{\"@id\":\"https:\\\/\\\/akunq.net\\\/tr\\\/#website\"},\"datePublished\":\"2013-09-13T08:36:15+00:00\",\"author\":{\"@id\":\"https:\\\/\\\/akunq.net\\\/tr\\\/#\\\/schema\\\/person\\\/096f1d38a12cce57fb855b485ed24c9e\"},\"breadcrumb\":{\"@id\":\"https:\\\/\\\/akunq.net\\\/tr\\\/?p=25525#breadcrumb\"},\"inLanguage\":\"en-US\",\"potentialAction\":[{\"@type\":\"ReadAction\",\"target\":[\"https:\\\/\\\/akunq.net\\\/tr\\\/?p=25525\"]}]},{\"@type\":\"BreadcrumbList\",\"@id\":\"https:\\\/\\\/akunq.net\\\/tr\\\/?p=25525#breadcrumb\",\"itemListElement\":[{\"@type\":\"ListItem\",\"position\":1,\"name\":\"Home\",\"item\":\"https:\\\/\\\/akunq.net\\\/tr\"},{\"@type\":\"ListItem\",\"position\":2,\"name\":\"&#8220;T\u00fcrkiye&#8217;yi neden yine g\u00f6steriler sard\u0131?&#8221;\"}]},{\"@type\":\"WebSite\",\"@id\":\"https:\\\/\\\/akunq.net\\\/tr\\\/#website\",\"url\":\"https:\\\/\\\/akunq.net\\\/tr\\\/\",\"name\":\"Bati Ermenistan Ve Bati Ermenileri Sorunlari Ara\u015ftirmalar Merkezi\",\"description\":\"\",\"potentialAction\":[{\"@type\":\"SearchAction\",\"target\":{\"@type\":\"EntryPoint\",\"urlTemplate\":\"https:\\\/\\\/akunq.net\\\/tr\\\/?s={search_term_string}\"},\"query-input\":{\"@type\":\"PropertyValueSpecification\",\"valueRequired\":true,\"valueName\":\"search_term_string\"}}],\"inLanguage\":\"en-US\"},{\"@type\":\"Person\",\"@id\":\"https:\\\/\\\/akunq.net\\\/tr\\\/#\\\/schema\\\/person\\\/096f1d38a12cce57fb855b485ed24c9e\",\"name\":\"admin\",\"url\":\"https:\\\/\\\/akunq.net\\\/tr\\\/?author=7\"}]}<\/script>\n<!-- \/ Yoast SEO plugin. -->","yoast_head_json":{"title":"\"T\u00fcrkiye'yi neden yine g\u00f6steriler sard\u0131?\" - Bati Ermenistan Ve Bati Ermenileri Sorunlari Ara\u015ftirmalar Merkezi","robots":{"index":"index","follow":"follow","max-snippet":"max-snippet:-1","max-image-preview":"max-image-preview:large","max-video-preview":"max-video-preview:-1"},"canonical":"https:\/\/akunq.net\/tr\/?p=25525","og_locale":"en_US","og_type":"article","og_title":"\"T\u00fcrkiye'yi neden yine g\u00f6steriler sard\u0131?\" - Bati Ermenistan Ve Bati Ermenileri Sorunlari Ara\u015ftirmalar Merkezi","og_description":"T\u00fcrkiye&#8217;de protesto g\u00f6sterileri s\u00fcrerken Rus medyas\u0131nda &#8220;T\u00fcrkiye&#8217;yi neden yine g\u00f6steriler sard\u0131?&#8221; sorusuna yan\u0131t aran\u0131yor. Rusya&#8216;n\u0131n Sesi&#8217;nin siyaset bilimcisi Stanislav Tarasov imzas\u0131yle yay\u0131mlad\u0131\u011f\u0131 bir yorumda &#8220;T\u00fcrkiye&#8217;de yine g\u00f6steri havas\u0131 hakim&#8221; de\u011ferlendirmesi yap\u0131ld\u0131. &#8220;\u015eimdi bir\u00e7ok uzman protesto eylemlerinin yeni daha g\u00fc\u00e7l\u00fc dalgas\u0131n\u0131n ya\u015fanaca\u011f\u0131 tahmininde bulunuyor&#8221; diyen Tarasov, &#8220;Hat\u0131rlanaca\u011f\u0131 \u00fczere yaz\u0131n g\u00f6steriler \u00fclkenin 81 eyaletinden 60&#8217;\u0131n\u0131 sarm\u0131\u015ft\u0131. Peki, [&hellip;]","og_url":"https:\/\/akunq.net\/tr\/?p=25525","og_site_name":"Bati Ermenistan Ve Bati Ermenileri Sorunlari Ara\u015ftirmalar Merkezi","article_published_time":"2013-09-13T08:36:15+00:00","author":"admin","twitter_card":"summary_large_image","twitter_misc":{"Written by":"admin","Est. reading time":"3 minutes"},"schema":{"@context":"https:\/\/schema.org","@graph":[{"@type":"Article","@id":"https:\/\/akunq.net\/tr\/?p=25525#article","isPartOf":{"@id":"https:\/\/akunq.net\/tr\/?p=25525"},"author":{"name":"admin","@id":"https:\/\/akunq.net\/tr\/#\/schema\/person\/096f1d38a12cce57fb855b485ed24c9e"},"headline":"&#8220;T\u00fcrkiye&#8217;yi neden yine g\u00f6steriler sard\u0131?&#8221;","datePublished":"2013-09-13T08:36:15+00:00","mainEntityOfPage":{"@id":"https:\/\/akunq.net\/tr\/?p=25525"},"wordCount":557,"commentCount":0,"articleSection":["Haberler"],"inLanguage":"en-US","potentialAction":[{"@type":"CommentAction","name":"Comment","target":["https:\/\/akunq.net\/tr\/?p=25525#respond"]}]},{"@type":"WebPage","@id":"https:\/\/akunq.net\/tr\/?p=25525","url":"https:\/\/akunq.net\/tr\/?p=25525","name":"\"T\u00fcrkiye'yi neden yine g\u00f6steriler sard\u0131?\" - Bati Ermenistan Ve Bati Ermenileri Sorunlari Ara\u015ftirmalar Merkezi","isPartOf":{"@id":"https:\/\/akunq.net\/tr\/#website"},"datePublished":"2013-09-13T08:36:15+00:00","author":{"@id":"https:\/\/akunq.net\/tr\/#\/schema\/person\/096f1d38a12cce57fb855b485ed24c9e"},"breadcrumb":{"@id":"https:\/\/akunq.net\/tr\/?p=25525#breadcrumb"},"inLanguage":"en-US","potentialAction":[{"@type":"ReadAction","target":["https:\/\/akunq.net\/tr\/?p=25525"]}]},{"@type":"BreadcrumbList","@id":"https:\/\/akunq.net\/tr\/?p=25525#breadcrumb","itemListElement":[{"@type":"ListItem","position":1,"name":"Home","item":"https:\/\/akunq.net\/tr"},{"@type":"ListItem","position":2,"name":"&#8220;T\u00fcrkiye&#8217;yi neden yine g\u00f6steriler sard\u0131?&#8221;"}]},{"@type":"WebSite","@id":"https:\/\/akunq.net\/tr\/#website","url":"https:\/\/akunq.net\/tr\/","name":"Bati Ermenistan Ve Bati Ermenileri Sorunlari Ara\u015ftirmalar Merkezi","description":"","potentialAction":[{"@type":"SearchAction","target":{"@type":"EntryPoint","urlTemplate":"https:\/\/akunq.net\/tr\/?s={search_term_string}"},"query-input":{"@type":"PropertyValueSpecification","valueRequired":true,"valueName":"search_term_string"}}],"inLanguage":"en-US"},{"@type":"Person","@id":"https:\/\/akunq.net\/tr\/#\/schema\/person\/096f1d38a12cce57fb855b485ed24c9e","name":"admin","url":"https:\/\/akunq.net\/tr\/?author=7"}]}},"_links":{"self":[{"href":"https:\/\/akunq.net\/tr\/index.php?rest_route=\/wp\/v2\/posts\/25525","targetHints":{"allow":["GET"]}}],"collection":[{"href":"https:\/\/akunq.net\/tr\/index.php?rest_route=\/wp\/v2\/posts"}],"about":[{"href":"https:\/\/akunq.net\/tr\/index.php?rest_route=\/wp\/v2\/types\/post"}],"author":[{"embeddable":true,"href":"https:\/\/akunq.net\/tr\/index.php?rest_route=\/wp\/v2\/users\/7"}],"replies":[{"embeddable":true,"href":"https:\/\/akunq.net\/tr\/index.php?rest_route=%2Fwp%2Fv2%2Fcomments&post=25525"}],"version-history":[{"count":1,"href":"https:\/\/akunq.net\/tr\/index.php?rest_route=\/wp\/v2\/posts\/25525\/revisions"}],"predecessor-version":[{"id":25527,"href":"https:\/\/akunq.net\/tr\/index.php?rest_route=\/wp\/v2\/posts\/25525\/revisions\/25527"}],"wp:attachment":[{"href":"https:\/\/akunq.net\/tr\/index.php?rest_route=%2Fwp%2Fv2%2Fmedia&parent=25525"}],"wp:term":[{"taxonomy":"category","embeddable":true,"href":"https:\/\/akunq.net\/tr\/index.php?rest_route=%2Fwp%2Fv2%2Fcategories&post=25525"},{"taxonomy":"post_tag","embeddable":true,"href":"https:\/\/akunq.net\/tr\/index.php?rest_route=%2Fwp%2Fv2%2Ftags&post=25525"}],"curies":[{"name":"wp","href":"https:\/\/api.w.org\/{rel}","templated":true}]}}