{"id":25522,"date":"2013-09-13T03:13:10","date_gmt":"2013-09-13T08:13:10","guid":{"rendered":"http:\/\/akunq.net\/tr\/?p=25522"},"modified":"2013-09-13T03:13:10","modified_gmt":"2013-09-13T08:13:10","slug":"erdogan-chpyi-yine-cok-sert-elestirdi","status":"publish","type":"post","link":"https:\/\/akunq.net\/tr\/?p=25522","title":{"rendered":"Erdo\u011fan CHP&#8217;yi yine \u00e7ok sert ele\u015ftirdi"},"content":{"rendered":"<p style=\"text-align: justify;\"><em><strong><a href=\"http:\/\/akunq.net\/tr\/wp-content\/uploads\/2013\/09\/\u0537\u0580\u0564\u0578\u0572\u0561\u0576.jpg\"><img loading=\"lazy\" decoding=\"async\" class=\"alignright size-medium wp-image-25523\" alt=\"\u0537\u0580\u0564\u0578\u0572\u0561\u0576\" src=\"http:\/\/akunq.net\/tr\/wp-content\/uploads\/2013\/09\/\u0537\u0580\u0564\u0578\u0572\u0561\u0576-300x208.jpg\" width=\"300\" height=\"208\" srcset=\"https:\/\/akunq.net\/tr\/wp-content\/uploads\/sites\/6\/2013\/09\/\u0537\u0580\u0564\u0578\u0572\u0561\u0576-300x208.jpg 300w, https:\/\/akunq.net\/tr\/wp-content\/uploads\/sites\/6\/2013\/09\/\u0537\u0580\u0564\u0578\u0572\u0561\u0576.jpg 400w\" sizes=\"auto, (max-width: 300px) 100vw, 300px\" \/><\/a>Ba\u015fbakan Erdo\u011fan, \u0130stanbul&#8217;da konu\u015ftu 28 \u015eubat&#8217;a destek veren medya kurulu\u015flar\u0131n\u0131n yarg\u0131lanmas\u0131n\u0131 istedi.<\/strong><\/em><br \/>\nBa\u015fbakan Erdo\u011fan, 28 \u015eubat s\u00fcrecine sermaye gruplar\u0131 ile medyan\u0131n da destek verdi\u011fini s\u00f6yleyerek, &#8220;Bunlar hala neden yarg\u0131lanm\u0131yorlar \u015fa\u015f\u0131r\u0131yorum&#8221; diye konu\u015ftu. CHP&#8217;nin 12 Eyl\u00fcl&#8217;\u00fcn y\u0131ld\u00f6n\u00fcm\u00fcn\u00fc, M\u0131s\u0131r&#8217;a yapt\u0131\u011f\u0131 ziyaretle kutlad\u0131\u011f\u0131n\u0131 ifade eden Erdo\u011fan, ihtilal d\u00f6nemlerinde dola\u015f\u0131ma sokulan yalanlar\u0131n bug\u00fcn de ayn\u0131 y\u00f6ntemlerle dola\u015f\u0131ma sokulmaya \u00e7al\u0131\u015f\u0131ld\u0131\u011f\u0131n\u0131 ileri s\u00fcrd\u00fc.<br \/>\nBa\u015fbakan Erdo\u011fan, CNR Fuar Merkezinde d\u00fczenlenen T\u00dcMS\u0130AD Uluslararas\u0131 Kobi \u015euras\u0131 a\u00e7\u0131l\u0131\u015f\u0131nda konu\u015ftu. Konu\u015fmas\u0131nda Gezi Park\u0131 eylemleriyle ba\u015flayan ve bug\u00fcnlerde tekrarlanan sokak hareketlerini de\u011ferlendiren Erdo\u011fan, 12 Eyl\u00fcl&#8217;de dola\u015f\u0131ma sokulan yalanlar\u0131n bug\u00fcn de yine ayn\u0131 elin yard\u0131m\u0131yla dola\u015f\u0131ma sokuldu\u011funu ileri s\u00fcrd\u00fc. 12 Eyl\u00fcl&#8217;de gen\u00e7lerin k\u0131yma makinalar\u0131nda \u00f6\u011f\u00fct\u00fcld\u00fc\u011f\u00fc yalanlar\u0131n\u0131n ortaya at\u0131ld\u0131\u011f\u0131n\u0131 anlatan Erdo\u011fan, Gezi Park\u0131 eylemlerinde de benzer \u015feylerin s\u00f6ylendi\u011fini ifade etti. Erdo\u011fan, konu\u015fmas\u0131nda g\u00f6sterilerin hukuk d\u0131\u015f\u0131na \u00e7\u0131kmamas\u0131 gerekti\u011fini s\u00f6yleyerem eylemcileri uyard\u0131. \u0130\u015fte o s\u00f6zler;<br \/>\n&#8220;Gezi olaylar\u0131nda bunlar\u0131 s\u00f6ylemediler mi? Gen\u00e7ler, \u015f\u00f6yle \u00f6\u011f\u00fct\u00fcl\u00fcyor b\u00f6yle d\u00f6v\u00fcl\u00fcyor&#8230; Bunlar\u0131 s\u00f6ylemediler mi? Hala s\u00f6ylemiyorlar m\u0131? Ayn\u0131 \u015feyi s\u00f6yl\u00fcyorlar. Bug\u00fcn nas\u0131l bir el gen\u00e7leri soka\u011fa d\u00f6kmek istiyorsa, \u00fcniversiteleri kar\u0131\u015ft\u0131rmak istiyorsa, o g\u00fcn de ayn\u0131 elin gen\u00e7leri k\u0131yd\u0131\u011f\u0131n\u0131 g\u00f6receksiniz. Ama \u015funu herkesin bilmesini istiyorum. Bug\u00fcn demokrasiye \u00e7ok ama \u00e7ok sa\u011flam bi\u00e7imde sahip \u00e7\u0131kan, bir iktidar i\u015f ba\u015f\u0131nda. A\u00e7\u0131k s\u00f6yl\u00fcyorum hukuk i\u00e7inde \u00f6zg\u00fcrl\u00fcklere s\u0131n\u0131rs\u0131z say\u011f\u0131m\u0131z var. Hukuk d\u0131\u015f\u0131nda ba\u015fkalar\u0131n\u0131n \u00f6zg\u00fcrl\u00fck alanlar\u0131na m\u00fcdahale ederse, g\u00fcvenlik g\u00fc\u00e7lerimizle t\u00fcm g\u00fcc\u00fcm\u00fczle hukukun verdi\u011fi g\u00fcc\u00fc sonuna kadar kullan\u0131r\u0131z. Bunu \u00f6zellikle s\u00f6yl\u00fcyorum. Bu kap\u0131 art\u0131k tamamen kapanm\u0131\u015ft\u0131r&#8221;<\/p>\n<p style=\"text-align: justify;\"><strong>&#8220;MUHALEFET\u0130 DE\u011e\u0130\u015eT\u0130REMED\u0130K&#8221;<\/strong><br \/>\nT\u00fcrkiye&#8217;de art\u0131k baz\u0131 \u015feylerin de\u011fi\u015fti\u011fini, g\u00fc\u00e7l\u00fcn\u00fcn de\u011fil hakl\u0131n\u0131n g\u00fc\u00e7l\u00fc oldu\u011funu s\u00f6yleyen Erdo\u011fan, samimi bir itirafta bulunaca\u011f\u0131m diyerek muhalefetin tavr\u0131n\u0131 ele\u015ftirdi. Erdo\u011fan, \u00fclkede \u00e7ok i\u015fler ba\u015fard\u0131k ancak muhalefeti de\u011fi\u015ftirmeyi ba\u015faramad\u0131k diye konu\u015ftu. Erdo\u011fan \u015funlar\u0131 s\u00f6yledi:<br \/>\n&#8220;T\u00fcrkiye art\u0131k g\u00fc\u00e7l\u00fcn\u00fcn hakl\u0131 oldu\u011fu de\u011fil hakl\u0131n\u0131n g\u00fc\u00e7l\u00fc oldu\u011fu bir konuma y\u00fckselmi\u015ftir. Bir avu\u00e7 se\u00e7kinin, elitin, imtiyazl\u0131n\u0131n dayatmalarda bulundu\u011fu bir \u00fclke de\u011filiz art\u0131k. Bug\u00fcn T\u00fcrkiye, 76 milyonun bir oldu\u011fu, beraber oldu\u011fu birbirine karde\u015f oldu\u011fu bir \u00fclke konumuna y\u00fckselmi\u015ftir. Burada t\u00fcm samimiyetimle bir alandaki ba\u015far\u0131s\u0131zl\u0131\u011f\u0131m\u0131z\u0131 itiraf etmek istiyorum. Her alan k\u00f6kl\u00fc reformlar yapt\u0131k. Her alanda 27 May\u0131s&#8217;\u0131n ve di\u011fer darbelerin vesayetini ortadan kald\u0131rd\u0131k. Ana muhalefetin, mevcut siyasi partilerin zihniyetini de\u011fi\u015ftirmekte ba\u015far\u0131s\u0131z olduk, bunu ba\u015faramad\u0131k. Muhalefet partilerine bak\u0131n, \u00fczerlerinde hala 27 May\u0131s&#8217;\u0131n, 12 Eyl\u00fcl&#8217;\u00fcn ve 28 \u015eubat&#8217;\u0131n tozlar\u0131n\u0131 \u00fczerlerinde ta\u015f\u0131d\u0131klar\u0131n\u0131 g\u00f6r\u00fcrs\u00fcn\u00fcz.&#8221;<\/p>\n<p style=\"text-align: justify;\"><strong>&#8220;NEDEN YARGILANMIYORLAR, \u015eA\u015eIRIYORUM&#8221;<\/strong><br \/>\nKonu\u015fmas\u0131nda 28 \u015eubat d\u00f6nemiyle ilgili de\u011ferlendirmede de bulunan Erdo\u011fan, bu d\u00f6nemde sermayenin de medyan\u0131n da aktif rol \u00fcstlendi\u011fini kaydetti. Erdo\u011fan, yarg\u0131ya bu isimler neden yarg\u0131lanm\u0131yor diye sordu, CHP&#8217;nin tavr\u0131n\u0131 ele\u015ftirdi. \u0130\u015fte Erdo\u011fan&#8217;\u0131n o s\u00f6zleri;<br \/>\n&#8220;\u015eimdi 28 \u015eubat&#8217;ta sermayenin katk\u0131s\u0131 yok muydu? Yaz\u0131l\u0131 ve g\u00f6rsel medyan\u0131n katk\u0131s\u0131 yok muydu? Hani baz\u0131 be\u015fliler vard\u0131 biliyorsunuz. Baz\u0131 be\u015fli \u00e7eteler diye ba\u015fl\u0131klar\u0131n at\u0131ld\u0131\u011f\u0131 d\u00f6nem yokmuydu? Ben onlar hala niye yarg\u0131lanm\u0131yor diye \u015fa\u015f\u0131r\u0131yorum. 28 \u015eubat ile ilgili niye onlar hesaba, \u00e7ekilmiyor diye merak ediyorum. Ayn\u0131 \u015fekilde CHP&#8217;ye bak\u0131n. 12 Eyl\u00fcl&#8217;\u00fcn y\u0131ld\u00f6n\u00fcm\u00fcn\u00fc \u00e7ok anlaml\u0131 bir ziyaretle kutluyorlar. Bir taraftan CHP ile ilgil ibir kutlama diyorlar ne yap\u0131yorlar M\u0131s\u0131r&#8217;a gidiyorlar. Daha yeni darbe yapm\u0131\u015f bir y\u00f6netime hay\u0131rl\u0131 olsun ziyaretine giderek 12 Eyl\u00fcl&#8217;\u00fc \u00e7ok b\u00fcy\u00fck bir \u00e7o\u015fku ve dayan\u0131\u015fma ile kutluyorlar. M\u0131s\u0131r ziyaretinde CHP&#8217;ye en son ne zaman iktidar oldunuz diye soruyorlar, cevap veremeyip gelece\u011fe bakal\u0131m diyorlar.<\/p>\n<p style=\"text-align: justify;\"><em><strong>http:\/\/haber.rotahaber.com\/erdogan-chpyi-yine-cok-sert-elestirdi_399137.html<\/strong><\/em><\/p>\n","protected":false},"excerpt":{"rendered":"<p>Ba\u015fbakan Erdo\u011fan, \u0130stanbul&#8217;da konu\u015ftu 28 \u015eubat&#8217;a destek veren medya kurulu\u015flar\u0131n\u0131n yarg\u0131lanmas\u0131n\u0131 istedi. Ba\u015fbakan Erdo\u011fan, 28 \u015eubat s\u00fcrecine sermaye gruplar\u0131 ile medyan\u0131n da destek verdi\u011fini s\u00f6yleyerek, &#8220;Bunlar hala neden yarg\u0131lanm\u0131yorlar \u015fa\u015f\u0131r\u0131yorum&#8221; diye konu\u015ftu. CHP&#8217;nin 12 Eyl\u00fcl&#8217;\u00fcn y\u0131ld\u00f6n\u00fcm\u00fcn\u00fc, M\u0131s\u0131r&#8217;a yapt\u0131\u011f\u0131 ziyaretle kutlad\u0131\u011f\u0131n\u0131 ifade eden Erdo\u011fan, ihtilal d\u00f6nemlerinde dola\u015f\u0131ma sokulan yalanlar\u0131n bug\u00fcn de ayn\u0131 y\u00f6ntemlerle dola\u015f\u0131ma sokulmaya \u00e7al\u0131\u015f\u0131ld\u0131\u011f\u0131n\u0131 [&hellip;]<\/p>\n","protected":false},"author":7,"featured_media":0,"comment_status":"open","ping_status":"open","sticky":false,"template":"","format":"standard","meta":{"footnotes":""},"categories":[1],"tags":[],"class_list":["post-25522","post","type-post","status-publish","format-standard","hentry","category-haberler"],"yoast_head":"<!-- This site is optimized with the Yoast SEO plugin v27.4 - https:\/\/yoast.com\/product\/yoast-seo-wordpress\/ -->\n<title>Erdo\u011fan CHP&#039;yi yine \u00e7ok sert ele\u015ftirdi - Bati Ermenistan Ve Bati Ermenileri Sorunlari Ara\u015ftirmalar Merkezi<\/title>\n<meta name=\"robots\" content=\"index, follow, max-snippet:-1, max-image-preview:large, max-video-preview:-1\" \/>\n<link rel=\"canonical\" href=\"https:\/\/akunq.net\/tr\/?p=25522\" \/>\n<meta property=\"og:locale\" content=\"en_US\" \/>\n<meta property=\"og:type\" content=\"article\" \/>\n<meta property=\"og:title\" content=\"Erdo\u011fan CHP&#039;yi yine \u00e7ok sert ele\u015ftirdi - Bati Ermenistan Ve Bati Ermenileri Sorunlari Ara\u015ftirmalar Merkezi\" \/>\n<meta property=\"og:description\" content=\"Ba\u015fbakan Erdo\u011fan, \u0130stanbul&#8217;da konu\u015ftu 28 \u015eubat&#8217;a destek veren medya kurulu\u015flar\u0131n\u0131n yarg\u0131lanmas\u0131n\u0131 istedi. Ba\u015fbakan Erdo\u011fan, 28 \u015eubat s\u00fcrecine sermaye gruplar\u0131 ile medyan\u0131n da destek verdi\u011fini s\u00f6yleyerek, &#8220;Bunlar hala neden yarg\u0131lanm\u0131yorlar \u015fa\u015f\u0131r\u0131yorum&#8221; diye konu\u015ftu. CHP&#8217;nin 12 Eyl\u00fcl&#8217;\u00fcn y\u0131ld\u00f6n\u00fcm\u00fcn\u00fc, M\u0131s\u0131r&#8217;a yapt\u0131\u011f\u0131 ziyaretle kutlad\u0131\u011f\u0131n\u0131 ifade eden Erdo\u011fan, ihtilal d\u00f6nemlerinde dola\u015f\u0131ma sokulan yalanlar\u0131n bug\u00fcn de ayn\u0131 y\u00f6ntemlerle dola\u015f\u0131ma sokulmaya \u00e7al\u0131\u015f\u0131ld\u0131\u011f\u0131n\u0131 [&hellip;]\" \/>\n<meta property=\"og:url\" content=\"https:\/\/akunq.net\/tr\/?p=25522\" \/>\n<meta property=\"og:site_name\" content=\"Bati Ermenistan Ve Bati Ermenileri Sorunlari Ara\u015ftirmalar Merkezi\" \/>\n<meta property=\"article:published_time\" content=\"2013-09-13T08:13:10+00:00\" \/>\n<meta name=\"author\" content=\"admin\" \/>\n<meta name=\"twitter:card\" content=\"summary_large_image\" \/>\n<meta name=\"twitter:label1\" content=\"Written by\" \/>\n\t<meta name=\"twitter:data1\" content=\"admin\" \/>\n\t<meta name=\"twitter:label2\" content=\"Est. reading time\" \/>\n\t<meta name=\"twitter:data2\" content=\"4 minutes\" \/>\n<script type=\"application\/ld+json\" class=\"yoast-schema-graph\">{\"@context\":\"https:\\\/\\\/schema.org\",\"@graph\":[{\"@type\":\"Article\",\"@id\":\"https:\\\/\\\/akunq.net\\\/tr\\\/?p=25522#article\",\"isPartOf\":{\"@id\":\"https:\\\/\\\/akunq.net\\\/tr\\\/?p=25522\"},\"author\":{\"name\":\"admin\",\"@id\":\"https:\\\/\\\/akunq.net\\\/tr\\\/#\\\/schema\\\/person\\\/096f1d38a12cce57fb855b485ed24c9e\"},\"headline\":\"Erdo\u011fan CHP&#8217;yi yine \u00e7ok sert ele\u015ftirdi\",\"datePublished\":\"2013-09-13T08:13:10+00:00\",\"mainEntityOfPage\":{\"@id\":\"https:\\\/\\\/akunq.net\\\/tr\\\/?p=25522\"},\"wordCount\":775,\"commentCount\":0,\"articleSection\":[\"Haberler\"],\"inLanguage\":\"en-US\",\"potentialAction\":[{\"@type\":\"CommentAction\",\"name\":\"Comment\",\"target\":[\"https:\\\/\\\/akunq.net\\\/tr\\\/?p=25522#respond\"]}]},{\"@type\":\"WebPage\",\"@id\":\"https:\\\/\\\/akunq.net\\\/tr\\\/?p=25522\",\"url\":\"https:\\\/\\\/akunq.net\\\/tr\\\/?p=25522\",\"name\":\"Erdo\u011fan CHP'yi yine \u00e7ok sert ele\u015ftirdi - Bati Ermenistan Ve Bati Ermenileri Sorunlari Ara\u015ftirmalar Merkezi\",\"isPartOf\":{\"@id\":\"https:\\\/\\\/akunq.net\\\/tr\\\/#website\"},\"datePublished\":\"2013-09-13T08:13:10+00:00\",\"author\":{\"@id\":\"https:\\\/\\\/akunq.net\\\/tr\\\/#\\\/schema\\\/person\\\/096f1d38a12cce57fb855b485ed24c9e\"},\"breadcrumb\":{\"@id\":\"https:\\\/\\\/akunq.net\\\/tr\\\/?p=25522#breadcrumb\"},\"inLanguage\":\"en-US\",\"potentialAction\":[{\"@type\":\"ReadAction\",\"target\":[\"https:\\\/\\\/akunq.net\\\/tr\\\/?p=25522\"]}]},{\"@type\":\"BreadcrumbList\",\"@id\":\"https:\\\/\\\/akunq.net\\\/tr\\\/?p=25522#breadcrumb\",\"itemListElement\":[{\"@type\":\"ListItem\",\"position\":1,\"name\":\"Home\",\"item\":\"https:\\\/\\\/akunq.net\\\/tr\"},{\"@type\":\"ListItem\",\"position\":2,\"name\":\"Erdo\u011fan CHP&#8217;yi yine \u00e7ok sert ele\u015ftirdi\"}]},{\"@type\":\"WebSite\",\"@id\":\"https:\\\/\\\/akunq.net\\\/tr\\\/#website\",\"url\":\"https:\\\/\\\/akunq.net\\\/tr\\\/\",\"name\":\"Bati Ermenistan Ve Bati Ermenileri Sorunlari Ara\u015ftirmalar Merkezi\",\"description\":\"\",\"potentialAction\":[{\"@type\":\"SearchAction\",\"target\":{\"@type\":\"EntryPoint\",\"urlTemplate\":\"https:\\\/\\\/akunq.net\\\/tr\\\/?s={search_term_string}\"},\"query-input\":{\"@type\":\"PropertyValueSpecification\",\"valueRequired\":true,\"valueName\":\"search_term_string\"}}],\"inLanguage\":\"en-US\"},{\"@type\":\"Person\",\"@id\":\"https:\\\/\\\/akunq.net\\\/tr\\\/#\\\/schema\\\/person\\\/096f1d38a12cce57fb855b485ed24c9e\",\"name\":\"admin\",\"url\":\"https:\\\/\\\/akunq.net\\\/tr\\\/?author=7\"}]}<\/script>\n<!-- \/ Yoast SEO plugin. -->","yoast_head_json":{"title":"Erdo\u011fan CHP'yi yine \u00e7ok sert ele\u015ftirdi - Bati Ermenistan Ve Bati Ermenileri Sorunlari Ara\u015ftirmalar Merkezi","robots":{"index":"index","follow":"follow","max-snippet":"max-snippet:-1","max-image-preview":"max-image-preview:large","max-video-preview":"max-video-preview:-1"},"canonical":"https:\/\/akunq.net\/tr\/?p=25522","og_locale":"en_US","og_type":"article","og_title":"Erdo\u011fan CHP'yi yine \u00e7ok sert ele\u015ftirdi - Bati Ermenistan Ve Bati Ermenileri Sorunlari Ara\u015ftirmalar Merkezi","og_description":"Ba\u015fbakan Erdo\u011fan, \u0130stanbul&#8217;da konu\u015ftu 28 \u015eubat&#8217;a destek veren medya kurulu\u015flar\u0131n\u0131n yarg\u0131lanmas\u0131n\u0131 istedi. Ba\u015fbakan Erdo\u011fan, 28 \u015eubat s\u00fcrecine sermaye gruplar\u0131 ile medyan\u0131n da destek verdi\u011fini s\u00f6yleyerek, &#8220;Bunlar hala neden yarg\u0131lanm\u0131yorlar \u015fa\u015f\u0131r\u0131yorum&#8221; diye konu\u015ftu. CHP&#8217;nin 12 Eyl\u00fcl&#8217;\u00fcn y\u0131ld\u00f6n\u00fcm\u00fcn\u00fc, M\u0131s\u0131r&#8217;a yapt\u0131\u011f\u0131 ziyaretle kutlad\u0131\u011f\u0131n\u0131 ifade eden Erdo\u011fan, ihtilal d\u00f6nemlerinde dola\u015f\u0131ma sokulan yalanlar\u0131n bug\u00fcn de ayn\u0131 y\u00f6ntemlerle dola\u015f\u0131ma sokulmaya \u00e7al\u0131\u015f\u0131ld\u0131\u011f\u0131n\u0131 [&hellip;]","og_url":"https:\/\/akunq.net\/tr\/?p=25522","og_site_name":"Bati Ermenistan Ve Bati Ermenileri Sorunlari Ara\u015ftirmalar Merkezi","article_published_time":"2013-09-13T08:13:10+00:00","author":"admin","twitter_card":"summary_large_image","twitter_misc":{"Written by":"admin","Est. reading time":"4 minutes"},"schema":{"@context":"https:\/\/schema.org","@graph":[{"@type":"Article","@id":"https:\/\/akunq.net\/tr\/?p=25522#article","isPartOf":{"@id":"https:\/\/akunq.net\/tr\/?p=25522"},"author":{"name":"admin","@id":"https:\/\/akunq.net\/tr\/#\/schema\/person\/096f1d38a12cce57fb855b485ed24c9e"},"headline":"Erdo\u011fan CHP&#8217;yi yine \u00e7ok sert ele\u015ftirdi","datePublished":"2013-09-13T08:13:10+00:00","mainEntityOfPage":{"@id":"https:\/\/akunq.net\/tr\/?p=25522"},"wordCount":775,"commentCount":0,"articleSection":["Haberler"],"inLanguage":"en-US","potentialAction":[{"@type":"CommentAction","name":"Comment","target":["https:\/\/akunq.net\/tr\/?p=25522#respond"]}]},{"@type":"WebPage","@id":"https:\/\/akunq.net\/tr\/?p=25522","url":"https:\/\/akunq.net\/tr\/?p=25522","name":"Erdo\u011fan CHP'yi yine \u00e7ok sert ele\u015ftirdi - Bati Ermenistan Ve Bati Ermenileri Sorunlari Ara\u015ftirmalar Merkezi","isPartOf":{"@id":"https:\/\/akunq.net\/tr\/#website"},"datePublished":"2013-09-13T08:13:10+00:00","author":{"@id":"https:\/\/akunq.net\/tr\/#\/schema\/person\/096f1d38a12cce57fb855b485ed24c9e"},"breadcrumb":{"@id":"https:\/\/akunq.net\/tr\/?p=25522#breadcrumb"},"inLanguage":"en-US","potentialAction":[{"@type":"ReadAction","target":["https:\/\/akunq.net\/tr\/?p=25522"]}]},{"@type":"BreadcrumbList","@id":"https:\/\/akunq.net\/tr\/?p=25522#breadcrumb","itemListElement":[{"@type":"ListItem","position":1,"name":"Home","item":"https:\/\/akunq.net\/tr"},{"@type":"ListItem","position":2,"name":"Erdo\u011fan CHP&#8217;yi yine \u00e7ok sert ele\u015ftirdi"}]},{"@type":"WebSite","@id":"https:\/\/akunq.net\/tr\/#website","url":"https:\/\/akunq.net\/tr\/","name":"Bati Ermenistan Ve Bati Ermenileri Sorunlari Ara\u015ftirmalar Merkezi","description":"","potentialAction":[{"@type":"SearchAction","target":{"@type":"EntryPoint","urlTemplate":"https:\/\/akunq.net\/tr\/?s={search_term_string}"},"query-input":{"@type":"PropertyValueSpecification","valueRequired":true,"valueName":"search_term_string"}}],"inLanguage":"en-US"},{"@type":"Person","@id":"https:\/\/akunq.net\/tr\/#\/schema\/person\/096f1d38a12cce57fb855b485ed24c9e","name":"admin","url":"https:\/\/akunq.net\/tr\/?author=7"}]}},"_links":{"self":[{"href":"https:\/\/akunq.net\/tr\/index.php?rest_route=\/wp\/v2\/posts\/25522","targetHints":{"allow":["GET"]}}],"collection":[{"href":"https:\/\/akunq.net\/tr\/index.php?rest_route=\/wp\/v2\/posts"}],"about":[{"href":"https:\/\/akunq.net\/tr\/index.php?rest_route=\/wp\/v2\/types\/post"}],"author":[{"embeddable":true,"href":"https:\/\/akunq.net\/tr\/index.php?rest_route=\/wp\/v2\/users\/7"}],"replies":[{"embeddable":true,"href":"https:\/\/akunq.net\/tr\/index.php?rest_route=%2Fwp%2Fv2%2Fcomments&post=25522"}],"version-history":[{"count":1,"href":"https:\/\/akunq.net\/tr\/index.php?rest_route=\/wp\/v2\/posts\/25522\/revisions"}],"predecessor-version":[{"id":25524,"href":"https:\/\/akunq.net\/tr\/index.php?rest_route=\/wp\/v2\/posts\/25522\/revisions\/25524"}],"wp:attachment":[{"href":"https:\/\/akunq.net\/tr\/index.php?rest_route=%2Fwp%2Fv2%2Fmedia&parent=25522"}],"wp:term":[{"taxonomy":"category","embeddable":true,"href":"https:\/\/akunq.net\/tr\/index.php?rest_route=%2Fwp%2Fv2%2Fcategories&post=25522"},{"taxonomy":"post_tag","embeddable":true,"href":"https:\/\/akunq.net\/tr\/index.php?rest_route=%2Fwp%2Fv2%2Ftags&post=25522"}],"curies":[{"name":"wp","href":"https:\/\/api.w.org\/{rel}","templated":true}]}}