{"id":25513,"date":"2013-09-13T02:30:08","date_gmt":"2013-09-13T07:30:08","guid":{"rendered":"http:\/\/akunq.net\/tr\/?p=25513"},"modified":"2013-09-13T02:30:08","modified_gmt":"2013-09-13T07:30:08","slug":"12-eylul-darbesi-ve-utanc-bilancosu","status":"publish","type":"post","link":"https:\/\/akunq.net\/tr\/?p=25513","title":{"rendered":"12 Eyl\u00fcl Darbesi ve Utan\u00e7 Bilan\u00e7osu"},"content":{"rendered":"<h2 style=\"text-align: justify;\"><i><a href=\"http:\/\/akunq.net\/tr\/wp-content\/uploads\/2013\/09\/1980-\u054d\u0565\u057a\u057f\u0565\u0574\u0562\u0565\u0580\u056b-12-\u056b-\u0570\u0565\u0572\u0561\u0577\u0580\u057b\u0574\u0561\u0576-33-\u0580\u0564-\u057f\u0561\u0580\u0565\u056c\u056b\u0581.jpg\"><img loading=\"lazy\" decoding=\"async\" class=\"alignright size-full wp-image-25514\" alt=\"1980 \u054d\u0565\u057a\u057f\u0565\u0574\u0562\u0565\u0580\u056b 12-\u056b \u0570\u0565\u0572\u0561\u0577\u0580\u057b\u0574\u0561\u0576 33-\u0580\u0564 \u057f\u0561\u0580\u0565\u056c\u056b\u0581\" src=\"http:\/\/akunq.net\/tr\/wp-content\/uploads\/2013\/09\/1980-\u054d\u0565\u057a\u057f\u0565\u0574\u0562\u0565\u0580\u056b-12-\u056b-\u0570\u0565\u0572\u0561\u0577\u0580\u057b\u0574\u0561\u0576-33-\u0580\u0564-\u057f\u0561\u0580\u0565\u056c\u056b\u0581.jpg\" width=\"294\" height=\"300\" \/><\/a>&#8220;Takvimler 12 Eyl\u00fcl 1980\u2019i g\u00f6sterirken duyulan tank g\u00fcr\u00fclt\u00fcleri, izleri bug\u00fcn bile silinmeyen bir insanl\u0131k su\u00e7unun geli\u015fini haber veriyordu&#8230;&#8221;<\/i><\/h2>\n<p style=\"text-align: justify;\"><strong><i>Bug\u00fcn <\/i><\/strong><a title=\"T\u00fcrkiye Haberleri\" href=\"http:\/\/www.aktifhaber.com\/turkiye\/\" target=\"_blank\"><b><i>T\u00fcrkiye<\/i><\/b><\/a><strong><i>, 33 y\u0131l \u00f6nce uyand\u0131\u011f\u0131 korkun\u00e7 sabah\u0131n mimarlar\u0131yla hesapla\u015f\u0131yor. D\u00f6nemin Genelkurmay Ba\u015fkan\u0131 Kenan Evren liderli\u011finde be\u015f generalden olu\u015fan cunta y\u00f6netimi, ilk i\u015f olarak siyasi partileri yasaklad\u0131, \u2018s\u00f6zde\u2019 yarg\u0131lamalarla 50 ki\u015fiyi idam sehpas\u0131na g\u00f6nderdi, 1 milyon insan\u0131 i\u015fkenceden ge\u00e7irdi&#8230;<\/i><\/strong><\/p>\n<p style=\"text-align: justify;\"><a title=\"T\u00fcrkiye Haberleri\" href=\"http:\/\/www.aktifhaber.com\/turkiye\/\" target=\"_blank\">T\u00fcrkiye<\/a>, tam 33 y\u0131l \u00f6nce bug\u00fcn tarihine bir utan\u00e7 vesikas\u0131 olarak ge\u00e7ecek karanl\u0131k bir sabaha uyand\u0131. Takvimler 12 Eyl\u00fcl 1980\u2019i g\u00f6sterirken duyulan tank g\u00fcr\u00fclt\u00fcleri, izleri bug\u00fcn bile silinmeyen bir insanl\u0131k su\u00e7unun geli\u015fini haber veriyordu. T\u00fcrkiye, 27 May\u0131s 1960 Darbesi ve 12 Mart 1971 Muht\u0131ras\u0131\u2019ndan sonra bir kez daha, \u201cAsmay\u0131p da besleyelim mi\u201d diyen ruhsuz bir anlay\u0131\u015f\u0131n y\u00f6netimine girdi.<\/p>\n<p style=\"text-align: justify;\"><strong>ERDAL EREN 17 YA\u015eINDA ASILDI<\/strong><\/p>\n<p style=\"text-align: justify;\">\u0130htilal mahkemelerinde yap\u0131lan s\u00f6zde yarg\u0131lamalarda, 517 ki\u015fiye idam cezas\u0131 verildi, bu cezalardan 50\u2019si infaz edildi. 17 ya\u015f\u0131ndaki Erdal Eren\u2019in idam karar\u0131 Yarg\u0131tay taraf\u0131ndan iki kere iptal edilmi\u015f olmas\u0131na kar\u015f\u0131n, Milli G\u00fcvenlik Konseyi taraf\u0131ndan onaylanarak 13 Aral\u0131k 1980\u2019de infaz edildi.<\/p>\n<p style=\"text-align: justify;\"><strong>ABD B\u00dcY\u00dcKEL\u00c7\u0130S\u0130\u2019N\u0130N KR\u0130PTOSU<\/strong><\/p>\n<p style=\"text-align: justify;\">D\u00f6nemin ABD B\u00fcy\u00fckel\u00e7isi\u2019nin \u00fclkesine g\u00f6nderdi\u011fi kriptoya, \u201cBizim \u00e7ocuklar i\u015fi bitirdi\u201d diye ge\u00e7en 12 Eyl\u00fcl Askeri Darbesi\u2019nin cunta y\u00f6netimi, daha da ileri giderek \u201cBurunlar\u0131n\u0131n kanamas\u0131 halinde cezaevindeki herkesin \u00f6ld\u00fcr\u00fclmesi\u201d talimat\u0131n\u0131 verdi. Darbenin ba\u015f\u0131ndaki komutan Kenan Evren, y\u0131llar sonra kat\u0131ld\u0131\u011f\u0131 bir televizyon program\u0131nda, bu emri do\u011frulad\u0131.<\/p>\n<p style=\"text-align: justify;\"><strong>DAYANAK \u0130\u00c7 H\u0130ZMET KANUNU\u2019YDU<\/strong><\/p>\n<p style=\"text-align: justify;\">D\u00f6nemin Genelkurmay Ba\u015fkan\u0131 Kenan Evren\u2019in ba\u015f\u0131n\u0131 \u00e7ekti\u011fi be\u015f generalden olu\u015fan cunta y\u00f6netiminin, ge\u00e7en Temmuz ay\u0131nda kald\u0131r\u0131lan TSK \u0130\u00e7 Hizmet Kanunu\u2019nun 35. Maddesinde yer alan \u2018Cumhuriyeti kollama ve koruma g\u00f6revini\u2019 dayanak g\u00f6stererek ger\u00e7ekle\u015ftirdi\u011fi darbe, y\u0131llar sonra da olsa \u015fimdi yarg\u0131ya hesap veriyor. Darbenin hayattaki komutanlar\u0131 Kenan Evren ve Tahsin \u015eahinkaya, ge\u00e7en y\u0131l a\u00e7\u0131lan davan\u0131n san\u0131klar\u0131 olarak \u2018a\u011f\u0131rla\u015ft\u0131r\u0131lm\u0131\u015f m\u00fcebbet\u2019 talebiyle yarg\u0131lan\u0131yorlar.<\/p>\n<p style=\"text-align: justify;\"><strong>PARTi LiDERLER\u0130 S\u00dcRG\u00dcN ED\u0130LD\u0130<\/strong><\/p>\n<p style=\"text-align: justify;\">Darbenin sabah\u0131 saat 05.30\u2019da S\u00fcleyman Demirel, B\u00fclent Ecevit ve Necmettin Erbakan\u2019a, Genelkurmay Ba\u015fkan\u0131 Kenan Evren taraf\u0131ndan, \u201cTSK\u2019n\u0131n y\u00f6netime el koydu\u011fu, h\u00fck\u00fcmetin feshedildi\u011fi, parlamento \u00fcyeliklerinin sona erdi\u011fini\u201d bildiren birer tebli\u011f g\u00f6nderildi. Ayn\u0131 sabah Ecevit ve Demirel e\u015fleriyle birlikte ayn\u0131 u\u00e7akla Hamzakoy\u2019a, Necmettin Erbakan ise Uzunada\u2019ya g\u00f6t\u00fcr\u00fcld\u00fcler. Evinde bulunamayan Alparslan T\u00fcrke\u015f ise 14 Eyl\u00fcl\u2019de teslim oldu ve Uzunada\u2019ya g\u00f6nderildi.<\/p>\n<p style=\"text-align: justify;\"><strong>GAZETEC\u0130 ABD\u0130 \u0130PEK\u00c7\u0130 \u00d6LD\u00dcR\u00dcLD\u00dc<\/strong><\/p>\n<p style=\"text-align: justify;\">T\u00fcrkiye\u2019yi 12 Eyl\u00fcl darbesine g\u00f6t\u00fcren s\u00fcre\u00e7te, 1970\u2019li y\u0131llarda ba\u015flayan ve giderek t\u0131rmanan sa\u011f-sol \u00e7at\u0131\u015fmalar\u0131 dikkat cekiyordu. S\u0131k\u0131y\u00f6netim uygulamas\u0131na ra\u011fmen bu \u00e7at\u0131\u015fmalar\u0131n durulmamas\u0131 ve giderek alevlenmesi, askerin darbeye zemin haz\u0131rlamak i\u00e7in bilerek seyirci kald\u0131\u011f\u0131 ger\u00e7e\u011fini su y\u00fcz\u00fcne \u00e7\u0131kard\u0131. Sadece sa\u011f ve sol gruplar\u0131n \u00e7at\u0131\u015fmalar\u0131 de\u011fil, art arda ya\u015fanan suikastler de darbenin geli\u015fini h\u0131zland\u0131rd\u0131. \u015eubat 1979 Milliyet Gazetesi Yay\u0131n Y\u00f6netmeni Abdi \u0130pek\u00e7i \u00f6ld\u00fcr\u00fcld\u00fc. Darbeye kadar ge\u00e7en s\u00fcrede, Prof. Cavit Orhan T\u00fctengil, \u00dcmit Kaftanc\u0131o\u011flu, MHP Genel Ba\u015fkan Yard\u0131mc\u0131s\u0131 G\u00fcn Sazak, Maden-\u0130\u015f Sandikas\u0131 genel Ba\u015fkan\u0131 Kemal T\u00fcrkler u\u011frad\u0131klar\u0131 sald\u0131r\u0131larda can verdiler.<\/p>\n<p style=\"text-align: justify;\"><strong>\u0130LK \u0130\u015eARET UYARI MEKTUBU<\/strong><\/p>\n<p style=\"text-align: justify;\">\u0130stikrars\u0131zl\u0131klar\u0131n ya\u015fand\u0131\u011f\u0131 bir d\u00f6nemde gerginle\u015fen ortam cuntac\u0131lar\u0131n i\u015fini kolayla\u015ft\u0131rd\u0131. Demirel\u2019in Ba\u015fbakanl\u0131\u011f\u0131\u2019nda kurulan az\u0131nl\u0131k h\u00fck\u00fcmeti d\u00f6neminde de gerilim t\u0131rmand\u0131. Darbenin ilk i\u015fareti olan TSK\u2019n\u0131n \u2018uyar\u0131 mektubu\u2019, 27 Aral\u0131k 1979\u2019da Cumhurba\u015fkan\u0131 Fahri Korut\u00fcrk\u2019e verildi. Genelkurmay Ba\u015fkan\u0131 Kenan Evren, Kara Kuvvetleri Komutan\u0131 Nurettin Ersin, Deniz Kuvvetleri Komutan\u0131 B\u00fclend Ulusu, Hava Kuvvetleri Komutan\u0131 Tahsin \u015eahinkaya ile Jandarma Genel Komutan\u0131 Sedat Celasun\u2019un imzas\u0131n\u0131 ta\u015f\u0131yan mektupta, \u00fclkedeki i\u00e7 kar\u0131\u015f\u0131kl\u0131klardan duyulan rahats\u0131zl\u0131k dile getiriliyordu.<\/p>\n<p style=\"text-align: justify;\"><strong>YARGILAMANIN \u00d6N\u00dc A\u00c7ILDI<\/strong><\/p>\n<p style=\"text-align: justify;\">Halen y\u00fcr\u00fcrl\u00fckte olan 1982 Anayasas\u0131, 7 Kas\u0131m 1982\u2019de yap\u0131lan tart\u0131\u015fmal\u0131 bir halk oylamas\u0131yla kabul edildi. <a href=\"http:\/\/www.aksam.com.tr\/guncel\/netekim-33-yil\/haber-243951\" target=\"_blank\">Ak\u015fam&#8217;\u0131n haberine g\u00f6re,<\/a> beyaz zarflara konarak at\u0131lan oy pusulalar\u0131nda mavi rengin fark edilece\u011finden endi\u015fe eden \u00e7ok say\u0131da yurtta\u015f\u0131n, bu \u00e7ekince ile Anayasa\u2019ya \u201cEvet\u201d dedi\u011fi y\u0131llarca konu\u015fuldu. Ayn\u0131 halk oylamas\u0131yla Evren Cumhurba\u015fkan\u0131 se\u00e7ildi. Anayasa\u2019daki ge\u00e7ici 15. Madde ise cuntac\u0131lar\u0131n yarg\u0131lanmalar\u0131n\u0131 engelledi. 2010\u2019daki Anayasa de\u011fi\u015fikli\u011fiyle bu madde kald\u0131r\u0131ld\u0131; Evren ve \u015eahinkaya hakk\u0131nda dava a\u00e7\u0131ld\u0131.<\/p>\n<p style=\"text-align: justify;\"><strong>RAKAMLARLA UTAN\u00c7<\/strong><\/p>\n<p style=\"text-align: justify;\">&#8211; Bir milyon 683 bin ki\u015fi fi\u015flendi, bir milyona yak\u0131n ki\u015fi g\u00f6zalt\u0131na al\u0131nd\u0131.<br \/>\n&#8211; 210 bin davada 230 bin ki\u015fi yarg\u0131land\u0131.<br \/>\n&#8211; 517 ki\u015fiye idam cezas\u0131 verildi. 50 ki\u015fi as\u0131ld\u0131.<br \/>\n&#8211; 71 bin ki\u015fi irtica ve kom\u00fcnizm propagandas\u0131 su\u00e7lamas\u0131yla, 98 bin 404 ki\u015fi \u00f6rg\u00fct \u00fcyesi olmak su\u00e7undan yarg\u0131land\u0131.<br \/>\n&#8211; 50 binin \u00fczerinde ki\u015fi sak\u0131ncal\u0131 oldu\u011fu i\u00e7in i\u015ften at\u0131ld\u0131. 14 bin ki\u015fi yurtta\u015fl\u0131ktan \u00e7\u0131kar\u0131ld\u0131. 30 bin ki\u015fi siyasi m\u00fclteci olarak yurtd\u0131\u015f\u0131na gitti.<br \/>\n&#8211; Yakla\u015f\u0131k 300 ki\u015fi g\u00f6zalt\u0131ndayken \u00f6ld\u00fcr\u00fcld\u00fc. 171 ki\u015fi i\u015fkenceden \u00f6ld\u00fc.<br \/>\n&#8211; 937 film sak\u0131ncal\u0131 bulundu\u011fu i\u00e7in yasakland\u0131. 23 bin 677 derne\u011fin faaliyeti durduruldu.<br \/>\n&#8211; 3 bin 854 \u00f6\u011fretmen, 120 \u00f6\u011fretim \u00fcyesi ve 47 h\u00e2kimin i\u015fine son verildi. 400 gazeteci i\u00e7in toplam 4 bin y\u0131l hapis cezas\u0131 istendi.<br \/>\nGazetecilere 3 bin 315 y\u0131l 6 ay hapis cezas\u0131 verildi. 31 gazeteci cezaevine girdi. 300 gazeteci sald\u0131r\u0131ya u\u011frad\u0131.<br \/>\n3 gazeteci silahla \u00f6ld\u00fcr\u00fcld\u00fc. Gazeteler 300 g\u00fcn yay\u0131n yapamad\u0131. 13 b\u00fcy\u00fck gazete i\u00e7in 303 dava a\u00e7\u0131ld\u0131.<br \/>\n&#8211; Cezaevlerinde 299 ki\u015fi ya\u015fam\u0131n\u0131 yitirdi.<\/p>\n<p style=\"text-align: justify;\"><b><i>(Ak\u015fam)<\/i><\/b><\/p>\n<p style=\"text-align: justify;\"><b><i>http:\/\/www.aktifhaber.com\/12-eylul-darbesi-ve-utanc-bilancosu-852666h.htm<\/i><\/b><\/p>\n","protected":false},"excerpt":{"rendered":"<p>&#8220;Takvimler 12 Eyl\u00fcl 1980\u2019i g\u00f6sterirken duyulan tank g\u00fcr\u00fclt\u00fcleri, izleri bug\u00fcn bile silinmeyen bir insanl\u0131k su\u00e7unun geli\u015fini haber veriyordu&#8230;&#8221; Bug\u00fcn T\u00fcrkiye, 33 y\u0131l \u00f6nce uyand\u0131\u011f\u0131 korkun\u00e7 sabah\u0131n mimarlar\u0131yla hesapla\u015f\u0131yor. D\u00f6nemin Genelkurmay Ba\u015fkan\u0131 Kenan Evren liderli\u011finde be\u015f generalden olu\u015fan cunta y\u00f6netimi, ilk i\u015f olarak siyasi partileri yasaklad\u0131, \u2018s\u00f6zde\u2019 yarg\u0131lamalarla 50 ki\u015fiyi idam sehpas\u0131na g\u00f6nderdi, 1 milyon insan\u0131 [&hellip;]<\/p>\n","protected":false},"author":7,"featured_media":0,"comment_status":"open","ping_status":"open","sticky":false,"template":"","format":"standard","meta":{"footnotes":""},"categories":[1,20],"tags":[],"class_list":["post-25513","post","type-post","status-publish","format-standard","hentry","category-haberler","category-tarih-sayfalari"],"yoast_head":"<!-- This site is optimized with the Yoast SEO plugin v27.4 - https:\/\/yoast.com\/product\/yoast-seo-wordpress\/ -->\n<title>12 Eyl\u00fcl Darbesi ve Utan\u00e7 Bilan\u00e7osu - Bati Ermenistan Ve Bati Ermenileri Sorunlari Ara\u015ftirmalar Merkezi<\/title>\n<meta name=\"robots\" content=\"index, follow, max-snippet:-1, max-image-preview:large, max-video-preview:-1\" \/>\n<link rel=\"canonical\" href=\"https:\/\/akunq.net\/tr\/?p=25513\" \/>\n<meta property=\"og:locale\" content=\"en_US\" \/>\n<meta property=\"og:type\" content=\"article\" \/>\n<meta property=\"og:title\" content=\"12 Eyl\u00fcl Darbesi ve Utan\u00e7 Bilan\u00e7osu - Bati Ermenistan Ve Bati Ermenileri Sorunlari Ara\u015ftirmalar Merkezi\" \/>\n<meta property=\"og:description\" content=\"&#8220;Takvimler 12 Eyl\u00fcl 1980\u2019i g\u00f6sterirken duyulan tank g\u00fcr\u00fclt\u00fcleri, izleri bug\u00fcn bile silinmeyen bir insanl\u0131k su\u00e7unun geli\u015fini haber veriyordu&#8230;&#8221; Bug\u00fcn T\u00fcrkiye, 33 y\u0131l \u00f6nce uyand\u0131\u011f\u0131 korkun\u00e7 sabah\u0131n mimarlar\u0131yla hesapla\u015f\u0131yor. D\u00f6nemin Genelkurmay Ba\u015fkan\u0131 Kenan Evren liderli\u011finde be\u015f generalden olu\u015fan cunta y\u00f6netimi, ilk i\u015f olarak siyasi partileri yasaklad\u0131, \u2018s\u00f6zde\u2019 yarg\u0131lamalarla 50 ki\u015fiyi idam sehpas\u0131na g\u00f6nderdi, 1 milyon insan\u0131 [&hellip;]\" \/>\n<meta property=\"og:url\" content=\"https:\/\/akunq.net\/tr\/?p=25513\" \/>\n<meta property=\"og:site_name\" content=\"Bati Ermenistan Ve Bati Ermenileri Sorunlari Ara\u015ftirmalar Merkezi\" \/>\n<meta property=\"article:published_time\" content=\"2013-09-13T07:30:08+00:00\" \/>\n<meta name=\"author\" content=\"admin\" \/>\n<meta name=\"twitter:card\" content=\"summary_large_image\" \/>\n<meta name=\"twitter:label1\" content=\"Written by\" \/>\n\t<meta name=\"twitter:data1\" content=\"admin\" \/>\n\t<meta name=\"twitter:label2\" content=\"Est. reading time\" \/>\n\t<meta name=\"twitter:data2\" content=\"5 minutes\" \/>\n<script type=\"application\/ld+json\" class=\"yoast-schema-graph\">{\"@context\":\"https:\\\/\\\/schema.org\",\"@graph\":[{\"@type\":\"Article\",\"@id\":\"https:\\\/\\\/akunq.net\\\/tr\\\/?p=25513#article\",\"isPartOf\":{\"@id\":\"https:\\\/\\\/akunq.net\\\/tr\\\/?p=25513\"},\"author\":{\"name\":\"admin\",\"@id\":\"https:\\\/\\\/akunq.net\\\/tr\\\/#\\\/schema\\\/person\\\/096f1d38a12cce57fb855b485ed24c9e\"},\"headline\":\"12 Eyl\u00fcl Darbesi ve Utan\u00e7 Bilan\u00e7osu\",\"datePublished\":\"2013-09-13T07:30:08+00:00\",\"mainEntityOfPage\":{\"@id\":\"https:\\\/\\\/akunq.net\\\/tr\\\/?p=25513\"},\"wordCount\":1025,\"commentCount\":0,\"articleSection\":[\"Haberler\",\"Tarih Sayfalar\u0131\"],\"inLanguage\":\"en-US\",\"potentialAction\":[{\"@type\":\"CommentAction\",\"name\":\"Comment\",\"target\":[\"https:\\\/\\\/akunq.net\\\/tr\\\/?p=25513#respond\"]}]},{\"@type\":\"WebPage\",\"@id\":\"https:\\\/\\\/akunq.net\\\/tr\\\/?p=25513\",\"url\":\"https:\\\/\\\/akunq.net\\\/tr\\\/?p=25513\",\"name\":\"12 Eyl\u00fcl Darbesi ve Utan\u00e7 Bilan\u00e7osu - Bati Ermenistan Ve Bati Ermenileri Sorunlari Ara\u015ftirmalar Merkezi\",\"isPartOf\":{\"@id\":\"https:\\\/\\\/akunq.net\\\/tr\\\/#website\"},\"datePublished\":\"2013-09-13T07:30:08+00:00\",\"author\":{\"@id\":\"https:\\\/\\\/akunq.net\\\/tr\\\/#\\\/schema\\\/person\\\/096f1d38a12cce57fb855b485ed24c9e\"},\"breadcrumb\":{\"@id\":\"https:\\\/\\\/akunq.net\\\/tr\\\/?p=25513#breadcrumb\"},\"inLanguage\":\"en-US\",\"potentialAction\":[{\"@type\":\"ReadAction\",\"target\":[\"https:\\\/\\\/akunq.net\\\/tr\\\/?p=25513\"]}]},{\"@type\":\"BreadcrumbList\",\"@id\":\"https:\\\/\\\/akunq.net\\\/tr\\\/?p=25513#breadcrumb\",\"itemListElement\":[{\"@type\":\"ListItem\",\"position\":1,\"name\":\"Home\",\"item\":\"https:\\\/\\\/akunq.net\\\/tr\"},{\"@type\":\"ListItem\",\"position\":2,\"name\":\"12 Eyl\u00fcl Darbesi ve Utan\u00e7 Bilan\u00e7osu\"}]},{\"@type\":\"WebSite\",\"@id\":\"https:\\\/\\\/akunq.net\\\/tr\\\/#website\",\"url\":\"https:\\\/\\\/akunq.net\\\/tr\\\/\",\"name\":\"Bati Ermenistan Ve Bati Ermenileri Sorunlari Ara\u015ftirmalar Merkezi\",\"description\":\"\",\"potentialAction\":[{\"@type\":\"SearchAction\",\"target\":{\"@type\":\"EntryPoint\",\"urlTemplate\":\"https:\\\/\\\/akunq.net\\\/tr\\\/?s={search_term_string}\"},\"query-input\":{\"@type\":\"PropertyValueSpecification\",\"valueRequired\":true,\"valueName\":\"search_term_string\"}}],\"inLanguage\":\"en-US\"},{\"@type\":\"Person\",\"@id\":\"https:\\\/\\\/akunq.net\\\/tr\\\/#\\\/schema\\\/person\\\/096f1d38a12cce57fb855b485ed24c9e\",\"name\":\"admin\",\"url\":\"https:\\\/\\\/akunq.net\\\/tr\\\/?author=7\"}]}<\/script>\n<!-- \/ Yoast SEO plugin. -->","yoast_head_json":{"title":"12 Eyl\u00fcl Darbesi ve Utan\u00e7 Bilan\u00e7osu - Bati Ermenistan Ve Bati Ermenileri Sorunlari Ara\u015ftirmalar Merkezi","robots":{"index":"index","follow":"follow","max-snippet":"max-snippet:-1","max-image-preview":"max-image-preview:large","max-video-preview":"max-video-preview:-1"},"canonical":"https:\/\/akunq.net\/tr\/?p=25513","og_locale":"en_US","og_type":"article","og_title":"12 Eyl\u00fcl Darbesi ve Utan\u00e7 Bilan\u00e7osu - Bati Ermenistan Ve Bati Ermenileri Sorunlari Ara\u015ftirmalar Merkezi","og_description":"&#8220;Takvimler 12 Eyl\u00fcl 1980\u2019i g\u00f6sterirken duyulan tank g\u00fcr\u00fclt\u00fcleri, izleri bug\u00fcn bile silinmeyen bir insanl\u0131k su\u00e7unun geli\u015fini haber veriyordu&#8230;&#8221; Bug\u00fcn T\u00fcrkiye, 33 y\u0131l \u00f6nce uyand\u0131\u011f\u0131 korkun\u00e7 sabah\u0131n mimarlar\u0131yla hesapla\u015f\u0131yor. D\u00f6nemin Genelkurmay Ba\u015fkan\u0131 Kenan Evren liderli\u011finde be\u015f generalden olu\u015fan cunta y\u00f6netimi, ilk i\u015f olarak siyasi partileri yasaklad\u0131, \u2018s\u00f6zde\u2019 yarg\u0131lamalarla 50 ki\u015fiyi idam sehpas\u0131na g\u00f6nderdi, 1 milyon insan\u0131 [&hellip;]","og_url":"https:\/\/akunq.net\/tr\/?p=25513","og_site_name":"Bati Ermenistan Ve Bati Ermenileri Sorunlari Ara\u015ftirmalar Merkezi","article_published_time":"2013-09-13T07:30:08+00:00","author":"admin","twitter_card":"summary_large_image","twitter_misc":{"Written by":"admin","Est. reading time":"5 minutes"},"schema":{"@context":"https:\/\/schema.org","@graph":[{"@type":"Article","@id":"https:\/\/akunq.net\/tr\/?p=25513#article","isPartOf":{"@id":"https:\/\/akunq.net\/tr\/?p=25513"},"author":{"name":"admin","@id":"https:\/\/akunq.net\/tr\/#\/schema\/person\/096f1d38a12cce57fb855b485ed24c9e"},"headline":"12 Eyl\u00fcl Darbesi ve Utan\u00e7 Bilan\u00e7osu","datePublished":"2013-09-13T07:30:08+00:00","mainEntityOfPage":{"@id":"https:\/\/akunq.net\/tr\/?p=25513"},"wordCount":1025,"commentCount":0,"articleSection":["Haberler","Tarih Sayfalar\u0131"],"inLanguage":"en-US","potentialAction":[{"@type":"CommentAction","name":"Comment","target":["https:\/\/akunq.net\/tr\/?p=25513#respond"]}]},{"@type":"WebPage","@id":"https:\/\/akunq.net\/tr\/?p=25513","url":"https:\/\/akunq.net\/tr\/?p=25513","name":"12 Eyl\u00fcl Darbesi ve Utan\u00e7 Bilan\u00e7osu - Bati Ermenistan Ve Bati Ermenileri Sorunlari Ara\u015ftirmalar Merkezi","isPartOf":{"@id":"https:\/\/akunq.net\/tr\/#website"},"datePublished":"2013-09-13T07:30:08+00:00","author":{"@id":"https:\/\/akunq.net\/tr\/#\/schema\/person\/096f1d38a12cce57fb855b485ed24c9e"},"breadcrumb":{"@id":"https:\/\/akunq.net\/tr\/?p=25513#breadcrumb"},"inLanguage":"en-US","potentialAction":[{"@type":"ReadAction","target":["https:\/\/akunq.net\/tr\/?p=25513"]}]},{"@type":"BreadcrumbList","@id":"https:\/\/akunq.net\/tr\/?p=25513#breadcrumb","itemListElement":[{"@type":"ListItem","position":1,"name":"Home","item":"https:\/\/akunq.net\/tr"},{"@type":"ListItem","position":2,"name":"12 Eyl\u00fcl Darbesi ve Utan\u00e7 Bilan\u00e7osu"}]},{"@type":"WebSite","@id":"https:\/\/akunq.net\/tr\/#website","url":"https:\/\/akunq.net\/tr\/","name":"Bati Ermenistan Ve Bati Ermenileri Sorunlari Ara\u015ftirmalar Merkezi","description":"","potentialAction":[{"@type":"SearchAction","target":{"@type":"EntryPoint","urlTemplate":"https:\/\/akunq.net\/tr\/?s={search_term_string}"},"query-input":{"@type":"PropertyValueSpecification","valueRequired":true,"valueName":"search_term_string"}}],"inLanguage":"en-US"},{"@type":"Person","@id":"https:\/\/akunq.net\/tr\/#\/schema\/person\/096f1d38a12cce57fb855b485ed24c9e","name":"admin","url":"https:\/\/akunq.net\/tr\/?author=7"}]}},"_links":{"self":[{"href":"https:\/\/akunq.net\/tr\/index.php?rest_route=\/wp\/v2\/posts\/25513","targetHints":{"allow":["GET"]}}],"collection":[{"href":"https:\/\/akunq.net\/tr\/index.php?rest_route=\/wp\/v2\/posts"}],"about":[{"href":"https:\/\/akunq.net\/tr\/index.php?rest_route=\/wp\/v2\/types\/post"}],"author":[{"embeddable":true,"href":"https:\/\/akunq.net\/tr\/index.php?rest_route=\/wp\/v2\/users\/7"}],"replies":[{"embeddable":true,"href":"https:\/\/akunq.net\/tr\/index.php?rest_route=%2Fwp%2Fv2%2Fcomments&post=25513"}],"version-history":[{"count":1,"href":"https:\/\/akunq.net\/tr\/index.php?rest_route=\/wp\/v2\/posts\/25513\/revisions"}],"predecessor-version":[{"id":25515,"href":"https:\/\/akunq.net\/tr\/index.php?rest_route=\/wp\/v2\/posts\/25513\/revisions\/25515"}],"wp:attachment":[{"href":"https:\/\/akunq.net\/tr\/index.php?rest_route=%2Fwp%2Fv2%2Fmedia&parent=25513"}],"wp:term":[{"taxonomy":"category","embeddable":true,"href":"https:\/\/akunq.net\/tr\/index.php?rest_route=%2Fwp%2Fv2%2Fcategories&post=25513"},{"taxonomy":"post_tag","embeddable":true,"href":"https:\/\/akunq.net\/tr\/index.php?rest_route=%2Fwp%2Fv2%2Ftags&post=25513"}],"curies":[{"name":"wp","href":"https:\/\/api.w.org\/{rel}","templated":true}]}}