{"id":25510,"date":"2013-09-13T01:43:01","date_gmt":"2013-09-13T06:43:01","guid":{"rendered":"http:\/\/akunq.net\/tr\/?p=25510"},"modified":"2013-09-13T01:43:01","modified_gmt":"2013-09-13T06:43:01","slug":"diyarbakirda-ortak-vicdan-aniti-acildi","status":"publish","type":"post","link":"https:\/\/akunq.net\/tr\/?p=25510","title":{"rendered":"Diyarbak\u0131r&#8217;da &#8216;Ortak Vicdan An\u0131t\u0131&#8217; a\u00e7\u0131ld\u0131"},"content":{"rendered":"<h2 style=\"text-align: justify;\"><i><a href=\"http:\/\/akunq.net\/tr\/wp-content\/uploads\/2013\/09\/Ortak-Vicdan-An\u0131t\u0131.jpg\"><img loading=\"lazy\" decoding=\"async\" class=\"alignright size-medium wp-image-25511\" alt=\"'Ortak Vicdan An\u0131t\u0131'\" src=\"http:\/\/akunq.net\/tr\/wp-content\/uploads\/2013\/09\/Ortak-Vicdan-An\u0131t\u0131-300x144.jpg\" width=\"300\" height=\"144\" srcset=\"https:\/\/akunq.net\/tr\/wp-content\/uploads\/sites\/6\/2013\/09\/Ortak-Vicdan-An\u0131t\u0131-300x144.jpg 300w, https:\/\/akunq.net\/tr\/wp-content\/uploads\/sites\/6\/2013\/09\/Ortak-Vicdan-An\u0131t\u0131-600x289.jpg 600w, https:\/\/akunq.net\/tr\/wp-content\/uploads\/sites\/6\/2013\/09\/Ortak-Vicdan-An\u0131t\u0131.jpg 615w\" sizes=\"auto, (max-width: 300px) 100vw, 300px\" \/><\/a>Sur Belediyesince, T\u00fcrk, K\u00fcrt, Ermeni, S\u00fcryani, Yahudi, Yezidi, Alevi ve M\u00fcsl\u00fcmanlar\u0131n ya\u015fad\u0131\u011f\u0131 ac\u0131lar\u0131n bir daha ya\u015fanmamas\u0131 temas\u0131yla tasarlanan &#8220;Ortak Vicdan An\u0131t\u0131&#8221; d\u00fczenlenen t\u00f6renle a\u00e7\u0131ld\u0131.<\/i><\/h2>\n<p style=\"text-align: justify;\">Sur il\u00e7esindeki \u0130skenderpa\u015fa Mahallesi&#8217;nde yap\u0131m\u0131 devam eden Anzele Park\u0131&#8217;nda in\u015fa edilen &#8220;Ortak Vicdan An\u0131t\u0131&#8221; i\u00e7in t\u00f6ren ger\u00e7ekle\u015ftirildi. Diyarbak\u0131r B\u00fcy\u00fck\u015fehir Belediye Ba\u015fkan Vekili Hafize \u0130pek, t\u00f6rende yapt\u0131\u011f\u0131 konu\u015fmada, bug\u00fcn bir tarih yaz\u0131ld\u0131\u011f\u0131n\u0131 belirterek, zalimlerin bir daha K\u00fcrd\u00fc Ermeniye, Ermeniyi K\u00fcrde, Yezidiyi Laza, T\u00fcrk\u00fc K\u00fcrde d\u00fc\u015f\u00fcremeyece\u011fini s\u00f6yledi.<\/p>\n<p style=\"text-align: justify;\">\u0130pek, 33 medeniyete be\u015fiklik etmi\u015f, 8 bin y\u0131ll\u0131k kesintisiz ya\u015fam\u0131 s\u00fcrd\u00fcren Diyarbak\u0131r&#8217;da ge\u00e7mi\u015fte, kendi iktidarlar\u0131n\u0131 korumak i\u00e7in zalimlerin hep birilerini yok etme pe\u015finde oldu\u011funu savunarak, &#8220;Ama art\u0131k halklar karde\u015ftir diyoruz. Bunu sonuna kadar g\u00f6t\u00fcrece\u011fiz. Zalimlerin zul\u00fcmlerini her an belleklerde canl\u0131 tutacak, somut g\u00f6stergesi olan an\u0131t\u0131m\u0131z\u0131n yap\u0131lmas\u0131nda eme\u011fi ge\u00e7enlere te\u015fek\u00fcr ediyorum&#8221; diye konu\u015ftu.<\/p>\n<p style=\"text-align: justify;\">Sur Belediye Ba\u015fkan\u0131 Abdullah Demirba\u015f ise bir daha bu utan\u00e7lar\u0131n ya\u015fanmamas\u0131 i\u00e7in bir araya geldiklerini, 12 Eyl\u00fcl&#8217;\u00fcn b\u00fct\u00fcn halklara ve inan\u00e7lara ac\u0131lar\u0131n tatt\u0131r\u0131ld\u0131\u011f\u0131 bir g\u00fcn oldu\u011funu s\u00f6yledi.<\/p>\n<p style=\"text-align: justify;\">O ac\u0131lar\u0131 tatt\u0131ranlar\u0131n ya\u015fatt\u0131\u011f\u0131 ac\u0131larla y\u00fczle\u015fmesinin zaman\u0131 geldi\u011fini, tarih boyunca bu co\u011frafyada halklar\u0131n ve inan\u00e7lar\u0131n ac\u0131lar ya\u015fad\u0131\u011f\u0131n\u0131, ac\u0131lar ya\u015fatt\u0131\u011f\u0131n\u0131 ifade eden Demirba\u015f, \u015f\u00f6yle konu\u015ftu:<\/p>\n<p style=\"text-align: justify;\">&#8220;Art\u0131k bizlerin de ya\u015fad\u0131\u011f\u0131m\u0131z ve ya\u015fatt\u0131\u011f\u0131m\u0131z ac\u0131larla y\u00fczleme zaman\u0131 gelmi\u015ftir. \u0130nsan en \u00e7ok ac\u0131dan kurtulmay\u0131 ac\u0131yla kar\u015f\u0131la\u015ft\u0131\u011f\u0131 g\u00fcn ister. Art\u0131k biz eskisi gibi de\u011filiz ve olmayaca\u011f\u0131z da. \u00c7\u00fcnk\u00fc bizler tarihimizden dersler \u00e7\u0131kartt\u0131k. Biz art\u0131k bu haklar\u0131n evlad\u0131 olarak \u015funu net s\u00f6yl\u00fcyoruz bize bu ac\u0131lar\u0131 ya\u015fatan egemenlere ra\u011fmen bir arada ya\u015faca\u011f\u0131z ve art\u0131k birbirimize ac\u0131 ya\u015fatmayaca\u011f\u0131z. Egemenlerin tetik\u00e7isi olmayaca\u011f\u0131z. Bu anlam\u0131yla \u00f6z ele\u015ftirimizi tarihe, insanl\u0131\u011fa, halklara ve inan\u00e7lara veriyoruz. Bu nedenle 1915&#8217;te ya\u015fanan b\u00fcy\u00fck ac\u0131lar, 1925&#8217;te ya\u015fananlar, yine \u0130brahim&#8217;in \u00e7ocuklar\u0131n\u0131n ya\u015fad\u0131\u011f\u0131 ac\u0131lar, Ezidiler, Aleviler ve ger\u00e7ek anlamda M\u00fcsl\u00fcman olup bu katliamlara kar\u015f\u0131 \u00e7\u0131km\u0131\u015f \u015eeyh Said, Saidi K\u00fcrdi, \u0130zzetin Y\u0131ld\u0131r\u0131m, Fidan G\u00fcng\u00f6r gibi, bu ac\u0131lar\u0131n ya\u015fanmamas\u0131 i\u00e7in katledilen b\u00fct\u00fcn o insanlar\u0131 sayg\u0131yla birkez daha an\u0131yorum. Bug\u00fcn art\u0131k egemenlerin b\u00fct\u00fcn bu halklardan \u00f6z\u00fcr dileme zaman\u0131 gelmi\u015ftir. Art\u0131k T\u00fcrkiye&#8217;de bu halklara ve ya\u015fatt\u0131\u011f\u0131n\u0131z ac\u0131lar i\u00e7in \u00f6z\u00fcr dileyin diyoruz. Biz tarihsel \u00f6zele\u015ftirimizi buradan veriyoruz. Sizlerin de vermesini istiyoruz. Art\u0131k, Ermeniler, S\u00fcryaniler, K\u00fcrtler, Aleviler, Ezidiler, ger\u00e7ek M\u00fcsl\u00fcmanlar art\u0131k bu ac\u0131lar\u0131 ya\u015famak istemiyor, ya\u015famayacak da. Bu inan\u00e7, bu kararl\u0131l\u0131kla gelece\u011fin \u00f6zg\u00fcr, e\u015fit ve demokratik T\u00fcrkiyesinde ama demokratik \u00f6zerklik i\u00e7inde bir arada ya\u015fama i\u00e7in m\u00fccadele edece\u011fimizi ifade etmek istiyorum.&#8221;<\/p>\n<p style=\"text-align: justify;\"><strong>\u00c7\u00f6z\u00fcm s\u00fcreci<\/strong><\/p>\n<p style=\"text-align: justify;\">&#8220;Kimse bir daha bu topraklarda ac\u0131 ya\u015famas\u0131n&#8221; diyen Demirba\u015f, \u00e7\u00f6z\u00fcm s\u00fcreciyle art\u0131k cenazelerin gelmedi\u011fini, bu nedenle s\u00fcrecin devam etmesini istediklerini s\u00f6yledi.<\/p>\n<p style=\"text-align: justify;\">Demirba\u015f, art\u0131k hi\u00e7 kimsenin \u00f6lmesini istemediklerini belirterek, &#8220;Kimsenin de evlatlar\u0131m\u0131z\u0131n \u00f6lmesine izin vermesini istemiyoruz. Her \u00f6len y\u00fcre\u011fimizden bir par\u00e7a g\u00f6t\u00fcr\u00fcyor. \u00c7\u00f6z\u00fcm s\u00fcreci ile ilgili h\u00fck\u00fcmete bir kez daha sesleniyoruz. (Art\u0131k ad\u0131m at. Bar\u0131\u015f i\u00e7in herkes \u00e7abal\u0131yor. Sizde bu \u00e7abaya \u00e7aba kat\u0131n) &#8221; dedi.<\/p>\n<p style=\"text-align: justify;\">Ermeni cemaatini temsilen yazar M\u0131g\u0131rdi\u00e7 Margosyan da halk aras\u0131nda &#8220;Gavur Mahallesi&#8221; olan mahalleye at\u0131fta bulunarak, &#8220;Art\u0131k gavuru t\u00fckenmi\u015f bir mahalle. Ama olsun, ismi ya\u015f\u0131yor. Umut ediyorum ki mahallerde gavuru da K\u00fcrd\u00fc de, T\u00fcrk\u00fc de M\u00fcsl\u00fcman\u0131 da Ezidisi de hepsi beraber, kolkola bar\u0131\u015f ve karde\u015flik i\u00e7in y\u00fcr\u00fcyecekler&#8221; diye konu\u015ftu.<\/p>\n<p style=\"text-align: justify;\">Margosyan, isminin bir soka\u011fa verildi\u011fini an\u0131msatarak, &#8220;Bu \u00fclkede bar\u0131\u015f, dostluk i\u00e7in ger\u00e7ekten her\u015feyi ile m\u00fccadelelerini vermeyen insanlar\u0131 ben Gavur Mahallesi&#8217;ndeki M\u0131g\u0131rdic Margosyan Soka\u011f\u0131&#8217;na sokmayaca\u011f\u0131m&#8221; \u015feklinde ald\u0131\u011f\u0131 karar\u0131 espirili bir dille anlatt\u0131.<\/p>\n<p style=\"text-align: justify;\">Meryem Ana Kilise Vakf\u0131 Ba\u015fkan\u0131 Can \u015eakarer de b\u00f6lgede bir daha ac\u0131lar\u0131n ya\u015fanmamas\u0131 temmenisinde bulundu.<\/p>\n<p style=\"text-align: justify;\">Alevileri temsilen Ayd\u0131n Atl\u0131 da 12 Eyl\u00fcl&#8217;\u00fcn sembollerinden Diyarbak\u0131r&#8217;daki 5 Nolu Cezaevi&#8217;nin an\u0131t ve m\u00fczeye d\u00f6n\u00fc\u015ft\u00fcr\u00fclmesi halinde T\u00fcrkiye&#8217;ye bar\u0131\u015f gelece\u011fine inand\u0131\u011f\u0131n\u0131 savundu.<\/p>\n<p style=\"text-align: justify;\">Din Adamlar\u0131 Yard\u0131mla\u015fma ve Dayan\u0131\u015fma Derne\u011fi Ba\u015fkan\u0131 Zahit \u00c7iftkuran da bir f\u0131kra ile g\u00fcn\u00fcn \u00f6nemine de\u011findi.<\/p>\n<p style=\"text-align: justify;\">Daha sonra kat\u0131l\u0131mc\u0131lar an\u0131t\u0131n kurdelesini kesti. Bu s\u0131rada \u0130pek ile baz\u0131 vada\u015flar\u0131n g\u00f6zya\u015flar\u0131na hakim olamad\u0131\u011f\u0131 g\u00f6r\u00fcld\u00fc.<\/p>\n<p style=\"text-align: justify;\">\u0130ki kaide \u00fczerine kurulu an\u0131tta T\u00fcrk\u00e7e, K\u00fcrt\u00e7e, Ermenice, \u0130ngilizce, S\u00fcryanice, ve \u0130branice olarak &#8220;Ac\u0131lar\u0131 ortakla\u015ft\u0131rd\u0131k ki bir daha ya\u015fanmas\u0131n&#8221; s\u00f6z\u00fc yer al\u0131rken, bir b\u00f6l\u00fcm\u00fcnde ise ac\u0131lar\u0131n g\u00f6zya\u015f\u0131 ile alevlerin de yeni bir ya\u015fam\u0131 anlatt\u0131\u011f\u0131 belirtildi.<\/p>\n<p style=\"text-align: justify;\"><b><i>http:\/\/www.haber7.com\/guncel\/haber\/1073034-diyarbakirda-ortak-vicdan-aniti-acildi#_=1379054177671&amp;id=twitter-widget-0&amp;lang=tr&amp;screen_name=haber7&amp;show_count=false&amp;show_screen_name=false&amp;size=m<\/i><\/b><\/p>\n","protected":false},"excerpt":{"rendered":"<p>Sur Belediyesince, T\u00fcrk, K\u00fcrt, Ermeni, S\u00fcryani, Yahudi, Yezidi, Alevi ve M\u00fcsl\u00fcmanlar\u0131n ya\u015fad\u0131\u011f\u0131 ac\u0131lar\u0131n bir daha ya\u015fanmamas\u0131 temas\u0131yla tasarlanan &#8220;Ortak Vicdan An\u0131t\u0131&#8221; d\u00fczenlenen t\u00f6renle a\u00e7\u0131ld\u0131. Sur il\u00e7esindeki \u0130skenderpa\u015fa Mahallesi&#8217;nde yap\u0131m\u0131 devam eden Anzele Park\u0131&#8217;nda in\u015fa edilen &#8220;Ortak Vicdan An\u0131t\u0131&#8221; i\u00e7in t\u00f6ren ger\u00e7ekle\u015ftirildi. Diyarbak\u0131r B\u00fcy\u00fck\u015fehir Belediye Ba\u015fkan Vekili Hafize \u0130pek, t\u00f6rende yapt\u0131\u011f\u0131 konu\u015fmada, bug\u00fcn bir tarih yaz\u0131ld\u0131\u011f\u0131n\u0131 [&hellip;]<\/p>\n","protected":false},"author":7,"featured_media":0,"comment_status":"open","ping_status":"open","sticky":false,"template":"","format":"standard","meta":{"footnotes":""},"categories":[1],"tags":[],"class_list":["post-25510","post","type-post","status-publish","format-standard","hentry","category-haberler"],"yoast_head":"<!-- This site is optimized with the Yoast SEO plugin v27.4 - https:\/\/yoast.com\/product\/yoast-seo-wordpress\/ -->\n<title>Diyarbak\u0131r&#039;da &#039;Ortak Vicdan An\u0131t\u0131&#039; a\u00e7\u0131ld\u0131 - Bati Ermenistan Ve Bati Ermenileri Sorunlari Ara\u015ftirmalar Merkezi<\/title>\n<meta name=\"robots\" content=\"index, follow, max-snippet:-1, max-image-preview:large, max-video-preview:-1\" \/>\n<link rel=\"canonical\" href=\"https:\/\/akunq.net\/tr\/?p=25510\" \/>\n<meta property=\"og:locale\" content=\"en_US\" \/>\n<meta property=\"og:type\" content=\"article\" \/>\n<meta property=\"og:title\" content=\"Diyarbak\u0131r&#039;da &#039;Ortak Vicdan An\u0131t\u0131&#039; a\u00e7\u0131ld\u0131 - Bati Ermenistan Ve Bati Ermenileri Sorunlari Ara\u015ftirmalar Merkezi\" \/>\n<meta property=\"og:description\" content=\"Sur Belediyesince, T\u00fcrk, K\u00fcrt, Ermeni, S\u00fcryani, Yahudi, Yezidi, Alevi ve M\u00fcsl\u00fcmanlar\u0131n ya\u015fad\u0131\u011f\u0131 ac\u0131lar\u0131n bir daha ya\u015fanmamas\u0131 temas\u0131yla tasarlanan &#8220;Ortak Vicdan An\u0131t\u0131&#8221; d\u00fczenlenen t\u00f6renle a\u00e7\u0131ld\u0131. Sur il\u00e7esindeki \u0130skenderpa\u015fa Mahallesi&#8217;nde yap\u0131m\u0131 devam eden Anzele Park\u0131&#8217;nda in\u015fa edilen &#8220;Ortak Vicdan An\u0131t\u0131&#8221; i\u00e7in t\u00f6ren ger\u00e7ekle\u015ftirildi. Diyarbak\u0131r B\u00fcy\u00fck\u015fehir Belediye Ba\u015fkan Vekili Hafize \u0130pek, t\u00f6rende yapt\u0131\u011f\u0131 konu\u015fmada, bug\u00fcn bir tarih yaz\u0131ld\u0131\u011f\u0131n\u0131 [&hellip;]\" \/>\n<meta property=\"og:url\" content=\"https:\/\/akunq.net\/tr\/?p=25510\" \/>\n<meta property=\"og:site_name\" content=\"Bati Ermenistan Ve Bati Ermenileri Sorunlari Ara\u015ftirmalar Merkezi\" \/>\n<meta property=\"article:published_time\" content=\"2013-09-13T06:43:01+00:00\" \/>\n<meta name=\"author\" content=\"admin\" \/>\n<meta name=\"twitter:card\" content=\"summary_large_image\" \/>\n<meta name=\"twitter:label1\" content=\"Written by\" \/>\n\t<meta name=\"twitter:data1\" content=\"admin\" \/>\n\t<meta name=\"twitter:label2\" content=\"Est. reading time\" \/>\n\t<meta name=\"twitter:data2\" content=\"5 minutes\" \/>\n<script type=\"application\/ld+json\" class=\"yoast-schema-graph\">{\"@context\":\"https:\\\/\\\/schema.org\",\"@graph\":[{\"@type\":\"Article\",\"@id\":\"https:\\\/\\\/akunq.net\\\/tr\\\/?p=25510#article\",\"isPartOf\":{\"@id\":\"https:\\\/\\\/akunq.net\\\/tr\\\/?p=25510\"},\"author\":{\"name\":\"admin\",\"@id\":\"https:\\\/\\\/akunq.net\\\/tr\\\/#\\\/schema\\\/person\\\/096f1d38a12cce57fb855b485ed24c9e\"},\"headline\":\"Diyarbak\u0131r&#8217;da &#8216;Ortak Vicdan An\u0131t\u0131&#8217; a\u00e7\u0131ld\u0131\",\"datePublished\":\"2013-09-13T06:43:01+00:00\",\"mainEntityOfPage\":{\"@id\":\"https:\\\/\\\/akunq.net\\\/tr\\\/?p=25510\"},\"wordCount\":959,\"commentCount\":0,\"articleSection\":[\"Haberler\"],\"inLanguage\":\"en-US\",\"potentialAction\":[{\"@type\":\"CommentAction\",\"name\":\"Comment\",\"target\":[\"https:\\\/\\\/akunq.net\\\/tr\\\/?p=25510#respond\"]}]},{\"@type\":\"WebPage\",\"@id\":\"https:\\\/\\\/akunq.net\\\/tr\\\/?p=25510\",\"url\":\"https:\\\/\\\/akunq.net\\\/tr\\\/?p=25510\",\"name\":\"Diyarbak\u0131r'da 'Ortak Vicdan An\u0131t\u0131' a\u00e7\u0131ld\u0131 - Bati Ermenistan Ve Bati Ermenileri Sorunlari Ara\u015ftirmalar Merkezi\",\"isPartOf\":{\"@id\":\"https:\\\/\\\/akunq.net\\\/tr\\\/#website\"},\"datePublished\":\"2013-09-13T06:43:01+00:00\",\"author\":{\"@id\":\"https:\\\/\\\/akunq.net\\\/tr\\\/#\\\/schema\\\/person\\\/096f1d38a12cce57fb855b485ed24c9e\"},\"breadcrumb\":{\"@id\":\"https:\\\/\\\/akunq.net\\\/tr\\\/?p=25510#breadcrumb\"},\"inLanguage\":\"en-US\",\"potentialAction\":[{\"@type\":\"ReadAction\",\"target\":[\"https:\\\/\\\/akunq.net\\\/tr\\\/?p=25510\"]}]},{\"@type\":\"BreadcrumbList\",\"@id\":\"https:\\\/\\\/akunq.net\\\/tr\\\/?p=25510#breadcrumb\",\"itemListElement\":[{\"@type\":\"ListItem\",\"position\":1,\"name\":\"Home\",\"item\":\"https:\\\/\\\/akunq.net\\\/tr\"},{\"@type\":\"ListItem\",\"position\":2,\"name\":\"Diyarbak\u0131r&#8217;da &#8216;Ortak Vicdan An\u0131t\u0131&#8217; a\u00e7\u0131ld\u0131\"}]},{\"@type\":\"WebSite\",\"@id\":\"https:\\\/\\\/akunq.net\\\/tr\\\/#website\",\"url\":\"https:\\\/\\\/akunq.net\\\/tr\\\/\",\"name\":\"Bati Ermenistan Ve Bati Ermenileri Sorunlari Ara\u015ftirmalar Merkezi\",\"description\":\"\",\"potentialAction\":[{\"@type\":\"SearchAction\",\"target\":{\"@type\":\"EntryPoint\",\"urlTemplate\":\"https:\\\/\\\/akunq.net\\\/tr\\\/?s={search_term_string}\"},\"query-input\":{\"@type\":\"PropertyValueSpecification\",\"valueRequired\":true,\"valueName\":\"search_term_string\"}}],\"inLanguage\":\"en-US\"},{\"@type\":\"Person\",\"@id\":\"https:\\\/\\\/akunq.net\\\/tr\\\/#\\\/schema\\\/person\\\/096f1d38a12cce57fb855b485ed24c9e\",\"name\":\"admin\",\"url\":\"https:\\\/\\\/akunq.net\\\/tr\\\/?author=7\"}]}<\/script>\n<!-- \/ Yoast SEO plugin. -->","yoast_head_json":{"title":"Diyarbak\u0131r'da 'Ortak Vicdan An\u0131t\u0131' a\u00e7\u0131ld\u0131 - Bati Ermenistan Ve Bati Ermenileri Sorunlari Ara\u015ftirmalar Merkezi","robots":{"index":"index","follow":"follow","max-snippet":"max-snippet:-1","max-image-preview":"max-image-preview:large","max-video-preview":"max-video-preview:-1"},"canonical":"https:\/\/akunq.net\/tr\/?p=25510","og_locale":"en_US","og_type":"article","og_title":"Diyarbak\u0131r'da 'Ortak Vicdan An\u0131t\u0131' a\u00e7\u0131ld\u0131 - Bati Ermenistan Ve Bati Ermenileri Sorunlari Ara\u015ftirmalar Merkezi","og_description":"Sur Belediyesince, T\u00fcrk, K\u00fcrt, Ermeni, S\u00fcryani, Yahudi, Yezidi, Alevi ve M\u00fcsl\u00fcmanlar\u0131n ya\u015fad\u0131\u011f\u0131 ac\u0131lar\u0131n bir daha ya\u015fanmamas\u0131 temas\u0131yla tasarlanan &#8220;Ortak Vicdan An\u0131t\u0131&#8221; d\u00fczenlenen t\u00f6renle a\u00e7\u0131ld\u0131. Sur il\u00e7esindeki \u0130skenderpa\u015fa Mahallesi&#8217;nde yap\u0131m\u0131 devam eden Anzele Park\u0131&#8217;nda in\u015fa edilen &#8220;Ortak Vicdan An\u0131t\u0131&#8221; i\u00e7in t\u00f6ren ger\u00e7ekle\u015ftirildi. Diyarbak\u0131r B\u00fcy\u00fck\u015fehir Belediye Ba\u015fkan Vekili Hafize \u0130pek, t\u00f6rende yapt\u0131\u011f\u0131 konu\u015fmada, bug\u00fcn bir tarih yaz\u0131ld\u0131\u011f\u0131n\u0131 [&hellip;]","og_url":"https:\/\/akunq.net\/tr\/?p=25510","og_site_name":"Bati Ermenistan Ve Bati Ermenileri Sorunlari Ara\u015ftirmalar Merkezi","article_published_time":"2013-09-13T06:43:01+00:00","author":"admin","twitter_card":"summary_large_image","twitter_misc":{"Written by":"admin","Est. reading time":"5 minutes"},"schema":{"@context":"https:\/\/schema.org","@graph":[{"@type":"Article","@id":"https:\/\/akunq.net\/tr\/?p=25510#article","isPartOf":{"@id":"https:\/\/akunq.net\/tr\/?p=25510"},"author":{"name":"admin","@id":"https:\/\/akunq.net\/tr\/#\/schema\/person\/096f1d38a12cce57fb855b485ed24c9e"},"headline":"Diyarbak\u0131r&#8217;da &#8216;Ortak Vicdan An\u0131t\u0131&#8217; a\u00e7\u0131ld\u0131","datePublished":"2013-09-13T06:43:01+00:00","mainEntityOfPage":{"@id":"https:\/\/akunq.net\/tr\/?p=25510"},"wordCount":959,"commentCount":0,"articleSection":["Haberler"],"inLanguage":"en-US","potentialAction":[{"@type":"CommentAction","name":"Comment","target":["https:\/\/akunq.net\/tr\/?p=25510#respond"]}]},{"@type":"WebPage","@id":"https:\/\/akunq.net\/tr\/?p=25510","url":"https:\/\/akunq.net\/tr\/?p=25510","name":"Diyarbak\u0131r'da 'Ortak Vicdan An\u0131t\u0131' a\u00e7\u0131ld\u0131 - Bati Ermenistan Ve Bati Ermenileri Sorunlari Ara\u015ftirmalar Merkezi","isPartOf":{"@id":"https:\/\/akunq.net\/tr\/#website"},"datePublished":"2013-09-13T06:43:01+00:00","author":{"@id":"https:\/\/akunq.net\/tr\/#\/schema\/person\/096f1d38a12cce57fb855b485ed24c9e"},"breadcrumb":{"@id":"https:\/\/akunq.net\/tr\/?p=25510#breadcrumb"},"inLanguage":"en-US","potentialAction":[{"@type":"ReadAction","target":["https:\/\/akunq.net\/tr\/?p=25510"]}]},{"@type":"BreadcrumbList","@id":"https:\/\/akunq.net\/tr\/?p=25510#breadcrumb","itemListElement":[{"@type":"ListItem","position":1,"name":"Home","item":"https:\/\/akunq.net\/tr"},{"@type":"ListItem","position":2,"name":"Diyarbak\u0131r&#8217;da &#8216;Ortak Vicdan An\u0131t\u0131&#8217; a\u00e7\u0131ld\u0131"}]},{"@type":"WebSite","@id":"https:\/\/akunq.net\/tr\/#website","url":"https:\/\/akunq.net\/tr\/","name":"Bati Ermenistan Ve Bati Ermenileri Sorunlari Ara\u015ftirmalar Merkezi","description":"","potentialAction":[{"@type":"SearchAction","target":{"@type":"EntryPoint","urlTemplate":"https:\/\/akunq.net\/tr\/?s={search_term_string}"},"query-input":{"@type":"PropertyValueSpecification","valueRequired":true,"valueName":"search_term_string"}}],"inLanguage":"en-US"},{"@type":"Person","@id":"https:\/\/akunq.net\/tr\/#\/schema\/person\/096f1d38a12cce57fb855b485ed24c9e","name":"admin","url":"https:\/\/akunq.net\/tr\/?author=7"}]}},"_links":{"self":[{"href":"https:\/\/akunq.net\/tr\/index.php?rest_route=\/wp\/v2\/posts\/25510","targetHints":{"allow":["GET"]}}],"collection":[{"href":"https:\/\/akunq.net\/tr\/index.php?rest_route=\/wp\/v2\/posts"}],"about":[{"href":"https:\/\/akunq.net\/tr\/index.php?rest_route=\/wp\/v2\/types\/post"}],"author":[{"embeddable":true,"href":"https:\/\/akunq.net\/tr\/index.php?rest_route=\/wp\/v2\/users\/7"}],"replies":[{"embeddable":true,"href":"https:\/\/akunq.net\/tr\/index.php?rest_route=%2Fwp%2Fv2%2Fcomments&post=25510"}],"version-history":[{"count":1,"href":"https:\/\/akunq.net\/tr\/index.php?rest_route=\/wp\/v2\/posts\/25510\/revisions"}],"predecessor-version":[{"id":25512,"href":"https:\/\/akunq.net\/tr\/index.php?rest_route=\/wp\/v2\/posts\/25510\/revisions\/25512"}],"wp:attachment":[{"href":"https:\/\/akunq.net\/tr\/index.php?rest_route=%2Fwp%2Fv2%2Fmedia&parent=25510"}],"wp:term":[{"taxonomy":"category","embeddable":true,"href":"https:\/\/akunq.net\/tr\/index.php?rest_route=%2Fwp%2Fv2%2Fcategories&post=25510"},{"taxonomy":"post_tag","embeddable":true,"href":"https:\/\/akunq.net\/tr\/index.php?rest_route=%2Fwp%2Fv2%2Ftags&post=25510"}],"curies":[{"name":"wp","href":"https:\/\/api.w.org\/{rel}","templated":true}]}}