{"id":25505,"date":"2013-09-12T04:21:15","date_gmt":"2013-09-12T09:21:15","guid":{"rendered":"http:\/\/akunq.net\/tr\/?p=25505"},"modified":"2013-09-12T04:21:15","modified_gmt":"2013-09-12T09:21:15","slug":"baspiskopos-atesyan-memleketini-ziyaret-etti","status":"publish","type":"post","link":"https:\/\/akunq.net\/tr\/?p=25505","title":{"rendered":"Ba\u015fpiskopos Ate\u015fyan, memleketini ziyaret etti"},"content":{"rendered":"<p style=\"text-align: justify;\"><b><i><a href=\"http:\/\/akunq.net\/tr\/wp-content\/uploads\/2013\/09\/Aram-Atesyan.jpg\"><img loading=\"lazy\" decoding=\"async\" class=\"alignright size-medium wp-image-25506\" alt=\"Aram Atesyan\" src=\"http:\/\/akunq.net\/tr\/wp-content\/uploads\/2013\/09\/Aram-Atesyan-300x220.jpg\" width=\"300\" height=\"220\" srcset=\"https:\/\/akunq.net\/tr\/wp-content\/uploads\/sites\/6\/2013\/09\/Aram-Atesyan-300x220.jpg 300w, https:\/\/akunq.net\/tr\/wp-content\/uploads\/sites\/6\/2013\/09\/Aram-Atesyan-600x440.jpg 600w, https:\/\/akunq.net\/tr\/wp-content\/uploads\/sites\/6\/2013\/09\/Aram-Atesyan.jpg 650w\" sizes=\"auto, (max-width: 300px) 100vw, 300px\" \/><\/a><a title=\"T\u00fcrkiye Haberleri\" href=\"http:\/\/haberler.com\/turkiye\/\">T\u00fcrkiye<\/a><\/i><\/b><b><i> Ermenileri Patrikli\u011fi Genel Vekili Ba\u015fpiskopos Aram Ate\u015fyan, memleketi <\/i><\/b><a title=\"Silvan Haberleri\" href=\"http:\/\/haberler.com\/silvan\/\"><b><i>Silvan<\/i><\/b><\/a><b><i>&#8216;\u0131 ziyaret etti. <\/i><\/b>\u00c7i\u00e7eklerle kar\u015f\u0131lanan Ate\u015fyan ilk olarak Kaymakam Berkand S\u00f6nmezay&#8217;dan il\u00e7eyle ilgili bilgi ald\u0131. Kaymakam S\u00f6nmezay, ziyaretin an\u0131s\u0131na Ate\u015fyan&#8217;a \u00fczerinde Malabadi K\u00f6pr\u00fcs\u00fc fig\u00fcr\u00fc bulunan <a title=\"G\u00fcm\u00fc\u015f Haberleri\" href=\"http:\/\/haberler.com\/gumus\/\">G\u00fcm\u00fc\u015f<\/a> tepsi hediye etti. Ziyaretten duydu\u011fu memnuniyeti dile getiren S\u00f6nmezay, ge\u00e7mi\u015fte bir\u00e7ok dinin bir arada ya\u015fad\u0131\u011f\u0131 <a title=\"Silvan Haberleri\" href=\"http:\/\/haberler.com\/silvan\/\">Silvan<\/a>&#8216;\u0131n ho\u015fg\u00f6r\u00fc ve sevginin bulu\u015ftu\u011fu yer oldu\u011funu s\u00f6yledi Ate\u015fyan da <a title=\"Silvan Haberleri\" href=\"http:\/\/haberler.com\/silvan\/\">Silvan<\/a>&#8216;a ilk kez resmi ziyarette bulundu\u011funu belirterek, memleketinde olmaktan mutluluk duydu\u011funu s\u00f6yledi. -&#8220;Sevgi ve karde\u015fli\u011fi peki\u015ftirmeye geldik&#8221; &#8220;5 ya\u015f\u0131nda \u00fcz\u00fcnt\u00fc ile ayr\u0131ld\u0131\u011f\u0131m <a title=\"Silvan Haberleri\" href=\"http:\/\/haberler.com\/silvan\/\">Silvan<\/a>&#8216;a mutlu bir \u015fekilde geldim&#8221; diyen Ate\u015fyan, ablas\u0131n\u0131n ya\u015fad\u0131\u011f\u0131 il\u00e7eyi zaman zaman ziyaret etti\u011fini belirtti. Ate\u015fyan, &#8220;Bir zamanlar bu topraklarda Ermeni ve T\u00fcrkler bir arada ya\u015fam\u0131\u015flard\u0131r. Yine bir arada ya\u015fayaca\u011f\u0131m\u0131z ad\u0131mlar at\u0131lmaya ba\u015fland\u0131. Sevgi ve karde\u015fli\u011fi peki\u015ftirmeye geldik. \u0130l\u00e7ede bir\u00e7ok tarihi mekan var. <a title=\"Silvan Haberleri\" href=\"http:\/\/haberler.com\/silvan\/\">Silvan<\/a> b\u00f6lgesinde 8 Ermeni kilisesi vard\u0131 ama \u00e7o\u011fu yok olmu\u015f. Tarihi mekanlar koruma alt\u0131na al\u0131nmal\u0131 ve tarihi koruma bilinci geli\u015ftirilmelidir. <a title=\"Silvan Haberleri\" href=\"http:\/\/haberler.com\/silvan\/\">Silvan<\/a>&#8216;daki tarihi bina ve yap\u0131tlar\u0131n t\u00fcm d\u00fcnyaya tan\u0131t\u0131m\u0131 yap\u0131lmal\u0131d\u0131r&#8221; diye konu\u015ftu. &#8211; Tarihi varl\u0131klar\u0131n koruma alt\u0131na al\u0131nmas\u0131 Ate\u015fyan il\u00e7enin 6 kilometre do\u011fusunda bulunan ve <a title=\"Anadolu Haberleri\" href=\"http:\/\/haberler.com\/anadolu\/\">Anadolu<\/a>&#8216;nun ilk yerle\u015fim yeri olan Orta\u00e7a\u011f&#8217;dan kalma Hassuni ma\u011faralar\u0131nda incelemelerde bulundu. Ma\u011faradaki kiliseye \u00e7\u0131kan Ate\u015fyan, kire\u00e7ten yap\u0131lan kilisenin de di\u011fer tarihi varl\u0131klar gibi tahrip edildi\u011fini belirtti. Ate\u015fyan, &#8220;Define avc\u0131lar\u0131 belli ki burada da define aram\u0131\u015f bu y\u00fczden tarihi kilise yok olmayla kar\u015f\u0131 kar\u015f\u0131ya b\u0131rak\u0131lm\u0131\u015f. Buras\u0131 kaymakaml\u0131k\u00e7a turizme kazand\u0131rma \u00e7al\u0131\u015fmalar\u0131 kapsam\u0131nda y\u00fcr\u00fct\u00fclen projelerle korunmaya ba\u015flanm\u0131\u015ft\u0131r. Bu t\u00fcr projelerin geli\u015ftirilip <a title=\"Silvan Haberleri\" href=\"http:\/\/haberler.com\/silvan\/\">Silvan<\/a>&#8216;daki t\u00fcm tarihi varl\u0131klar\u0131n koruma alt\u0131na al\u0131nmas\u0131 gerekiyor&#8221; dedi. Silvan Hasuni Ma\u011faralar\u0131 Sosyal Tesislerinin i\u015fletmecisi Aslan Bak\u0131r, day\u0131s\u0131 Ate\u015fyan onuruna yemek verdi. Malabadi K\u00f6pr\u00fcs\u00fc&#8217;nde ve Selahaddin-i Eyyubi Camisi&#8217;nde incelemelerde bulunan Ate\u015fyan daha sonra <a title=\"Silvan Haberleri\" href=\"http:\/\/haberler.com\/silvan\/\">Silvan<\/a> Belediye Ba\u015fkan\u0131 Fad\u0131l Erdede&#8217;yi makam\u0131nda ziyaret etti. Ziyaret bas\u0131na kapal\u0131 \u015fekilde ger\u00e7ekle\u015fti.<\/p>\n<p style=\"text-align: justify;\"><b><i>Diyarbak\u0131r Silvan Muhabir: <\/i><\/b><a title=\"\u0130brahim Halil Haberleri\" href=\"http:\/\/haberler.com\/ibrahim-halil\/\"><b><i>\u0130brahim Halil<\/i><\/b><\/a><b><i> Y\u0131lmaz Yay\u0131nlayan: <\/i><\/b><a title=\"Erdem G\u00fcltekin Haberleri\" href=\"http:\/\/haberler.com\/erdem-gultekin\/\"><b><i>Erdem G\u00fcltekin<\/i><\/b><\/a><\/p>\n<p style=\"text-align: justify;\"><b><i><a href=\"http:\/\/haberler.com\/baspiskopos-atesyan-memleketini-ziyaret-etti-5050017-haberi\/\">http:\/\/haberler.com\/baspiskopos-atesyan-memleketini-ziyaret-etti-5050017-haberi\/<\/a><\/i><\/b><\/p>\n","protected":false},"excerpt":{"rendered":"<p>T\u00fcrkiye Ermenileri Patrikli\u011fi Genel Vekili Ba\u015fpiskopos Aram Ate\u015fyan, memleketi Silvan&#8216;\u0131 ziyaret etti. \u00c7i\u00e7eklerle kar\u015f\u0131lanan Ate\u015fyan ilk olarak Kaymakam Berkand S\u00f6nmezay&#8217;dan il\u00e7eyle ilgili bilgi ald\u0131. Kaymakam S\u00f6nmezay, ziyaretin an\u0131s\u0131na Ate\u015fyan&#8217;a \u00fczerinde Malabadi K\u00f6pr\u00fcs\u00fc fig\u00fcr\u00fc bulunan G\u00fcm\u00fc\u015f tepsi hediye etti. Ziyaretten duydu\u011fu memnuniyeti dile getiren S\u00f6nmezay, ge\u00e7mi\u015fte bir\u00e7ok dinin bir arada ya\u015fad\u0131\u011f\u0131 Silvan&#8216;\u0131n ho\u015fg\u00f6r\u00fc ve sevginin bulu\u015ftu\u011fu [&hellip;]<\/p>\n","protected":false},"author":7,"featured_media":0,"comment_status":"open","ping_status":"open","sticky":false,"template":"","format":"standard","meta":{"footnotes":""},"categories":[1],"tags":[],"class_list":["post-25505","post","type-post","status-publish","format-standard","hentry","category-haberler"],"yoast_head":"<!-- This site is optimized with the Yoast SEO plugin v27.4 - https:\/\/yoast.com\/product\/yoast-seo-wordpress\/ -->\n<title>Ba\u015fpiskopos Ate\u015fyan, memleketini ziyaret etti  - Bati Ermenistan Ve Bati Ermenileri Sorunlari Ara\u015ftirmalar Merkezi<\/title>\n<meta name=\"robots\" content=\"index, follow, max-snippet:-1, max-image-preview:large, max-video-preview:-1\" \/>\n<link rel=\"canonical\" href=\"https:\/\/akunq.net\/tr\/?p=25505\" \/>\n<meta property=\"og:locale\" content=\"en_US\" \/>\n<meta property=\"og:type\" content=\"article\" \/>\n<meta property=\"og:title\" content=\"Ba\u015fpiskopos Ate\u015fyan, memleketini ziyaret etti  - Bati Ermenistan Ve Bati Ermenileri Sorunlari Ara\u015ftirmalar Merkezi\" \/>\n<meta property=\"og:description\" content=\"T\u00fcrkiye Ermenileri Patrikli\u011fi Genel Vekili Ba\u015fpiskopos Aram Ate\u015fyan, memleketi Silvan&#8216;\u0131 ziyaret etti. \u00c7i\u00e7eklerle kar\u015f\u0131lanan Ate\u015fyan ilk olarak Kaymakam Berkand S\u00f6nmezay&#8217;dan il\u00e7eyle ilgili bilgi ald\u0131. Kaymakam S\u00f6nmezay, ziyaretin an\u0131s\u0131na Ate\u015fyan&#8217;a \u00fczerinde Malabadi K\u00f6pr\u00fcs\u00fc fig\u00fcr\u00fc bulunan G\u00fcm\u00fc\u015f tepsi hediye etti. Ziyaretten duydu\u011fu memnuniyeti dile getiren S\u00f6nmezay, ge\u00e7mi\u015fte bir\u00e7ok dinin bir arada ya\u015fad\u0131\u011f\u0131 Silvan&#8216;\u0131n ho\u015fg\u00f6r\u00fc ve sevginin bulu\u015ftu\u011fu [&hellip;]\" \/>\n<meta property=\"og:url\" content=\"https:\/\/akunq.net\/tr\/?p=25505\" \/>\n<meta property=\"og:site_name\" content=\"Bati Ermenistan Ve Bati Ermenileri Sorunlari Ara\u015ftirmalar Merkezi\" \/>\n<meta property=\"article:published_time\" content=\"2013-09-12T09:21:15+00:00\" \/>\n<meta property=\"og:image\" content=\"http:\/\/akunq.net\/tr\/wp-content\/uploads\/2013\/09\/Aram-Atesyan-300x220.jpg\" \/>\n<meta name=\"author\" content=\"admin\" \/>\n<meta name=\"twitter:card\" content=\"summary_large_image\" \/>\n<meta name=\"twitter:label1\" content=\"Written by\" \/>\n\t<meta name=\"twitter:data1\" content=\"admin\" \/>\n\t<meta name=\"twitter:label2\" content=\"Est. reading time\" \/>\n\t<meta name=\"twitter:data2\" content=\"2 minutes\" \/>\n<script type=\"application\/ld+json\" class=\"yoast-schema-graph\">{\"@context\":\"https:\\\/\\\/schema.org\",\"@graph\":[{\"@type\":\"Article\",\"@id\":\"https:\\\/\\\/akunq.net\\\/tr\\\/?p=25505#article\",\"isPartOf\":{\"@id\":\"https:\\\/\\\/akunq.net\\\/tr\\\/?p=25505\"},\"author\":{\"name\":\"admin\",\"@id\":\"https:\\\/\\\/akunq.net\\\/tr\\\/#\\\/schema\\\/person\\\/096f1d38a12cce57fb855b485ed24c9e\"},\"headline\":\"Ba\u015fpiskopos Ate\u015fyan, memleketini ziyaret etti\",\"datePublished\":\"2013-09-12T09:21:15+00:00\",\"mainEntityOfPage\":{\"@id\":\"https:\\\/\\\/akunq.net\\\/tr\\\/?p=25505\"},\"wordCount\":433,\"commentCount\":0,\"image\":{\"@id\":\"https:\\\/\\\/akunq.net\\\/tr\\\/?p=25505#primaryimage\"},\"thumbnailUrl\":\"http:\\\/\\\/akunq.net\\\/tr\\\/wp-content\\\/uploads\\\/2013\\\/09\\\/Aram-Atesyan-300x220.jpg\",\"articleSection\":[\"Haberler\"],\"inLanguage\":\"en-US\",\"potentialAction\":[{\"@type\":\"CommentAction\",\"name\":\"Comment\",\"target\":[\"https:\\\/\\\/akunq.net\\\/tr\\\/?p=25505#respond\"]}]},{\"@type\":\"WebPage\",\"@id\":\"https:\\\/\\\/akunq.net\\\/tr\\\/?p=25505\",\"url\":\"https:\\\/\\\/akunq.net\\\/tr\\\/?p=25505\",\"name\":\"Ba\u015fpiskopos Ate\u015fyan, memleketini ziyaret etti - Bati Ermenistan Ve Bati Ermenileri Sorunlari Ara\u015ftirmalar Merkezi\",\"isPartOf\":{\"@id\":\"https:\\\/\\\/akunq.net\\\/tr\\\/#website\"},\"primaryImageOfPage\":{\"@id\":\"https:\\\/\\\/akunq.net\\\/tr\\\/?p=25505#primaryimage\"},\"image\":{\"@id\":\"https:\\\/\\\/akunq.net\\\/tr\\\/?p=25505#primaryimage\"},\"thumbnailUrl\":\"http:\\\/\\\/akunq.net\\\/tr\\\/wp-content\\\/uploads\\\/2013\\\/09\\\/Aram-Atesyan-300x220.jpg\",\"datePublished\":\"2013-09-12T09:21:15+00:00\",\"author\":{\"@id\":\"https:\\\/\\\/akunq.net\\\/tr\\\/#\\\/schema\\\/person\\\/096f1d38a12cce57fb855b485ed24c9e\"},\"breadcrumb\":{\"@id\":\"https:\\\/\\\/akunq.net\\\/tr\\\/?p=25505#breadcrumb\"},\"inLanguage\":\"en-US\",\"potentialAction\":[{\"@type\":\"ReadAction\",\"target\":[\"https:\\\/\\\/akunq.net\\\/tr\\\/?p=25505\"]}]},{\"@type\":\"ImageObject\",\"inLanguage\":\"en-US\",\"@id\":\"https:\\\/\\\/akunq.net\\\/tr\\\/?p=25505#primaryimage\",\"url\":\"https:\\\/\\\/akunq.net\\\/tr\\\/wp-content\\\/uploads\\\/sites\\\/6\\\/2013\\\/09\\\/Aram-Atesyan.jpg\",\"contentUrl\":\"https:\\\/\\\/akunq.net\\\/tr\\\/wp-content\\\/uploads\\\/sites\\\/6\\\/2013\\\/09\\\/Aram-Atesyan.jpg\",\"width\":650,\"height\":477},{\"@type\":\"BreadcrumbList\",\"@id\":\"https:\\\/\\\/akunq.net\\\/tr\\\/?p=25505#breadcrumb\",\"itemListElement\":[{\"@type\":\"ListItem\",\"position\":1,\"name\":\"Home\",\"item\":\"https:\\\/\\\/akunq.net\\\/tr\"},{\"@type\":\"ListItem\",\"position\":2,\"name\":\"Ba\u015fpiskopos Ate\u015fyan, memleketini ziyaret etti\"}]},{\"@type\":\"WebSite\",\"@id\":\"https:\\\/\\\/akunq.net\\\/tr\\\/#website\",\"url\":\"https:\\\/\\\/akunq.net\\\/tr\\\/\",\"name\":\"Bati Ermenistan Ve Bati Ermenileri Sorunlari Ara\u015ftirmalar Merkezi\",\"description\":\"\",\"potentialAction\":[{\"@type\":\"SearchAction\",\"target\":{\"@type\":\"EntryPoint\",\"urlTemplate\":\"https:\\\/\\\/akunq.net\\\/tr\\\/?s={search_term_string}\"},\"query-input\":{\"@type\":\"PropertyValueSpecification\",\"valueRequired\":true,\"valueName\":\"search_term_string\"}}],\"inLanguage\":\"en-US\"},{\"@type\":\"Person\",\"@id\":\"https:\\\/\\\/akunq.net\\\/tr\\\/#\\\/schema\\\/person\\\/096f1d38a12cce57fb855b485ed24c9e\",\"name\":\"admin\",\"url\":\"https:\\\/\\\/akunq.net\\\/tr\\\/?author=7\"}]}<\/script>\n<!-- \/ Yoast SEO plugin. -->","yoast_head_json":{"title":"Ba\u015fpiskopos Ate\u015fyan, memleketini ziyaret etti  - Bati Ermenistan Ve Bati Ermenileri Sorunlari Ara\u015ftirmalar Merkezi","robots":{"index":"index","follow":"follow","max-snippet":"max-snippet:-1","max-image-preview":"max-image-preview:large","max-video-preview":"max-video-preview:-1"},"canonical":"https:\/\/akunq.net\/tr\/?p=25505","og_locale":"en_US","og_type":"article","og_title":"Ba\u015fpiskopos Ate\u015fyan, memleketini ziyaret etti  - Bati Ermenistan Ve Bati Ermenileri Sorunlari Ara\u015ftirmalar Merkezi","og_description":"T\u00fcrkiye Ermenileri Patrikli\u011fi Genel Vekili Ba\u015fpiskopos Aram Ate\u015fyan, memleketi Silvan&#8216;\u0131 ziyaret etti. \u00c7i\u00e7eklerle kar\u015f\u0131lanan Ate\u015fyan ilk olarak Kaymakam Berkand S\u00f6nmezay&#8217;dan il\u00e7eyle ilgili bilgi ald\u0131. Kaymakam S\u00f6nmezay, ziyaretin an\u0131s\u0131na Ate\u015fyan&#8217;a \u00fczerinde Malabadi K\u00f6pr\u00fcs\u00fc fig\u00fcr\u00fc bulunan G\u00fcm\u00fc\u015f tepsi hediye etti. Ziyaretten duydu\u011fu memnuniyeti dile getiren S\u00f6nmezay, ge\u00e7mi\u015fte bir\u00e7ok dinin bir arada ya\u015fad\u0131\u011f\u0131 Silvan&#8216;\u0131n ho\u015fg\u00f6r\u00fc ve sevginin bulu\u015ftu\u011fu [&hellip;]","og_url":"https:\/\/akunq.net\/tr\/?p=25505","og_site_name":"Bati Ermenistan Ve Bati Ermenileri Sorunlari Ara\u015ftirmalar Merkezi","article_published_time":"2013-09-12T09:21:15+00:00","og_image":[{"url":"http:\/\/akunq.net\/tr\/wp-content\/uploads\/2013\/09\/Aram-Atesyan-300x220.jpg","type":"","width":"","height":""}],"author":"admin","twitter_card":"summary_large_image","twitter_misc":{"Written by":"admin","Est. reading time":"2 minutes"},"schema":{"@context":"https:\/\/schema.org","@graph":[{"@type":"Article","@id":"https:\/\/akunq.net\/tr\/?p=25505#article","isPartOf":{"@id":"https:\/\/akunq.net\/tr\/?p=25505"},"author":{"name":"admin","@id":"https:\/\/akunq.net\/tr\/#\/schema\/person\/096f1d38a12cce57fb855b485ed24c9e"},"headline":"Ba\u015fpiskopos Ate\u015fyan, memleketini ziyaret etti","datePublished":"2013-09-12T09:21:15+00:00","mainEntityOfPage":{"@id":"https:\/\/akunq.net\/tr\/?p=25505"},"wordCount":433,"commentCount":0,"image":{"@id":"https:\/\/akunq.net\/tr\/?p=25505#primaryimage"},"thumbnailUrl":"http:\/\/akunq.net\/tr\/wp-content\/uploads\/2013\/09\/Aram-Atesyan-300x220.jpg","articleSection":["Haberler"],"inLanguage":"en-US","potentialAction":[{"@type":"CommentAction","name":"Comment","target":["https:\/\/akunq.net\/tr\/?p=25505#respond"]}]},{"@type":"WebPage","@id":"https:\/\/akunq.net\/tr\/?p=25505","url":"https:\/\/akunq.net\/tr\/?p=25505","name":"Ba\u015fpiskopos Ate\u015fyan, memleketini ziyaret etti - Bati Ermenistan Ve Bati Ermenileri Sorunlari Ara\u015ftirmalar Merkezi","isPartOf":{"@id":"https:\/\/akunq.net\/tr\/#website"},"primaryImageOfPage":{"@id":"https:\/\/akunq.net\/tr\/?p=25505#primaryimage"},"image":{"@id":"https:\/\/akunq.net\/tr\/?p=25505#primaryimage"},"thumbnailUrl":"http:\/\/akunq.net\/tr\/wp-content\/uploads\/2013\/09\/Aram-Atesyan-300x220.jpg","datePublished":"2013-09-12T09:21:15+00:00","author":{"@id":"https:\/\/akunq.net\/tr\/#\/schema\/person\/096f1d38a12cce57fb855b485ed24c9e"},"breadcrumb":{"@id":"https:\/\/akunq.net\/tr\/?p=25505#breadcrumb"},"inLanguage":"en-US","potentialAction":[{"@type":"ReadAction","target":["https:\/\/akunq.net\/tr\/?p=25505"]}]},{"@type":"ImageObject","inLanguage":"en-US","@id":"https:\/\/akunq.net\/tr\/?p=25505#primaryimage","url":"https:\/\/akunq.net\/tr\/wp-content\/uploads\/sites\/6\/2013\/09\/Aram-Atesyan.jpg","contentUrl":"https:\/\/akunq.net\/tr\/wp-content\/uploads\/sites\/6\/2013\/09\/Aram-Atesyan.jpg","width":650,"height":477},{"@type":"BreadcrumbList","@id":"https:\/\/akunq.net\/tr\/?p=25505#breadcrumb","itemListElement":[{"@type":"ListItem","position":1,"name":"Home","item":"https:\/\/akunq.net\/tr"},{"@type":"ListItem","position":2,"name":"Ba\u015fpiskopos Ate\u015fyan, memleketini ziyaret etti"}]},{"@type":"WebSite","@id":"https:\/\/akunq.net\/tr\/#website","url":"https:\/\/akunq.net\/tr\/","name":"Bati Ermenistan Ve Bati Ermenileri Sorunlari Ara\u015ftirmalar Merkezi","description":"","potentialAction":[{"@type":"SearchAction","target":{"@type":"EntryPoint","urlTemplate":"https:\/\/akunq.net\/tr\/?s={search_term_string}"},"query-input":{"@type":"PropertyValueSpecification","valueRequired":true,"valueName":"search_term_string"}}],"inLanguage":"en-US"},{"@type":"Person","@id":"https:\/\/akunq.net\/tr\/#\/schema\/person\/096f1d38a12cce57fb855b485ed24c9e","name":"admin","url":"https:\/\/akunq.net\/tr\/?author=7"}]}},"_links":{"self":[{"href":"https:\/\/akunq.net\/tr\/index.php?rest_route=\/wp\/v2\/posts\/25505","targetHints":{"allow":["GET"]}}],"collection":[{"href":"https:\/\/akunq.net\/tr\/index.php?rest_route=\/wp\/v2\/posts"}],"about":[{"href":"https:\/\/akunq.net\/tr\/index.php?rest_route=\/wp\/v2\/types\/post"}],"author":[{"embeddable":true,"href":"https:\/\/akunq.net\/tr\/index.php?rest_route=\/wp\/v2\/users\/7"}],"replies":[{"embeddable":true,"href":"https:\/\/akunq.net\/tr\/index.php?rest_route=%2Fwp%2Fv2%2Fcomments&post=25505"}],"version-history":[{"count":2,"href":"https:\/\/akunq.net\/tr\/index.php?rest_route=\/wp\/v2\/posts\/25505\/revisions"}],"predecessor-version":[{"id":25508,"href":"https:\/\/akunq.net\/tr\/index.php?rest_route=\/wp\/v2\/posts\/25505\/revisions\/25508"}],"wp:attachment":[{"href":"https:\/\/akunq.net\/tr\/index.php?rest_route=%2Fwp%2Fv2%2Fmedia&parent=25505"}],"wp:term":[{"taxonomy":"category","embeddable":true,"href":"https:\/\/akunq.net\/tr\/index.php?rest_route=%2Fwp%2Fv2%2Fcategories&post=25505"},{"taxonomy":"post_tag","embeddable":true,"href":"https:\/\/akunq.net\/tr\/index.php?rest_route=%2Fwp%2Fv2%2Ftags&post=25505"}],"curies":[{"name":"wp","href":"https:\/\/api.w.org\/{rel}","templated":true}]}}