{"id":25502,"date":"2013-09-12T02:46:54","date_gmt":"2013-09-12T07:46:54","guid":{"rendered":"http:\/\/akunq.net\/tr\/?p=25502"},"modified":"2013-09-12T02:46:54","modified_gmt":"2013-09-12T07:46:54","slug":"istanbul-ve-izmirde-izinsiz-gosterilere-polis-mudahalesi","status":"publish","type":"post","link":"https:\/\/akunq.net\/tr\/?p=25502","title":{"rendered":"\u0130stanbul ve \u0130zmir&#8217;de izinsiz g\u00f6sterilere polis m\u00fcdahalesi"},"content":{"rendered":"<p style=\"text-align: justify;\"><b><i><a href=\"http:\/\/akunq.net\/tr\/wp-content\/uploads\/2013\/09\/\u0539\u0578\u0582\u0580\u0584\u056b\u0561\u0575\u0578\u0582\u0574-\u0581\u0578\u0582\u0581\u0561\u0580\u0561\u0580\u0576\u0565\u0580.jpg\"><img loading=\"lazy\" decoding=\"async\" class=\"alignright size-medium wp-image-25503\" alt=\"\u0539\u0578\u0582\u0580\u0584\u056b\u0561\u0575\u0578\u0582\u0574 \u0581\u0578\u0582\u0581\u0561\u0580\u0561\u0580\u0576\u0565\u0580\" src=\"http:\/\/akunq.net\/tr\/wp-content\/uploads\/2013\/09\/\u0539\u0578\u0582\u0580\u0584\u056b\u0561\u0575\u0578\u0582\u0574-\u0581\u0578\u0582\u0581\u0561\u0580\u0561\u0580\u0576\u0565\u0580-300x186.jpg\" width=\"300\" height=\"186\" srcset=\"https:\/\/akunq.net\/tr\/wp-content\/uploads\/sites\/6\/2013\/09\/\u0539\u0578\u0582\u0580\u0584\u056b\u0561\u0575\u0578\u0582\u0574-\u0581\u0578\u0582\u0581\u0561\u0580\u0561\u0580\u0576\u0565\u0580-300x186.jpg 300w, https:\/\/akunq.net\/tr\/wp-content\/uploads\/sites\/6\/2013\/09\/\u0539\u0578\u0582\u0580\u0584\u056b\u0561\u0575\u0578\u0582\u0574-\u0581\u0578\u0582\u0581\u0561\u0580\u0561\u0580\u0576\u0565\u0580.jpg 563w\" sizes=\"auto, (max-width: 300px) 100vw, 300px\" \/><\/a>Hatay&#8217;daki izinsiz g\u00f6sterilerde hayat\u0131n\u0131 kaybeden Ahmet Atakan&#8217;\u0131n \u00f6l\u00fcm\u00fcn\u00fc protesto eden bir grup, d\u00fcn ak\u015fam saatlerinde Kad\u0131k\u00f6y&#8217;de toplanarak eylem yapt\u0131. Da\u011f\u0131l\u0131n uyar\u0131lar\u0131na ta\u015f, misket ve \u015fi\u015feler atarak cevap veren gruba polis m\u00fcdahale etti.<\/i><\/b><\/p>\n<p style=\"text-align: justify;\">Eylemlerde g\u00f6zalt\u0131na al\u0131nan ki\u015filerin de serbest b\u0131rak\u0131lmas\u0131n\u0131 isteyen protestocular, AK Parti il\u00e7e binas\u0131na y\u00fcr\u00fcmek istedi. Yap\u0131lan t\u00fcm uyar\u0131lara ra\u011fmen da\u011f\u0131lmayan ve polise ta\u015f, misket ve \u015fi\u015fe atan gruba polis ekipleri biber gaz\u0131 ve tazyikli su ile m\u00fcdahale etti. Ara sokaklara ka\u00e7an eylemciler sokaklara barikat kurup \u00e7\u00f6p bidonlar\u0131n\u0131 ate\u015fe verdi. Baz\u0131 g\u00f6stericiler polise ta\u015f, misket ve havaifi\u015feklerle sald\u0131rd\u0131.<\/p>\n<p style=\"text-align: justify;\">Bahariye Caddesi&#8217;nde d\u00fcn ak\u015fam saatlerinde polis ve g\u00f6stericiler aras\u0131nda ba\u015flayan gerginlik halen s\u00fcr\u00fcyor. M\u00fcdahale s\u0131ras\u0131nda \u00e7evrede bulunan vatanda\u015flar da gazdan etkilendi. Bir kad\u0131n sedyeyle ambulansa al\u0131narak hastaneye g\u00f6t\u00fcr\u00fcld\u00fc. Polis ekipleri \u00e7ok say\u0131da eylemciyi de g\u00f6zalt\u0131na ald\u0131.<\/p>\n<p style=\"text-align: justify;\"><strong>\u0130zinsiz g\u00f6steriye polis m\u00fcdahalesi<\/strong><\/p>\n<p style=\"text-align: justify;\">\u0130zmir&#8217;de ODT\u00dc olaylar\u0131na destek ve Hatay&#8217;da hayat\u0131n\u0131 kaybeden Ahmet Atakan \u00f6l\u00fcm\u00fcn\u00fc proteste etmek amac\u0131yla toplanan gruba, polis biber gaz\u0131 ve tazyikli suyla m\u00fcdahale etti.<\/p>\n<p style=\"text-align: justify;\">Grup, Basmane Meydan\u0131&#8217;ndaki AK Parti Konak \u0130l\u00e7e Ba\u015fkanl\u0131\u011f\u0131 \u00f6n\u00fcne y\u00fcr\u00fcd\u00fc. Gazi Bulvar\u0131 \u00fczerine Basmane Meydan\u0131 giri\u015fine ula\u015fan grubun da\u011f\u0131lmas\u0131 i\u00e7in polis anons yapt\u0131. Protestoculardan bir k\u0131sm\u0131 TOMA&#8217;y\u0131 ta\u015f ve \u015fi\u015fe ya\u011fmuruna tuttu. Polis, biber gaz\u0131 ve tazyikli suyla m\u00fcdahale etti. Da\u011f\u0131lan gruplar, G\u00fcndo\u011fdu Meydan\u0131&#8217;na do\u011fru y\u00fcr\u00fcy\u00fc\u015fe ge\u00e7ti. Protestolar s\u0131ras\u0131nda 17 ya\u015f\u0131nda bir gen\u00e7 k\u0131z g\u00f6zalt\u0131na al\u0131nd\u0131. Eylemciler geri \u00e7ekilirken yollara barikat kurarak ate\u015f yakt\u0131. Trafik levhalar\u0131na zarar verdi. Kald\u0131r\u0131m ta\u015flar\u0131 ile yollara barikat kurdu.<\/p>\n<p style=\"text-align: justify;\">G\u00f6stericiler Talatpa\u015fa Bulvar\u0131nda ve Plevne bulvar\u0131nda \u00e7\u00f6p bidonlar\u0131n\u0131 yakarak yolu trafi\u011fe kapatt\u0131. Grubun bekleyi\u015fi s\u00fcr\u00fcyor.<\/p>\n<p style=\"text-align: justify;\"><strong>Hatay&#8217;daki g\u00f6steriler s\u00fcr\u00fcyor<\/strong><\/p>\n<p style=\"text-align: justify;\">Hatay&#8217;da Ahmet Atakan&#8217;\u0131n izinsiz ger\u00e7ekle\u015ftirilen y\u00fcr\u00fcy\u00fc\u015f s\u0131ras\u0131nda hayat\u0131n\u0131 kaybetmesinin ard\u0131ndan d\u00fcn ak\u015fam saatlerinde ba\u015flat\u0131lan protesto g\u00f6sterileri s\u00fcr\u00fcyor.<\/p>\n<p style=\"text-align: justify;\">Atakan&#8217;\u0131n bir binan\u0131n \u00e7at\u0131 kat\u0131ndan d\u00fc\u015ferek hayat\u0131n\u0131 kaybetti\u011fi yerde d\u00fcn saat 21.00 s\u0131ralar\u0131nda toplanan bir grup, y\u00fcr\u00fcy\u00fc\u015f yapmak isteyince polis gruba m\u00fcdahale etti. Gece boyu kurduklar\u0131 barikatlar\u0131 ate\u015fe vererek eylemlerini s\u00fcrd\u00fcren grup \u00fcyelerinin \u00e7o\u011funlu\u011fu gecenin ilerleyen saatlerinde barikatlar\u0131n arkalar\u0131ndan \u00e7ekilince kalan az say\u0131da ki\u015fi de slogan atarak tekrar barikat kurmaya \u00e7al\u0131\u015ft\u0131. G\u00fcvenlik g\u00fc\u00e7leri TOMA, Akrep ve \u015eortland ara\u00e7lar\u0131yla az say\u0131da g\u00f6stericiye yeniden m\u00fcdahale etti.<\/p>\n<p style=\"text-align: justify;\">Armutlu Mahallesi&#8217;nde ana cadde \u00fczerinde kurulan barikatlar\u0131 y\u0131kmak ve gruba biber gaz\u0131 ile m\u00fcdahale etmek isteyen \u015fortland arac\u0131n\u0131n \u00fczerine at\u0131lan renkli boya kurumadan \u00e7\u0131kar\u0131ld\u0131. Arac\u0131n dikiz aynalar\u0131ndaki boya \u015fi\u015fe su kullan\u0131larak \u00e7\u0131kar\u0131lmaya \u00e7al\u0131\u015f\u0131l\u0131rken boyan\u0131n h\u0131zl\u0131 kuruma olas\u0131l\u0131\u011f\u0131 g\u00f6z \u00f6n\u00fcne al\u0131nca ara\u00e7 \u00fczerindeki boya TOMA&#8217;dan s\u0131k\u0131lan tazyikli su ile temizlendi.<\/p>\n<p style=\"text-align: justify;\"><strong>S\u0130LAHLI K\u0130\u015e\u0130LER\u0130N BULUNDU\u011eU \u0130HBARI ALINAN \u00c7ATI KATI B\u0130BER GAZINA BO\u011eULDU<\/strong><\/p>\n<p style=\"text-align: justify;\">\u0130zinsiz y\u00fcr\u00fcy\u00fc\u015f\u00fcn ba\u015flat\u0131ld\u0131\u011f\u0131 ilk dakikalarda eylemcilerin ellerinde pompal\u0131 t\u00fcfek bulundu\u011fu ihbar\u0131n\u0131 alan g\u00fcvenlik g\u00fc\u00e7leri gruba ger\u00e7ekle\u015ftirdikleri m\u00fcdahale s\u0131ras\u0131nda zor anlar ya\u015fad\u0131. Silahl\u0131 ki\u015filerin mahalle giri\u015findeki \u00e7at\u0131 kat\u0131nda g\u00f6r\u00fcld\u00fc\u011f\u00fc ihbar\u0131 \u00fczerine harekete ge\u00e7en ekipler \u00e7at\u0131 kat\u0131na biber gaz\u0131 s\u0131kt\u0131. \u00c7at\u0131nda bulunan eylemciler ise at\u0131lan biber gazlar\u0131n\u0131 yeninden binadan a\u015fa\u011f\u0131 att\u0131. \u00c7at\u0131 kat\u0131nda bulunan kimli\u011fi belirsiz ki\u015filer ise polise tu\u011fla, ta\u015f ve bilye att\u0131.<\/p>\n<p style=\"text-align: justify;\"><strong>KAPS\u00dcLLER SU DOLU KOVAYA BATIRILARAK ETK\u0130S\u0130Z HALE GET\u0130R\u0130L\u0130YOR<\/strong><\/p>\n<p style=\"text-align: justify;\">Kurduklar\u0131 barikat\u0131n arkas\u0131ndan polise bilye, ta\u015f ve ses bombas\u0131 ile sald\u0131ran eylemci grup, polisin kendilerine att\u0131\u011f\u0131 biber gaz\u0131 fi\u015feklerinin etkisini su dolu kovalara bat\u0131rarak yok ediyor. \u00d6n saflarda beklemede kalan ve ellerinde kal\u0131n eldiven bulunan eylemciler, fi\u015fe\u011fi d\u00fc\u015fer d\u00fc\u015fmez alarak su dolu kovalar\u0131n i\u00e7ine bat\u0131r\u0131yor. Bu sayede grup \u00fcyeleri gazdan etkilenmeden eylemlerini s\u00fcrd\u00fcr\u00fcyor.<\/p>\n<p style=\"text-align: justify;\"><b><i>TEK\u0130N G\u00dcRBULAK &#8211; \u00d6ZG\u00dcR G\u00dcNE\u015e, FAZ\u0130LET CANDAN &#8211; \u0130STANBUL, HATAY &#8211; <\/i><\/b><a href=\"http:\/\/www.zaman.com.tr\/mainAction.action\"><i>HABERLER<\/i><\/a><a href=\"http:\/\/www.zaman.com.tr\/menuDetail.action?sectionId=1\"><i>G\u00fcndem<\/i><\/a><b><i>\u0130ZMIR<\/i><\/b><\/p>\n<p style=\"text-align: justify;\"><b><i>http:\/\/www.zaman.com.tr\/gundem_istanbul-ve-izmirde-izinsiz-gosterilere-polis-mudahalesi_2133992.html<\/i><\/b><\/p>\n","protected":false},"excerpt":{"rendered":"<p>Hatay&#8217;daki izinsiz g\u00f6sterilerde hayat\u0131n\u0131 kaybeden Ahmet Atakan&#8217;\u0131n \u00f6l\u00fcm\u00fcn\u00fc protesto eden bir grup, d\u00fcn ak\u015fam saatlerinde Kad\u0131k\u00f6y&#8217;de toplanarak eylem yapt\u0131. Da\u011f\u0131l\u0131n uyar\u0131lar\u0131na ta\u015f, misket ve \u015fi\u015feler atarak cevap veren gruba polis m\u00fcdahale etti. Eylemlerde g\u00f6zalt\u0131na al\u0131nan ki\u015filerin de serbest b\u0131rak\u0131lmas\u0131n\u0131 isteyen protestocular, AK Parti il\u00e7e binas\u0131na y\u00fcr\u00fcmek istedi. Yap\u0131lan t\u00fcm uyar\u0131lara ra\u011fmen da\u011f\u0131lmayan ve polise ta\u015f, [&hellip;]<\/p>\n","protected":false},"author":7,"featured_media":0,"comment_status":"open","ping_status":"open","sticky":false,"template":"","format":"standard","meta":{"footnotes":""},"categories":[1],"tags":[],"class_list":["post-25502","post","type-post","status-publish","format-standard","hentry","category-haberler"],"yoast_head":"<!-- This site is optimized with the Yoast SEO plugin v27.4 - https:\/\/yoast.com\/product\/yoast-seo-wordpress\/ -->\n<title>\u0130stanbul ve \u0130zmir&#039;de izinsiz g\u00f6sterilere polis m\u00fcdahalesi - Bati Ermenistan Ve Bati Ermenileri Sorunlari Ara\u015ftirmalar Merkezi<\/title>\n<meta name=\"robots\" content=\"index, follow, max-snippet:-1, max-image-preview:large, max-video-preview:-1\" \/>\n<link rel=\"canonical\" href=\"https:\/\/akunq.net\/tr\/?p=25502\" \/>\n<meta property=\"og:locale\" content=\"en_US\" \/>\n<meta property=\"og:type\" content=\"article\" \/>\n<meta property=\"og:title\" content=\"\u0130stanbul ve \u0130zmir&#039;de izinsiz g\u00f6sterilere polis m\u00fcdahalesi - Bati Ermenistan Ve Bati Ermenileri Sorunlari Ara\u015ftirmalar Merkezi\" \/>\n<meta property=\"og:description\" content=\"Hatay&#8217;daki izinsiz g\u00f6sterilerde hayat\u0131n\u0131 kaybeden Ahmet Atakan&#8217;\u0131n \u00f6l\u00fcm\u00fcn\u00fc protesto eden bir grup, d\u00fcn ak\u015fam saatlerinde Kad\u0131k\u00f6y&#8217;de toplanarak eylem yapt\u0131. Da\u011f\u0131l\u0131n uyar\u0131lar\u0131na ta\u015f, misket ve \u015fi\u015feler atarak cevap veren gruba polis m\u00fcdahale etti. Eylemlerde g\u00f6zalt\u0131na al\u0131nan ki\u015filerin de serbest b\u0131rak\u0131lmas\u0131n\u0131 isteyen protestocular, AK Parti il\u00e7e binas\u0131na y\u00fcr\u00fcmek istedi. Yap\u0131lan t\u00fcm uyar\u0131lara ra\u011fmen da\u011f\u0131lmayan ve polise ta\u015f, [&hellip;]\" \/>\n<meta property=\"og:url\" content=\"https:\/\/akunq.net\/tr\/?p=25502\" \/>\n<meta property=\"og:site_name\" content=\"Bati Ermenistan Ve Bati Ermenileri Sorunlari Ara\u015ftirmalar Merkezi\" \/>\n<meta property=\"article:published_time\" content=\"2013-09-12T07:46:54+00:00\" \/>\n<meta name=\"author\" content=\"admin\" \/>\n<meta name=\"twitter:card\" content=\"summary_large_image\" \/>\n<meta name=\"twitter:label1\" content=\"Written by\" \/>\n\t<meta name=\"twitter:data1\" content=\"admin\" \/>\n\t<meta name=\"twitter:label2\" content=\"Est. reading time\" \/>\n\t<meta name=\"twitter:data2\" content=\"4 minutes\" \/>\n<script type=\"application\/ld+json\" class=\"yoast-schema-graph\">{\"@context\":\"https:\\\/\\\/schema.org\",\"@graph\":[{\"@type\":\"Article\",\"@id\":\"https:\\\/\\\/akunq.net\\\/tr\\\/?p=25502#article\",\"isPartOf\":{\"@id\":\"https:\\\/\\\/akunq.net\\\/tr\\\/?p=25502\"},\"author\":{\"name\":\"admin\",\"@id\":\"https:\\\/\\\/akunq.net\\\/tr\\\/#\\\/schema\\\/person\\\/096f1d38a12cce57fb855b485ed24c9e\"},\"headline\":\"\u0130stanbul ve \u0130zmir&#8217;de izinsiz g\u00f6sterilere polis m\u00fcdahalesi\",\"datePublished\":\"2013-09-12T07:46:54+00:00\",\"mainEntityOfPage\":{\"@id\":\"https:\\\/\\\/akunq.net\\\/tr\\\/?p=25502\"},\"wordCount\":782,\"commentCount\":0,\"articleSection\":[\"Haberler\"],\"inLanguage\":\"en-US\",\"potentialAction\":[{\"@type\":\"CommentAction\",\"name\":\"Comment\",\"target\":[\"https:\\\/\\\/akunq.net\\\/tr\\\/?p=25502#respond\"]}]},{\"@type\":\"WebPage\",\"@id\":\"https:\\\/\\\/akunq.net\\\/tr\\\/?p=25502\",\"url\":\"https:\\\/\\\/akunq.net\\\/tr\\\/?p=25502\",\"name\":\"\u0130stanbul ve \u0130zmir'de izinsiz g\u00f6sterilere polis m\u00fcdahalesi - Bati Ermenistan Ve Bati Ermenileri Sorunlari Ara\u015ftirmalar Merkezi\",\"isPartOf\":{\"@id\":\"https:\\\/\\\/akunq.net\\\/tr\\\/#website\"},\"datePublished\":\"2013-09-12T07:46:54+00:00\",\"author\":{\"@id\":\"https:\\\/\\\/akunq.net\\\/tr\\\/#\\\/schema\\\/person\\\/096f1d38a12cce57fb855b485ed24c9e\"},\"breadcrumb\":{\"@id\":\"https:\\\/\\\/akunq.net\\\/tr\\\/?p=25502#breadcrumb\"},\"inLanguage\":\"en-US\",\"potentialAction\":[{\"@type\":\"ReadAction\",\"target\":[\"https:\\\/\\\/akunq.net\\\/tr\\\/?p=25502\"]}]},{\"@type\":\"BreadcrumbList\",\"@id\":\"https:\\\/\\\/akunq.net\\\/tr\\\/?p=25502#breadcrumb\",\"itemListElement\":[{\"@type\":\"ListItem\",\"position\":1,\"name\":\"Home\",\"item\":\"https:\\\/\\\/akunq.net\\\/tr\"},{\"@type\":\"ListItem\",\"position\":2,\"name\":\"\u0130stanbul ve \u0130zmir&#8217;de izinsiz g\u00f6sterilere polis m\u00fcdahalesi\"}]},{\"@type\":\"WebSite\",\"@id\":\"https:\\\/\\\/akunq.net\\\/tr\\\/#website\",\"url\":\"https:\\\/\\\/akunq.net\\\/tr\\\/\",\"name\":\"Bati Ermenistan Ve Bati Ermenileri Sorunlari Ara\u015ftirmalar Merkezi\",\"description\":\"\",\"potentialAction\":[{\"@type\":\"SearchAction\",\"target\":{\"@type\":\"EntryPoint\",\"urlTemplate\":\"https:\\\/\\\/akunq.net\\\/tr\\\/?s={search_term_string}\"},\"query-input\":{\"@type\":\"PropertyValueSpecification\",\"valueRequired\":true,\"valueName\":\"search_term_string\"}}],\"inLanguage\":\"en-US\"},{\"@type\":\"Person\",\"@id\":\"https:\\\/\\\/akunq.net\\\/tr\\\/#\\\/schema\\\/person\\\/096f1d38a12cce57fb855b485ed24c9e\",\"name\":\"admin\",\"url\":\"https:\\\/\\\/akunq.net\\\/tr\\\/?author=7\"}]}<\/script>\n<!-- \/ Yoast SEO plugin. -->","yoast_head_json":{"title":"\u0130stanbul ve \u0130zmir'de izinsiz g\u00f6sterilere polis m\u00fcdahalesi - Bati Ermenistan Ve Bati Ermenileri Sorunlari Ara\u015ftirmalar Merkezi","robots":{"index":"index","follow":"follow","max-snippet":"max-snippet:-1","max-image-preview":"max-image-preview:large","max-video-preview":"max-video-preview:-1"},"canonical":"https:\/\/akunq.net\/tr\/?p=25502","og_locale":"en_US","og_type":"article","og_title":"\u0130stanbul ve \u0130zmir'de izinsiz g\u00f6sterilere polis m\u00fcdahalesi - Bati Ermenistan Ve Bati Ermenileri Sorunlari Ara\u015ftirmalar Merkezi","og_description":"Hatay&#8217;daki izinsiz g\u00f6sterilerde hayat\u0131n\u0131 kaybeden Ahmet Atakan&#8217;\u0131n \u00f6l\u00fcm\u00fcn\u00fc protesto eden bir grup, d\u00fcn ak\u015fam saatlerinde Kad\u0131k\u00f6y&#8217;de toplanarak eylem yapt\u0131. Da\u011f\u0131l\u0131n uyar\u0131lar\u0131na ta\u015f, misket ve \u015fi\u015feler atarak cevap veren gruba polis m\u00fcdahale etti. Eylemlerde g\u00f6zalt\u0131na al\u0131nan ki\u015filerin de serbest b\u0131rak\u0131lmas\u0131n\u0131 isteyen protestocular, AK Parti il\u00e7e binas\u0131na y\u00fcr\u00fcmek istedi. Yap\u0131lan t\u00fcm uyar\u0131lara ra\u011fmen da\u011f\u0131lmayan ve polise ta\u015f, [&hellip;]","og_url":"https:\/\/akunq.net\/tr\/?p=25502","og_site_name":"Bati Ermenistan Ve Bati Ermenileri Sorunlari Ara\u015ftirmalar Merkezi","article_published_time":"2013-09-12T07:46:54+00:00","author":"admin","twitter_card":"summary_large_image","twitter_misc":{"Written by":"admin","Est. reading time":"4 minutes"},"schema":{"@context":"https:\/\/schema.org","@graph":[{"@type":"Article","@id":"https:\/\/akunq.net\/tr\/?p=25502#article","isPartOf":{"@id":"https:\/\/akunq.net\/tr\/?p=25502"},"author":{"name":"admin","@id":"https:\/\/akunq.net\/tr\/#\/schema\/person\/096f1d38a12cce57fb855b485ed24c9e"},"headline":"\u0130stanbul ve \u0130zmir&#8217;de izinsiz g\u00f6sterilere polis m\u00fcdahalesi","datePublished":"2013-09-12T07:46:54+00:00","mainEntityOfPage":{"@id":"https:\/\/akunq.net\/tr\/?p=25502"},"wordCount":782,"commentCount":0,"articleSection":["Haberler"],"inLanguage":"en-US","potentialAction":[{"@type":"CommentAction","name":"Comment","target":["https:\/\/akunq.net\/tr\/?p=25502#respond"]}]},{"@type":"WebPage","@id":"https:\/\/akunq.net\/tr\/?p=25502","url":"https:\/\/akunq.net\/tr\/?p=25502","name":"\u0130stanbul ve \u0130zmir'de izinsiz g\u00f6sterilere polis m\u00fcdahalesi - Bati Ermenistan Ve Bati Ermenileri Sorunlari Ara\u015ftirmalar Merkezi","isPartOf":{"@id":"https:\/\/akunq.net\/tr\/#website"},"datePublished":"2013-09-12T07:46:54+00:00","author":{"@id":"https:\/\/akunq.net\/tr\/#\/schema\/person\/096f1d38a12cce57fb855b485ed24c9e"},"breadcrumb":{"@id":"https:\/\/akunq.net\/tr\/?p=25502#breadcrumb"},"inLanguage":"en-US","potentialAction":[{"@type":"ReadAction","target":["https:\/\/akunq.net\/tr\/?p=25502"]}]},{"@type":"BreadcrumbList","@id":"https:\/\/akunq.net\/tr\/?p=25502#breadcrumb","itemListElement":[{"@type":"ListItem","position":1,"name":"Home","item":"https:\/\/akunq.net\/tr"},{"@type":"ListItem","position":2,"name":"\u0130stanbul ve \u0130zmir&#8217;de izinsiz g\u00f6sterilere polis m\u00fcdahalesi"}]},{"@type":"WebSite","@id":"https:\/\/akunq.net\/tr\/#website","url":"https:\/\/akunq.net\/tr\/","name":"Bati Ermenistan Ve Bati Ermenileri Sorunlari Ara\u015ftirmalar Merkezi","description":"","potentialAction":[{"@type":"SearchAction","target":{"@type":"EntryPoint","urlTemplate":"https:\/\/akunq.net\/tr\/?s={search_term_string}"},"query-input":{"@type":"PropertyValueSpecification","valueRequired":true,"valueName":"search_term_string"}}],"inLanguage":"en-US"},{"@type":"Person","@id":"https:\/\/akunq.net\/tr\/#\/schema\/person\/096f1d38a12cce57fb855b485ed24c9e","name":"admin","url":"https:\/\/akunq.net\/tr\/?author=7"}]}},"_links":{"self":[{"href":"https:\/\/akunq.net\/tr\/index.php?rest_route=\/wp\/v2\/posts\/25502","targetHints":{"allow":["GET"]}}],"collection":[{"href":"https:\/\/akunq.net\/tr\/index.php?rest_route=\/wp\/v2\/posts"}],"about":[{"href":"https:\/\/akunq.net\/tr\/index.php?rest_route=\/wp\/v2\/types\/post"}],"author":[{"embeddable":true,"href":"https:\/\/akunq.net\/tr\/index.php?rest_route=\/wp\/v2\/users\/7"}],"replies":[{"embeddable":true,"href":"https:\/\/akunq.net\/tr\/index.php?rest_route=%2Fwp%2Fv2%2Fcomments&post=25502"}],"version-history":[{"count":1,"href":"https:\/\/akunq.net\/tr\/index.php?rest_route=\/wp\/v2\/posts\/25502\/revisions"}],"predecessor-version":[{"id":25504,"href":"https:\/\/akunq.net\/tr\/index.php?rest_route=\/wp\/v2\/posts\/25502\/revisions\/25504"}],"wp:attachment":[{"href":"https:\/\/akunq.net\/tr\/index.php?rest_route=%2Fwp%2Fv2%2Fmedia&parent=25502"}],"wp:term":[{"taxonomy":"category","embeddable":true,"href":"https:\/\/akunq.net\/tr\/index.php?rest_route=%2Fwp%2Fv2%2Fcategories&post=25502"},{"taxonomy":"post_tag","embeddable":true,"href":"https:\/\/akunq.net\/tr\/index.php?rest_route=%2Fwp%2Fv2%2Ftags&post=25502"}],"curies":[{"name":"wp","href":"https:\/\/api.w.org\/{rel}","templated":true}]}}