{"id":25488,"date":"2013-09-12T01:54:56","date_gmt":"2013-09-12T06:54:56","guid":{"rendered":"http:\/\/akunq.net\/tr\/?p=25488"},"modified":"2013-09-12T01:55:13","modified_gmt":"2013-09-12T06:55:13","slug":"villada-bahcivan-dehseti-ingiliz-kadini-oldurdu","status":"publish","type":"post","link":"https:\/\/akunq.net\/tr\/?p=25488","title":{"rendered":"Villada bah\u00e7\u0131van deh\u015feti: \u0130ngiliz kad\u0131n\u0131 \u00f6ld\u00fcrd\u00fc"},"content":{"rendered":"<p style=\"text-align: justify;\"><b><i><a href=\"http:\/\/akunq.net\/tr\/wp-content\/uploads\/2013\/09\/\u0539\u0578\u0582\u0580\u0584\u056b\u0561\u0575\u0578\u0582\u0574-\u057d\u057a\u0561\u0576\u0565\u056c-\u0565\u0576.jpg\"><img loading=\"lazy\" decoding=\"async\" class=\"alignright size-medium wp-image-25489\" alt=\"\u0539\u0578\u0582\u0580\u0584\u056b\u0561\u0575\u0578\u0582\u0574 \u057d\u057a\u0561\u0576\u0565\u056c \u0565\u0576\" src=\"http:\/\/akunq.net\/tr\/wp-content\/uploads\/2013\/09\/\u0539\u0578\u0582\u0580\u0584\u056b\u0561\u0575\u0578\u0582\u0574-\u057d\u057a\u0561\u0576\u0565\u056c-\u0565\u0576-300x206.jpg\" width=\"300\" height=\"206\" srcset=\"https:\/\/akunq.net\/tr\/wp-content\/uploads\/sites\/6\/2013\/09\/\u0539\u0578\u0582\u0580\u0584\u056b\u0561\u0575\u0578\u0582\u0574-\u057d\u057a\u0561\u0576\u0565\u056c-\u0565\u0576-300x206.jpg 300w, https:\/\/akunq.net\/tr\/wp-content\/uploads\/sites\/6\/2013\/09\/\u0539\u0578\u0582\u0580\u0584\u056b\u0561\u0575\u0578\u0582\u0574-\u057d\u057a\u0561\u0576\u0565\u056c-\u0565\u0576.jpg 307w\" sizes=\"auto, (max-width: 300px) 100vw, 300px\" \/><\/a>Mu\u011fla&#8217;n\u0131n Ortaca \u0130l\u00e7esi, Dalyan Beldesi\u2019nde bah\u00e7\u0131vanl\u0131k yapan V.A. (46), pompal\u0131 t\u00fcfekle deh\u015fet sa\u00e7t\u0131. Bir sitede bulunan ve bah\u00e7esiyle ilgilendi\u011fi villan\u0131n sahibi \u0130ngiliz Caterina Anna Bury\u2019i (56) \u00f6ld\u00fcren V.A., kad\u0131n\u0131n o\u011flu Alexander Gerhard Bury (24) ile annesi Cecillie Bury\u2019i (87) de yaralad\u0131ktan sonra jandarmaya teslim oldu.<\/i><\/b><\/p>\n<p style=\"text-align: justify;\">Bekar olan V.A., 6 y\u0131ld\u0131r bah\u00e7esinin bak\u0131m\u0131n\u0131 yapt\u0131\u011f\u0131 Atat\u00fcrk Mahallesi 213 Sokak\u2019taki bir sitede bulunan villan\u0131n sahibi ve sevgilisi oldu\u011fu \u00f6ne s\u00fcr\u00fclen Caterina Anna Bury ile ge\u00e7en cuma g\u00fcn\u00fc hen\u00fcz bilinmeyen nedenle tart\u0131\u015ft\u0131. Tart\u0131\u015fman\u0131n ard\u0131ndan Bury, o\u011flu Alexander Gerhard Bury ve annesi Cecillie Bury ile Dalyan Jandarma Karakolu\u2019na gidip, kendilerini \u2019\u00f6l\u00fcmle tehdit etti\u011fini\u2019 ileri s\u00fcrd\u00fckleri bah\u00e7\u0131van V.A.\u2019dan \u015fikayet\u00e7i oldu. Ailenin \u015fikayeti \u00fczerine jandarman\u0131n g\u00f6zalt\u0131na ald\u0131\u011f\u0131 V.A. ertesi g\u00fcn serbest b\u0131rak\u0131ld\u0131.V\u0130LLADA BAH\u00c7IVAN DEH\u015eET\u0130<\/p>\n<p style=\"text-align: justify;\"><b>POMPALIYLA V\u0130LLAYI BASTI <\/b><\/p>\n<p style=\"text-align: justify;\">Jandarmaya \u015fikayet edilmeyi i\u00e7ine sindiremeyen V.A., bug\u00fcn saat 06.00 s\u0131ralar\u0131nda villay\u0131 pompal\u0131 t\u00fcfekle bast\u0131. Villan\u0131n bah\u00e7esinde gece boyu o\u011flu Alexander Gerhard Bury\u2019nin do\u011fum g\u00fcn\u00fcn\u00fc kutlad\u0131klar\u0131 belirtilen Caterina Anna Bury, V.A.\u2019y\u0131 pompal\u0131 t\u00fcfekle kar\u015f\u0131s\u0131nda g\u00f6r\u00fcnce i\u00e7eri ka\u00e7t\u0131. \u0130ddiaya alkoll\u00fc olan V.A. t\u00fcfe\u011fini ate\u015fleyerek, Alexander Gerhard Bury\u2019i bacaklar\u0131ndan, Cecillie Bury\u2019i ise s\u0131rt\u0131ndan vurdu.<\/p>\n<p style=\"text-align: justify;\"><b>BANYO K\u0130L\u0130D\u0130N\u0130 ATE\u015e ED\u0130P PAR\u00c7ALADI<\/b><\/p>\n<p style=\"text-align: justify;\">Daha sonra da kendini tripleks villan\u0131n en \u00fcst kat\u0131ndaki banyoya kilitleyen Caterina Anna Bury\u2019nin pe\u015finden giden bah\u00e7\u0131van V.A., kap\u0131n\u0131n kilidini tek el ate\u015f edip par\u00e7alad\u0131. Kap\u0131y\u0131 a\u00e7an V.A., namluyu Caterina Anna Bury\u2019e do\u011frultup pe\u015f pe\u015fe d\u00f6rt el ate\u015f etti. G\u00f6\u011fs\u00fcne isabet eden sa\u00e7malarla kanlar i\u00e7inde kalan Caterina Anna Bury olay yerinde ya\u015fam\u0131n\u0131 yitirdi.<\/p>\n<p style=\"text-align: justify;\">Villa bask\u0131n\u0131nda \u0130ngiliz ailenin bir ferdini \u00f6ld\u00fcr\u00fcp ikisini yaralayan V.A. ka\u00e7arken, a\u015f\u0131r\u0131 kan kaybetti\u011fi belirlenen Alexander Gerhard Bury ve Cecillie Bury, ambulansla Ortaca Devlet Hastanesi\u2019ne kald\u0131r\u0131ld\u0131. Durumlar\u0131 a\u011f\u0131r olan ve hayati tehlikelerinin s\u00fcrd\u00fc\u011f\u00fc belirtilen yaral\u0131lardan Alexander Gerhard Bury, Mu\u011fla S\u0131tk\u0131 Ko\u00e7man \u00dcniversitesi Ara\u015ft\u0131rma Hastanesi, Cecillie Bury ise Fethiye Devlet Hastanesi\u2019ne sevk edildi.<\/p>\n<p style=\"text-align: justify;\">Jandarma ve savc\u0131n\u0131n olay yerindeki incelemelerin ard\u0131ndan Caterina Anna Bury\u2019nin cesedi ise Mu\u011fla Adli T\u0131p Kurumu\u2019na g\u00f6nderildi.<\/p>\n<p style=\"text-align: justify;\">Bah\u00e7\u0131van V.A., olaydan bir saat sonra Dalyan Jandarma Karakolu\u2019na giderek teslim oldu. Sorgusu devam eden V.A. i\u015flemlerinin ard\u0131ndan adliyeye sevk edilecek.<\/p>\n<p style=\"text-align: justify;\"><b><i>http:\/\/www.hurriyet.com.tr\/gundem\/24674183.asp<\/i><\/b><\/p>\n","protected":false},"excerpt":{"rendered":"<p>Mu\u011fla&#8217;n\u0131n Ortaca \u0130l\u00e7esi, Dalyan Beldesi\u2019nde bah\u00e7\u0131vanl\u0131k yapan V.A. (46), pompal\u0131 t\u00fcfekle deh\u015fet sa\u00e7t\u0131. Bir sitede bulunan ve bah\u00e7esiyle ilgilendi\u011fi villan\u0131n sahibi \u0130ngiliz Caterina Anna Bury\u2019i (56) \u00f6ld\u00fcren V.A., kad\u0131n\u0131n o\u011flu Alexander Gerhard Bury (24) ile annesi Cecillie Bury\u2019i (87) de yaralad\u0131ktan sonra jandarmaya teslim oldu. Bekar olan V.A., 6 y\u0131ld\u0131r bah\u00e7esinin bak\u0131m\u0131n\u0131 yapt\u0131\u011f\u0131 Atat\u00fcrk Mahallesi [&hellip;]<\/p>\n","protected":false},"author":7,"featured_media":0,"comment_status":"open","ping_status":"open","sticky":false,"template":"","format":"standard","meta":{"footnotes":""},"categories":[1],"tags":[],"class_list":["post-25488","post","type-post","status-publish","format-standard","hentry","category-haberler"],"yoast_head":"<!-- This site is optimized with the Yoast SEO plugin v27.4 - https:\/\/yoast.com\/product\/yoast-seo-wordpress\/ -->\n<title>Villada bah\u00e7\u0131van deh\u015feti: \u0130ngiliz kad\u0131n\u0131 \u00f6ld\u00fcrd\u00fc - Bati Ermenistan Ve Bati Ermenileri Sorunlari Ara\u015ftirmalar Merkezi<\/title>\n<meta name=\"robots\" content=\"index, follow, max-snippet:-1, max-image-preview:large, max-video-preview:-1\" \/>\n<link rel=\"canonical\" href=\"https:\/\/akunq.net\/tr\/?p=25488\" \/>\n<meta property=\"og:locale\" content=\"en_US\" \/>\n<meta property=\"og:type\" content=\"article\" \/>\n<meta property=\"og:title\" content=\"Villada bah\u00e7\u0131van deh\u015feti: \u0130ngiliz kad\u0131n\u0131 \u00f6ld\u00fcrd\u00fc - Bati Ermenistan Ve Bati Ermenileri Sorunlari Ara\u015ftirmalar Merkezi\" \/>\n<meta property=\"og:description\" content=\"Mu\u011fla&#8217;n\u0131n Ortaca \u0130l\u00e7esi, Dalyan Beldesi\u2019nde bah\u00e7\u0131vanl\u0131k yapan V.A. (46), pompal\u0131 t\u00fcfekle deh\u015fet sa\u00e7t\u0131. Bir sitede bulunan ve bah\u00e7esiyle ilgilendi\u011fi villan\u0131n sahibi \u0130ngiliz Caterina Anna Bury\u2019i (56) \u00f6ld\u00fcren V.A., kad\u0131n\u0131n o\u011flu Alexander Gerhard Bury (24) ile annesi Cecillie Bury\u2019i (87) de yaralad\u0131ktan sonra jandarmaya teslim oldu. Bekar olan V.A., 6 y\u0131ld\u0131r bah\u00e7esinin bak\u0131m\u0131n\u0131 yapt\u0131\u011f\u0131 Atat\u00fcrk Mahallesi [&hellip;]\" \/>\n<meta property=\"og:url\" content=\"https:\/\/akunq.net\/tr\/?p=25488\" \/>\n<meta property=\"og:site_name\" content=\"Bati Ermenistan Ve Bati Ermenileri Sorunlari Ara\u015ftirmalar Merkezi\" \/>\n<meta property=\"article:published_time\" content=\"2013-09-12T06:54:56+00:00\" \/>\n<meta property=\"article:modified_time\" content=\"2013-09-12T06:55:13+00:00\" \/>\n<meta name=\"author\" content=\"admin\" \/>\n<meta name=\"twitter:card\" content=\"summary_large_image\" \/>\n<meta name=\"twitter:label1\" content=\"Written by\" \/>\n\t<meta name=\"twitter:data1\" content=\"admin\" \/>\n\t<meta name=\"twitter:label2\" content=\"Est. reading time\" \/>\n\t<meta name=\"twitter:data2\" content=\"2 minutes\" \/>\n<script type=\"application\/ld+json\" class=\"yoast-schema-graph\">{\"@context\":\"https:\\\/\\\/schema.org\",\"@graph\":[{\"@type\":\"Article\",\"@id\":\"https:\\\/\\\/akunq.net\\\/tr\\\/?p=25488#article\",\"isPartOf\":{\"@id\":\"https:\\\/\\\/akunq.net\\\/tr\\\/?p=25488\"},\"author\":{\"name\":\"admin\",\"@id\":\"https:\\\/\\\/akunq.net\\\/tr\\\/#\\\/schema\\\/person\\\/096f1d38a12cce57fb855b485ed24c9e\"},\"headline\":\"Villada bah\u00e7\u0131van deh\u015feti: \u0130ngiliz kad\u0131n\u0131 \u00f6ld\u00fcrd\u00fc\",\"datePublished\":\"2013-09-12T06:54:56+00:00\",\"dateModified\":\"2013-09-12T06:55:13+00:00\",\"mainEntityOfPage\":{\"@id\":\"https:\\\/\\\/akunq.net\\\/tr\\\/?p=25488\"},\"wordCount\":484,\"commentCount\":0,\"articleSection\":[\"Haberler\"],\"inLanguage\":\"en-US\",\"potentialAction\":[{\"@type\":\"CommentAction\",\"name\":\"Comment\",\"target\":[\"https:\\\/\\\/akunq.net\\\/tr\\\/?p=25488#respond\"]}]},{\"@type\":\"WebPage\",\"@id\":\"https:\\\/\\\/akunq.net\\\/tr\\\/?p=25488\",\"url\":\"https:\\\/\\\/akunq.net\\\/tr\\\/?p=25488\",\"name\":\"Villada bah\u00e7\u0131van deh\u015feti: \u0130ngiliz kad\u0131n\u0131 \u00f6ld\u00fcrd\u00fc - Bati Ermenistan Ve Bati Ermenileri Sorunlari Ara\u015ftirmalar Merkezi\",\"isPartOf\":{\"@id\":\"https:\\\/\\\/akunq.net\\\/tr\\\/#website\"},\"datePublished\":\"2013-09-12T06:54:56+00:00\",\"dateModified\":\"2013-09-12T06:55:13+00:00\",\"author\":{\"@id\":\"https:\\\/\\\/akunq.net\\\/tr\\\/#\\\/schema\\\/person\\\/096f1d38a12cce57fb855b485ed24c9e\"},\"breadcrumb\":{\"@id\":\"https:\\\/\\\/akunq.net\\\/tr\\\/?p=25488#breadcrumb\"},\"inLanguage\":\"en-US\",\"potentialAction\":[{\"@type\":\"ReadAction\",\"target\":[\"https:\\\/\\\/akunq.net\\\/tr\\\/?p=25488\"]}]},{\"@type\":\"BreadcrumbList\",\"@id\":\"https:\\\/\\\/akunq.net\\\/tr\\\/?p=25488#breadcrumb\",\"itemListElement\":[{\"@type\":\"ListItem\",\"position\":1,\"name\":\"Home\",\"item\":\"https:\\\/\\\/akunq.net\\\/tr\"},{\"@type\":\"ListItem\",\"position\":2,\"name\":\"Villada bah\u00e7\u0131van deh\u015feti: \u0130ngiliz kad\u0131n\u0131 \u00f6ld\u00fcrd\u00fc\"}]},{\"@type\":\"WebSite\",\"@id\":\"https:\\\/\\\/akunq.net\\\/tr\\\/#website\",\"url\":\"https:\\\/\\\/akunq.net\\\/tr\\\/\",\"name\":\"Bati Ermenistan Ve Bati Ermenileri Sorunlari Ara\u015ftirmalar Merkezi\",\"description\":\"\",\"potentialAction\":[{\"@type\":\"SearchAction\",\"target\":{\"@type\":\"EntryPoint\",\"urlTemplate\":\"https:\\\/\\\/akunq.net\\\/tr\\\/?s={search_term_string}\"},\"query-input\":{\"@type\":\"PropertyValueSpecification\",\"valueRequired\":true,\"valueName\":\"search_term_string\"}}],\"inLanguage\":\"en-US\"},{\"@type\":\"Person\",\"@id\":\"https:\\\/\\\/akunq.net\\\/tr\\\/#\\\/schema\\\/person\\\/096f1d38a12cce57fb855b485ed24c9e\",\"name\":\"admin\",\"url\":\"https:\\\/\\\/akunq.net\\\/tr\\\/?author=7\"}]}<\/script>\n<!-- \/ Yoast SEO plugin. -->","yoast_head_json":{"title":"Villada bah\u00e7\u0131van deh\u015feti: \u0130ngiliz kad\u0131n\u0131 \u00f6ld\u00fcrd\u00fc - Bati Ermenistan Ve Bati Ermenileri Sorunlari Ara\u015ftirmalar Merkezi","robots":{"index":"index","follow":"follow","max-snippet":"max-snippet:-1","max-image-preview":"max-image-preview:large","max-video-preview":"max-video-preview:-1"},"canonical":"https:\/\/akunq.net\/tr\/?p=25488","og_locale":"en_US","og_type":"article","og_title":"Villada bah\u00e7\u0131van deh\u015feti: \u0130ngiliz kad\u0131n\u0131 \u00f6ld\u00fcrd\u00fc - Bati Ermenistan Ve Bati Ermenileri Sorunlari Ara\u015ftirmalar Merkezi","og_description":"Mu\u011fla&#8217;n\u0131n Ortaca \u0130l\u00e7esi, Dalyan Beldesi\u2019nde bah\u00e7\u0131vanl\u0131k yapan V.A. (46), pompal\u0131 t\u00fcfekle deh\u015fet sa\u00e7t\u0131. Bir sitede bulunan ve bah\u00e7esiyle ilgilendi\u011fi villan\u0131n sahibi \u0130ngiliz Caterina Anna Bury\u2019i (56) \u00f6ld\u00fcren V.A., kad\u0131n\u0131n o\u011flu Alexander Gerhard Bury (24) ile annesi Cecillie Bury\u2019i (87) de yaralad\u0131ktan sonra jandarmaya teslim oldu. Bekar olan V.A., 6 y\u0131ld\u0131r bah\u00e7esinin bak\u0131m\u0131n\u0131 yapt\u0131\u011f\u0131 Atat\u00fcrk Mahallesi [&hellip;]","og_url":"https:\/\/akunq.net\/tr\/?p=25488","og_site_name":"Bati Ermenistan Ve Bati Ermenileri Sorunlari Ara\u015ftirmalar Merkezi","article_published_time":"2013-09-12T06:54:56+00:00","article_modified_time":"2013-09-12T06:55:13+00:00","author":"admin","twitter_card":"summary_large_image","twitter_misc":{"Written by":"admin","Est. reading time":"2 minutes"},"schema":{"@context":"https:\/\/schema.org","@graph":[{"@type":"Article","@id":"https:\/\/akunq.net\/tr\/?p=25488#article","isPartOf":{"@id":"https:\/\/akunq.net\/tr\/?p=25488"},"author":{"name":"admin","@id":"https:\/\/akunq.net\/tr\/#\/schema\/person\/096f1d38a12cce57fb855b485ed24c9e"},"headline":"Villada bah\u00e7\u0131van deh\u015feti: \u0130ngiliz kad\u0131n\u0131 \u00f6ld\u00fcrd\u00fc","datePublished":"2013-09-12T06:54:56+00:00","dateModified":"2013-09-12T06:55:13+00:00","mainEntityOfPage":{"@id":"https:\/\/akunq.net\/tr\/?p=25488"},"wordCount":484,"commentCount":0,"articleSection":["Haberler"],"inLanguage":"en-US","potentialAction":[{"@type":"CommentAction","name":"Comment","target":["https:\/\/akunq.net\/tr\/?p=25488#respond"]}]},{"@type":"WebPage","@id":"https:\/\/akunq.net\/tr\/?p=25488","url":"https:\/\/akunq.net\/tr\/?p=25488","name":"Villada bah\u00e7\u0131van deh\u015feti: \u0130ngiliz kad\u0131n\u0131 \u00f6ld\u00fcrd\u00fc - Bati Ermenistan Ve Bati Ermenileri Sorunlari Ara\u015ftirmalar Merkezi","isPartOf":{"@id":"https:\/\/akunq.net\/tr\/#website"},"datePublished":"2013-09-12T06:54:56+00:00","dateModified":"2013-09-12T06:55:13+00:00","author":{"@id":"https:\/\/akunq.net\/tr\/#\/schema\/person\/096f1d38a12cce57fb855b485ed24c9e"},"breadcrumb":{"@id":"https:\/\/akunq.net\/tr\/?p=25488#breadcrumb"},"inLanguage":"en-US","potentialAction":[{"@type":"ReadAction","target":["https:\/\/akunq.net\/tr\/?p=25488"]}]},{"@type":"BreadcrumbList","@id":"https:\/\/akunq.net\/tr\/?p=25488#breadcrumb","itemListElement":[{"@type":"ListItem","position":1,"name":"Home","item":"https:\/\/akunq.net\/tr"},{"@type":"ListItem","position":2,"name":"Villada bah\u00e7\u0131van deh\u015feti: \u0130ngiliz kad\u0131n\u0131 \u00f6ld\u00fcrd\u00fc"}]},{"@type":"WebSite","@id":"https:\/\/akunq.net\/tr\/#website","url":"https:\/\/akunq.net\/tr\/","name":"Bati Ermenistan Ve Bati Ermenileri Sorunlari Ara\u015ftirmalar Merkezi","description":"","potentialAction":[{"@type":"SearchAction","target":{"@type":"EntryPoint","urlTemplate":"https:\/\/akunq.net\/tr\/?s={search_term_string}"},"query-input":{"@type":"PropertyValueSpecification","valueRequired":true,"valueName":"search_term_string"}}],"inLanguage":"en-US"},{"@type":"Person","@id":"https:\/\/akunq.net\/tr\/#\/schema\/person\/096f1d38a12cce57fb855b485ed24c9e","name":"admin","url":"https:\/\/akunq.net\/tr\/?author=7"}]}},"_links":{"self":[{"href":"https:\/\/akunq.net\/tr\/index.php?rest_route=\/wp\/v2\/posts\/25488","targetHints":{"allow":["GET"]}}],"collection":[{"href":"https:\/\/akunq.net\/tr\/index.php?rest_route=\/wp\/v2\/posts"}],"about":[{"href":"https:\/\/akunq.net\/tr\/index.php?rest_route=\/wp\/v2\/types\/post"}],"author":[{"embeddable":true,"href":"https:\/\/akunq.net\/tr\/index.php?rest_route=\/wp\/v2\/users\/7"}],"replies":[{"embeddable":true,"href":"https:\/\/akunq.net\/tr\/index.php?rest_route=%2Fwp%2Fv2%2Fcomments&post=25488"}],"version-history":[{"count":2,"href":"https:\/\/akunq.net\/tr\/index.php?rest_route=\/wp\/v2\/posts\/25488\/revisions"}],"predecessor-version":[{"id":25491,"href":"https:\/\/akunq.net\/tr\/index.php?rest_route=\/wp\/v2\/posts\/25488\/revisions\/25491"}],"wp:attachment":[{"href":"https:\/\/akunq.net\/tr\/index.php?rest_route=%2Fwp%2Fv2%2Fmedia&parent=25488"}],"wp:term":[{"taxonomy":"category","embeddable":true,"href":"https:\/\/akunq.net\/tr\/index.php?rest_route=%2Fwp%2Fv2%2Fcategories&post=25488"},{"taxonomy":"post_tag","embeddable":true,"href":"https:\/\/akunq.net\/tr\/index.php?rest_route=%2Fwp%2Fv2%2Ftags&post=25488"}],"curies":[{"name":"wp","href":"https:\/\/api.w.org\/{rel}","templated":true}]}}