{"id":25473,"date":"2013-09-11T06:06:55","date_gmt":"2013-09-11T11:06:55","guid":{"rendered":"http:\/\/akunq.net\/tr\/?p=25473"},"modified":"2013-09-11T06:06:55","modified_gmt":"2013-09-11T11:06:55","slug":"ermeniler-surp-giragosta-cozum-sureci-icin-dua-etti","status":"publish","type":"post","link":"https:\/\/akunq.net\/tr\/?p=25473","title":{"rendered":"Ermeniler, Surp Giragos\u2019ta \u00c7\u00f6z\u00fcm S\u00fcreci \u0130\u00e7in Dua Etti"},"content":{"rendered":"<p style=\"text-align: justify;\"><em><strong><a href=\"http:\/\/akunq.net\/tr\/wp-content\/uploads\/2013\/09\/\u0534\u056b\u0561\u0580\u0562\u0565\u0584\u056b\u0580\u056b-\u0584\u0561\u0572\u0561\u0584\u0561\u057a\u0565\u057f1.jpg\"><img loading=\"lazy\" decoding=\"async\" class=\"alignright size-full wp-image-25474\" alt=\"\u0534\u056b\u0561\u0580\u0562\u0565\u0584\u056b\u0580\u056b \u0584\u0561\u0572\u0561\u0584\u0561\u057a\u0565\u057f\" src=\"http:\/\/akunq.net\/tr\/wp-content\/uploads\/2013\/09\/\u0534\u056b\u0561\u0580\u0562\u0565\u0584\u056b\u0580\u056b-\u0584\u0561\u0572\u0561\u0584\u0561\u057a\u0565\u057f1.jpg\" width=\"250\" height=\"170\" \/><\/a>D\u0130YARBAKIR &#8211;<\/strong><\/em> Diyarbak\u0131r\u2019da bulunan Surp Giragos Ermeni Kilisesi\u2019nde bu y\u0131l \u00fc\u00e7\u00fcnc\u00fcs\u00fc d\u00fczenlenen isim ayininde \u00e7\u00f6z\u00fcm s\u00fcrecinin devam\u0131 i\u00e7in dua edildi. T\u00fcrkiye Ermenileri Patrikhanesi Patrik Vekili Ba\u015fpiskopos Aram Ate\u015fyan, ayinde \u00e7\u00f6z\u00fcm s\u00fcrecinin ba\u015far\u0131ya ula\u015fmas\u0131 i\u00e7in dualar ettiklerini s\u00f6yledi. Ate\u015fyan, \u2019\u00c7\u00f6z\u00fcm s\u00fcrecinden sonra \u00fclke huzurlu. A\u011flayan annelerimiz yok. \u00d6ld\u00fcr\u00fclm\u00fc\u015f askerlerimiz, vatanda\u015flar\u0131m\u0131z yok. Bu b\u00fcy\u00fck bir kazan\u00e7. Umuyorum ve dua ediyorum ki bu bar\u0131\u015f s\u00fcreci ba\u015far\u0131ya ula\u015f\u0131r.\u201d dedi.<\/p>\n<p style=\"text-align: justify;\">Diyarbak\u0131r\u2019\u0131n merkez Sur il\u00e7esinde 1376 y\u0131l\u0131nda in\u015fa edilen Surp Giragos Ermeni Kilisesi, 2012 y\u0131l\u0131nda yap\u0131lan restorasyon sonras\u0131nda kap\u0131lar\u0131n\u0131 ibadete a\u00e7t\u0131. Bu y\u0131l \u00fc\u00e7\u00fcnc\u00fcs\u00fc d\u00fczenlenen isim ayinine yurt i\u00e7inden ve d\u0131\u015f\u0131ndan bir\u00e7ok Ermeni vatanda\u015f kat\u0131ld\u0131. Kilisedeki ayine T\u00fcrkiye Ermenileri Patrikhanesi Patrik Vekili Ba\u015fpiskopos Aram Ate\u015fyan, Diyarbak\u0131r B\u00fcy\u00fck\u015fehir Belediye Ba\u015fkan\u0131 Osman Baydemir ve Amerika Birle\u015fik Devletleri (ABD) Adana \u0130kinci Konsolosu James Michael Saxton Ruiz kat\u0131ld\u0131. Kuledeki \u00e7an\u0131n \u00e7almaya ba\u015flamas\u0131yla birlikte ayin ba\u015flad\u0131. Ayinde \u00e7\u00f6z\u00fcm s\u00fcreci, M\u0131s\u0131r ve Suriye halklar\u0131 i\u00e7in dualar edildi.<\/p>\n<p style=\"text-align: justify;\">T\u00fcrkiye Ermenileri Patrikhanesi Patrik Vekili Ba\u015fpiskopos Aram Ate\u015fyan, gazetecilere yapt\u0131\u011f\u0131 a\u00e7\u0131klamada, Surp Giragos Kilisesi\u2019nde restorasyon sonras\u0131nda \u00fc\u00e7\u00fcnc\u00fc ayinin yap\u0131ld\u0131\u011f\u0131n\u0131 s\u00f6yledi. Ayine kat\u0131l\u0131m\u0131n ge\u00e7en y\u0131la oranla az oldu\u011funu belirten Ate\u015fyan, \u2019\u0130lk sene hac\u0131 adaylar\u0131m\u0131z adaklar\u0131n\u0131 ve dualar\u0131n\u0131 sunmak i\u00e7in buradayd\u0131lar. Bu sene say\u0131da biraz d\u00fc\u015f\u00fckl\u00fck var. Her sene yap\u0131ld\u0131\u011f\u0131 i\u00e7in cazibesini biraz kaybediyor ama buna ra\u011fmen Diyarbak\u0131rl\u0131 vatanda\u015flar\u0131m\u0131z k\u00f6k\u00fc Ermeni olanlar buray\u0131 dolduruyor. Yurt d\u0131\u015f\u0131ndan ve \u0130stanbul\u2019dan gelen Ermeniler d\u0131\u015f\u0131nda, Diyarbak\u0131r\u2019da ve etraf\u0131nda bulunan k\u00f6k\u00fc Ermeni olanlar bu ayine kat\u0131lmaktad\u0131r. Biz mutluyuz bundan.\u201d diye konu\u015ftu.<\/p>\n<p style=\"text-align: justify;\">Ayinde, dualar\u0131n\u0131 \u00fclkenin birlik, beraberli\u011fi ve huzuru i\u00e7in Allah\u2019a sunduklar\u0131n\u0131 ifade eden Ate\u015fyan, \u015funlar\u0131 ifade etti: \u2019Tanr\u0131 \u00fclkemizi ve Diyarbak\u0131r\u2019\u0131 bar\u0131\u015fa do\u011fru g\u00f6t\u00fcrs\u00fcn. Hep birlikte dil, din, \u0131rk ayr\u0131m\u0131 yapmadan karde\u015f\u00e7e bu topraklarda ya\u015fayal\u0131m. Biz Suriye i\u00e7in de Irak, M\u0131s\u0131r i\u00e7in de d\u00fcnyan\u0131n neresinde bu t\u00fcr olaylar varsa \u00fcz\u00fcc\u00fc olaylar; biz huzur i\u00e7in ve \u00f6lenlerin ruhu i\u00e7in dua etmekteyiz. Bunu bize kimsenin s\u00f6ylemesi gerekmiyor. \u00c7\u00f6z\u00fcm s\u00fcrecinden sonra \u00fclke huzurlu, a\u011flayan annelerimiz yok. \u00d6ld\u00fcr\u00fclm\u00fc\u015f askerlerimiz, vatanda\u015flar\u0131m\u0131z yok. Bu b\u00fcy\u00fck bir kazan\u00e7. Umuyorum ve dua ediyorum ki bu bar\u0131\u015f s\u00fcreci ba\u015far\u0131ya ula\u015f\u0131r. Hepimiz K\u00fcrd\u00fc, T\u00fcrk\u00fc, Hristiyan\u0131, Alevisi t\u00fcm toplumla huzur i\u00e7inde ya\u015far bu \u00fclkede.\u201d<\/p>\n<p style=\"text-align: justify;\"><em><strong>http:\/\/www.haberfx.net\/ermeniler-surp-giragos-ta-cozum-sureci-icin-dua-etti-haber-1084120\/<\/strong><\/em><\/p>\n","protected":false},"excerpt":{"rendered":"<p>D\u0130YARBAKIR &#8211; Diyarbak\u0131r\u2019da bulunan Surp Giragos Ermeni Kilisesi\u2019nde bu y\u0131l \u00fc\u00e7\u00fcnc\u00fcs\u00fc d\u00fczenlenen isim ayininde \u00e7\u00f6z\u00fcm s\u00fcrecinin devam\u0131 i\u00e7in dua edildi. T\u00fcrkiye Ermenileri Patrikhanesi Patrik Vekili Ba\u015fpiskopos Aram Ate\u015fyan, ayinde \u00e7\u00f6z\u00fcm s\u00fcrecinin ba\u015far\u0131ya ula\u015fmas\u0131 i\u00e7in dualar ettiklerini s\u00f6yledi. Ate\u015fyan, \u2019\u00c7\u00f6z\u00fcm s\u00fcrecinden sonra \u00fclke huzurlu. A\u011flayan annelerimiz yok. \u00d6ld\u00fcr\u00fclm\u00fc\u015f askerlerimiz, vatanda\u015flar\u0131m\u0131z yok. Bu b\u00fcy\u00fck bir kazan\u00e7. Umuyorum [&hellip;]<\/p>\n","protected":false},"author":7,"featured_media":0,"comment_status":"open","ping_status":"open","sticky":false,"template":"","format":"standard","meta":{"footnotes":""},"categories":[1],"tags":[],"class_list":["post-25473","post","type-post","status-publish","format-standard","hentry","category-haberler"],"yoast_head":"<!-- This site is optimized with the Yoast SEO plugin v27.4 - https:\/\/yoast.com\/product\/yoast-seo-wordpress\/ -->\n<title>Ermeniler, Surp Giragos\u2019ta \u00c7\u00f6z\u00fcm S\u00fcreci \u0130\u00e7in Dua Etti - Bati Ermenistan Ve Bati Ermenileri Sorunlari Ara\u015ftirmalar Merkezi<\/title>\n<meta name=\"robots\" content=\"index, follow, max-snippet:-1, max-image-preview:large, max-video-preview:-1\" \/>\n<link rel=\"canonical\" href=\"https:\/\/akunq.net\/tr\/?p=25473\" \/>\n<meta property=\"og:locale\" content=\"en_US\" \/>\n<meta property=\"og:type\" content=\"article\" \/>\n<meta property=\"og:title\" content=\"Ermeniler, Surp Giragos\u2019ta \u00c7\u00f6z\u00fcm S\u00fcreci \u0130\u00e7in Dua Etti - Bati Ermenistan Ve Bati Ermenileri Sorunlari Ara\u015ftirmalar Merkezi\" \/>\n<meta property=\"og:description\" content=\"D\u0130YARBAKIR &#8211; Diyarbak\u0131r\u2019da bulunan Surp Giragos Ermeni Kilisesi\u2019nde bu y\u0131l \u00fc\u00e7\u00fcnc\u00fcs\u00fc d\u00fczenlenen isim ayininde \u00e7\u00f6z\u00fcm s\u00fcrecinin devam\u0131 i\u00e7in dua edildi. T\u00fcrkiye Ermenileri Patrikhanesi Patrik Vekili Ba\u015fpiskopos Aram Ate\u015fyan, ayinde \u00e7\u00f6z\u00fcm s\u00fcrecinin ba\u015far\u0131ya ula\u015fmas\u0131 i\u00e7in dualar ettiklerini s\u00f6yledi. Ate\u015fyan, \u2019\u00c7\u00f6z\u00fcm s\u00fcrecinden sonra \u00fclke huzurlu. A\u011flayan annelerimiz yok. \u00d6ld\u00fcr\u00fclm\u00fc\u015f askerlerimiz, vatanda\u015flar\u0131m\u0131z yok. Bu b\u00fcy\u00fck bir kazan\u00e7. Umuyorum [&hellip;]\" \/>\n<meta property=\"og:url\" content=\"https:\/\/akunq.net\/tr\/?p=25473\" \/>\n<meta property=\"og:site_name\" content=\"Bati Ermenistan Ve Bati Ermenileri Sorunlari Ara\u015ftirmalar Merkezi\" \/>\n<meta property=\"article:published_time\" content=\"2013-09-11T11:06:55+00:00\" \/>\n<meta name=\"author\" content=\"admin\" \/>\n<meta name=\"twitter:card\" content=\"summary_large_image\" \/>\n<meta name=\"twitter:label1\" content=\"Written by\" \/>\n\t<meta name=\"twitter:data1\" content=\"admin\" \/>\n\t<meta name=\"twitter:label2\" content=\"Est. reading time\" \/>\n\t<meta name=\"twitter:data2\" content=\"2 minutes\" \/>\n<script type=\"application\/ld+json\" class=\"yoast-schema-graph\">{\"@context\":\"https:\\\/\\\/schema.org\",\"@graph\":[{\"@type\":\"Article\",\"@id\":\"https:\\\/\\\/akunq.net\\\/tr\\\/?p=25473#article\",\"isPartOf\":{\"@id\":\"https:\\\/\\\/akunq.net\\\/tr\\\/?p=25473\"},\"author\":{\"name\":\"admin\",\"@id\":\"https:\\\/\\\/akunq.net\\\/tr\\\/#\\\/schema\\\/person\\\/096f1d38a12cce57fb855b485ed24c9e\"},\"headline\":\"Ermeniler, Surp Giragos\u2019ta \u00c7\u00f6z\u00fcm S\u00fcreci \u0130\u00e7in Dua Etti\",\"datePublished\":\"2013-09-11T11:06:55+00:00\",\"mainEntityOfPage\":{\"@id\":\"https:\\\/\\\/akunq.net\\\/tr\\\/?p=25473\"},\"wordCount\":508,\"commentCount\":0,\"articleSection\":[\"Haberler\"],\"inLanguage\":\"en-US\",\"potentialAction\":[{\"@type\":\"CommentAction\",\"name\":\"Comment\",\"target\":[\"https:\\\/\\\/akunq.net\\\/tr\\\/?p=25473#respond\"]}]},{\"@type\":\"WebPage\",\"@id\":\"https:\\\/\\\/akunq.net\\\/tr\\\/?p=25473\",\"url\":\"https:\\\/\\\/akunq.net\\\/tr\\\/?p=25473\",\"name\":\"Ermeniler, Surp Giragos\u2019ta \u00c7\u00f6z\u00fcm S\u00fcreci \u0130\u00e7in Dua Etti - Bati Ermenistan Ve Bati Ermenileri Sorunlari Ara\u015ftirmalar Merkezi\",\"isPartOf\":{\"@id\":\"https:\\\/\\\/akunq.net\\\/tr\\\/#website\"},\"datePublished\":\"2013-09-11T11:06:55+00:00\",\"author\":{\"@id\":\"https:\\\/\\\/akunq.net\\\/tr\\\/#\\\/schema\\\/person\\\/096f1d38a12cce57fb855b485ed24c9e\"},\"breadcrumb\":{\"@id\":\"https:\\\/\\\/akunq.net\\\/tr\\\/?p=25473#breadcrumb\"},\"inLanguage\":\"en-US\",\"potentialAction\":[{\"@type\":\"ReadAction\",\"target\":[\"https:\\\/\\\/akunq.net\\\/tr\\\/?p=25473\"]}]},{\"@type\":\"BreadcrumbList\",\"@id\":\"https:\\\/\\\/akunq.net\\\/tr\\\/?p=25473#breadcrumb\",\"itemListElement\":[{\"@type\":\"ListItem\",\"position\":1,\"name\":\"Home\",\"item\":\"https:\\\/\\\/akunq.net\\\/tr\"},{\"@type\":\"ListItem\",\"position\":2,\"name\":\"Ermeniler, Surp Giragos\u2019ta \u00c7\u00f6z\u00fcm S\u00fcreci \u0130\u00e7in Dua Etti\"}]},{\"@type\":\"WebSite\",\"@id\":\"https:\\\/\\\/akunq.net\\\/tr\\\/#website\",\"url\":\"https:\\\/\\\/akunq.net\\\/tr\\\/\",\"name\":\"Bati Ermenistan Ve Bati Ermenileri Sorunlari Ara\u015ftirmalar Merkezi\",\"description\":\"\",\"potentialAction\":[{\"@type\":\"SearchAction\",\"target\":{\"@type\":\"EntryPoint\",\"urlTemplate\":\"https:\\\/\\\/akunq.net\\\/tr\\\/?s={search_term_string}\"},\"query-input\":{\"@type\":\"PropertyValueSpecification\",\"valueRequired\":true,\"valueName\":\"search_term_string\"}}],\"inLanguage\":\"en-US\"},{\"@type\":\"Person\",\"@id\":\"https:\\\/\\\/akunq.net\\\/tr\\\/#\\\/schema\\\/person\\\/096f1d38a12cce57fb855b485ed24c9e\",\"name\":\"admin\",\"url\":\"https:\\\/\\\/akunq.net\\\/tr\\\/?author=7\"}]}<\/script>\n<!-- \/ Yoast SEO plugin. -->","yoast_head_json":{"title":"Ermeniler, Surp Giragos\u2019ta \u00c7\u00f6z\u00fcm S\u00fcreci \u0130\u00e7in Dua Etti - Bati Ermenistan Ve Bati Ermenileri Sorunlari Ara\u015ftirmalar Merkezi","robots":{"index":"index","follow":"follow","max-snippet":"max-snippet:-1","max-image-preview":"max-image-preview:large","max-video-preview":"max-video-preview:-1"},"canonical":"https:\/\/akunq.net\/tr\/?p=25473","og_locale":"en_US","og_type":"article","og_title":"Ermeniler, Surp Giragos\u2019ta \u00c7\u00f6z\u00fcm S\u00fcreci \u0130\u00e7in Dua Etti - Bati Ermenistan Ve Bati Ermenileri Sorunlari Ara\u015ftirmalar Merkezi","og_description":"D\u0130YARBAKIR &#8211; Diyarbak\u0131r\u2019da bulunan Surp Giragos Ermeni Kilisesi\u2019nde bu y\u0131l \u00fc\u00e7\u00fcnc\u00fcs\u00fc d\u00fczenlenen isim ayininde \u00e7\u00f6z\u00fcm s\u00fcrecinin devam\u0131 i\u00e7in dua edildi. T\u00fcrkiye Ermenileri Patrikhanesi Patrik Vekili Ba\u015fpiskopos Aram Ate\u015fyan, ayinde \u00e7\u00f6z\u00fcm s\u00fcrecinin ba\u015far\u0131ya ula\u015fmas\u0131 i\u00e7in dualar ettiklerini s\u00f6yledi. Ate\u015fyan, \u2019\u00c7\u00f6z\u00fcm s\u00fcrecinden sonra \u00fclke huzurlu. A\u011flayan annelerimiz yok. \u00d6ld\u00fcr\u00fclm\u00fc\u015f askerlerimiz, vatanda\u015flar\u0131m\u0131z yok. Bu b\u00fcy\u00fck bir kazan\u00e7. Umuyorum [&hellip;]","og_url":"https:\/\/akunq.net\/tr\/?p=25473","og_site_name":"Bati Ermenistan Ve Bati Ermenileri Sorunlari Ara\u015ftirmalar Merkezi","article_published_time":"2013-09-11T11:06:55+00:00","author":"admin","twitter_card":"summary_large_image","twitter_misc":{"Written by":"admin","Est. reading time":"2 minutes"},"schema":{"@context":"https:\/\/schema.org","@graph":[{"@type":"Article","@id":"https:\/\/akunq.net\/tr\/?p=25473#article","isPartOf":{"@id":"https:\/\/akunq.net\/tr\/?p=25473"},"author":{"name":"admin","@id":"https:\/\/akunq.net\/tr\/#\/schema\/person\/096f1d38a12cce57fb855b485ed24c9e"},"headline":"Ermeniler, Surp Giragos\u2019ta \u00c7\u00f6z\u00fcm S\u00fcreci \u0130\u00e7in Dua Etti","datePublished":"2013-09-11T11:06:55+00:00","mainEntityOfPage":{"@id":"https:\/\/akunq.net\/tr\/?p=25473"},"wordCount":508,"commentCount":0,"articleSection":["Haberler"],"inLanguage":"en-US","potentialAction":[{"@type":"CommentAction","name":"Comment","target":["https:\/\/akunq.net\/tr\/?p=25473#respond"]}]},{"@type":"WebPage","@id":"https:\/\/akunq.net\/tr\/?p=25473","url":"https:\/\/akunq.net\/tr\/?p=25473","name":"Ermeniler, Surp Giragos\u2019ta \u00c7\u00f6z\u00fcm S\u00fcreci \u0130\u00e7in Dua Etti - Bati Ermenistan Ve Bati Ermenileri Sorunlari Ara\u015ftirmalar Merkezi","isPartOf":{"@id":"https:\/\/akunq.net\/tr\/#website"},"datePublished":"2013-09-11T11:06:55+00:00","author":{"@id":"https:\/\/akunq.net\/tr\/#\/schema\/person\/096f1d38a12cce57fb855b485ed24c9e"},"breadcrumb":{"@id":"https:\/\/akunq.net\/tr\/?p=25473#breadcrumb"},"inLanguage":"en-US","potentialAction":[{"@type":"ReadAction","target":["https:\/\/akunq.net\/tr\/?p=25473"]}]},{"@type":"BreadcrumbList","@id":"https:\/\/akunq.net\/tr\/?p=25473#breadcrumb","itemListElement":[{"@type":"ListItem","position":1,"name":"Home","item":"https:\/\/akunq.net\/tr"},{"@type":"ListItem","position":2,"name":"Ermeniler, Surp Giragos\u2019ta \u00c7\u00f6z\u00fcm S\u00fcreci \u0130\u00e7in Dua Etti"}]},{"@type":"WebSite","@id":"https:\/\/akunq.net\/tr\/#website","url":"https:\/\/akunq.net\/tr\/","name":"Bati Ermenistan Ve Bati Ermenileri Sorunlari Ara\u015ftirmalar Merkezi","description":"","potentialAction":[{"@type":"SearchAction","target":{"@type":"EntryPoint","urlTemplate":"https:\/\/akunq.net\/tr\/?s={search_term_string}"},"query-input":{"@type":"PropertyValueSpecification","valueRequired":true,"valueName":"search_term_string"}}],"inLanguage":"en-US"},{"@type":"Person","@id":"https:\/\/akunq.net\/tr\/#\/schema\/person\/096f1d38a12cce57fb855b485ed24c9e","name":"admin","url":"https:\/\/akunq.net\/tr\/?author=7"}]}},"_links":{"self":[{"href":"https:\/\/akunq.net\/tr\/index.php?rest_route=\/wp\/v2\/posts\/25473","targetHints":{"allow":["GET"]}}],"collection":[{"href":"https:\/\/akunq.net\/tr\/index.php?rest_route=\/wp\/v2\/posts"}],"about":[{"href":"https:\/\/akunq.net\/tr\/index.php?rest_route=\/wp\/v2\/types\/post"}],"author":[{"embeddable":true,"href":"https:\/\/akunq.net\/tr\/index.php?rest_route=\/wp\/v2\/users\/7"}],"replies":[{"embeddable":true,"href":"https:\/\/akunq.net\/tr\/index.php?rest_route=%2Fwp%2Fv2%2Fcomments&post=25473"}],"version-history":[{"count":1,"href":"https:\/\/akunq.net\/tr\/index.php?rest_route=\/wp\/v2\/posts\/25473\/revisions"}],"predecessor-version":[{"id":25475,"href":"https:\/\/akunq.net\/tr\/index.php?rest_route=\/wp\/v2\/posts\/25473\/revisions\/25475"}],"wp:attachment":[{"href":"https:\/\/akunq.net\/tr\/index.php?rest_route=%2Fwp%2Fv2%2Fmedia&parent=25473"}],"wp:term":[{"taxonomy":"category","embeddable":true,"href":"https:\/\/akunq.net\/tr\/index.php?rest_route=%2Fwp%2Fv2%2Fcategories&post=25473"},{"taxonomy":"post_tag","embeddable":true,"href":"https:\/\/akunq.net\/tr\/index.php?rest_route=%2Fwp%2Fv2%2Ftags&post=25473"}],"curies":[{"name":"wp","href":"https:\/\/api.w.org\/{rel}","templated":true}]}}