{"id":25462,"date":"2013-09-11T01:48:31","date_gmt":"2013-09-11T06:48:31","guid":{"rendered":"http:\/\/akunq.net\/tr\/?p=25462"},"modified":"2013-09-11T01:48:31","modified_gmt":"2013-09-11T06:48:31","slug":"diyarbakir-sp-giragos-kilisesinde-buyuk-ayin-icra-edildi","status":"publish","type":"post","link":"https:\/\/akunq.net\/tr\/?p=25462","title":{"rendered":"Diyarbak\u0131r Sp. Giragos Kilisesinde b\u00fcy\u00fck ayin icra edildi"},"content":{"rendered":"<p style=\"text-align: justify;\"><b><i><a href=\"http:\/\/akunq.net\/tr\/wp-content\/uploads\/2013\/09\/\u0534\u056b\u0561\u0580\u0562\u0565\u0584\u056b\u0580\u056b-\u054d\u0578\u0582\u0580\u0562-\u053f\u056b\u0580\u0561\u056f\u0578\u057d1.jpg\"><img loading=\"lazy\" decoding=\"async\" class=\"alignright size-medium wp-image-25463\" alt=\"\u0534\u056b\u0561\u0580\u0562\u0565\u0584\u056b\u0580\u056b \u054d\u0578\u0582\u0580\u0562 \u053f\u056b\u0580\u0561\u056f\u0578\u057d\" src=\"http:\/\/akunq.net\/tr\/wp-content\/uploads\/2013\/09\/\u0534\u056b\u0561\u0580\u0562\u0565\u0584\u056b\u0580\u056b-\u054d\u0578\u0582\u0580\u0562-\u053f\u056b\u0580\u0561\u056f\u0578\u057d1-300x225.jpg\" width=\"300\" height=\"225\" srcset=\"https:\/\/akunq.net\/tr\/wp-content\/uploads\/sites\/6\/2013\/09\/\u0534\u056b\u0561\u0580\u0562\u0565\u0584\u056b\u0580\u056b-\u054d\u0578\u0582\u0580\u0562-\u053f\u056b\u0580\u0561\u056f\u0578\u057d1-300x225.jpg 300w, https:\/\/akunq.net\/tr\/wp-content\/uploads\/sites\/6\/2013\/09\/\u0534\u056b\u0561\u0580\u0562\u0565\u0584\u056b\u0580\u056b-\u054d\u0578\u0582\u0580\u0562-\u053f\u056b\u0580\u0561\u056f\u0578\u057d1.jpg 313w\" sizes=\"auto, (max-width: 300px) 100vw, 300px\" \/><\/a>D\u00fcyarbak\u0131r Sp. Giragos Ermeni Kilisesinin restorasyonu sonras\u0131nda\u00a0 T\u00fcrkiye Ermenileri Patrik Gn. Vekili Ba\u015fepiskopos Aram Ate\u015fyan riyasetinde 3. b\u00fcy\u00fck ayin ger\u00e7ekle\u015ftirildi.<\/i><\/b><\/p>\n<p style=\"text-align: justify;\">Diyarbak\u0131r\u2019dan <a href=\"http:\/\/news.am\/\">NEWS.am<\/a> muhabirinin verdi\u011fi bilgiye g\u00f6re; Diyarbak\u0131r\u2019daki ayine aralar\u0131nda Ermenistan\u2019dan da yakla\u015f\u0131k 50 hac\u0131 olmak \u00fczere d\u00fcnyan\u0131n farkl\u0131 \u00fclkelerinden b\u00fcy\u00fck say\u0131da Ermeni kat\u0131ld\u0131.<\/p>\n<p style=\"text-align: justify;\">Ayine Diyarbak\u0131r Belediye ba\u015fkan\u0131, Sur Belediye ba\u015fkan\u0131, ABD Adana II. Konsolosu, siyaset adamlar\u0131 ve ayd\u0131nlar kat\u0131ld\u0131lar.<\/p>\n<p style=\"text-align: justify;\">Ba\u015fepiskopos Aram Ate\u015fyan konu\u015fmas\u0131nda ayinde \u0130stanbul Ermenileri d\u0131\u015f\u0131nda Diyarbak\u0131r ilinde ya\u015fayan Ermeni k\u00f6kenlilerin de kat\u0131lmas\u0131n\u0131n mutluluk verici oldu\u011funu ifade etti.<\/p>\n<p style=\"text-align: justify;\">Ba\u015fepiskopos Ate\u015fyan Suriye\u2019de, M\u0131s\u0131r\u2019da meydana gelen olaylar\u0131n \u00fcz\u00fcnt\u00fc verici oldu\u011funu ve bu \u00fclkelerde bar\u0131\u015f i\u00e7in dua ettiklerini ifade etti.<\/p>\n<p style=\"text-align: justify;\">Diyarbak\u0131r Sp. Giragos Kilisesi 1376 tarihinde in\u015fa edilmi\u015f olup, Han\u00e7epek Mahallesi\u2019nde bulunmakta. Ermeni Soyk\u0131r\u0131m\u0131 y\u0131llar\u0131na dek buradaki yo\u011fun H\u0131ristiyan n\u00fcfus sebebiyle \u2033G\u00e2vur Mahallesi\u2033 olarak adland\u0131r\u0131lmaktayd\u0131.<\/p>\n<p style=\"text-align: justify;\">1913 y\u0131l\u0131nda y\u0131ld\u0131r\u0131m d\u00fc\u015fmesi sonucu \u00e7an kulesi hasar g\u00f6r\u00fcrken, alt\u0131n ve bak\u0131r ala\u015f\u0131ml\u0131 \u00e7an\u0131yla \u00e7an kulesi yerli Ermeniler taraf\u0131ndan onar\u0131ld\u0131. Ancak 1915 y\u0131l\u0131nda y\u0131ld\u0131r\u0131m yerine bu kez, etraftaki cami minarelerinden daha y\u00fcksek olmas\u0131n\u0131 da g\u00f6zeten T\u00fcrkler \u00e7an kulesini top at\u0131\u015f\u0131na tuttular.<\/p>\n<p style=\"text-align: justify;\">1980\u2019li y\u0131llarda kaderine terk edilen kilise, \u0130stanbul\u2019da ya\u015fayan Diyarbak\u0131rl\u0131 Ermenilerce kurulan\u00a0 \u00abSurp Giragos Kilisesi Vakf\u0131\u00bbnca toplanan ba\u011f\u0131\u015flarla yeniden onar\u0131ld\u0131. 2.5 milyon dolar tutar\u0131ndaki onar\u0131m masraflar\u0131n\u0131n % 70\u2019ni Ermeni vakf\u0131, % 30\u2019nu ise Diyarbak\u0131r Belediyesi kar\u015f\u0131lad\u0131.<\/p>\n<p style=\"text-align: justify;\"><b><i>http:\/\/news.am\/tur\/news\/170638.html<\/i><\/b><\/p>\n","protected":false},"excerpt":{"rendered":"<p>D\u00fcyarbak\u0131r Sp. Giragos Ermeni Kilisesinin restorasyonu sonras\u0131nda\u00a0 T\u00fcrkiye Ermenileri Patrik Gn. Vekili Ba\u015fepiskopos Aram Ate\u015fyan riyasetinde 3. b\u00fcy\u00fck ayin ger\u00e7ekle\u015ftirildi. Diyarbak\u0131r\u2019dan NEWS.am muhabirinin verdi\u011fi bilgiye g\u00f6re; Diyarbak\u0131r\u2019daki ayine aralar\u0131nda Ermenistan\u2019dan da yakla\u015f\u0131k 50 hac\u0131 olmak \u00fczere d\u00fcnyan\u0131n farkl\u0131 \u00fclkelerinden b\u00fcy\u00fck say\u0131da Ermeni kat\u0131ld\u0131. Ayine Diyarbak\u0131r Belediye ba\u015fkan\u0131, Sur Belediye ba\u015fkan\u0131, ABD Adana II. Konsolosu, siyaset [&hellip;]<\/p>\n","protected":false},"author":7,"featured_media":0,"comment_status":"open","ping_status":"open","sticky":false,"template":"","format":"standard","meta":{"footnotes":""},"categories":[1],"tags":[],"class_list":["post-25462","post","type-post","status-publish","format-standard","hentry","category-haberler"],"yoast_head":"<!-- This site is optimized with the Yoast SEO plugin v27.4 - https:\/\/yoast.com\/product\/yoast-seo-wordpress\/ -->\n<title>Diyarbak\u0131r Sp. Giragos Kilisesinde b\u00fcy\u00fck ayin icra edildi - Bati Ermenistan Ve Bati Ermenileri Sorunlari Ara\u015ftirmalar Merkezi<\/title>\n<meta name=\"robots\" content=\"index, follow, max-snippet:-1, max-image-preview:large, max-video-preview:-1\" \/>\n<link rel=\"canonical\" href=\"https:\/\/akunq.net\/tr\/?p=25462\" \/>\n<meta property=\"og:locale\" content=\"en_US\" \/>\n<meta property=\"og:type\" content=\"article\" \/>\n<meta property=\"og:title\" content=\"Diyarbak\u0131r Sp. Giragos Kilisesinde b\u00fcy\u00fck ayin icra edildi - Bati Ermenistan Ve Bati Ermenileri Sorunlari Ara\u015ftirmalar Merkezi\" \/>\n<meta property=\"og:description\" content=\"D\u00fcyarbak\u0131r Sp. Giragos Ermeni Kilisesinin restorasyonu sonras\u0131nda\u00a0 T\u00fcrkiye Ermenileri Patrik Gn. Vekili Ba\u015fepiskopos Aram Ate\u015fyan riyasetinde 3. b\u00fcy\u00fck ayin ger\u00e7ekle\u015ftirildi. Diyarbak\u0131r\u2019dan NEWS.am muhabirinin verdi\u011fi bilgiye g\u00f6re; Diyarbak\u0131r\u2019daki ayine aralar\u0131nda Ermenistan\u2019dan da yakla\u015f\u0131k 50 hac\u0131 olmak \u00fczere d\u00fcnyan\u0131n farkl\u0131 \u00fclkelerinden b\u00fcy\u00fck say\u0131da Ermeni kat\u0131ld\u0131. Ayine Diyarbak\u0131r Belediye ba\u015fkan\u0131, Sur Belediye ba\u015fkan\u0131, ABD Adana II. Konsolosu, siyaset [&hellip;]\" \/>\n<meta property=\"og:url\" content=\"https:\/\/akunq.net\/tr\/?p=25462\" \/>\n<meta property=\"og:site_name\" content=\"Bati Ermenistan Ve Bati Ermenileri Sorunlari Ara\u015ftirmalar Merkezi\" \/>\n<meta property=\"article:published_time\" content=\"2013-09-11T06:48:31+00:00\" \/>\n<meta name=\"author\" content=\"admin\" \/>\n<meta name=\"twitter:card\" content=\"summary_large_image\" \/>\n<meta name=\"twitter:label1\" content=\"Written by\" \/>\n\t<meta name=\"twitter:data1\" content=\"admin\" \/>\n\t<meta name=\"twitter:label2\" content=\"Est. reading time\" \/>\n\t<meta name=\"twitter:data2\" content=\"2 minutes\" \/>\n<script type=\"application\/ld+json\" class=\"yoast-schema-graph\">{\"@context\":\"https:\\\/\\\/schema.org\",\"@graph\":[{\"@type\":\"Article\",\"@id\":\"https:\\\/\\\/akunq.net\\\/tr\\\/?p=25462#article\",\"isPartOf\":{\"@id\":\"https:\\\/\\\/akunq.net\\\/tr\\\/?p=25462\"},\"author\":{\"name\":\"admin\",\"@id\":\"https:\\\/\\\/akunq.net\\\/tr\\\/#\\\/schema\\\/person\\\/096f1d38a12cce57fb855b485ed24c9e\"},\"headline\":\"Diyarbak\u0131r Sp. Giragos Kilisesinde b\u00fcy\u00fck ayin icra edildi\",\"datePublished\":\"2013-09-11T06:48:31+00:00\",\"mainEntityOfPage\":{\"@id\":\"https:\\\/\\\/akunq.net\\\/tr\\\/?p=25462\"},\"wordCount\":313,\"commentCount\":0,\"articleSection\":[\"Haberler\"],\"inLanguage\":\"en-US\",\"potentialAction\":[{\"@type\":\"CommentAction\",\"name\":\"Comment\",\"target\":[\"https:\\\/\\\/akunq.net\\\/tr\\\/?p=25462#respond\"]}]},{\"@type\":\"WebPage\",\"@id\":\"https:\\\/\\\/akunq.net\\\/tr\\\/?p=25462\",\"url\":\"https:\\\/\\\/akunq.net\\\/tr\\\/?p=25462\",\"name\":\"Diyarbak\u0131r Sp. Giragos Kilisesinde b\u00fcy\u00fck ayin icra edildi - Bati Ermenistan Ve Bati Ermenileri Sorunlari Ara\u015ftirmalar Merkezi\",\"isPartOf\":{\"@id\":\"https:\\\/\\\/akunq.net\\\/tr\\\/#website\"},\"datePublished\":\"2013-09-11T06:48:31+00:00\",\"author\":{\"@id\":\"https:\\\/\\\/akunq.net\\\/tr\\\/#\\\/schema\\\/person\\\/096f1d38a12cce57fb855b485ed24c9e\"},\"breadcrumb\":{\"@id\":\"https:\\\/\\\/akunq.net\\\/tr\\\/?p=25462#breadcrumb\"},\"inLanguage\":\"en-US\",\"potentialAction\":[{\"@type\":\"ReadAction\",\"target\":[\"https:\\\/\\\/akunq.net\\\/tr\\\/?p=25462\"]}]},{\"@type\":\"BreadcrumbList\",\"@id\":\"https:\\\/\\\/akunq.net\\\/tr\\\/?p=25462#breadcrumb\",\"itemListElement\":[{\"@type\":\"ListItem\",\"position\":1,\"name\":\"Home\",\"item\":\"https:\\\/\\\/akunq.net\\\/tr\"},{\"@type\":\"ListItem\",\"position\":2,\"name\":\"Diyarbak\u0131r Sp. Giragos Kilisesinde b\u00fcy\u00fck ayin icra edildi\"}]},{\"@type\":\"WebSite\",\"@id\":\"https:\\\/\\\/akunq.net\\\/tr\\\/#website\",\"url\":\"https:\\\/\\\/akunq.net\\\/tr\\\/\",\"name\":\"Bati Ermenistan Ve Bati Ermenileri Sorunlari Ara\u015ftirmalar Merkezi\",\"description\":\"\",\"potentialAction\":[{\"@type\":\"SearchAction\",\"target\":{\"@type\":\"EntryPoint\",\"urlTemplate\":\"https:\\\/\\\/akunq.net\\\/tr\\\/?s={search_term_string}\"},\"query-input\":{\"@type\":\"PropertyValueSpecification\",\"valueRequired\":true,\"valueName\":\"search_term_string\"}}],\"inLanguage\":\"en-US\"},{\"@type\":\"Person\",\"@id\":\"https:\\\/\\\/akunq.net\\\/tr\\\/#\\\/schema\\\/person\\\/096f1d38a12cce57fb855b485ed24c9e\",\"name\":\"admin\",\"url\":\"https:\\\/\\\/akunq.net\\\/tr\\\/?author=7\"}]}<\/script>\n<!-- \/ Yoast SEO plugin. -->","yoast_head_json":{"title":"Diyarbak\u0131r Sp. Giragos Kilisesinde b\u00fcy\u00fck ayin icra edildi - Bati Ermenistan Ve Bati Ermenileri Sorunlari Ara\u015ftirmalar Merkezi","robots":{"index":"index","follow":"follow","max-snippet":"max-snippet:-1","max-image-preview":"max-image-preview:large","max-video-preview":"max-video-preview:-1"},"canonical":"https:\/\/akunq.net\/tr\/?p=25462","og_locale":"en_US","og_type":"article","og_title":"Diyarbak\u0131r Sp. Giragos Kilisesinde b\u00fcy\u00fck ayin icra edildi - Bati Ermenistan Ve Bati Ermenileri Sorunlari Ara\u015ftirmalar Merkezi","og_description":"D\u00fcyarbak\u0131r Sp. Giragos Ermeni Kilisesinin restorasyonu sonras\u0131nda\u00a0 T\u00fcrkiye Ermenileri Patrik Gn. Vekili Ba\u015fepiskopos Aram Ate\u015fyan riyasetinde 3. b\u00fcy\u00fck ayin ger\u00e7ekle\u015ftirildi. Diyarbak\u0131r\u2019dan NEWS.am muhabirinin verdi\u011fi bilgiye g\u00f6re; Diyarbak\u0131r\u2019daki ayine aralar\u0131nda Ermenistan\u2019dan da yakla\u015f\u0131k 50 hac\u0131 olmak \u00fczere d\u00fcnyan\u0131n farkl\u0131 \u00fclkelerinden b\u00fcy\u00fck say\u0131da Ermeni kat\u0131ld\u0131. Ayine Diyarbak\u0131r Belediye ba\u015fkan\u0131, Sur Belediye ba\u015fkan\u0131, ABD Adana II. Konsolosu, siyaset [&hellip;]","og_url":"https:\/\/akunq.net\/tr\/?p=25462","og_site_name":"Bati Ermenistan Ve Bati Ermenileri Sorunlari Ara\u015ftirmalar Merkezi","article_published_time":"2013-09-11T06:48:31+00:00","author":"admin","twitter_card":"summary_large_image","twitter_misc":{"Written by":"admin","Est. reading time":"2 minutes"},"schema":{"@context":"https:\/\/schema.org","@graph":[{"@type":"Article","@id":"https:\/\/akunq.net\/tr\/?p=25462#article","isPartOf":{"@id":"https:\/\/akunq.net\/tr\/?p=25462"},"author":{"name":"admin","@id":"https:\/\/akunq.net\/tr\/#\/schema\/person\/096f1d38a12cce57fb855b485ed24c9e"},"headline":"Diyarbak\u0131r Sp. Giragos Kilisesinde b\u00fcy\u00fck ayin icra edildi","datePublished":"2013-09-11T06:48:31+00:00","mainEntityOfPage":{"@id":"https:\/\/akunq.net\/tr\/?p=25462"},"wordCount":313,"commentCount":0,"articleSection":["Haberler"],"inLanguage":"en-US","potentialAction":[{"@type":"CommentAction","name":"Comment","target":["https:\/\/akunq.net\/tr\/?p=25462#respond"]}]},{"@type":"WebPage","@id":"https:\/\/akunq.net\/tr\/?p=25462","url":"https:\/\/akunq.net\/tr\/?p=25462","name":"Diyarbak\u0131r Sp. Giragos Kilisesinde b\u00fcy\u00fck ayin icra edildi - Bati Ermenistan Ve Bati Ermenileri Sorunlari Ara\u015ftirmalar Merkezi","isPartOf":{"@id":"https:\/\/akunq.net\/tr\/#website"},"datePublished":"2013-09-11T06:48:31+00:00","author":{"@id":"https:\/\/akunq.net\/tr\/#\/schema\/person\/096f1d38a12cce57fb855b485ed24c9e"},"breadcrumb":{"@id":"https:\/\/akunq.net\/tr\/?p=25462#breadcrumb"},"inLanguage":"en-US","potentialAction":[{"@type":"ReadAction","target":["https:\/\/akunq.net\/tr\/?p=25462"]}]},{"@type":"BreadcrumbList","@id":"https:\/\/akunq.net\/tr\/?p=25462#breadcrumb","itemListElement":[{"@type":"ListItem","position":1,"name":"Home","item":"https:\/\/akunq.net\/tr"},{"@type":"ListItem","position":2,"name":"Diyarbak\u0131r Sp. Giragos Kilisesinde b\u00fcy\u00fck ayin icra edildi"}]},{"@type":"WebSite","@id":"https:\/\/akunq.net\/tr\/#website","url":"https:\/\/akunq.net\/tr\/","name":"Bati Ermenistan Ve Bati Ermenileri Sorunlari Ara\u015ftirmalar Merkezi","description":"","potentialAction":[{"@type":"SearchAction","target":{"@type":"EntryPoint","urlTemplate":"https:\/\/akunq.net\/tr\/?s={search_term_string}"},"query-input":{"@type":"PropertyValueSpecification","valueRequired":true,"valueName":"search_term_string"}}],"inLanguage":"en-US"},{"@type":"Person","@id":"https:\/\/akunq.net\/tr\/#\/schema\/person\/096f1d38a12cce57fb855b485ed24c9e","name":"admin","url":"https:\/\/akunq.net\/tr\/?author=7"}]}},"_links":{"self":[{"href":"https:\/\/akunq.net\/tr\/index.php?rest_route=\/wp\/v2\/posts\/25462","targetHints":{"allow":["GET"]}}],"collection":[{"href":"https:\/\/akunq.net\/tr\/index.php?rest_route=\/wp\/v2\/posts"}],"about":[{"href":"https:\/\/akunq.net\/tr\/index.php?rest_route=\/wp\/v2\/types\/post"}],"author":[{"embeddable":true,"href":"https:\/\/akunq.net\/tr\/index.php?rest_route=\/wp\/v2\/users\/7"}],"replies":[{"embeddable":true,"href":"https:\/\/akunq.net\/tr\/index.php?rest_route=%2Fwp%2Fv2%2Fcomments&post=25462"}],"version-history":[{"count":1,"href":"https:\/\/akunq.net\/tr\/index.php?rest_route=\/wp\/v2\/posts\/25462\/revisions"}],"predecessor-version":[{"id":25464,"href":"https:\/\/akunq.net\/tr\/index.php?rest_route=\/wp\/v2\/posts\/25462\/revisions\/25464"}],"wp:attachment":[{"href":"https:\/\/akunq.net\/tr\/index.php?rest_route=%2Fwp%2Fv2%2Fmedia&parent=25462"}],"wp:term":[{"taxonomy":"category","embeddable":true,"href":"https:\/\/akunq.net\/tr\/index.php?rest_route=%2Fwp%2Fv2%2Fcategories&post=25462"},{"taxonomy":"post_tag","embeddable":true,"href":"https:\/\/akunq.net\/tr\/index.php?rest_route=%2Fwp%2Fv2%2Ftags&post=25462"}],"curies":[{"name":"wp","href":"https:\/\/api.w.org\/{rel}","templated":true}]}}