{"id":25437,"date":"2013-09-10T02:09:00","date_gmt":"2013-09-10T07:09:00","guid":{"rendered":"http:\/\/akunq.net\/tr\/?p=25437"},"modified":"2013-09-10T02:09:00","modified_gmt":"2013-09-10T07:09:00","slug":"hataydaki-gosterilerde-bir-kisi-hayatini-kaybetti","status":"publish","type":"post","link":"https:\/\/akunq.net\/tr\/?p=25437","title":{"rendered":"Hatay&#8217;daki g\u00f6sterilerde bir ki\u015fi hayat\u0131n\u0131 kaybetti"},"content":{"rendered":"<p style=\"text-align: justify;\"><b><i><a href=\"http:\/\/akunq.net\/tr\/wp-content\/uploads\/2013\/09\/\u0539\u0578\u0582\u0580\u0584\u056b\u0561\u0575\u0578\u0582\u0574-\u0570\u0561\u056f\u0561\u056f\u0561\u057c\u0561\u057e\u0561\u0580\u0561\u056f\u0561\u0576-\u0581\u0578\u0582\u0575\u0581.jpg\"><img loading=\"lazy\" decoding=\"async\" class=\"alignright size-medium wp-image-25438\" alt=\"\u0539\u0578\u0582\u0580\u0584\u056b\u0561\u0575\u0578\u0582\u0574 \u0570\u0561\u056f\u0561\u056f\u0561\u057c\u0561\u057e\u0561\u0580\u0561\u056f\u0561\u0576 \u0581\u0578\u0582\u0575\u0581\" src=\"http:\/\/akunq.net\/tr\/wp-content\/uploads\/2013\/09\/\u0539\u0578\u0582\u0580\u0584\u056b\u0561\u0575\u0578\u0582\u0574-\u0570\u0561\u056f\u0561\u056f\u0561\u057c\u0561\u057e\u0561\u0580\u0561\u056f\u0561\u0576-\u0581\u0578\u0582\u0575\u0581-300x206.jpg\" width=\"300\" height=\"206\" srcset=\"https:\/\/akunq.net\/tr\/wp-content\/uploads\/sites\/6\/2013\/09\/\u0539\u0578\u0582\u0580\u0584\u056b\u0561\u0575\u0578\u0582\u0574-\u0570\u0561\u056f\u0561\u056f\u0561\u057c\u0561\u057e\u0561\u0580\u0561\u056f\u0561\u0576-\u0581\u0578\u0582\u0575\u0581-300x206.jpg 300w, https:\/\/akunq.net\/tr\/wp-content\/uploads\/sites\/6\/2013\/09\/\u0539\u0578\u0582\u0580\u0584\u056b\u0561\u0575\u0578\u0582\u0574-\u0570\u0561\u056f\u0561\u056f\u0561\u057c\u0561\u057e\u0561\u0580\u0561\u056f\u0561\u0576-\u0581\u0578\u0582\u0575\u0581.jpg 307w\" sizes=\"auto, (max-width: 300px) 100vw, 300px\" \/><\/a>ODT\u00dc arazisinden ge\u00e7ecek yolda a\u011fa\u00e7 s\u00f6k\u00fclece\u011fi gerek\u00e7esi ve &#8216;sava\u015fa hay\u0131r&#8217; y\u00fcr\u00fcy\u00fc\u015f\u00fc nedeniyle eylem yapan grupta bulunan 1 ki\u015fi olaylar s\u0131ras\u0131nda hayat\u0131n\u0131 kaybetti.<\/i><\/b><\/p>\n<p style=\"text-align: justify;\">\u00a0Hatay&#8217;da ODT\u00dc&#8217;de yap\u0131lmak istenilen yolu protesto i\u00e7in eylem yapan grupta bulunan 1 ki\u015fi olaylar s\u0131ras\u0131nda hayat\u0131n\u0131 kaybetti. Armutlu Mahallesi&#8217;ndeki g\u00f6steriler s\u0131ras\u0131nda a\u011f\u0131r yaralanan <b>Ahmet Atakan <\/b>(22) hen\u00fcz bilinmeyen nedenle hayat\u0131n\u0131 kaybetti.<\/p>\n<p style=\"text-align: justify;\">A\u011f\u0131r yaral\u0131 olarak Akdeniz Hastanesi&#8217;ne kald\u0131r\u0131lan, oradan Antakya Devlet Hastanesi&#8217;ne sevk edilen Atakan&#8217;\u0131n kalbinin durdu\u011fu ve burada yap\u0131lan m\u00fcdahaleyle yeniden hayata d\u00f6nd\u00fcr\u00fcld\u00fc\u011f\u00fc \u00f6\u011frenildi. Yeniden kalbi duran Atakan&#8217;\u0131n hayat\u0131n\u0131 kaybetti\u011fi bildirildi.<\/p>\n<p style=\"text-align: justify;\"><b>&#8216;Kafas\u0131na darbe ald\u0131&#8217;<\/b><\/p>\n<p style=\"text-align: justify;\">Olay\u0131n ard\u0131ndan Antakya Devlet Hastanesi \u00f6n\u00fcnde toplanan Atakan&#8217;\u0131n yak\u0131nlar\u0131 sinir krizi ge\u00e7irdi. Hastane \u00f6n\u00fcnde toplanan vatanda\u015flar, polise tepki g\u00f6sterdi. Gruptakilerden baz\u0131lar\u0131n\u0131n polise \u015fi\u015fe atmas\u0131n\u0131n ard\u0131ndan biber gaz\u0131yla m\u00fcdahale edildi.<\/p>\n<p style=\"text-align: justify;\">M\u00fcdahaleden sonra grup, yeniden toplanarak ara\u00e7larla Armutlu Mahallesi&#8217;ne ge\u00e7ti. Grup, Armutlu Mahallesi&#8217;nde eylemini sabaha dek s\u00fcrd\u00fcrd\u00fc.<\/p>\n<p style=\"text-align: justify;\">Bu arada, Antakya Devlet Hastanesi&#8217;ne gelen CHP Hatay Milletvekili <b>Hasan Akg\u00f6l<\/b>, burada gazeteciler yapt\u0131\u011f\u0131 a\u00e7\u0131klamada, Atakan&#8217;\u0131n kafas\u0131ndan darbe ald\u0131\u011f\u0131n\u0131 g\u00f6rd\u00fc\u011f\u00fcn\u00fc, kesin \u00f6l\u00fcm nedeniyle ilgili adli raporun ard\u0131ndan a\u00e7\u0131klama yapacaklar\u0131n\u0131 kaydetti.<\/p>\n<p style=\"text-align: justify;\"><b>&#8216;Ahmet \u00e7at\u0131dan filan d\u00fc\u015fmedi, her \u015fey g\u00f6zlerimizin \u00f6n\u00fcnde oldu&#8217;<\/b><\/p>\n<p style=\"text-align: justify;\">Antakya AKA-DER taraf\u0131ndan g\u00f6rg\u00fc tan\u0131klar\u0131n\u0131n aktar\u0131mlar\u0131na yer verilen a\u00e7\u0131klamada cinayetin sorumlusunun Ahmet Atakan&#8217;\u0131n bulundu\u011fu soka\u011fa gaz bombas\u0131 atan Akrep cinsi polis arac\u0131 oldu\u011fu belirtildi. \u00d6tekilerin Postas\u0131 haber portal\u0131nda yer alan Antakya AKA-DER imzal\u0131 a\u00e7\u0131klama \u015f\u00f6yle:<\/p>\n<p style=\"text-align: justify;\">Ahmet \u00e7at\u0131dan filan d\u00fc\u015fmedi, her \u015fey g\u00f6zlerimizin \u00f6n\u00fcnde oldu, akrepler art\u0131k \u00e7ok az kalan kitleyi de da\u011f\u0131tmak i\u00e7in Armutlu i\u00e7ine G\u00fcnd\u00fcz caddesine girdi ve evlerden, damlardan ta\u015flar, su depolar\u0131 ve \u015fi\u015feler \u00fcst\u00fcne ya\u011f\u0131nca h\u0131zlar\u0131n\u0131 alamay\u0131p her yeri gaza bo\u011fdular ara sokaklara ard\u0131 ard\u0131na gaz fi\u015fekleri at\u0131ld\u0131, Ahmet de ka\u00e7maya \u00e7al\u0131\u015f\u0131rken ba\u015f\u0131ndan gaz fi\u015fe\u011fi ile vuruldu, yere d\u00fc\u015ft\u00fc. Akrep ilerlerken, Ahmet&#8217;in yatt\u0131\u011f\u0131 yere \u00fcst \u00fcste gaz ya\u011fd\u0131rd\u0131 insanlar yan\u0131na yard\u0131ma gidemesin diye, Ahmet&#8217;in d\u00f6rt bir yan\u0131ndan gazlar havaya do\u011fru y\u00fckseldi, ambulans\u0131 arad\u0131k ama mahalleye giremeyeceklerini s\u00f6ylediler ve mahalledekiler \u00f6zel bir araba ile Ahmet&#8217;i hastahaneye g\u00f6t\u00fcrd\u00fcler, olay bundan ibarettir, tekelci polis devleti i\u00e7imizden birini daha katletti, burjuva medya polisleri ve bu devleti aklamak i\u00e7in haber uyduruyor.<\/p>\n<p style=\"text-align: justify;\"><b><i><a href=\"http:\/\/t24.com.tr\/haber\/hataydaki-gosterilerde-bir-kisi-hayatini-kaybetti\/239096\">http:\/\/t24.com.tr\/haber\/hataydaki-gosterilerde-bir-kisi-hayatini-kaybetti\/239096<\/a><\/i><\/b><\/p>\n","protected":false},"excerpt":{"rendered":"<p>ODT\u00dc arazisinden ge\u00e7ecek yolda a\u011fa\u00e7 s\u00f6k\u00fclece\u011fi gerek\u00e7esi ve &#8216;sava\u015fa hay\u0131r&#8217; y\u00fcr\u00fcy\u00fc\u015f\u00fc nedeniyle eylem yapan grupta bulunan 1 ki\u015fi olaylar s\u0131ras\u0131nda hayat\u0131n\u0131 kaybetti. \u00a0Hatay&#8217;da ODT\u00dc&#8217;de yap\u0131lmak istenilen yolu protesto i\u00e7in eylem yapan grupta bulunan 1 ki\u015fi olaylar s\u0131ras\u0131nda hayat\u0131n\u0131 kaybetti. Armutlu Mahallesi&#8217;ndeki g\u00f6steriler s\u0131ras\u0131nda a\u011f\u0131r yaralanan Ahmet Atakan (22) hen\u00fcz bilinmeyen nedenle hayat\u0131n\u0131 kaybetti. A\u011f\u0131r yaral\u0131 [&hellip;]<\/p>\n","protected":false},"author":7,"featured_media":0,"comment_status":"open","ping_status":"open","sticky":false,"template":"","format":"standard","meta":{"footnotes":""},"categories":[1],"tags":[],"class_list":["post-25437","post","type-post","status-publish","format-standard","hentry","category-haberler"],"yoast_head":"<!-- This site is optimized with the Yoast SEO plugin v27.4 - https:\/\/yoast.com\/product\/yoast-seo-wordpress\/ -->\n<title>Hatay&#039;daki g\u00f6sterilerde bir ki\u015fi hayat\u0131n\u0131 kaybetti - Bati Ermenistan Ve Bati Ermenileri Sorunlari Ara\u015ftirmalar Merkezi<\/title>\n<meta name=\"robots\" content=\"index, follow, max-snippet:-1, max-image-preview:large, max-video-preview:-1\" \/>\n<link rel=\"canonical\" href=\"https:\/\/akunq.net\/tr\/?p=25437\" \/>\n<meta property=\"og:locale\" content=\"en_US\" \/>\n<meta property=\"og:type\" content=\"article\" \/>\n<meta property=\"og:title\" content=\"Hatay&#039;daki g\u00f6sterilerde bir ki\u015fi hayat\u0131n\u0131 kaybetti - Bati Ermenistan Ve Bati Ermenileri Sorunlari Ara\u015ftirmalar Merkezi\" \/>\n<meta property=\"og:description\" content=\"ODT\u00dc arazisinden ge\u00e7ecek yolda a\u011fa\u00e7 s\u00f6k\u00fclece\u011fi gerek\u00e7esi ve &#8216;sava\u015fa hay\u0131r&#8217; y\u00fcr\u00fcy\u00fc\u015f\u00fc nedeniyle eylem yapan grupta bulunan 1 ki\u015fi olaylar s\u0131ras\u0131nda hayat\u0131n\u0131 kaybetti. \u00a0Hatay&#8217;da ODT\u00dc&#8217;de yap\u0131lmak istenilen yolu protesto i\u00e7in eylem yapan grupta bulunan 1 ki\u015fi olaylar s\u0131ras\u0131nda hayat\u0131n\u0131 kaybetti. Armutlu Mahallesi&#8217;ndeki g\u00f6steriler s\u0131ras\u0131nda a\u011f\u0131r yaralanan Ahmet Atakan (22) hen\u00fcz bilinmeyen nedenle hayat\u0131n\u0131 kaybetti. A\u011f\u0131r yaral\u0131 [&hellip;]\" \/>\n<meta property=\"og:url\" content=\"https:\/\/akunq.net\/tr\/?p=25437\" \/>\n<meta property=\"og:site_name\" content=\"Bati Ermenistan Ve Bati Ermenileri Sorunlari Ara\u015ftirmalar Merkezi\" \/>\n<meta property=\"article:published_time\" content=\"2013-09-10T07:09:00+00:00\" \/>\n<meta name=\"author\" content=\"admin\" \/>\n<meta name=\"twitter:card\" content=\"summary_large_image\" \/>\n<meta name=\"twitter:label1\" content=\"Written by\" \/>\n\t<meta name=\"twitter:data1\" content=\"admin\" \/>\n\t<meta name=\"twitter:label2\" content=\"Est. reading time\" \/>\n\t<meta name=\"twitter:data2\" content=\"2 minutes\" \/>\n<script type=\"application\/ld+json\" class=\"yoast-schema-graph\">{\"@context\":\"https:\\\/\\\/schema.org\",\"@graph\":[{\"@type\":\"Article\",\"@id\":\"https:\\\/\\\/akunq.net\\\/tr\\\/?p=25437#article\",\"isPartOf\":{\"@id\":\"https:\\\/\\\/akunq.net\\\/tr\\\/?p=25437\"},\"author\":{\"name\":\"admin\",\"@id\":\"https:\\\/\\\/akunq.net\\\/tr\\\/#\\\/schema\\\/person\\\/096f1d38a12cce57fb855b485ed24c9e\"},\"headline\":\"Hatay&#8217;daki g\u00f6sterilerde bir ki\u015fi hayat\u0131n\u0131 kaybetti\",\"datePublished\":\"2013-09-10T07:09:00+00:00\",\"mainEntityOfPage\":{\"@id\":\"https:\\\/\\\/akunq.net\\\/tr\\\/?p=25437\"},\"wordCount\":467,\"commentCount\":0,\"articleSection\":[\"Haberler\"],\"inLanguage\":\"en-US\",\"potentialAction\":[{\"@type\":\"CommentAction\",\"name\":\"Comment\",\"target\":[\"https:\\\/\\\/akunq.net\\\/tr\\\/?p=25437#respond\"]}]},{\"@type\":\"WebPage\",\"@id\":\"https:\\\/\\\/akunq.net\\\/tr\\\/?p=25437\",\"url\":\"https:\\\/\\\/akunq.net\\\/tr\\\/?p=25437\",\"name\":\"Hatay'daki g\u00f6sterilerde bir ki\u015fi hayat\u0131n\u0131 kaybetti - Bati Ermenistan Ve Bati Ermenileri Sorunlari Ara\u015ftirmalar Merkezi\",\"isPartOf\":{\"@id\":\"https:\\\/\\\/akunq.net\\\/tr\\\/#website\"},\"datePublished\":\"2013-09-10T07:09:00+00:00\",\"author\":{\"@id\":\"https:\\\/\\\/akunq.net\\\/tr\\\/#\\\/schema\\\/person\\\/096f1d38a12cce57fb855b485ed24c9e\"},\"breadcrumb\":{\"@id\":\"https:\\\/\\\/akunq.net\\\/tr\\\/?p=25437#breadcrumb\"},\"inLanguage\":\"en-US\",\"potentialAction\":[{\"@type\":\"ReadAction\",\"target\":[\"https:\\\/\\\/akunq.net\\\/tr\\\/?p=25437\"]}]},{\"@type\":\"BreadcrumbList\",\"@id\":\"https:\\\/\\\/akunq.net\\\/tr\\\/?p=25437#breadcrumb\",\"itemListElement\":[{\"@type\":\"ListItem\",\"position\":1,\"name\":\"Home\",\"item\":\"https:\\\/\\\/akunq.net\\\/tr\"},{\"@type\":\"ListItem\",\"position\":2,\"name\":\"Hatay&#8217;daki g\u00f6sterilerde bir ki\u015fi hayat\u0131n\u0131 kaybetti\"}]},{\"@type\":\"WebSite\",\"@id\":\"https:\\\/\\\/akunq.net\\\/tr\\\/#website\",\"url\":\"https:\\\/\\\/akunq.net\\\/tr\\\/\",\"name\":\"Bati Ermenistan Ve Bati Ermenileri Sorunlari Ara\u015ftirmalar Merkezi\",\"description\":\"\",\"potentialAction\":[{\"@type\":\"SearchAction\",\"target\":{\"@type\":\"EntryPoint\",\"urlTemplate\":\"https:\\\/\\\/akunq.net\\\/tr\\\/?s={search_term_string}\"},\"query-input\":{\"@type\":\"PropertyValueSpecification\",\"valueRequired\":true,\"valueName\":\"search_term_string\"}}],\"inLanguage\":\"en-US\"},{\"@type\":\"Person\",\"@id\":\"https:\\\/\\\/akunq.net\\\/tr\\\/#\\\/schema\\\/person\\\/096f1d38a12cce57fb855b485ed24c9e\",\"name\":\"admin\",\"url\":\"https:\\\/\\\/akunq.net\\\/tr\\\/?author=7\"}]}<\/script>\n<!-- \/ Yoast SEO plugin. -->","yoast_head_json":{"title":"Hatay'daki g\u00f6sterilerde bir ki\u015fi hayat\u0131n\u0131 kaybetti - Bati Ermenistan Ve Bati Ermenileri Sorunlari Ara\u015ftirmalar Merkezi","robots":{"index":"index","follow":"follow","max-snippet":"max-snippet:-1","max-image-preview":"max-image-preview:large","max-video-preview":"max-video-preview:-1"},"canonical":"https:\/\/akunq.net\/tr\/?p=25437","og_locale":"en_US","og_type":"article","og_title":"Hatay'daki g\u00f6sterilerde bir ki\u015fi hayat\u0131n\u0131 kaybetti - Bati Ermenistan Ve Bati Ermenileri Sorunlari Ara\u015ftirmalar Merkezi","og_description":"ODT\u00dc arazisinden ge\u00e7ecek yolda a\u011fa\u00e7 s\u00f6k\u00fclece\u011fi gerek\u00e7esi ve &#8216;sava\u015fa hay\u0131r&#8217; y\u00fcr\u00fcy\u00fc\u015f\u00fc nedeniyle eylem yapan grupta bulunan 1 ki\u015fi olaylar s\u0131ras\u0131nda hayat\u0131n\u0131 kaybetti. \u00a0Hatay&#8217;da ODT\u00dc&#8217;de yap\u0131lmak istenilen yolu protesto i\u00e7in eylem yapan grupta bulunan 1 ki\u015fi olaylar s\u0131ras\u0131nda hayat\u0131n\u0131 kaybetti. Armutlu Mahallesi&#8217;ndeki g\u00f6steriler s\u0131ras\u0131nda a\u011f\u0131r yaralanan Ahmet Atakan (22) hen\u00fcz bilinmeyen nedenle hayat\u0131n\u0131 kaybetti. A\u011f\u0131r yaral\u0131 [&hellip;]","og_url":"https:\/\/akunq.net\/tr\/?p=25437","og_site_name":"Bati Ermenistan Ve Bati Ermenileri Sorunlari Ara\u015ftirmalar Merkezi","article_published_time":"2013-09-10T07:09:00+00:00","author":"admin","twitter_card":"summary_large_image","twitter_misc":{"Written by":"admin","Est. reading time":"2 minutes"},"schema":{"@context":"https:\/\/schema.org","@graph":[{"@type":"Article","@id":"https:\/\/akunq.net\/tr\/?p=25437#article","isPartOf":{"@id":"https:\/\/akunq.net\/tr\/?p=25437"},"author":{"name":"admin","@id":"https:\/\/akunq.net\/tr\/#\/schema\/person\/096f1d38a12cce57fb855b485ed24c9e"},"headline":"Hatay&#8217;daki g\u00f6sterilerde bir ki\u015fi hayat\u0131n\u0131 kaybetti","datePublished":"2013-09-10T07:09:00+00:00","mainEntityOfPage":{"@id":"https:\/\/akunq.net\/tr\/?p=25437"},"wordCount":467,"commentCount":0,"articleSection":["Haberler"],"inLanguage":"en-US","potentialAction":[{"@type":"CommentAction","name":"Comment","target":["https:\/\/akunq.net\/tr\/?p=25437#respond"]}]},{"@type":"WebPage","@id":"https:\/\/akunq.net\/tr\/?p=25437","url":"https:\/\/akunq.net\/tr\/?p=25437","name":"Hatay'daki g\u00f6sterilerde bir ki\u015fi hayat\u0131n\u0131 kaybetti - Bati Ermenistan Ve Bati Ermenileri Sorunlari Ara\u015ftirmalar Merkezi","isPartOf":{"@id":"https:\/\/akunq.net\/tr\/#website"},"datePublished":"2013-09-10T07:09:00+00:00","author":{"@id":"https:\/\/akunq.net\/tr\/#\/schema\/person\/096f1d38a12cce57fb855b485ed24c9e"},"breadcrumb":{"@id":"https:\/\/akunq.net\/tr\/?p=25437#breadcrumb"},"inLanguage":"en-US","potentialAction":[{"@type":"ReadAction","target":["https:\/\/akunq.net\/tr\/?p=25437"]}]},{"@type":"BreadcrumbList","@id":"https:\/\/akunq.net\/tr\/?p=25437#breadcrumb","itemListElement":[{"@type":"ListItem","position":1,"name":"Home","item":"https:\/\/akunq.net\/tr"},{"@type":"ListItem","position":2,"name":"Hatay&#8217;daki g\u00f6sterilerde bir ki\u015fi hayat\u0131n\u0131 kaybetti"}]},{"@type":"WebSite","@id":"https:\/\/akunq.net\/tr\/#website","url":"https:\/\/akunq.net\/tr\/","name":"Bati Ermenistan Ve Bati Ermenileri Sorunlari Ara\u015ftirmalar Merkezi","description":"","potentialAction":[{"@type":"SearchAction","target":{"@type":"EntryPoint","urlTemplate":"https:\/\/akunq.net\/tr\/?s={search_term_string}"},"query-input":{"@type":"PropertyValueSpecification","valueRequired":true,"valueName":"search_term_string"}}],"inLanguage":"en-US"},{"@type":"Person","@id":"https:\/\/akunq.net\/tr\/#\/schema\/person\/096f1d38a12cce57fb855b485ed24c9e","name":"admin","url":"https:\/\/akunq.net\/tr\/?author=7"}]}},"_links":{"self":[{"href":"https:\/\/akunq.net\/tr\/index.php?rest_route=\/wp\/v2\/posts\/25437","targetHints":{"allow":["GET"]}}],"collection":[{"href":"https:\/\/akunq.net\/tr\/index.php?rest_route=\/wp\/v2\/posts"}],"about":[{"href":"https:\/\/akunq.net\/tr\/index.php?rest_route=\/wp\/v2\/types\/post"}],"author":[{"embeddable":true,"href":"https:\/\/akunq.net\/tr\/index.php?rest_route=\/wp\/v2\/users\/7"}],"replies":[{"embeddable":true,"href":"https:\/\/akunq.net\/tr\/index.php?rest_route=%2Fwp%2Fv2%2Fcomments&post=25437"}],"version-history":[{"count":1,"href":"https:\/\/akunq.net\/tr\/index.php?rest_route=\/wp\/v2\/posts\/25437\/revisions"}],"predecessor-version":[{"id":25439,"href":"https:\/\/akunq.net\/tr\/index.php?rest_route=\/wp\/v2\/posts\/25437\/revisions\/25439"}],"wp:attachment":[{"href":"https:\/\/akunq.net\/tr\/index.php?rest_route=%2Fwp%2Fv2%2Fmedia&parent=25437"}],"wp:term":[{"taxonomy":"category","embeddable":true,"href":"https:\/\/akunq.net\/tr\/index.php?rest_route=%2Fwp%2Fv2%2Fcategories&post=25437"},{"taxonomy":"post_tag","embeddable":true,"href":"https:\/\/akunq.net\/tr\/index.php?rest_route=%2Fwp%2Fv2%2Ftags&post=25437"}],"curies":[{"name":"wp","href":"https:\/\/api.w.org\/{rel}","templated":true}]}}