{"id":25434,"date":"2013-09-10T01:52:06","date_gmt":"2013-09-10T06:52:06","guid":{"rendered":"http:\/\/akunq.net\/tr\/?p=25434"},"modified":"2013-09-10T01:52:06","modified_gmt":"2013-09-10T06:52:06","slug":"ahtamar-sp-hac-dini-ayininden-news-amin-roportaji-fotoroportaj","status":"publish","type":"post","link":"https:\/\/akunq.net\/tr\/?p=25434","title":{"rendered":"Ahtamar Sp. Ha\u00e7 dini ayininden NEWS.am\u2019in r\u00f6portaj\u0131 (Fotor\u00f6portaj)"},"content":{"rendered":"<p style=\"text-align: justify;\"><b><i><a href=\"http:\/\/akunq.net\/tr\/wp-content\/uploads\/2013\/09\/Ahtamar-Sp.-Ha\u00e7-dini-ayini.jpg\"><img loading=\"lazy\" decoding=\"async\" class=\"alignright size-medium wp-image-25435\" alt=\"Ahtamar Sp. Ha\u00e7 dini ayini\" src=\"http:\/\/akunq.net\/tr\/wp-content\/uploads\/2013\/09\/Ahtamar-Sp.-Ha\u00e7-dini-ayini-300x193.jpg\" width=\"300\" height=\"193\" srcset=\"https:\/\/akunq.net\/tr\/wp-content\/uploads\/sites\/6\/2013\/09\/Ahtamar-Sp.-Ha\u00e7-dini-ayini-300x193.jpg 300w, https:\/\/akunq.net\/tr\/wp-content\/uploads\/sites\/6\/2013\/09\/Ahtamar-Sp.-Ha\u00e7-dini-ayini-600x386.jpg 600w, https:\/\/akunq.net\/tr\/wp-content\/uploads\/sites\/6\/2013\/09\/Ahtamar-Sp.-Ha\u00e7-dini-ayini.jpg 1024w\" sizes=\"auto, (max-width: 300px) 100vw, 300px\" \/><\/a>8 Eyl\u00fcl\u2019de Van Ahtamar adas\u0131 Sp. Ha\u00e7 Kilisesi\u2019nde\u00a0 Soyk\u0131r\u0131mdan 98 y\u0131l sonra 4. dini ayin, olays\u0131z ve samimi bir ortamda ger\u00e7ekle\u015fti (<\/i><\/b><a href=\"http:\/\/news.am\/tur\/photos\/sessions\/liturgy-in-the-church-of-the-holy-cross-on-akhtamar-island\/\"><b><i>Fotor\u00f6portaj<\/i><\/b><\/a><b><i>).<\/i><\/b><\/p>\n<p style=\"text-align: justify;\">Van\u2019dan <a href=\"http:\/\/news.am\/\">NEWS.am<\/a> muhabirinin verdi\u011fi bilgiye g\u00f6re; Ahtamar Sp. Ha\u00e7 Kilisesindeki dini ayinde bu y\u0131l Ermenistanl\u0131lar\u0131n yo\u011funluklar\u0131yla dikkati \u00e7ektiler. Aralar\u0131nda Sasun, Mu\u015f, Diyarbak\u0131r ve \u0130stanbul da olmak \u00fczere T\u00fcrkiye\u2019nin farkl\u0131 k\u00f6\u015felerinden gelen Ermeniler de bunun gerisinde kalmad\u0131lar.<\/p>\n<p style=\"text-align: justify;\">Mu\u015flu bir Ermeni, kasalarla getirdi\u011fi Mu\u015f \u00fcz\u00fcm\u00fcn\u00fc Ermeni hac\u0131lara ikram etti.<\/p>\n<p style=\"text-align: justify;\">Dini ayine riyaset eden T\u00fcrkiye Ermenileri Patrikhanesi Patrik Gn. Vekili Ba\u015fepiskopos Aram Ate\u015fyan, 100 y\u0131l sonra Ahtamar\u2019da vaftiz t\u00f6reni olaca\u011f\u0131 m\u00fcjdesini verdi. Ayin sonras\u0131nda \u0130stanbul\u2019da ya\u015fayan ve k\u00f6klerine geri d\u00f6nen bir ailenin \u00fcyeleri ve aralar\u0131nda 8 ya\u015f\u0131ndaki Van da olmak \u00fczere Ermenistan\u2019dan 5 ki\u015fi vaftiz oldular.<\/p>\n<p style=\"text-align: justify;\">Ayinde Ermenistan\u2019\u0131n siyaset ve toplum d\u00fcnyas\u0131ndan tan\u0131nm\u0131\u015f isimler, ABD Adana Ba\u015fkonsolosu John Espinoza, Van Belediye b\u015fk., Geva\u015f Belediye b\u015fk., Vanl\u0131 milletvekilleri Nazmi G\u00fcr, T\u00fcrk tan\u0131nm\u0131\u015f sinema akt\u00f6r\u00fc Kadir \u0130nan\u0131r vd. tan\u0131nm\u0131\u015f resmi ve toplum sekt\u00f6rden isimler yer ald\u0131lar.<\/p>\n<p style=\"text-align: justify;\">Ayinden saatler \u00f6nce Ahtamar adas\u0131nda ve adaya g\u00f6t\u00fcren limanlarda emniyet g\u00fc\u00e7leri g\u00fcvenlik tedbirleri ald\u0131lar. Ayin esnas\u0131nda polis motorlar\u0131 ve helkopterler kamu g\u00fcvenli\u011fi sa\u011flad\u0131lar. Acil Durumlar Bakanl\u0131\u011f\u0131 Aram-Kurtarma ve ilk yard\u0131m \u00e7al\u0131\u015fanlar\u0131 da adada bulunmaktayd\u0131.<\/p>\n<p style=\"text-align: justify;\">G\u00fcvenlik g\u00fc\u00e7leri ayin esnas\u0131nda adada 3000\u2019e yak\u0131n yurtta\u015f oldu\u011funu ifade ederken, g\u00fcn esnas\u0131nda aday\u0131 ziyaret edenlerin say\u0131s\u0131 bunun \u00e7ok daha \u00fczerindeydi.<\/p>\n<p style=\"text-align: justify;\">Van Ahtamar adas\u0131 Sp. Ha\u00e7 Kilisesi 2005-2007 y\u0131llar\u0131nda T\u00fcrkiye H\u00fck\u00fcmeti taraf\u0131ndan restore edilmi\u015f ve m\u00fcze olarak a\u00e7\u0131lm\u0131\u015ft\u0131. 2010 y\u0131l\u0131nda T\u00fcrkiye K\u00fclt\u00fcr Bakanl\u0131\u011f\u0131 izniyle kilisede y\u0131lda bir kez ayin d\u00fczenlenmesine izin verilmekte.<\/p>\n<p style=\"text-align: justify;\">Ahtamar Sp. Ha\u00e7 Kilisesi 915-921 y\u0131llar\u0131nda Vaspurakan h\u00fck\u00fcmran\u0131 Gagik Artsruni talimat\u0131yla mimar Manvel taraf\u0131ndan in\u015fa edilmi\u015ftir.<\/p>\n<p style=\"text-align: justify;\"><b><i>http:\/\/news.am\/tur\/news\/170330.html<\/i><\/b><\/p>\n","protected":false},"excerpt":{"rendered":"<p>8 Eyl\u00fcl\u2019de Van Ahtamar adas\u0131 Sp. Ha\u00e7 Kilisesi\u2019nde\u00a0 Soyk\u0131r\u0131mdan 98 y\u0131l sonra 4. dini ayin, olays\u0131z ve samimi bir ortamda ger\u00e7ekle\u015fti (Fotor\u00f6portaj). Van\u2019dan NEWS.am muhabirinin verdi\u011fi bilgiye g\u00f6re; Ahtamar Sp. Ha\u00e7 Kilisesindeki dini ayinde bu y\u0131l Ermenistanl\u0131lar\u0131n yo\u011funluklar\u0131yla dikkati \u00e7ektiler. Aralar\u0131nda Sasun, Mu\u015f, Diyarbak\u0131r ve \u0130stanbul da olmak \u00fczere T\u00fcrkiye\u2019nin farkl\u0131 k\u00f6\u015felerinden gelen Ermeniler de [&hellip;]<\/p>\n","protected":false},"author":7,"featured_media":0,"comment_status":"open","ping_status":"open","sticky":false,"template":"","format":"standard","meta":{"footnotes":""},"categories":[1],"tags":[],"class_list":["post-25434","post","type-post","status-publish","format-standard","hentry","category-haberler"],"yoast_head":"<!-- This site is optimized with the Yoast SEO plugin v27.4 - https:\/\/yoast.com\/product\/yoast-seo-wordpress\/ -->\n<title>Ahtamar Sp. Ha\u00e7 dini ayininden NEWS.am\u2019in r\u00f6portaj\u0131 (Fotor\u00f6portaj) - Bati Ermenistan Ve Bati Ermenileri Sorunlari Ara\u015ftirmalar Merkezi<\/title>\n<meta name=\"robots\" content=\"index, follow, max-snippet:-1, max-image-preview:large, max-video-preview:-1\" \/>\n<link rel=\"canonical\" href=\"https:\/\/akunq.net\/tr\/?p=25434\" \/>\n<meta property=\"og:locale\" content=\"en_US\" \/>\n<meta property=\"og:type\" content=\"article\" \/>\n<meta property=\"og:title\" content=\"Ahtamar Sp. Ha\u00e7 dini ayininden NEWS.am\u2019in r\u00f6portaj\u0131 (Fotor\u00f6portaj) - Bati Ermenistan Ve Bati Ermenileri Sorunlari Ara\u015ftirmalar Merkezi\" \/>\n<meta property=\"og:description\" content=\"8 Eyl\u00fcl\u2019de Van Ahtamar adas\u0131 Sp. Ha\u00e7 Kilisesi\u2019nde\u00a0 Soyk\u0131r\u0131mdan 98 y\u0131l sonra 4. dini ayin, olays\u0131z ve samimi bir ortamda ger\u00e7ekle\u015fti (Fotor\u00f6portaj). Van\u2019dan NEWS.am muhabirinin verdi\u011fi bilgiye g\u00f6re; Ahtamar Sp. Ha\u00e7 Kilisesindeki dini ayinde bu y\u0131l Ermenistanl\u0131lar\u0131n yo\u011funluklar\u0131yla dikkati \u00e7ektiler. Aralar\u0131nda Sasun, Mu\u015f, Diyarbak\u0131r ve \u0130stanbul da olmak \u00fczere T\u00fcrkiye\u2019nin farkl\u0131 k\u00f6\u015felerinden gelen Ermeniler de [&hellip;]\" \/>\n<meta property=\"og:url\" content=\"https:\/\/akunq.net\/tr\/?p=25434\" \/>\n<meta property=\"og:site_name\" content=\"Bati Ermenistan Ve Bati Ermenileri Sorunlari Ara\u015ftirmalar Merkezi\" \/>\n<meta property=\"article:published_time\" content=\"2013-09-10T06:52:06+00:00\" \/>\n<meta name=\"author\" content=\"admin\" \/>\n<meta name=\"twitter:card\" content=\"summary_large_image\" \/>\n<meta name=\"twitter:label1\" content=\"Written by\" \/>\n\t<meta name=\"twitter:data1\" content=\"admin\" \/>\n\t<meta name=\"twitter:label2\" content=\"Est. reading time\" \/>\n\t<meta name=\"twitter:data2\" content=\"2 minutes\" \/>\n<script type=\"application\/ld+json\" class=\"yoast-schema-graph\">{\"@context\":\"https:\\\/\\\/schema.org\",\"@graph\":[{\"@type\":\"Article\",\"@id\":\"https:\\\/\\\/akunq.net\\\/tr\\\/?p=25434#article\",\"isPartOf\":{\"@id\":\"https:\\\/\\\/akunq.net\\\/tr\\\/?p=25434\"},\"author\":{\"name\":\"admin\",\"@id\":\"https:\\\/\\\/akunq.net\\\/tr\\\/#\\\/schema\\\/person\\\/096f1d38a12cce57fb855b485ed24c9e\"},\"headline\":\"Ahtamar Sp. Ha\u00e7 dini ayininden NEWS.am\u2019in r\u00f6portaj\u0131 (Fotor\u00f6portaj)\",\"datePublished\":\"2013-09-10T06:52:06+00:00\",\"mainEntityOfPage\":{\"@id\":\"https:\\\/\\\/akunq.net\\\/tr\\\/?p=25434\"},\"wordCount\":372,\"commentCount\":0,\"articleSection\":[\"Haberler\"],\"inLanguage\":\"en-US\",\"potentialAction\":[{\"@type\":\"CommentAction\",\"name\":\"Comment\",\"target\":[\"https:\\\/\\\/akunq.net\\\/tr\\\/?p=25434#respond\"]}]},{\"@type\":\"WebPage\",\"@id\":\"https:\\\/\\\/akunq.net\\\/tr\\\/?p=25434\",\"url\":\"https:\\\/\\\/akunq.net\\\/tr\\\/?p=25434\",\"name\":\"Ahtamar Sp. Ha\u00e7 dini ayininden NEWS.am\u2019in r\u00f6portaj\u0131 (Fotor\u00f6portaj) - Bati Ermenistan Ve Bati Ermenileri Sorunlari Ara\u015ftirmalar Merkezi\",\"isPartOf\":{\"@id\":\"https:\\\/\\\/akunq.net\\\/tr\\\/#website\"},\"datePublished\":\"2013-09-10T06:52:06+00:00\",\"author\":{\"@id\":\"https:\\\/\\\/akunq.net\\\/tr\\\/#\\\/schema\\\/person\\\/096f1d38a12cce57fb855b485ed24c9e\"},\"breadcrumb\":{\"@id\":\"https:\\\/\\\/akunq.net\\\/tr\\\/?p=25434#breadcrumb\"},\"inLanguage\":\"en-US\",\"potentialAction\":[{\"@type\":\"ReadAction\",\"target\":[\"https:\\\/\\\/akunq.net\\\/tr\\\/?p=25434\"]}]},{\"@type\":\"BreadcrumbList\",\"@id\":\"https:\\\/\\\/akunq.net\\\/tr\\\/?p=25434#breadcrumb\",\"itemListElement\":[{\"@type\":\"ListItem\",\"position\":1,\"name\":\"Home\",\"item\":\"https:\\\/\\\/akunq.net\\\/tr\"},{\"@type\":\"ListItem\",\"position\":2,\"name\":\"Ahtamar Sp. Ha\u00e7 dini ayininden NEWS.am\u2019in r\u00f6portaj\u0131 (Fotor\u00f6portaj)\"}]},{\"@type\":\"WebSite\",\"@id\":\"https:\\\/\\\/akunq.net\\\/tr\\\/#website\",\"url\":\"https:\\\/\\\/akunq.net\\\/tr\\\/\",\"name\":\"Bati Ermenistan Ve Bati Ermenileri Sorunlari Ara\u015ftirmalar Merkezi\",\"description\":\"\",\"potentialAction\":[{\"@type\":\"SearchAction\",\"target\":{\"@type\":\"EntryPoint\",\"urlTemplate\":\"https:\\\/\\\/akunq.net\\\/tr\\\/?s={search_term_string}\"},\"query-input\":{\"@type\":\"PropertyValueSpecification\",\"valueRequired\":true,\"valueName\":\"search_term_string\"}}],\"inLanguage\":\"en-US\"},{\"@type\":\"Person\",\"@id\":\"https:\\\/\\\/akunq.net\\\/tr\\\/#\\\/schema\\\/person\\\/096f1d38a12cce57fb855b485ed24c9e\",\"name\":\"admin\",\"url\":\"https:\\\/\\\/akunq.net\\\/tr\\\/?author=7\"}]}<\/script>\n<!-- \/ Yoast SEO plugin. -->","yoast_head_json":{"title":"Ahtamar Sp. Ha\u00e7 dini ayininden NEWS.am\u2019in r\u00f6portaj\u0131 (Fotor\u00f6portaj) - Bati Ermenistan Ve Bati Ermenileri Sorunlari Ara\u015ftirmalar Merkezi","robots":{"index":"index","follow":"follow","max-snippet":"max-snippet:-1","max-image-preview":"max-image-preview:large","max-video-preview":"max-video-preview:-1"},"canonical":"https:\/\/akunq.net\/tr\/?p=25434","og_locale":"en_US","og_type":"article","og_title":"Ahtamar Sp. Ha\u00e7 dini ayininden NEWS.am\u2019in r\u00f6portaj\u0131 (Fotor\u00f6portaj) - Bati Ermenistan Ve Bati Ermenileri Sorunlari Ara\u015ftirmalar Merkezi","og_description":"8 Eyl\u00fcl\u2019de Van Ahtamar adas\u0131 Sp. Ha\u00e7 Kilisesi\u2019nde\u00a0 Soyk\u0131r\u0131mdan 98 y\u0131l sonra 4. dini ayin, olays\u0131z ve samimi bir ortamda ger\u00e7ekle\u015fti (Fotor\u00f6portaj). Van\u2019dan NEWS.am muhabirinin verdi\u011fi bilgiye g\u00f6re; Ahtamar Sp. Ha\u00e7 Kilisesindeki dini ayinde bu y\u0131l Ermenistanl\u0131lar\u0131n yo\u011funluklar\u0131yla dikkati \u00e7ektiler. Aralar\u0131nda Sasun, Mu\u015f, Diyarbak\u0131r ve \u0130stanbul da olmak \u00fczere T\u00fcrkiye\u2019nin farkl\u0131 k\u00f6\u015felerinden gelen Ermeniler de [&hellip;]","og_url":"https:\/\/akunq.net\/tr\/?p=25434","og_site_name":"Bati Ermenistan Ve Bati Ermenileri Sorunlari Ara\u015ftirmalar Merkezi","article_published_time":"2013-09-10T06:52:06+00:00","author":"admin","twitter_card":"summary_large_image","twitter_misc":{"Written by":"admin","Est. reading time":"2 minutes"},"schema":{"@context":"https:\/\/schema.org","@graph":[{"@type":"Article","@id":"https:\/\/akunq.net\/tr\/?p=25434#article","isPartOf":{"@id":"https:\/\/akunq.net\/tr\/?p=25434"},"author":{"name":"admin","@id":"https:\/\/akunq.net\/tr\/#\/schema\/person\/096f1d38a12cce57fb855b485ed24c9e"},"headline":"Ahtamar Sp. Ha\u00e7 dini ayininden NEWS.am\u2019in r\u00f6portaj\u0131 (Fotor\u00f6portaj)","datePublished":"2013-09-10T06:52:06+00:00","mainEntityOfPage":{"@id":"https:\/\/akunq.net\/tr\/?p=25434"},"wordCount":372,"commentCount":0,"articleSection":["Haberler"],"inLanguage":"en-US","potentialAction":[{"@type":"CommentAction","name":"Comment","target":["https:\/\/akunq.net\/tr\/?p=25434#respond"]}]},{"@type":"WebPage","@id":"https:\/\/akunq.net\/tr\/?p=25434","url":"https:\/\/akunq.net\/tr\/?p=25434","name":"Ahtamar Sp. Ha\u00e7 dini ayininden NEWS.am\u2019in r\u00f6portaj\u0131 (Fotor\u00f6portaj) - Bati Ermenistan Ve Bati Ermenileri Sorunlari Ara\u015ftirmalar Merkezi","isPartOf":{"@id":"https:\/\/akunq.net\/tr\/#website"},"datePublished":"2013-09-10T06:52:06+00:00","author":{"@id":"https:\/\/akunq.net\/tr\/#\/schema\/person\/096f1d38a12cce57fb855b485ed24c9e"},"breadcrumb":{"@id":"https:\/\/akunq.net\/tr\/?p=25434#breadcrumb"},"inLanguage":"en-US","potentialAction":[{"@type":"ReadAction","target":["https:\/\/akunq.net\/tr\/?p=25434"]}]},{"@type":"BreadcrumbList","@id":"https:\/\/akunq.net\/tr\/?p=25434#breadcrumb","itemListElement":[{"@type":"ListItem","position":1,"name":"Home","item":"https:\/\/akunq.net\/tr"},{"@type":"ListItem","position":2,"name":"Ahtamar Sp. Ha\u00e7 dini ayininden NEWS.am\u2019in r\u00f6portaj\u0131 (Fotor\u00f6portaj)"}]},{"@type":"WebSite","@id":"https:\/\/akunq.net\/tr\/#website","url":"https:\/\/akunq.net\/tr\/","name":"Bati Ermenistan Ve Bati Ermenileri Sorunlari Ara\u015ftirmalar Merkezi","description":"","potentialAction":[{"@type":"SearchAction","target":{"@type":"EntryPoint","urlTemplate":"https:\/\/akunq.net\/tr\/?s={search_term_string}"},"query-input":{"@type":"PropertyValueSpecification","valueRequired":true,"valueName":"search_term_string"}}],"inLanguage":"en-US"},{"@type":"Person","@id":"https:\/\/akunq.net\/tr\/#\/schema\/person\/096f1d38a12cce57fb855b485ed24c9e","name":"admin","url":"https:\/\/akunq.net\/tr\/?author=7"}]}},"_links":{"self":[{"href":"https:\/\/akunq.net\/tr\/index.php?rest_route=\/wp\/v2\/posts\/25434","targetHints":{"allow":["GET"]}}],"collection":[{"href":"https:\/\/akunq.net\/tr\/index.php?rest_route=\/wp\/v2\/posts"}],"about":[{"href":"https:\/\/akunq.net\/tr\/index.php?rest_route=\/wp\/v2\/types\/post"}],"author":[{"embeddable":true,"href":"https:\/\/akunq.net\/tr\/index.php?rest_route=\/wp\/v2\/users\/7"}],"replies":[{"embeddable":true,"href":"https:\/\/akunq.net\/tr\/index.php?rest_route=%2Fwp%2Fv2%2Fcomments&post=25434"}],"version-history":[{"count":1,"href":"https:\/\/akunq.net\/tr\/index.php?rest_route=\/wp\/v2\/posts\/25434\/revisions"}],"predecessor-version":[{"id":25436,"href":"https:\/\/akunq.net\/tr\/index.php?rest_route=\/wp\/v2\/posts\/25434\/revisions\/25436"}],"wp:attachment":[{"href":"https:\/\/akunq.net\/tr\/index.php?rest_route=%2Fwp%2Fv2%2Fmedia&parent=25434"}],"wp:term":[{"taxonomy":"category","embeddable":true,"href":"https:\/\/akunq.net\/tr\/index.php?rest_route=%2Fwp%2Fv2%2Fcategories&post=25434"},{"taxonomy":"post_tag","embeddable":true,"href":"https:\/\/akunq.net\/tr\/index.php?rest_route=%2Fwp%2Fv2%2Ftags&post=25434"}],"curies":[{"name":"wp","href":"https:\/\/api.w.org\/{rel}","templated":true}]}}