{"id":25425,"date":"2013-09-09T05:36:29","date_gmt":"2013-09-09T10:36:29","guid":{"rendered":"http:\/\/akunq.net\/tr\/?p=25425"},"modified":"2013-09-09T05:36:29","modified_gmt":"2013-09-09T10:36:29","slug":"pkk-cekilmeyi-durdurdu","status":"publish","type":"post","link":"https:\/\/akunq.net\/tr\/?p=25425","title":{"rendered":"PKK &#8216;\u00e7ekilmeyi durdurdu&#8217;"},"content":{"rendered":"<p style=\"text-align: justify;\"><strong><i><a href=\"http:\/\/akunq.net\/tr\/wp-content\/uploads\/2013\/09\/PKK.jpg\"><img loading=\"lazy\" decoding=\"async\" class=\"alignright size-medium wp-image-25426\" alt=\"PKK\" src=\"http:\/\/akunq.net\/tr\/wp-content\/uploads\/2013\/09\/PKK-300x168.jpg\" width=\"300\" height=\"168\" srcset=\"https:\/\/akunq.net\/tr\/wp-content\/uploads\/sites\/6\/2013\/09\/PKK-300x168.jpg 300w, https:\/\/akunq.net\/tr\/wp-content\/uploads\/sites\/6\/2013\/09\/PKK.jpg 304w\" sizes=\"auto, (max-width: 300px) 100vw, 300px\" \/><\/a>T\u00fcrk h\u00fck\u00fcmetini demokratikle\u015fme ve K\u00fcrt sorununun \u00e7\u00f6z\u00fcm\u00fcnde ad\u0131m atmamakla su\u00e7layan KCK (K\u00fcrdistan Topluluklar Birli\u011fi), PKK&#8217;n\u0131n T\u00fcrkiye topraklar\u0131ndan \u00e7ekilmeyi durdurdu\u011funu a\u00e7\u0131klad\u0131.<\/i><\/strong><\/p>\n<p style=\"text-align: justify;\">KCK Y\u00fcr\u00fctme Konseyi Ba\u015fkanl\u0131\u011f\u0131&#8217;dan yap\u0131lan a\u00e7\u0131klamada \u00e7ekilmenin durdurulmas\u0131na kar\u015f\u0131n, ate\u015fkesin s\u00fcrd\u00fcr\u00fclece\u011fi kaydedildi.<\/p>\n<p style=\"text-align: justify;\">A\u00e7\u0131klamada, \u201cAt\u0131lan ad\u0131mlar kar\u015f\u0131s\u0131nda T\u00fcrk h\u00fck\u00fcmetinin sorumsuz davranmas\u0131, demokratikle\u015fme ve K\u00fcrt sorununun \u00e7\u00f6z\u00fcm\u00fc konusunda ad\u0131m atmamas\u0131 nedeniyle gerillalar\u0131n geri \u00e7ekili\u015fi durduruldu\u201d dendi.<\/p>\n<p style=\"text-align: justify;\">A\u00e7\u0131klamada ayr\u0131ca &#8220;\u00c7at\u0131\u015fmas\u0131zl\u0131\u011f\u0131 sa\u011flamam\u0131z\u0131, gerillay\u0131 geri \u00e7ekme irademizi ve gerillan\u0131n \u00f6nemli d\u00fczeyde T\u00fcrkiye s\u0131n\u0131rlar\u0131 d\u0131\u015f\u0131na \u00e7ekilmesini \u00f6nemsemeyen, buna do\u011fru kar\u015f\u0131l\u0131k vermeyen, bu s\u00fcreci bir oyalama ve bu temelde yerel se\u00e7imlere \u00e7at\u0131\u015fmas\u0131zl\u0131k ortam\u0131nda girerek bir se\u00e7im kazanma bi\u00e7iminde ele alan AKP h\u00fck\u00fcmeti bu durumun sorumlusudur&#8221; ifadeleri kulan\u0131ld\u0131.<\/p>\n<p style=\"text-align: justify;\"><b>&#8216;Ate\u015fkes ad\u0131m atma f\u0131rsat\u0131&#8217;<\/b><\/p>\n<p style=\"text-align: justify;\">KCK\u2019n\u0131n a\u00e7\u0131klamas\u0131nda &#8220;\u00c7at\u0131\u015fmas\u0131zl\u0131k ortam\u0131nda askeri ama\u00e7l\u0131 karakol, baraj ve tesisler yap\u0131lmas\u0131n\u0131n da s\u00fcrece iyi niyetli yakla\u015f\u0131lmad\u0131\u011f\u0131n\u0131 g\u00f6steriyor&#8221; dendi.<\/p>\n<p style=\"text-align: justify;\">KCK\u2019ya g\u00f6re \u2018ate\u015fkesin korunmas\u0131, AKP h\u00fck\u00fcmetine PKK lideri Abdullah \u00d6calan&#8217;\u0131n projesi do\u011frultusunda ad\u0131m atmas\u0131na f\u0131rsat vermek&#8217; anlam\u0131na geliyor.<\/p>\n<p style=\"text-align: justify;\">KCK E\u015fba\u015fkan\u0131 Cemil Bay\u0131k ge\u00e7ti\u011fimiz haftaki a\u00e7\u0131klamas\u0131nda &#8220;1 Eyl\u00fcl&#8217;e kadar T\u00fcrk h\u00fck\u00fcmetine s\u00fcre vermi\u015ftik. \u015eimdiye kadar bir \u015fey g\u00f6rmedik. Bu \u015fu anlama geliyor: sorunu \u00e7\u00f6zmek istemiyor, ezmeyi esas al\u0131yor. Sava\u015fmak istiyor. Buna kar\u015f\u0131 kendimizi savunaca\u011f\u0131z. Gerillay\u0131 durduruyoruz. E\u011fer operasyon yapt\u0131klar\u0131n\u0131 g\u00f6r\u00fcrsek, bu operasyonlara kar\u015f\u0131 me\u015fru savunma yapaca\u011f\u0131z. Sava\u015f\u0131 daha da \u015fiddetlendirmek isterlerse, G\u00fcney&#8217;e (Kuzey Irak) gelen gruplar\u0131 yeniden g\u00f6nderece\u011fiz&#8221; demi\u015fti.<\/p>\n<p style=\"text-align: justify;\"><b>\u2018Geri \u00e7ekilme tart\u0131\u015fmas\u0131\u2019<\/b><\/p>\n<p style=\"text-align: justify;\">Cemil Bay\u0131k ge\u00e7ti\u011fimiz g\u00fcnlerde Kuzey Irak\u2019taki Kandil da\u011f\u0131nda <strong><i>BBC T\u00fcrk\u00e7e<\/i><\/strong>\u2019den Mahmut Hamsici&#8217;ye bir <a href=\"http:\/\/www.bbc.co.uk\/turkce\/haberler\/2013\/08\/130827_cemil_bayik_baris_sureci.shtml\">t\u0131klay\u0131n r\u00f6portaj<\/a> vermi\u015f ve 1 Eyl\u00fcl tarihini i\u015faret etmi\u015fti.<\/p>\n<p style=\"text-align: justify;\">Bay\u0131k r\u00f6portajda bar\u0131\u015f s\u00fcrecinin birinci a\u015famas\u0131 olarak tan\u0131mlanan s\u00fcre\u00e7te PKK\u2019n\u0131n ate\u015fkes ilan etmek, elinde esirleri b\u0131rakmak ve geri \u00e7ekilmeye ba\u015flamak suretiyle \u00fczerine verdi\u011fi s\u00f6zleri yerine getirdi\u011fini, bununla s\u00fcrecin ikinci a\u015famas\u0131n\u0131n ba\u015flad\u0131\u011f\u0131n\u0131 ancak bu a\u015famada h\u00fck\u00fcmetin herhangi bir ad\u0131m atmad\u0131\u011f\u0131n\u0131 s\u00f6ylemi\u015fti.<\/p>\n<p style=\"text-align: justify;\">Bay\u0131k, h\u00fck\u00fcmetten 1 Eyl\u00fcl tarihine kadar ad\u0131m atmas\u0131n\u0131 istemi\u015f aksi taktirde \u00e7ekilmenin duraca\u011f\u0131n\u0131 s\u00f6ylemi\u015fti.<\/p>\n<p style=\"text-align: justify;\">T\u00fcrk h\u00fck\u00fcmeti yetkilileriyse son d\u00f6nemde s\u00fcre\u00e7le ilgili a\u00e7\u0131klamalar\u0131nda PKK\u2019n\u0131n T\u00fcrkiye\u2019deki g\u00fc\u00e7lerinin yakla\u015f\u0131k y\u00fczde 20\u2019sini \u00e7ekti\u011fini, \u00e7ekilen PKK\u2019l\u0131lar\u0131n da daha \u00e7ok ya\u015fl\u0131lar, \u00e7ocuklar, hastalar ve kad\u0131nlardan olu\u015ftu\u011funu belirtmi\u015flerdi.<\/p>\n<p style=\"text-align: justify;\">Bay\u0131k ise <strong><i>BBC T\u00fcrk\u00e7e<\/i><\/strong> r\u00f6portaj\u0131nda h\u00fck\u00fcmetin bu a\u00e7\u0131klamalar\u0131n\u0131n do\u011fru olmad\u0131\u011f\u0131n\u0131 belirtmi\u015f ayr\u0131ca birinci a\u015faman\u0131n g\u00fc\u00e7lerin \u00e7ekilmesini tamamlamay\u0131 de\u011fil, \u00e7ekilmesini ba\u015flatmay\u0131 i\u00e7erdi\u011fini s\u00f6ylemi\u015fti.<\/p>\n<p style=\"text-align: justify;\">PKK lideri Abdullah \u00d6calan 21 Mart\u2019taki Nevruz kutlamalar\u0131nda okunmak \u00fczere yazd\u0131\u011f\u0131 mektubunda PKK g\u00fc\u00e7lerine geri \u00e7ekilme \u00e7a\u011fr\u0131s\u0131na KCK olumlu yan\u0131t vererek \u00e7ekilmeyi ba\u015flatm\u0131\u015ft\u0131.<\/p>\n<p style=\"text-align: justify;\"><b><i>http:\/\/www.bbc.co.uk\/turkce\/haberler\/2013\/09\/130909_pkk_update.shtml<\/i><\/b><\/p>\n","protected":false},"excerpt":{"rendered":"<p>T\u00fcrk h\u00fck\u00fcmetini demokratikle\u015fme ve K\u00fcrt sorununun \u00e7\u00f6z\u00fcm\u00fcnde ad\u0131m atmamakla su\u00e7layan KCK (K\u00fcrdistan Topluluklar Birli\u011fi), PKK&#8217;n\u0131n T\u00fcrkiye topraklar\u0131ndan \u00e7ekilmeyi durdurdu\u011funu a\u00e7\u0131klad\u0131. KCK Y\u00fcr\u00fctme Konseyi Ba\u015fkanl\u0131\u011f\u0131&#8217;dan yap\u0131lan a\u00e7\u0131klamada \u00e7ekilmenin durdurulmas\u0131na kar\u015f\u0131n, ate\u015fkesin s\u00fcrd\u00fcr\u00fclece\u011fi kaydedildi. A\u00e7\u0131klamada, \u201cAt\u0131lan ad\u0131mlar kar\u015f\u0131s\u0131nda T\u00fcrk h\u00fck\u00fcmetinin sorumsuz davranmas\u0131, demokratikle\u015fme ve K\u00fcrt sorununun \u00e7\u00f6z\u00fcm\u00fc konusunda ad\u0131m atmamas\u0131 nedeniyle gerillalar\u0131n geri \u00e7ekili\u015fi durduruldu\u201d dendi. A\u00e7\u0131klamada [&hellip;]<\/p>\n","protected":false},"author":7,"featured_media":0,"comment_status":"open","ping_status":"open","sticky":false,"template":"","format":"standard","meta":{"footnotes":""},"categories":[1],"tags":[],"class_list":["post-25425","post","type-post","status-publish","format-standard","hentry","category-haberler"],"yoast_head":"<!-- This site is optimized with the Yoast SEO plugin v27.4 - https:\/\/yoast.com\/product\/yoast-seo-wordpress\/ -->\n<title>PKK &#039;\u00e7ekilmeyi durdurdu&#039; - Bati Ermenistan Ve Bati Ermenileri Sorunlari Ara\u015ftirmalar Merkezi<\/title>\n<meta name=\"robots\" content=\"index, follow, max-snippet:-1, max-image-preview:large, max-video-preview:-1\" \/>\n<link rel=\"canonical\" href=\"https:\/\/akunq.net\/tr\/?p=25425\" \/>\n<meta property=\"og:locale\" content=\"en_US\" \/>\n<meta property=\"og:type\" content=\"article\" \/>\n<meta property=\"og:title\" content=\"PKK &#039;\u00e7ekilmeyi durdurdu&#039; - Bati Ermenistan Ve Bati Ermenileri Sorunlari Ara\u015ftirmalar Merkezi\" \/>\n<meta property=\"og:description\" content=\"T\u00fcrk h\u00fck\u00fcmetini demokratikle\u015fme ve K\u00fcrt sorununun \u00e7\u00f6z\u00fcm\u00fcnde ad\u0131m atmamakla su\u00e7layan KCK (K\u00fcrdistan Topluluklar Birli\u011fi), PKK&#8217;n\u0131n T\u00fcrkiye topraklar\u0131ndan \u00e7ekilmeyi durdurdu\u011funu a\u00e7\u0131klad\u0131. KCK Y\u00fcr\u00fctme Konseyi Ba\u015fkanl\u0131\u011f\u0131&#8217;dan yap\u0131lan a\u00e7\u0131klamada \u00e7ekilmenin durdurulmas\u0131na kar\u015f\u0131n, ate\u015fkesin s\u00fcrd\u00fcr\u00fclece\u011fi kaydedildi. A\u00e7\u0131klamada, \u201cAt\u0131lan ad\u0131mlar kar\u015f\u0131s\u0131nda T\u00fcrk h\u00fck\u00fcmetinin sorumsuz davranmas\u0131, demokratikle\u015fme ve K\u00fcrt sorununun \u00e7\u00f6z\u00fcm\u00fc konusunda ad\u0131m atmamas\u0131 nedeniyle gerillalar\u0131n geri \u00e7ekili\u015fi durduruldu\u201d dendi. A\u00e7\u0131klamada [&hellip;]\" \/>\n<meta property=\"og:url\" content=\"https:\/\/akunq.net\/tr\/?p=25425\" \/>\n<meta property=\"og:site_name\" content=\"Bati Ermenistan Ve Bati Ermenileri Sorunlari Ara\u015ftirmalar Merkezi\" \/>\n<meta property=\"article:published_time\" content=\"2013-09-09T10:36:29+00:00\" \/>\n<meta property=\"og:image\" content=\"http:\/\/akunq.net\/tr\/wp-content\/uploads\/2013\/09\/PKK-300x168.jpg\" \/>\n<meta name=\"author\" content=\"admin\" \/>\n<meta name=\"twitter:card\" content=\"summary_large_image\" \/>\n<meta name=\"twitter:label1\" content=\"Written by\" \/>\n\t<meta name=\"twitter:data1\" content=\"admin\" \/>\n\t<meta name=\"twitter:label2\" content=\"Est. reading time\" \/>\n\t<meta name=\"twitter:data2\" content=\"3 minutes\" \/>\n<script type=\"application\/ld+json\" class=\"yoast-schema-graph\">{\"@context\":\"https:\\\/\\\/schema.org\",\"@graph\":[{\"@type\":\"Article\",\"@id\":\"https:\\\/\\\/akunq.net\\\/tr\\\/?p=25425#article\",\"isPartOf\":{\"@id\":\"https:\\\/\\\/akunq.net\\\/tr\\\/?p=25425\"},\"author\":{\"name\":\"admin\",\"@id\":\"https:\\\/\\\/akunq.net\\\/tr\\\/#\\\/schema\\\/person\\\/096f1d38a12cce57fb855b485ed24c9e\"},\"headline\":\"PKK &#8216;\u00e7ekilmeyi durdurdu&#8217;\",\"datePublished\":\"2013-09-09T10:36:29+00:00\",\"mainEntityOfPage\":{\"@id\":\"https:\\\/\\\/akunq.net\\\/tr\\\/?p=25425\"},\"wordCount\":598,\"commentCount\":0,\"image\":{\"@id\":\"https:\\\/\\\/akunq.net\\\/tr\\\/?p=25425#primaryimage\"},\"thumbnailUrl\":\"http:\\\/\\\/akunq.net\\\/tr\\\/wp-content\\\/uploads\\\/2013\\\/09\\\/PKK-300x168.jpg\",\"articleSection\":[\"Haberler\"],\"inLanguage\":\"en-US\",\"potentialAction\":[{\"@type\":\"CommentAction\",\"name\":\"Comment\",\"target\":[\"https:\\\/\\\/akunq.net\\\/tr\\\/?p=25425#respond\"]}]},{\"@type\":\"WebPage\",\"@id\":\"https:\\\/\\\/akunq.net\\\/tr\\\/?p=25425\",\"url\":\"https:\\\/\\\/akunq.net\\\/tr\\\/?p=25425\",\"name\":\"PKK '\u00e7ekilmeyi durdurdu' - Bati Ermenistan Ve Bati Ermenileri Sorunlari Ara\u015ftirmalar Merkezi\",\"isPartOf\":{\"@id\":\"https:\\\/\\\/akunq.net\\\/tr\\\/#website\"},\"primaryImageOfPage\":{\"@id\":\"https:\\\/\\\/akunq.net\\\/tr\\\/?p=25425#primaryimage\"},\"image\":{\"@id\":\"https:\\\/\\\/akunq.net\\\/tr\\\/?p=25425#primaryimage\"},\"thumbnailUrl\":\"http:\\\/\\\/akunq.net\\\/tr\\\/wp-content\\\/uploads\\\/2013\\\/09\\\/PKK-300x168.jpg\",\"datePublished\":\"2013-09-09T10:36:29+00:00\",\"author\":{\"@id\":\"https:\\\/\\\/akunq.net\\\/tr\\\/#\\\/schema\\\/person\\\/096f1d38a12cce57fb855b485ed24c9e\"},\"breadcrumb\":{\"@id\":\"https:\\\/\\\/akunq.net\\\/tr\\\/?p=25425#breadcrumb\"},\"inLanguage\":\"en-US\",\"potentialAction\":[{\"@type\":\"ReadAction\",\"target\":[\"https:\\\/\\\/akunq.net\\\/tr\\\/?p=25425\"]}]},{\"@type\":\"ImageObject\",\"inLanguage\":\"en-US\",\"@id\":\"https:\\\/\\\/akunq.net\\\/tr\\\/?p=25425#primaryimage\",\"url\":\"https:\\\/\\\/akunq.net\\\/tr\\\/wp-content\\\/uploads\\\/sites\\\/6\\\/2013\\\/09\\\/PKK.jpg\",\"contentUrl\":\"https:\\\/\\\/akunq.net\\\/tr\\\/wp-content\\\/uploads\\\/sites\\\/6\\\/2013\\\/09\\\/PKK.jpg\",\"width\":304,\"height\":171},{\"@type\":\"BreadcrumbList\",\"@id\":\"https:\\\/\\\/akunq.net\\\/tr\\\/?p=25425#breadcrumb\",\"itemListElement\":[{\"@type\":\"ListItem\",\"position\":1,\"name\":\"Home\",\"item\":\"https:\\\/\\\/akunq.net\\\/tr\"},{\"@type\":\"ListItem\",\"position\":2,\"name\":\"PKK &#8216;\u00e7ekilmeyi durdurdu&#8217;\"}]},{\"@type\":\"WebSite\",\"@id\":\"https:\\\/\\\/akunq.net\\\/tr\\\/#website\",\"url\":\"https:\\\/\\\/akunq.net\\\/tr\\\/\",\"name\":\"Bati Ermenistan Ve Bati Ermenileri Sorunlari Ara\u015ftirmalar Merkezi\",\"description\":\"\",\"potentialAction\":[{\"@type\":\"SearchAction\",\"target\":{\"@type\":\"EntryPoint\",\"urlTemplate\":\"https:\\\/\\\/akunq.net\\\/tr\\\/?s={search_term_string}\"},\"query-input\":{\"@type\":\"PropertyValueSpecification\",\"valueRequired\":true,\"valueName\":\"search_term_string\"}}],\"inLanguage\":\"en-US\"},{\"@type\":\"Person\",\"@id\":\"https:\\\/\\\/akunq.net\\\/tr\\\/#\\\/schema\\\/person\\\/096f1d38a12cce57fb855b485ed24c9e\",\"name\":\"admin\",\"url\":\"https:\\\/\\\/akunq.net\\\/tr\\\/?author=7\"}]}<\/script>\n<!-- \/ Yoast SEO plugin. -->","yoast_head_json":{"title":"PKK '\u00e7ekilmeyi durdurdu' - Bati Ermenistan Ve Bati Ermenileri Sorunlari Ara\u015ftirmalar Merkezi","robots":{"index":"index","follow":"follow","max-snippet":"max-snippet:-1","max-image-preview":"max-image-preview:large","max-video-preview":"max-video-preview:-1"},"canonical":"https:\/\/akunq.net\/tr\/?p=25425","og_locale":"en_US","og_type":"article","og_title":"PKK '\u00e7ekilmeyi durdurdu' - Bati Ermenistan Ve Bati Ermenileri Sorunlari Ara\u015ftirmalar Merkezi","og_description":"T\u00fcrk h\u00fck\u00fcmetini demokratikle\u015fme ve K\u00fcrt sorununun \u00e7\u00f6z\u00fcm\u00fcnde ad\u0131m atmamakla su\u00e7layan KCK (K\u00fcrdistan Topluluklar Birli\u011fi), PKK&#8217;n\u0131n T\u00fcrkiye topraklar\u0131ndan \u00e7ekilmeyi durdurdu\u011funu a\u00e7\u0131klad\u0131. KCK Y\u00fcr\u00fctme Konseyi Ba\u015fkanl\u0131\u011f\u0131&#8217;dan yap\u0131lan a\u00e7\u0131klamada \u00e7ekilmenin durdurulmas\u0131na kar\u015f\u0131n, ate\u015fkesin s\u00fcrd\u00fcr\u00fclece\u011fi kaydedildi. A\u00e7\u0131klamada, \u201cAt\u0131lan ad\u0131mlar kar\u015f\u0131s\u0131nda T\u00fcrk h\u00fck\u00fcmetinin sorumsuz davranmas\u0131, demokratikle\u015fme ve K\u00fcrt sorununun \u00e7\u00f6z\u00fcm\u00fc konusunda ad\u0131m atmamas\u0131 nedeniyle gerillalar\u0131n geri \u00e7ekili\u015fi durduruldu\u201d dendi. A\u00e7\u0131klamada [&hellip;]","og_url":"https:\/\/akunq.net\/tr\/?p=25425","og_site_name":"Bati Ermenistan Ve Bati Ermenileri Sorunlari Ara\u015ftirmalar Merkezi","article_published_time":"2013-09-09T10:36:29+00:00","og_image":[{"url":"http:\/\/akunq.net\/tr\/wp-content\/uploads\/2013\/09\/PKK-300x168.jpg","type":"","width":"","height":""}],"author":"admin","twitter_card":"summary_large_image","twitter_misc":{"Written by":"admin","Est. reading time":"3 minutes"},"schema":{"@context":"https:\/\/schema.org","@graph":[{"@type":"Article","@id":"https:\/\/akunq.net\/tr\/?p=25425#article","isPartOf":{"@id":"https:\/\/akunq.net\/tr\/?p=25425"},"author":{"name":"admin","@id":"https:\/\/akunq.net\/tr\/#\/schema\/person\/096f1d38a12cce57fb855b485ed24c9e"},"headline":"PKK &#8216;\u00e7ekilmeyi durdurdu&#8217;","datePublished":"2013-09-09T10:36:29+00:00","mainEntityOfPage":{"@id":"https:\/\/akunq.net\/tr\/?p=25425"},"wordCount":598,"commentCount":0,"image":{"@id":"https:\/\/akunq.net\/tr\/?p=25425#primaryimage"},"thumbnailUrl":"http:\/\/akunq.net\/tr\/wp-content\/uploads\/2013\/09\/PKK-300x168.jpg","articleSection":["Haberler"],"inLanguage":"en-US","potentialAction":[{"@type":"CommentAction","name":"Comment","target":["https:\/\/akunq.net\/tr\/?p=25425#respond"]}]},{"@type":"WebPage","@id":"https:\/\/akunq.net\/tr\/?p=25425","url":"https:\/\/akunq.net\/tr\/?p=25425","name":"PKK '\u00e7ekilmeyi durdurdu' - Bati Ermenistan Ve Bati Ermenileri Sorunlari Ara\u015ftirmalar Merkezi","isPartOf":{"@id":"https:\/\/akunq.net\/tr\/#website"},"primaryImageOfPage":{"@id":"https:\/\/akunq.net\/tr\/?p=25425#primaryimage"},"image":{"@id":"https:\/\/akunq.net\/tr\/?p=25425#primaryimage"},"thumbnailUrl":"http:\/\/akunq.net\/tr\/wp-content\/uploads\/2013\/09\/PKK-300x168.jpg","datePublished":"2013-09-09T10:36:29+00:00","author":{"@id":"https:\/\/akunq.net\/tr\/#\/schema\/person\/096f1d38a12cce57fb855b485ed24c9e"},"breadcrumb":{"@id":"https:\/\/akunq.net\/tr\/?p=25425#breadcrumb"},"inLanguage":"en-US","potentialAction":[{"@type":"ReadAction","target":["https:\/\/akunq.net\/tr\/?p=25425"]}]},{"@type":"ImageObject","inLanguage":"en-US","@id":"https:\/\/akunq.net\/tr\/?p=25425#primaryimage","url":"https:\/\/akunq.net\/tr\/wp-content\/uploads\/sites\/6\/2013\/09\/PKK.jpg","contentUrl":"https:\/\/akunq.net\/tr\/wp-content\/uploads\/sites\/6\/2013\/09\/PKK.jpg","width":304,"height":171},{"@type":"BreadcrumbList","@id":"https:\/\/akunq.net\/tr\/?p=25425#breadcrumb","itemListElement":[{"@type":"ListItem","position":1,"name":"Home","item":"https:\/\/akunq.net\/tr"},{"@type":"ListItem","position":2,"name":"PKK &#8216;\u00e7ekilmeyi durdurdu&#8217;"}]},{"@type":"WebSite","@id":"https:\/\/akunq.net\/tr\/#website","url":"https:\/\/akunq.net\/tr\/","name":"Bati Ermenistan Ve Bati Ermenileri Sorunlari Ara\u015ftirmalar Merkezi","description":"","potentialAction":[{"@type":"SearchAction","target":{"@type":"EntryPoint","urlTemplate":"https:\/\/akunq.net\/tr\/?s={search_term_string}"},"query-input":{"@type":"PropertyValueSpecification","valueRequired":true,"valueName":"search_term_string"}}],"inLanguage":"en-US"},{"@type":"Person","@id":"https:\/\/akunq.net\/tr\/#\/schema\/person\/096f1d38a12cce57fb855b485ed24c9e","name":"admin","url":"https:\/\/akunq.net\/tr\/?author=7"}]}},"_links":{"self":[{"href":"https:\/\/akunq.net\/tr\/index.php?rest_route=\/wp\/v2\/posts\/25425","targetHints":{"allow":["GET"]}}],"collection":[{"href":"https:\/\/akunq.net\/tr\/index.php?rest_route=\/wp\/v2\/posts"}],"about":[{"href":"https:\/\/akunq.net\/tr\/index.php?rest_route=\/wp\/v2\/types\/post"}],"author":[{"embeddable":true,"href":"https:\/\/akunq.net\/tr\/index.php?rest_route=\/wp\/v2\/users\/7"}],"replies":[{"embeddable":true,"href":"https:\/\/akunq.net\/tr\/index.php?rest_route=%2Fwp%2Fv2%2Fcomments&post=25425"}],"version-history":[{"count":1,"href":"https:\/\/akunq.net\/tr\/index.php?rest_route=\/wp\/v2\/posts\/25425\/revisions"}],"predecessor-version":[{"id":25427,"href":"https:\/\/akunq.net\/tr\/index.php?rest_route=\/wp\/v2\/posts\/25425\/revisions\/25427"}],"wp:attachment":[{"href":"https:\/\/akunq.net\/tr\/index.php?rest_route=%2Fwp%2Fv2%2Fmedia&parent=25425"}],"wp:term":[{"taxonomy":"category","embeddable":true,"href":"https:\/\/akunq.net\/tr\/index.php?rest_route=%2Fwp%2Fv2%2Fcategories&post=25425"},{"taxonomy":"post_tag","embeddable":true,"href":"https:\/\/akunq.net\/tr\/index.php?rest_route=%2Fwp%2Fv2%2Ftags&post=25425"}],"curies":[{"name":"wp","href":"https:\/\/api.w.org\/{rel}","templated":true}]}}