{"id":25403,"date":"2013-09-07T02:11:16","date_gmt":"2013-09-07T07:11:16","guid":{"rendered":"http:\/\/akunq.net\/tr\/?p=25403"},"modified":"2013-09-07T02:11:36","modified_gmt":"2013-09-07T07:11:36","slug":"chpli-tanrikulu-tbmm-ozur-dilemeli","status":"publish","type":"post","link":"https:\/\/akunq.net\/tr\/?p=25403","title":{"rendered":"CHP\u2019li Tanr\u0131kulu: TBMM \u00f6z\u00fcr dilemeli"},"content":{"rendered":"<p style=\"text-align: justify;\"><a href=\"http:\/\/akunq.net\/tr\/wp-content\/uploads\/2013\/09\/Sezgin-Tanr\u0131kulu.jpg\"><img loading=\"lazy\" decoding=\"async\" class=\"alignright size-full wp-image-25404\" alt=\"Sezgin Tanr\u0131kulu\" src=\"http:\/\/akunq.net\/tr\/wp-content\/uploads\/2013\/09\/Sezgin-Tanr\u0131kulu.jpg\" width=\"281\" height=\"179\" \/><\/a>CHP Genel Ba\u015fkan Yard\u0131mc\u0131s\u0131 Sezgin Tanr\u0131kulu, 6-7 Eyl\u00fcl olaylar\u0131n\u0131n haf\u0131zalarda yaratt\u0131\u011f\u0131 derin ac\u0131n\u0131n giderilmesinin o d\u00f6nemin tarih \u00f6n\u00fcnde mahk\u00fbm edilmesinden ge\u00e7ti\u011fini belirterek, &#8220;Bu olay kar\u015f\u0131s\u0131nda TBMM&#8217;nin tav\u0131r almas\u0131 ve o iki g\u00fcn boyunca ya\u015fananlardan dolay\u0131 ma\u011fdur olmu\u015f t\u00fcm yurtta\u015flardan \u00f6z\u00fcr dilemesi gerekmektedir&#8221; dedi. ANKARA (ANKA)- CHP Genel Ba\u015fkan Yard\u0131mc\u0131s\u0131 Sezgin Tanr\u0131kulu, 6-7 Eyl\u00fcl olaylar\u0131n\u0131n haf\u0131zalarda yaratt\u0131\u011f\u0131 derin ac\u0131n\u0131n giderilmesinin o d\u00f6nemin tarih \u00f6n\u00fcnde mahk\u00fbm edilmesinden ge\u00e7ti\u011fini belirterek, &#8220;Bu olay kar\u015f\u0131s\u0131nda TBMM&#8217;nin tav\u0131r almas\u0131 ve o iki g\u00fcn boyunca ya\u015fananlardan dolay\u0131 ma\u011fdur olmu\u015f t\u00fcm yurtta\u015flardan \u00f6z\u00fcr dilemesi gerekmektedir&#8221; dedi.<br \/>\nTanr\u0131kulu yapt\u0131\u011f\u0131 yaz\u0131l\u0131 a\u00e7\u0131klamada, &#8220;Aradan yar\u0131m asr\u0131 a\u015fk\u0131n bir s\u00fcre ge\u00e7mesine ra\u011fmen d\u00fcn gibi taze duran bir yara olarak 6-7 Eyl\u00fcl olaylar\u0131, hesapla\u015f\u0131lmad\u0131\u011f\u0131 s\u00fcrece pe\u015fimizi b\u0131rakmayacakt\u0131r&#8221; diyerek \u015f\u00f6yle devam etti:<br \/>\n&#8220;Yaratt\u0131\u011f\u0131 sosyo-politik tahribat ve Ermeni, Rum, Yahudi yurtta\u015flar\u0131n 6-7 Eyl\u00fcl 1955 ve sonras\u0131nda maruz kald\u0131klar\u0131 \u0131rk\u00e7\u0131 sald\u0131r\u0131lar h\u00e2l\u00e2 toplumsal bar\u0131\u015f\u0131n tesisi \u00f6n\u00fcnde bir set olarak durmaya devam etmektedir.<br \/>\nBa\u015fta \u0130stanbul olmak \u00fczere T\u00fcrkiye&#8217;nin d\u00f6rt bir yan\u0131nda ya\u015fayan Ermeni, Rum ve Yahudi yurtta\u015flar i\u00e7in b\u00fcy\u00fck bir travma olan 6-7 Eyl\u00fcl olaylar\u0131n\u0131n ac\u0131s\u0131, ku\u015fkusuz zorunlu g\u00f6\u00e7 sebebiyle ba\u015fka \u00fclkelere de ta\u015f\u0131m\u0131\u015ft\u0131r.&#8221;<\/p>\n<p style=\"text-align: justify;\"><b>-&#8220;AZINLIK HAKLARI DEVLETLER ARASI M\u00dcNAKA\u015eA VEYA M\u00dcZAKERELERE KURBAN ED\u0130LEMEZ&#8221;-<\/b><\/p>\n<p style=\"text-align: justify;\">Az\u0131nl\u0131klara belli aral\u0131klarla \u015famar o\u011flan\u0131 muamelesi yap\u0131lmas\u0131na, \u00e7o\u011funlu\u011fun sald\u0131r\u0131 ve bask\u0131s\u0131na maruz kalmas\u0131na kar\u015f\u0131 da gerekli t\u00fcm tedbirleri almak ve t\u00fcm yurtta\u015flar\u0131n e\u015fit bir bi\u00e7imde ya\u015famas\u0131n\u0131 sa\u011flaman\u0131n devletin temel vazifesi oldu\u011funu ifade eden Tanr\u0131kulu, &#8220;Az\u0131nl\u0131k haklar\u0131 devletler aras\u0131 m\u00fcnaka\u015fa veya m\u00fczakerelere kurban edilemez. Devlet, az\u0131nl\u0131klara her t\u00fcrl\u00fc haklar\u0131n\u0131, kar\u015f\u0131l\u0131ks\u0131z olarak temin etmekle y\u00fck\u00fcml\u00fcd\u00fcr&#8221; dedi.<br \/>\n6-7 Eyl\u00fcl olaylar\u0131na ili\u015fkin TBMM&#8217;nin tav\u0131r almas\u0131 gerekti\u011fini ifade eden Tanr\u0131kulu \u015f\u00f6yle dedi:<br \/>\n&#8220;6-7 Eyl\u00fcl olaylar\u0131 s\u0131ras\u0131nda adeta aradan \u00e7ekilerek Beyo\u011flu&#8217;ndaki Ermeni, Rum ve Yahudi yurtta\u015flar\u0131 \u0131rk\u00e7\u0131 bir g\u00fcruhun insaf\u0131na terk eden devlet ve o d\u00f6nemin iktidar\u0131, ya\u011fmaya, katliama, tecav\u00fczlere g\u00f6z yummu\u015ftur.<br \/>\n6-7 Eyl\u00fcl&#8217;\u00fcn haf\u0131zalarda yaratt\u0131\u011f\u0131 derin ac\u0131n\u0131n giderilmesi, o d\u00f6nemin tarih \u00f6n\u00fcnde mahk\u00fbm edilmesinden ge\u00e7iyor. Bu olay kar\u015f\u0131s\u0131nda TBMM&#8217;nin tav\u0131r almas\u0131 ve o iki g\u00fcn boyunca ya\u015fananlardan dolay\u0131 ma\u011fdur olmu\u015f t\u00fcm yurtta\u015flardan \u00f6z\u00fcr dilemesi gerekmektedir. B\u00f6ylesi bir \u00f6z\u00fcr, kendilerine ikinci s\u0131n\u0131f vatanda\u015f muamelesi yap\u0131lan az\u0131nl\u0131klar\u0131n ya\u015fad\u0131\u011f\u0131 travman\u0131n nispeten de olsa azalt\u0131lmas\u0131na ve ku\u015fkusuz &#8220;\u00e7o\u011funlu\u011fun&#8221; da az\u0131nl\u0131klara gereken sayg\u0131y\u0131 g\u00f6stermesine vesile olacakt\u0131r.&#8221;<\/p>\n<p style=\"text-align: justify;\"><b><i>(ANKA)<br \/>\n(MG\/\u00d6ZK)<\/i><\/b><\/p>\n<p style=\"text-align: justify;\"><b><i>http:\/\/www.haberx.com\/chpli_tanrikulu_tbmm_ozur_dilemeli%2817,n,11402124,630%29.aspx<\/i><\/b><\/p>\n<p style=\"text-align: justify;\"><b><i>\u00a0<\/i><\/b><\/p>\n","protected":false},"excerpt":{"rendered":"<p>CHP Genel Ba\u015fkan Yard\u0131mc\u0131s\u0131 Sezgin Tanr\u0131kulu, 6-7 Eyl\u00fcl olaylar\u0131n\u0131n haf\u0131zalarda yaratt\u0131\u011f\u0131 derin ac\u0131n\u0131n giderilmesinin o d\u00f6nemin tarih \u00f6n\u00fcnde mahk\u00fbm edilmesinden ge\u00e7ti\u011fini belirterek, &#8220;Bu olay kar\u015f\u0131s\u0131nda TBMM&#8217;nin tav\u0131r almas\u0131 ve o iki g\u00fcn boyunca ya\u015fananlardan dolay\u0131 ma\u011fdur olmu\u015f t\u00fcm yurtta\u015flardan \u00f6z\u00fcr dilemesi gerekmektedir&#8221; dedi. ANKARA (ANKA)- CHP Genel Ba\u015fkan Yard\u0131mc\u0131s\u0131 Sezgin Tanr\u0131kulu, 6-7 Eyl\u00fcl olaylar\u0131n\u0131n haf\u0131zalarda [&hellip;]<\/p>\n","protected":false},"author":7,"featured_media":0,"comment_status":"open","ping_status":"open","sticky":false,"template":"","format":"standard","meta":{"footnotes":""},"categories":[1],"tags":[],"class_list":["post-25403","post","type-post","status-publish","format-standard","hentry","category-haberler"],"yoast_head":"<!-- This site is optimized with the Yoast SEO plugin v27.4 - https:\/\/yoast.com\/product\/yoast-seo-wordpress\/ -->\n<title>CHP\u2019li Tanr\u0131kulu: TBMM \u00f6z\u00fcr dilemeli - Bati Ermenistan Ve Bati Ermenileri Sorunlari Ara\u015ftirmalar Merkezi<\/title>\n<meta name=\"robots\" content=\"index, follow, max-snippet:-1, max-image-preview:large, max-video-preview:-1\" \/>\n<link rel=\"canonical\" href=\"https:\/\/akunq.net\/tr\/?p=25403\" \/>\n<meta property=\"og:locale\" content=\"en_US\" \/>\n<meta property=\"og:type\" content=\"article\" \/>\n<meta property=\"og:title\" content=\"CHP\u2019li Tanr\u0131kulu: TBMM \u00f6z\u00fcr dilemeli - Bati Ermenistan Ve Bati Ermenileri Sorunlari Ara\u015ftirmalar Merkezi\" \/>\n<meta property=\"og:description\" content=\"CHP Genel Ba\u015fkan Yard\u0131mc\u0131s\u0131 Sezgin Tanr\u0131kulu, 6-7 Eyl\u00fcl olaylar\u0131n\u0131n haf\u0131zalarda yaratt\u0131\u011f\u0131 derin ac\u0131n\u0131n giderilmesinin o d\u00f6nemin tarih \u00f6n\u00fcnde mahk\u00fbm edilmesinden ge\u00e7ti\u011fini belirterek, &#8220;Bu olay kar\u015f\u0131s\u0131nda TBMM&#8217;nin tav\u0131r almas\u0131 ve o iki g\u00fcn boyunca ya\u015fananlardan dolay\u0131 ma\u011fdur olmu\u015f t\u00fcm yurtta\u015flardan \u00f6z\u00fcr dilemesi gerekmektedir&#8221; dedi. ANKARA (ANKA)- CHP Genel Ba\u015fkan Yard\u0131mc\u0131s\u0131 Sezgin Tanr\u0131kulu, 6-7 Eyl\u00fcl olaylar\u0131n\u0131n haf\u0131zalarda [&hellip;]\" \/>\n<meta property=\"og:url\" content=\"https:\/\/akunq.net\/tr\/?p=25403\" \/>\n<meta property=\"og:site_name\" content=\"Bati Ermenistan Ve Bati Ermenileri Sorunlari Ara\u015ftirmalar Merkezi\" \/>\n<meta property=\"article:published_time\" content=\"2013-09-07T07:11:16+00:00\" \/>\n<meta property=\"article:modified_time\" content=\"2013-09-07T07:11:36+00:00\" \/>\n<meta name=\"author\" content=\"admin\" \/>\n<meta name=\"twitter:card\" content=\"summary_large_image\" \/>\n<meta name=\"twitter:label1\" content=\"Written by\" \/>\n\t<meta name=\"twitter:data1\" content=\"admin\" \/>\n\t<meta name=\"twitter:label2\" content=\"Est. reading time\" \/>\n\t<meta name=\"twitter:data2\" content=\"3 minutes\" \/>\n<script type=\"application\/ld+json\" class=\"yoast-schema-graph\">{\"@context\":\"https:\\\/\\\/schema.org\",\"@graph\":[{\"@type\":\"Article\",\"@id\":\"https:\\\/\\\/akunq.net\\\/tr\\\/?p=25403#article\",\"isPartOf\":{\"@id\":\"https:\\\/\\\/akunq.net\\\/tr\\\/?p=25403\"},\"author\":{\"name\":\"admin\",\"@id\":\"https:\\\/\\\/akunq.net\\\/tr\\\/#\\\/schema\\\/person\\\/096f1d38a12cce57fb855b485ed24c9e\"},\"headline\":\"CHP\u2019li Tanr\u0131kulu: TBMM \u00f6z\u00fcr dilemeli\",\"datePublished\":\"2013-09-07T07:11:16+00:00\",\"dateModified\":\"2013-09-07T07:11:36+00:00\",\"mainEntityOfPage\":{\"@id\":\"https:\\\/\\\/akunq.net\\\/tr\\\/?p=25403\"},\"wordCount\":558,\"commentCount\":0,\"articleSection\":[\"Haberler\"],\"inLanguage\":\"en-US\",\"potentialAction\":[{\"@type\":\"CommentAction\",\"name\":\"Comment\",\"target\":[\"https:\\\/\\\/akunq.net\\\/tr\\\/?p=25403#respond\"]}]},{\"@type\":\"WebPage\",\"@id\":\"https:\\\/\\\/akunq.net\\\/tr\\\/?p=25403\",\"url\":\"https:\\\/\\\/akunq.net\\\/tr\\\/?p=25403\",\"name\":\"CHP\u2019li Tanr\u0131kulu: TBMM \u00f6z\u00fcr dilemeli - Bati Ermenistan Ve Bati Ermenileri Sorunlari Ara\u015ftirmalar Merkezi\",\"isPartOf\":{\"@id\":\"https:\\\/\\\/akunq.net\\\/tr\\\/#website\"},\"datePublished\":\"2013-09-07T07:11:16+00:00\",\"dateModified\":\"2013-09-07T07:11:36+00:00\",\"author\":{\"@id\":\"https:\\\/\\\/akunq.net\\\/tr\\\/#\\\/schema\\\/person\\\/096f1d38a12cce57fb855b485ed24c9e\"},\"breadcrumb\":{\"@id\":\"https:\\\/\\\/akunq.net\\\/tr\\\/?p=25403#breadcrumb\"},\"inLanguage\":\"en-US\",\"potentialAction\":[{\"@type\":\"ReadAction\",\"target\":[\"https:\\\/\\\/akunq.net\\\/tr\\\/?p=25403\"]}]},{\"@type\":\"BreadcrumbList\",\"@id\":\"https:\\\/\\\/akunq.net\\\/tr\\\/?p=25403#breadcrumb\",\"itemListElement\":[{\"@type\":\"ListItem\",\"position\":1,\"name\":\"Home\",\"item\":\"https:\\\/\\\/akunq.net\\\/tr\"},{\"@type\":\"ListItem\",\"position\":2,\"name\":\"CHP\u2019li Tanr\u0131kulu: TBMM \u00f6z\u00fcr dilemeli\"}]},{\"@type\":\"WebSite\",\"@id\":\"https:\\\/\\\/akunq.net\\\/tr\\\/#website\",\"url\":\"https:\\\/\\\/akunq.net\\\/tr\\\/\",\"name\":\"Bati Ermenistan Ve Bati Ermenileri Sorunlari Ara\u015ftirmalar Merkezi\",\"description\":\"\",\"potentialAction\":[{\"@type\":\"SearchAction\",\"target\":{\"@type\":\"EntryPoint\",\"urlTemplate\":\"https:\\\/\\\/akunq.net\\\/tr\\\/?s={search_term_string}\"},\"query-input\":{\"@type\":\"PropertyValueSpecification\",\"valueRequired\":true,\"valueName\":\"search_term_string\"}}],\"inLanguage\":\"en-US\"},{\"@type\":\"Person\",\"@id\":\"https:\\\/\\\/akunq.net\\\/tr\\\/#\\\/schema\\\/person\\\/096f1d38a12cce57fb855b485ed24c9e\",\"name\":\"admin\",\"url\":\"https:\\\/\\\/akunq.net\\\/tr\\\/?author=7\"}]}<\/script>\n<!-- \/ Yoast SEO plugin. -->","yoast_head_json":{"title":"CHP\u2019li Tanr\u0131kulu: TBMM \u00f6z\u00fcr dilemeli - Bati Ermenistan Ve Bati Ermenileri Sorunlari Ara\u015ftirmalar Merkezi","robots":{"index":"index","follow":"follow","max-snippet":"max-snippet:-1","max-image-preview":"max-image-preview:large","max-video-preview":"max-video-preview:-1"},"canonical":"https:\/\/akunq.net\/tr\/?p=25403","og_locale":"en_US","og_type":"article","og_title":"CHP\u2019li Tanr\u0131kulu: TBMM \u00f6z\u00fcr dilemeli - Bati Ermenistan Ve Bati Ermenileri Sorunlari Ara\u015ftirmalar Merkezi","og_description":"CHP Genel Ba\u015fkan Yard\u0131mc\u0131s\u0131 Sezgin Tanr\u0131kulu, 6-7 Eyl\u00fcl olaylar\u0131n\u0131n haf\u0131zalarda yaratt\u0131\u011f\u0131 derin ac\u0131n\u0131n giderilmesinin o d\u00f6nemin tarih \u00f6n\u00fcnde mahk\u00fbm edilmesinden ge\u00e7ti\u011fini belirterek, &#8220;Bu olay kar\u015f\u0131s\u0131nda TBMM&#8217;nin tav\u0131r almas\u0131 ve o iki g\u00fcn boyunca ya\u015fananlardan dolay\u0131 ma\u011fdur olmu\u015f t\u00fcm yurtta\u015flardan \u00f6z\u00fcr dilemesi gerekmektedir&#8221; dedi. ANKARA (ANKA)- CHP Genel Ba\u015fkan Yard\u0131mc\u0131s\u0131 Sezgin Tanr\u0131kulu, 6-7 Eyl\u00fcl olaylar\u0131n\u0131n haf\u0131zalarda [&hellip;]","og_url":"https:\/\/akunq.net\/tr\/?p=25403","og_site_name":"Bati Ermenistan Ve Bati Ermenileri Sorunlari Ara\u015ftirmalar Merkezi","article_published_time":"2013-09-07T07:11:16+00:00","article_modified_time":"2013-09-07T07:11:36+00:00","author":"admin","twitter_card":"summary_large_image","twitter_misc":{"Written by":"admin","Est. reading time":"3 minutes"},"schema":{"@context":"https:\/\/schema.org","@graph":[{"@type":"Article","@id":"https:\/\/akunq.net\/tr\/?p=25403#article","isPartOf":{"@id":"https:\/\/akunq.net\/tr\/?p=25403"},"author":{"name":"admin","@id":"https:\/\/akunq.net\/tr\/#\/schema\/person\/096f1d38a12cce57fb855b485ed24c9e"},"headline":"CHP\u2019li Tanr\u0131kulu: TBMM \u00f6z\u00fcr dilemeli","datePublished":"2013-09-07T07:11:16+00:00","dateModified":"2013-09-07T07:11:36+00:00","mainEntityOfPage":{"@id":"https:\/\/akunq.net\/tr\/?p=25403"},"wordCount":558,"commentCount":0,"articleSection":["Haberler"],"inLanguage":"en-US","potentialAction":[{"@type":"CommentAction","name":"Comment","target":["https:\/\/akunq.net\/tr\/?p=25403#respond"]}]},{"@type":"WebPage","@id":"https:\/\/akunq.net\/tr\/?p=25403","url":"https:\/\/akunq.net\/tr\/?p=25403","name":"CHP\u2019li Tanr\u0131kulu: TBMM \u00f6z\u00fcr dilemeli - Bati Ermenistan Ve Bati Ermenileri Sorunlari Ara\u015ftirmalar Merkezi","isPartOf":{"@id":"https:\/\/akunq.net\/tr\/#website"},"datePublished":"2013-09-07T07:11:16+00:00","dateModified":"2013-09-07T07:11:36+00:00","author":{"@id":"https:\/\/akunq.net\/tr\/#\/schema\/person\/096f1d38a12cce57fb855b485ed24c9e"},"breadcrumb":{"@id":"https:\/\/akunq.net\/tr\/?p=25403#breadcrumb"},"inLanguage":"en-US","potentialAction":[{"@type":"ReadAction","target":["https:\/\/akunq.net\/tr\/?p=25403"]}]},{"@type":"BreadcrumbList","@id":"https:\/\/akunq.net\/tr\/?p=25403#breadcrumb","itemListElement":[{"@type":"ListItem","position":1,"name":"Home","item":"https:\/\/akunq.net\/tr"},{"@type":"ListItem","position":2,"name":"CHP\u2019li Tanr\u0131kulu: TBMM \u00f6z\u00fcr dilemeli"}]},{"@type":"WebSite","@id":"https:\/\/akunq.net\/tr\/#website","url":"https:\/\/akunq.net\/tr\/","name":"Bati Ermenistan Ve Bati Ermenileri Sorunlari Ara\u015ftirmalar Merkezi","description":"","potentialAction":[{"@type":"SearchAction","target":{"@type":"EntryPoint","urlTemplate":"https:\/\/akunq.net\/tr\/?s={search_term_string}"},"query-input":{"@type":"PropertyValueSpecification","valueRequired":true,"valueName":"search_term_string"}}],"inLanguage":"en-US"},{"@type":"Person","@id":"https:\/\/akunq.net\/tr\/#\/schema\/person\/096f1d38a12cce57fb855b485ed24c9e","name":"admin","url":"https:\/\/akunq.net\/tr\/?author=7"}]}},"_links":{"self":[{"href":"https:\/\/akunq.net\/tr\/index.php?rest_route=\/wp\/v2\/posts\/25403","targetHints":{"allow":["GET"]}}],"collection":[{"href":"https:\/\/akunq.net\/tr\/index.php?rest_route=\/wp\/v2\/posts"}],"about":[{"href":"https:\/\/akunq.net\/tr\/index.php?rest_route=\/wp\/v2\/types\/post"}],"author":[{"embeddable":true,"href":"https:\/\/akunq.net\/tr\/index.php?rest_route=\/wp\/v2\/users\/7"}],"replies":[{"embeddable":true,"href":"https:\/\/akunq.net\/tr\/index.php?rest_route=%2Fwp%2Fv2%2Fcomments&post=25403"}],"version-history":[{"count":2,"href":"https:\/\/akunq.net\/tr\/index.php?rest_route=\/wp\/v2\/posts\/25403\/revisions"}],"predecessor-version":[{"id":25406,"href":"https:\/\/akunq.net\/tr\/index.php?rest_route=\/wp\/v2\/posts\/25403\/revisions\/25406"}],"wp:attachment":[{"href":"https:\/\/akunq.net\/tr\/index.php?rest_route=%2Fwp%2Fv2%2Fmedia&parent=25403"}],"wp:term":[{"taxonomy":"category","embeddable":true,"href":"https:\/\/akunq.net\/tr\/index.php?rest_route=%2Fwp%2Fv2%2Fcategories&post=25403"},{"taxonomy":"post_tag","embeddable":true,"href":"https:\/\/akunq.net\/tr\/index.php?rest_route=%2Fwp%2Fv2%2Ftags&post=25403"}],"curies":[{"name":"wp","href":"https:\/\/api.w.org\/{rel}","templated":true}]}}