{"id":25396,"date":"2013-09-07T02:07:39","date_gmt":"2013-09-07T07:07:39","guid":{"rendered":"http:\/\/akunq.net\/tr\/?p=25396"},"modified":"2013-09-07T02:07:39","modified_gmt":"2013-09-07T07:07:39","slug":"yesiller-ve-sol-6-7-eylul-utancini-unutmuyoruz-affetmiyoruz","status":"publish","type":"post","link":"https:\/\/akunq.net\/tr\/?p=25396","title":{"rendered":"Ye\u015filler ve Sol: 6-7 Eyl\u00fcl Utanc\u0131n\u0131 Unutmuyoruz, Affetmiyoruz!"},"content":{"rendered":"<p style=\"text-align: justify;\"><b><i>\u00a0<a href=\"http:\/\/akunq.net\/tr\/wp-content\/uploads\/2013\/09\/Ye\u015filler-ve-Sol.jpg\"><img loading=\"lazy\" decoding=\"async\" class=\"alignright size-medium wp-image-25397\" alt=\"Ye\u015filler ve Sol\" src=\"http:\/\/akunq.net\/tr\/wp-content\/uploads\/2013\/09\/Ye\u015filler-ve-Sol-300x175.jpg\" width=\"300\" height=\"175\" srcset=\"https:\/\/akunq.net\/tr\/wp-content\/uploads\/sites\/6\/2013\/09\/Ye\u015filler-ve-Sol-300x175.jpg 300w, https:\/\/akunq.net\/tr\/wp-content\/uploads\/sites\/6\/2013\/09\/Ye\u015filler-ve-Sol.jpg 600w\" sizes=\"auto, (max-width: 300px) 100vw, 300px\" \/><\/a>6-7 Eyl\u00fcl olaylar\u0131n\u0131n y\u0131l d\u00f6n\u00fcm\u00fc nedeniyle yaz\u0131l\u0131 bir a\u00e7\u0131klama yay\u0131nlayan Ye\u015filler ve Sol Gelecek Partisi, T\u00fcrkiye tarihine kara bir leke olarak ge\u00e7en o g\u00fcnler i\u00e7in, &#8220;6-7 Eyl\u00fcl utanc\u0131n\u0131 unutmuyoruz, af etmiyoruz &#8221; dedi.<\/i><\/b><\/p>\n<p style=\"text-align: justify;\"><strong>\u00a0Partiden yap\u0131lan a\u00e7\u0131klamada \u015fu g\u00f6r\u00fc\u015flere yer verildi<\/strong><\/p>\n<p style=\"text-align: justify;\">&#8220;6-7 Eyl\u00fcl 1955\u2019te \u0130stanbul\u2019da ya\u015fananlar T\u00fcrkiye tarihine kara bir leke olarak ge\u00e7mi\u015f, utan\u00e7lar\u0131m\u0131zdan biri olmu\u015ftur.<\/p>\n<p style=\"text-align: justify;\">Mustafa Kemal\u2019in Selanik\u2019teki evine bombal\u0131 sald\u0131r\u0131 yap\u0131ld\u0131\u011f\u0131 yalan haberi \u00fczerine 6 Eyl\u00fcl\u2019de derin devlet g\u00fc\u00e7lerinin g\u00f6revlendirdi\u011fi g\u00f6z\u00fc d\u00f6nm\u00fc\u015f kalabal\u0131k \u0130stanbul\u2019da ya\u015fayan Rum ve di\u011fer gayrim\u00fcslim halklar\u0131n hayat\u0131n\u0131 bir anda cehenneme \u00e7evirdi.<\/p>\n<p style=\"text-align: justify;\">Sald\u0131r\u0131 ve ya\u011fma harek\u00e2t\u0131nda, 12 ki\u015fi katledildi, y\u00fczlerce insan yaraland\u0131, yakla\u015f\u0131k 400 kad\u0131na tecav\u00fcz edildi, \u0130stanbul\u2019da Beyo\u011flu, Kumkap\u0131, Samatya ve Yedikule\u2019de 5000 civar\u0131nda d\u00fckk\u00e2n ya\u011fmaland\u0131, onlarca Rum Ortodoks kilisesi tahrip edildi.<\/p>\n<p style=\"text-align: justify;\">Sald\u0131r\u0131dan sonra bu \u00fclkede do\u011fup b\u00fcy\u00fcm\u00fc\u015f, hayat\u0131n\u0131 s\u00fcrd\u00fcren ve bu \u00fclkenin kadim halklar\u0131ndan olan Rum yurtta\u015flar\u0131m\u0131z b\u00fcy\u00fck \u00f6l\u00e7\u00fcde g\u00f6\u00e7 etti, T\u00fcrkiye\u2019yi terk etti.<\/p>\n<p style=\"text-align: justify;\">O g\u00fcn ger\u00e7ekle\u015fen insanl\u0131k d\u0131\u015f\u0131 sald\u0131r\u0131 ve katliamla, o lanetli iki g\u00fcnle T\u00fcrkiye hala hesapla\u015fmad\u0131. \u0130ktidara gelen hi\u00e7bir h\u00fck\u00fcmet konunun \u00fczerine gitmedi. Bu kara leke ile hep birlikte ya\u015f\u0131yoruz.<\/p>\n<p style=\"text-align: justify;\">Ge\u00e7mi\u015fiyle y\u00fczle\u015fmeyi beceremeyen, ya\u015fanan ac\u0131lardan dolay\u0131 \u00f6z\u00fcr dilemeyi ba\u015faramayan toplumlar, yeni utan\u00e7 tablolar\u0131 ya\u015famaya da mahk\u00fbm olurlar.<\/p>\n<p style=\"text-align: justify;\">Ge\u00e7mi\u015fimizle y\u00fczle\u015fmek ve di\u011fer t\u00fcm karanl\u0131k olaylarda oldu\u011fu gibi, 6-7 Eyl\u00fcl olaylar\u0131nda da sorumlular\u0131 ortaya \u00e7\u0131karmak, ger\u00e7ek demokrasi ve e\u015fitlik i\u00e7in elzemdir.<\/p>\n<p style=\"text-align: justify;\">Farkl\u0131 dil, kimlik, k\u00fclt\u00fcr ve inan\u00e7lara sahip halklar\u0131m\u0131za \u00e7a\u011fr\u0131m\u0131z, ya\u015fad\u0131\u011f\u0131m\u0131z bir\u00e7ok tarihsel utanc\u0131 unutmamalar\u0131 ve egemenlerin halklar\u0131 birbirine d\u00fc\u015f\u00fcren zehirli diline itibar etmemeleridir.<\/p>\n<p style=\"text-align: justify;\">Bar\u0131\u015f, e\u015fitlik ve \u00f6zg\u00fcrl\u00fck m\u00fccadelesi ancak bu sayede kazan\u0131labilir.<\/p>\n<p style=\"text-align: justify;\">Ya\u015fas\u0131n halklar\u0131n bir arada ya\u015fam \u00f6zg\u00fcrl\u00fc\u011f\u00fc\u2026&#8221;<\/p>\n<p style=\"text-align: justify;\">\u00a0<strong>Sevil Turan \u2013 Arif Ali Cang\u0131<\/strong><\/p>\n<p style=\"text-align: justify;\"><strong>Ye\u015filler ve Sol Gelecek Partisi E\u015f S\u00f6zc\u00fcleri<\/strong><\/p>\n<p style=\"text-align: justify;\"><b><i>http:\/\/www.duzceyerelhaber.com\/turkiyeden&#8211;dunyadan-haberleri\/19731-Yesiller-ve-Sol-6-7-Eylul-Utancini-Unutmuyoruz-Affetmiyoruz#.UirOZH__kTB<\/i><\/b><\/p>\n","protected":false},"excerpt":{"rendered":"<p>\u00a06-7 Eyl\u00fcl olaylar\u0131n\u0131n y\u0131l d\u00f6n\u00fcm\u00fc nedeniyle yaz\u0131l\u0131 bir a\u00e7\u0131klama yay\u0131nlayan Ye\u015filler ve Sol Gelecek Partisi, T\u00fcrkiye tarihine kara bir leke olarak ge\u00e7en o g\u00fcnler i\u00e7in, &#8220;6-7 Eyl\u00fcl utanc\u0131n\u0131 unutmuyoruz, af etmiyoruz &#8221; dedi. \u00a0Partiden yap\u0131lan a\u00e7\u0131klamada \u015fu g\u00f6r\u00fc\u015flere yer verildi &#8220;6-7 Eyl\u00fcl 1955\u2019te \u0130stanbul\u2019da ya\u015fananlar T\u00fcrkiye tarihine kara bir leke olarak ge\u00e7mi\u015f, utan\u00e7lar\u0131m\u0131zdan biri olmu\u015ftur. [&hellip;]<\/p>\n","protected":false},"author":7,"featured_media":0,"comment_status":"open","ping_status":"open","sticky":false,"template":"","format":"standard","meta":{"footnotes":""},"categories":[1],"tags":[],"class_list":["post-25396","post","type-post","status-publish","format-standard","hentry","category-haberler"],"yoast_head":"<!-- This site is optimized with the Yoast SEO plugin v27.4 - https:\/\/yoast.com\/product\/yoast-seo-wordpress\/ -->\n<title>Ye\u015filler ve Sol: 6-7 Eyl\u00fcl Utanc\u0131n\u0131 Unutmuyoruz, Affetmiyoruz! - Bati Ermenistan Ve Bati Ermenileri Sorunlari Ara\u015ftirmalar Merkezi<\/title>\n<meta name=\"robots\" content=\"index, follow, max-snippet:-1, max-image-preview:large, max-video-preview:-1\" \/>\n<link rel=\"canonical\" href=\"https:\/\/akunq.net\/tr\/?p=25396\" \/>\n<meta property=\"og:locale\" content=\"en_US\" \/>\n<meta property=\"og:type\" content=\"article\" \/>\n<meta property=\"og:title\" content=\"Ye\u015filler ve Sol: 6-7 Eyl\u00fcl Utanc\u0131n\u0131 Unutmuyoruz, Affetmiyoruz! - Bati Ermenistan Ve Bati Ermenileri Sorunlari Ara\u015ftirmalar Merkezi\" \/>\n<meta property=\"og:description\" content=\"\u00a06-7 Eyl\u00fcl olaylar\u0131n\u0131n y\u0131l d\u00f6n\u00fcm\u00fc nedeniyle yaz\u0131l\u0131 bir a\u00e7\u0131klama yay\u0131nlayan Ye\u015filler ve Sol Gelecek Partisi, T\u00fcrkiye tarihine kara bir leke olarak ge\u00e7en o g\u00fcnler i\u00e7in, &#8220;6-7 Eyl\u00fcl utanc\u0131n\u0131 unutmuyoruz, af etmiyoruz &#8221; dedi. \u00a0Partiden yap\u0131lan a\u00e7\u0131klamada \u015fu g\u00f6r\u00fc\u015flere yer verildi &#8220;6-7 Eyl\u00fcl 1955\u2019te \u0130stanbul\u2019da ya\u015fananlar T\u00fcrkiye tarihine kara bir leke olarak ge\u00e7mi\u015f, utan\u00e7lar\u0131m\u0131zdan biri olmu\u015ftur. [&hellip;]\" \/>\n<meta property=\"og:url\" content=\"https:\/\/akunq.net\/tr\/?p=25396\" \/>\n<meta property=\"og:site_name\" content=\"Bati Ermenistan Ve Bati Ermenileri Sorunlari Ara\u015ftirmalar Merkezi\" \/>\n<meta property=\"article:published_time\" content=\"2013-09-07T07:07:39+00:00\" \/>\n<meta name=\"author\" content=\"admin\" \/>\n<meta name=\"twitter:card\" content=\"summary_large_image\" \/>\n<meta name=\"twitter:label1\" content=\"Written by\" \/>\n\t<meta name=\"twitter:data1\" content=\"admin\" \/>\n\t<meta name=\"twitter:label2\" content=\"Est. reading time\" \/>\n\t<meta name=\"twitter:data2\" content=\"2 minutes\" \/>\n<script type=\"application\/ld+json\" class=\"yoast-schema-graph\">{\"@context\":\"https:\\\/\\\/schema.org\",\"@graph\":[{\"@type\":\"Article\",\"@id\":\"https:\\\/\\\/akunq.net\\\/tr\\\/?p=25396#article\",\"isPartOf\":{\"@id\":\"https:\\\/\\\/akunq.net\\\/tr\\\/?p=25396\"},\"author\":{\"name\":\"admin\",\"@id\":\"https:\\\/\\\/akunq.net\\\/tr\\\/#\\\/schema\\\/person\\\/096f1d38a12cce57fb855b485ed24c9e\"},\"headline\":\"Ye\u015filler ve Sol: 6-7 Eyl\u00fcl Utanc\u0131n\u0131 Unutmuyoruz, Affetmiyoruz!\",\"datePublished\":\"2013-09-07T07:07:39+00:00\",\"mainEntityOfPage\":{\"@id\":\"https:\\\/\\\/akunq.net\\\/tr\\\/?p=25396\"},\"wordCount\":415,\"commentCount\":0,\"articleSection\":[\"Haberler\"],\"inLanguage\":\"en-US\",\"potentialAction\":[{\"@type\":\"CommentAction\",\"name\":\"Comment\",\"target\":[\"https:\\\/\\\/akunq.net\\\/tr\\\/?p=25396#respond\"]}]},{\"@type\":\"WebPage\",\"@id\":\"https:\\\/\\\/akunq.net\\\/tr\\\/?p=25396\",\"url\":\"https:\\\/\\\/akunq.net\\\/tr\\\/?p=25396\",\"name\":\"Ye\u015filler ve Sol: 6-7 Eyl\u00fcl Utanc\u0131n\u0131 Unutmuyoruz, Affetmiyoruz! - Bati Ermenistan Ve Bati Ermenileri Sorunlari Ara\u015ftirmalar Merkezi\",\"isPartOf\":{\"@id\":\"https:\\\/\\\/akunq.net\\\/tr\\\/#website\"},\"datePublished\":\"2013-09-07T07:07:39+00:00\",\"author\":{\"@id\":\"https:\\\/\\\/akunq.net\\\/tr\\\/#\\\/schema\\\/person\\\/096f1d38a12cce57fb855b485ed24c9e\"},\"breadcrumb\":{\"@id\":\"https:\\\/\\\/akunq.net\\\/tr\\\/?p=25396#breadcrumb\"},\"inLanguage\":\"en-US\",\"potentialAction\":[{\"@type\":\"ReadAction\",\"target\":[\"https:\\\/\\\/akunq.net\\\/tr\\\/?p=25396\"]}]},{\"@type\":\"BreadcrumbList\",\"@id\":\"https:\\\/\\\/akunq.net\\\/tr\\\/?p=25396#breadcrumb\",\"itemListElement\":[{\"@type\":\"ListItem\",\"position\":1,\"name\":\"Home\",\"item\":\"https:\\\/\\\/akunq.net\\\/tr\"},{\"@type\":\"ListItem\",\"position\":2,\"name\":\"Ye\u015filler ve Sol: 6-7 Eyl\u00fcl Utanc\u0131n\u0131 Unutmuyoruz, Affetmiyoruz!\"}]},{\"@type\":\"WebSite\",\"@id\":\"https:\\\/\\\/akunq.net\\\/tr\\\/#website\",\"url\":\"https:\\\/\\\/akunq.net\\\/tr\\\/\",\"name\":\"Bati Ermenistan Ve Bati Ermenileri Sorunlari Ara\u015ftirmalar Merkezi\",\"description\":\"\",\"potentialAction\":[{\"@type\":\"SearchAction\",\"target\":{\"@type\":\"EntryPoint\",\"urlTemplate\":\"https:\\\/\\\/akunq.net\\\/tr\\\/?s={search_term_string}\"},\"query-input\":{\"@type\":\"PropertyValueSpecification\",\"valueRequired\":true,\"valueName\":\"search_term_string\"}}],\"inLanguage\":\"en-US\"},{\"@type\":\"Person\",\"@id\":\"https:\\\/\\\/akunq.net\\\/tr\\\/#\\\/schema\\\/person\\\/096f1d38a12cce57fb855b485ed24c9e\",\"name\":\"admin\",\"url\":\"https:\\\/\\\/akunq.net\\\/tr\\\/?author=7\"}]}<\/script>\n<!-- \/ Yoast SEO plugin. -->","yoast_head_json":{"title":"Ye\u015filler ve Sol: 6-7 Eyl\u00fcl Utanc\u0131n\u0131 Unutmuyoruz, Affetmiyoruz! - Bati Ermenistan Ve Bati Ermenileri Sorunlari Ara\u015ftirmalar Merkezi","robots":{"index":"index","follow":"follow","max-snippet":"max-snippet:-1","max-image-preview":"max-image-preview:large","max-video-preview":"max-video-preview:-1"},"canonical":"https:\/\/akunq.net\/tr\/?p=25396","og_locale":"en_US","og_type":"article","og_title":"Ye\u015filler ve Sol: 6-7 Eyl\u00fcl Utanc\u0131n\u0131 Unutmuyoruz, Affetmiyoruz! - Bati Ermenistan Ve Bati Ermenileri Sorunlari Ara\u015ftirmalar Merkezi","og_description":"\u00a06-7 Eyl\u00fcl olaylar\u0131n\u0131n y\u0131l d\u00f6n\u00fcm\u00fc nedeniyle yaz\u0131l\u0131 bir a\u00e7\u0131klama yay\u0131nlayan Ye\u015filler ve Sol Gelecek Partisi, T\u00fcrkiye tarihine kara bir leke olarak ge\u00e7en o g\u00fcnler i\u00e7in, &#8220;6-7 Eyl\u00fcl utanc\u0131n\u0131 unutmuyoruz, af etmiyoruz &#8221; dedi. \u00a0Partiden yap\u0131lan a\u00e7\u0131klamada \u015fu g\u00f6r\u00fc\u015flere yer verildi &#8220;6-7 Eyl\u00fcl 1955\u2019te \u0130stanbul\u2019da ya\u015fananlar T\u00fcrkiye tarihine kara bir leke olarak ge\u00e7mi\u015f, utan\u00e7lar\u0131m\u0131zdan biri olmu\u015ftur. [&hellip;]","og_url":"https:\/\/akunq.net\/tr\/?p=25396","og_site_name":"Bati Ermenistan Ve Bati Ermenileri Sorunlari Ara\u015ftirmalar Merkezi","article_published_time":"2013-09-07T07:07:39+00:00","author":"admin","twitter_card":"summary_large_image","twitter_misc":{"Written by":"admin","Est. reading time":"2 minutes"},"schema":{"@context":"https:\/\/schema.org","@graph":[{"@type":"Article","@id":"https:\/\/akunq.net\/tr\/?p=25396#article","isPartOf":{"@id":"https:\/\/akunq.net\/tr\/?p=25396"},"author":{"name":"admin","@id":"https:\/\/akunq.net\/tr\/#\/schema\/person\/096f1d38a12cce57fb855b485ed24c9e"},"headline":"Ye\u015filler ve Sol: 6-7 Eyl\u00fcl Utanc\u0131n\u0131 Unutmuyoruz, Affetmiyoruz!","datePublished":"2013-09-07T07:07:39+00:00","mainEntityOfPage":{"@id":"https:\/\/akunq.net\/tr\/?p=25396"},"wordCount":415,"commentCount":0,"articleSection":["Haberler"],"inLanguage":"en-US","potentialAction":[{"@type":"CommentAction","name":"Comment","target":["https:\/\/akunq.net\/tr\/?p=25396#respond"]}]},{"@type":"WebPage","@id":"https:\/\/akunq.net\/tr\/?p=25396","url":"https:\/\/akunq.net\/tr\/?p=25396","name":"Ye\u015filler ve Sol: 6-7 Eyl\u00fcl Utanc\u0131n\u0131 Unutmuyoruz, Affetmiyoruz! - Bati Ermenistan Ve Bati Ermenileri Sorunlari Ara\u015ftirmalar Merkezi","isPartOf":{"@id":"https:\/\/akunq.net\/tr\/#website"},"datePublished":"2013-09-07T07:07:39+00:00","author":{"@id":"https:\/\/akunq.net\/tr\/#\/schema\/person\/096f1d38a12cce57fb855b485ed24c9e"},"breadcrumb":{"@id":"https:\/\/akunq.net\/tr\/?p=25396#breadcrumb"},"inLanguage":"en-US","potentialAction":[{"@type":"ReadAction","target":["https:\/\/akunq.net\/tr\/?p=25396"]}]},{"@type":"BreadcrumbList","@id":"https:\/\/akunq.net\/tr\/?p=25396#breadcrumb","itemListElement":[{"@type":"ListItem","position":1,"name":"Home","item":"https:\/\/akunq.net\/tr"},{"@type":"ListItem","position":2,"name":"Ye\u015filler ve Sol: 6-7 Eyl\u00fcl Utanc\u0131n\u0131 Unutmuyoruz, Affetmiyoruz!"}]},{"@type":"WebSite","@id":"https:\/\/akunq.net\/tr\/#website","url":"https:\/\/akunq.net\/tr\/","name":"Bati Ermenistan Ve Bati Ermenileri Sorunlari Ara\u015ftirmalar Merkezi","description":"","potentialAction":[{"@type":"SearchAction","target":{"@type":"EntryPoint","urlTemplate":"https:\/\/akunq.net\/tr\/?s={search_term_string}"},"query-input":{"@type":"PropertyValueSpecification","valueRequired":true,"valueName":"search_term_string"}}],"inLanguage":"en-US"},{"@type":"Person","@id":"https:\/\/akunq.net\/tr\/#\/schema\/person\/096f1d38a12cce57fb855b485ed24c9e","name":"admin","url":"https:\/\/akunq.net\/tr\/?author=7"}]}},"_links":{"self":[{"href":"https:\/\/akunq.net\/tr\/index.php?rest_route=\/wp\/v2\/posts\/25396","targetHints":{"allow":["GET"]}}],"collection":[{"href":"https:\/\/akunq.net\/tr\/index.php?rest_route=\/wp\/v2\/posts"}],"about":[{"href":"https:\/\/akunq.net\/tr\/index.php?rest_route=\/wp\/v2\/types\/post"}],"author":[{"embeddable":true,"href":"https:\/\/akunq.net\/tr\/index.php?rest_route=\/wp\/v2\/users\/7"}],"replies":[{"embeddable":true,"href":"https:\/\/akunq.net\/tr\/index.php?rest_route=%2Fwp%2Fv2%2Fcomments&post=25396"}],"version-history":[{"count":1,"href":"https:\/\/akunq.net\/tr\/index.php?rest_route=\/wp\/v2\/posts\/25396\/revisions"}],"predecessor-version":[{"id":25398,"href":"https:\/\/akunq.net\/tr\/index.php?rest_route=\/wp\/v2\/posts\/25396\/revisions\/25398"}],"wp:attachment":[{"href":"https:\/\/akunq.net\/tr\/index.php?rest_route=%2Fwp%2Fv2%2Fmedia&parent=25396"}],"wp:term":[{"taxonomy":"category","embeddable":true,"href":"https:\/\/akunq.net\/tr\/index.php?rest_route=%2Fwp%2Fv2%2Fcategories&post=25396"},{"taxonomy":"post_tag","embeddable":true,"href":"https:\/\/akunq.net\/tr\/index.php?rest_route=%2Fwp%2Fv2%2Ftags&post=25396"}],"curies":[{"name":"wp","href":"https:\/\/api.w.org\/{rel}","templated":true}]}}