{"id":25378,"date":"2013-09-06T03:05:07","date_gmt":"2013-09-06T08:05:07","guid":{"rendered":"http:\/\/akunq.net\/tr\/?p=25378"},"modified":"2013-09-06T03:05:07","modified_gmt":"2013-09-06T08:05:07","slug":"28-subat-davasinda-9-tahliye","status":"publish","type":"post","link":"https:\/\/akunq.net\/tr\/?p=25378","title":{"rendered":"28 \u015eubat davas\u0131nda 9 tahliye"},"content":{"rendered":"<p style=\"text-align: justify;\"><b><i><a href=\"http:\/\/akunq.net\/tr\/wp-content\/uploads\/2013\/09\/28-\u015eubat-davas\u0131.jpg\"><img loading=\"lazy\" decoding=\"async\" class=\"alignright size-full wp-image-25379\" alt=\"28 \u015eubat davas\u0131\" src=\"http:\/\/akunq.net\/tr\/wp-content\/uploads\/2013\/09\/28-\u015eubat-davas\u0131.jpg\" width=\"250\" height=\"150\" \/><\/a>&#8220;28 \u015eubat&#8221; davas\u0131na bakan Ankara 13. A\u011f\u0131r Ceza Mahkemesince tahliye edilen, Kamuran Orhon, Ahmet \u00c7\u00f6rek\u00e7i ve Kemal G\u00fcr\u00fcz&#8217;\u00fcn de aralar\u0131nda bulundu\u011fu 9 ki\u015fi, Sincan Cezaevinden serbest b\u0131rak\u0131ld\u0131.<\/i><\/b><\/p>\n<p style=\"text-align: justify;\">Duru\u015fman\u0131n ard\u0131ndan 9 ki\u015fi, tahliye i\u015flemleri i\u00e7in tutuklu bulunduklar\u0131 Sincan Cezaevine getirildi. Tahliyelerine karar verilen Hakk\u0131 K\u0131l\u0131\u00e7, \u0130zzettin \u0130yig\u00fcn, \u00c7etin Saner, Kemal G\u00fcr\u00fcz, Hikmet K\u00f6ksal, Ahmet \u00c7\u00f6rek\u00e7i, Kamuran Orhon, Abdullah K\u0131l\u0131\u00e7arslan ve \u0130lhan K\u0131l\u0131n\u00e7, cezaevindeki i\u015flemlerin tamamlanmas\u0131n\u0131n ard\u0131ndan serbest b\u0131rak\u0131ld\u0131. San\u0131klar, cezaevinin \u00f6n\u00fcnde yak\u0131nlar\u0131 taraf\u0131ndan kar\u015f\u0131land\u0131.<br \/>\n\u00a0\u00a0\u00a0\u00a0\u00a0<br \/>\nBas\u0131n mensuplar\u0131n\u0131n sorular\u0131n\u0131 yan\u0131tlayan Kamuran Orhon, &#8220;Burada kalan arkada\u015flar i\u00e7in \u00e7ok \u00fcz\u00fcnt\u00fcl\u00fcy\u00fcz. Ama adalet yerini bulacak&#8221; dedi. Eski <a title=\"Y\u00d6K\" href=\"http:\/\/www.hurriyet.com.tr\/index\/y\u00f6k\" target=\"_blank\">Y\u00d6K<\/a> Ba\u015fkan\u0131 Kemal G\u00fcr\u00fcz ise cezaevine ait bir otob\u00fcsle Sincan Cezaevinden ayr\u0131ld\u0131. G\u00fcr\u00fcz, \u015fahsi e\u015fyalar\u0131n\u0131 bir yak\u0131n\u0131na ait araca koydu.\u00a0<\/p>\n<p style=\"text-align: justify;\"><b><i>http:\/\/www.hurriyet.com.tr\/gundem\/24654053.asp<\/i><\/b><\/p>\n","protected":false},"excerpt":{"rendered":"<p>&#8220;28 \u015eubat&#8221; davas\u0131na bakan Ankara 13. A\u011f\u0131r Ceza Mahkemesince tahliye edilen, Kamuran Orhon, Ahmet \u00c7\u00f6rek\u00e7i ve Kemal G\u00fcr\u00fcz&#8217;\u00fcn de aralar\u0131nda bulundu\u011fu 9 ki\u015fi, Sincan Cezaevinden serbest b\u0131rak\u0131ld\u0131. Duru\u015fman\u0131n ard\u0131ndan 9 ki\u015fi, tahliye i\u015flemleri i\u00e7in tutuklu bulunduklar\u0131 Sincan Cezaevine getirildi. Tahliyelerine karar verilen Hakk\u0131 K\u0131l\u0131\u00e7, \u0130zzettin \u0130yig\u00fcn, \u00c7etin Saner, Kemal G\u00fcr\u00fcz, Hikmet K\u00f6ksal, Ahmet \u00c7\u00f6rek\u00e7i, Kamuran [&hellip;]<\/p>\n","protected":false},"author":7,"featured_media":0,"comment_status":"open","ping_status":"open","sticky":false,"template":"","format":"standard","meta":{"footnotes":""},"categories":[1],"tags":[],"class_list":["post-25378","post","type-post","status-publish","format-standard","hentry","category-haberler"],"yoast_head":"<!-- This site is optimized with the Yoast SEO plugin v27.4 - https:\/\/yoast.com\/product\/yoast-seo-wordpress\/ -->\n<title>28 \u015eubat davas\u0131nda 9 tahliye - Bati Ermenistan Ve Bati Ermenileri Sorunlari Ara\u015ftirmalar Merkezi<\/title>\n<meta name=\"robots\" content=\"index, follow, max-snippet:-1, max-image-preview:large, max-video-preview:-1\" \/>\n<link rel=\"canonical\" href=\"https:\/\/akunq.net\/tr\/?p=25378\" \/>\n<meta property=\"og:locale\" content=\"en_US\" \/>\n<meta property=\"og:type\" content=\"article\" \/>\n<meta property=\"og:title\" content=\"28 \u015eubat davas\u0131nda 9 tahliye - Bati Ermenistan Ve Bati Ermenileri Sorunlari Ara\u015ftirmalar Merkezi\" \/>\n<meta property=\"og:description\" content=\"&#8220;28 \u015eubat&#8221; davas\u0131na bakan Ankara 13. A\u011f\u0131r Ceza Mahkemesince tahliye edilen, Kamuran Orhon, Ahmet \u00c7\u00f6rek\u00e7i ve Kemal G\u00fcr\u00fcz&#8217;\u00fcn de aralar\u0131nda bulundu\u011fu 9 ki\u015fi, Sincan Cezaevinden serbest b\u0131rak\u0131ld\u0131. Duru\u015fman\u0131n ard\u0131ndan 9 ki\u015fi, tahliye i\u015flemleri i\u00e7in tutuklu bulunduklar\u0131 Sincan Cezaevine getirildi. Tahliyelerine karar verilen Hakk\u0131 K\u0131l\u0131\u00e7, \u0130zzettin \u0130yig\u00fcn, \u00c7etin Saner, Kemal G\u00fcr\u00fcz, Hikmet K\u00f6ksal, Ahmet \u00c7\u00f6rek\u00e7i, Kamuran [&hellip;]\" \/>\n<meta property=\"og:url\" content=\"https:\/\/akunq.net\/tr\/?p=25378\" \/>\n<meta property=\"og:site_name\" content=\"Bati Ermenistan Ve Bati Ermenileri Sorunlari Ara\u015ftirmalar Merkezi\" \/>\n<meta property=\"article:published_time\" content=\"2013-09-06T08:05:07+00:00\" \/>\n<meta name=\"author\" content=\"admin\" \/>\n<meta name=\"twitter:card\" content=\"summary_large_image\" \/>\n<meta name=\"twitter:label1\" content=\"Written by\" \/>\n\t<meta name=\"twitter:data1\" content=\"admin\" \/>\n\t<meta name=\"twitter:label2\" content=\"Est. reading time\" \/>\n\t<meta name=\"twitter:data2\" content=\"1 minute\" \/>\n<script type=\"application\/ld+json\" class=\"yoast-schema-graph\">{\"@context\":\"https:\\\/\\\/schema.org\",\"@graph\":[{\"@type\":\"Article\",\"@id\":\"https:\\\/\\\/akunq.net\\\/tr\\\/?p=25378#article\",\"isPartOf\":{\"@id\":\"https:\\\/\\\/akunq.net\\\/tr\\\/?p=25378\"},\"author\":{\"name\":\"admin\",\"@id\":\"https:\\\/\\\/akunq.net\\\/tr\\\/#\\\/schema\\\/person\\\/096f1d38a12cce57fb855b485ed24c9e\"},\"headline\":\"28 \u015eubat davas\u0131nda 9 tahliye\",\"datePublished\":\"2013-09-06T08:05:07+00:00\",\"mainEntityOfPage\":{\"@id\":\"https:\\\/\\\/akunq.net\\\/tr\\\/?p=25378\"},\"wordCount\":179,\"commentCount\":0,\"articleSection\":[\"Haberler\"],\"inLanguage\":\"en-US\",\"potentialAction\":[{\"@type\":\"CommentAction\",\"name\":\"Comment\",\"target\":[\"https:\\\/\\\/akunq.net\\\/tr\\\/?p=25378#respond\"]}]},{\"@type\":\"WebPage\",\"@id\":\"https:\\\/\\\/akunq.net\\\/tr\\\/?p=25378\",\"url\":\"https:\\\/\\\/akunq.net\\\/tr\\\/?p=25378\",\"name\":\"28 \u015eubat davas\u0131nda 9 tahliye - Bati Ermenistan Ve Bati Ermenileri Sorunlari Ara\u015ftirmalar Merkezi\",\"isPartOf\":{\"@id\":\"https:\\\/\\\/akunq.net\\\/tr\\\/#website\"},\"datePublished\":\"2013-09-06T08:05:07+00:00\",\"author\":{\"@id\":\"https:\\\/\\\/akunq.net\\\/tr\\\/#\\\/schema\\\/person\\\/096f1d38a12cce57fb855b485ed24c9e\"},\"breadcrumb\":{\"@id\":\"https:\\\/\\\/akunq.net\\\/tr\\\/?p=25378#breadcrumb\"},\"inLanguage\":\"en-US\",\"potentialAction\":[{\"@type\":\"ReadAction\",\"target\":[\"https:\\\/\\\/akunq.net\\\/tr\\\/?p=25378\"]}]},{\"@type\":\"BreadcrumbList\",\"@id\":\"https:\\\/\\\/akunq.net\\\/tr\\\/?p=25378#breadcrumb\",\"itemListElement\":[{\"@type\":\"ListItem\",\"position\":1,\"name\":\"Home\",\"item\":\"https:\\\/\\\/akunq.net\\\/tr\"},{\"@type\":\"ListItem\",\"position\":2,\"name\":\"28 \u015eubat davas\u0131nda 9 tahliye\"}]},{\"@type\":\"WebSite\",\"@id\":\"https:\\\/\\\/akunq.net\\\/tr\\\/#website\",\"url\":\"https:\\\/\\\/akunq.net\\\/tr\\\/\",\"name\":\"Bati Ermenistan Ve Bati Ermenileri Sorunlari Ara\u015ftirmalar Merkezi\",\"description\":\"\",\"potentialAction\":[{\"@type\":\"SearchAction\",\"target\":{\"@type\":\"EntryPoint\",\"urlTemplate\":\"https:\\\/\\\/akunq.net\\\/tr\\\/?s={search_term_string}\"},\"query-input\":{\"@type\":\"PropertyValueSpecification\",\"valueRequired\":true,\"valueName\":\"search_term_string\"}}],\"inLanguage\":\"en-US\"},{\"@type\":\"Person\",\"@id\":\"https:\\\/\\\/akunq.net\\\/tr\\\/#\\\/schema\\\/person\\\/096f1d38a12cce57fb855b485ed24c9e\",\"name\":\"admin\",\"url\":\"https:\\\/\\\/akunq.net\\\/tr\\\/?author=7\"}]}<\/script>\n<!-- \/ Yoast SEO plugin. -->","yoast_head_json":{"title":"28 \u015eubat davas\u0131nda 9 tahliye - Bati Ermenistan Ve Bati Ermenileri Sorunlari Ara\u015ftirmalar Merkezi","robots":{"index":"index","follow":"follow","max-snippet":"max-snippet:-1","max-image-preview":"max-image-preview:large","max-video-preview":"max-video-preview:-1"},"canonical":"https:\/\/akunq.net\/tr\/?p=25378","og_locale":"en_US","og_type":"article","og_title":"28 \u015eubat davas\u0131nda 9 tahliye - Bati Ermenistan Ve Bati Ermenileri Sorunlari Ara\u015ftirmalar Merkezi","og_description":"&#8220;28 \u015eubat&#8221; davas\u0131na bakan Ankara 13. A\u011f\u0131r Ceza Mahkemesince tahliye edilen, Kamuran Orhon, Ahmet \u00c7\u00f6rek\u00e7i ve Kemal G\u00fcr\u00fcz&#8217;\u00fcn de aralar\u0131nda bulundu\u011fu 9 ki\u015fi, Sincan Cezaevinden serbest b\u0131rak\u0131ld\u0131. Duru\u015fman\u0131n ard\u0131ndan 9 ki\u015fi, tahliye i\u015flemleri i\u00e7in tutuklu bulunduklar\u0131 Sincan Cezaevine getirildi. Tahliyelerine karar verilen Hakk\u0131 K\u0131l\u0131\u00e7, \u0130zzettin \u0130yig\u00fcn, \u00c7etin Saner, Kemal G\u00fcr\u00fcz, Hikmet K\u00f6ksal, Ahmet \u00c7\u00f6rek\u00e7i, Kamuran [&hellip;]","og_url":"https:\/\/akunq.net\/tr\/?p=25378","og_site_name":"Bati Ermenistan Ve Bati Ermenileri Sorunlari Ara\u015ftirmalar Merkezi","article_published_time":"2013-09-06T08:05:07+00:00","author":"admin","twitter_card":"summary_large_image","twitter_misc":{"Written by":"admin","Est. reading time":"1 minute"},"schema":{"@context":"https:\/\/schema.org","@graph":[{"@type":"Article","@id":"https:\/\/akunq.net\/tr\/?p=25378#article","isPartOf":{"@id":"https:\/\/akunq.net\/tr\/?p=25378"},"author":{"name":"admin","@id":"https:\/\/akunq.net\/tr\/#\/schema\/person\/096f1d38a12cce57fb855b485ed24c9e"},"headline":"28 \u015eubat davas\u0131nda 9 tahliye","datePublished":"2013-09-06T08:05:07+00:00","mainEntityOfPage":{"@id":"https:\/\/akunq.net\/tr\/?p=25378"},"wordCount":179,"commentCount":0,"articleSection":["Haberler"],"inLanguage":"en-US","potentialAction":[{"@type":"CommentAction","name":"Comment","target":["https:\/\/akunq.net\/tr\/?p=25378#respond"]}]},{"@type":"WebPage","@id":"https:\/\/akunq.net\/tr\/?p=25378","url":"https:\/\/akunq.net\/tr\/?p=25378","name":"28 \u015eubat davas\u0131nda 9 tahliye - Bati Ermenistan Ve Bati Ermenileri Sorunlari Ara\u015ftirmalar Merkezi","isPartOf":{"@id":"https:\/\/akunq.net\/tr\/#website"},"datePublished":"2013-09-06T08:05:07+00:00","author":{"@id":"https:\/\/akunq.net\/tr\/#\/schema\/person\/096f1d38a12cce57fb855b485ed24c9e"},"breadcrumb":{"@id":"https:\/\/akunq.net\/tr\/?p=25378#breadcrumb"},"inLanguage":"en-US","potentialAction":[{"@type":"ReadAction","target":["https:\/\/akunq.net\/tr\/?p=25378"]}]},{"@type":"BreadcrumbList","@id":"https:\/\/akunq.net\/tr\/?p=25378#breadcrumb","itemListElement":[{"@type":"ListItem","position":1,"name":"Home","item":"https:\/\/akunq.net\/tr"},{"@type":"ListItem","position":2,"name":"28 \u015eubat davas\u0131nda 9 tahliye"}]},{"@type":"WebSite","@id":"https:\/\/akunq.net\/tr\/#website","url":"https:\/\/akunq.net\/tr\/","name":"Bati Ermenistan Ve Bati Ermenileri Sorunlari Ara\u015ftirmalar Merkezi","description":"","potentialAction":[{"@type":"SearchAction","target":{"@type":"EntryPoint","urlTemplate":"https:\/\/akunq.net\/tr\/?s={search_term_string}"},"query-input":{"@type":"PropertyValueSpecification","valueRequired":true,"valueName":"search_term_string"}}],"inLanguage":"en-US"},{"@type":"Person","@id":"https:\/\/akunq.net\/tr\/#\/schema\/person\/096f1d38a12cce57fb855b485ed24c9e","name":"admin","url":"https:\/\/akunq.net\/tr\/?author=7"}]}},"_links":{"self":[{"href":"https:\/\/akunq.net\/tr\/index.php?rest_route=\/wp\/v2\/posts\/25378","targetHints":{"allow":["GET"]}}],"collection":[{"href":"https:\/\/akunq.net\/tr\/index.php?rest_route=\/wp\/v2\/posts"}],"about":[{"href":"https:\/\/akunq.net\/tr\/index.php?rest_route=\/wp\/v2\/types\/post"}],"author":[{"embeddable":true,"href":"https:\/\/akunq.net\/tr\/index.php?rest_route=\/wp\/v2\/users\/7"}],"replies":[{"embeddable":true,"href":"https:\/\/akunq.net\/tr\/index.php?rest_route=%2Fwp%2Fv2%2Fcomments&post=25378"}],"version-history":[{"count":1,"href":"https:\/\/akunq.net\/tr\/index.php?rest_route=\/wp\/v2\/posts\/25378\/revisions"}],"predecessor-version":[{"id":25380,"href":"https:\/\/akunq.net\/tr\/index.php?rest_route=\/wp\/v2\/posts\/25378\/revisions\/25380"}],"wp:attachment":[{"href":"https:\/\/akunq.net\/tr\/index.php?rest_route=%2Fwp%2Fv2%2Fmedia&parent=25378"}],"wp:term":[{"taxonomy":"category","embeddable":true,"href":"https:\/\/akunq.net\/tr\/index.php?rest_route=%2Fwp%2Fv2%2Fcategories&post=25378"},{"taxonomy":"post_tag","embeddable":true,"href":"https:\/\/akunq.net\/tr\/index.php?rest_route=%2Fwp%2Fv2%2Ftags&post=25378"}],"curies":[{"name":"wp","href":"https:\/\/api.w.org\/{rel}","templated":true}]}}