{"id":25360,"date":"2013-09-05T02:56:51","date_gmt":"2013-09-05T07:56:51","guid":{"rendered":"http:\/\/akunq.net\/tr\/?p=25360"},"modified":"2013-09-05T02:57:21","modified_gmt":"2013-09-05T07:57:21","slug":"basbakan-erdogan-suriye-icin-her-turlu-koalisyonda-yer-almaya-haziriz","status":"publish","type":"post","link":"https:\/\/akunq.net\/tr\/?p=25360","title":{"rendered":"Ba\u015fbakan Erdo\u011fan: Suriye i\u00e7in her t\u00fcrl\u00fc koalisyonda yer almaya haz\u0131r\u0131z"},"content":{"rendered":"<p style=\"text-align: justify;\"><b><i><a href=\"http:\/\/akunq.net\/tr\/wp-content\/uploads\/2013\/09\/Erdo\u011fan.jpg\"><img loading=\"lazy\" decoding=\"async\" class=\"alignright size-medium wp-image-25361\" alt=\"Erdo\u011fan\" src=\"http:\/\/akunq.net\/tr\/wp-content\/uploads\/2013\/09\/Erdo\u011fan-300x166.jpg\" width=\"300\" height=\"166\" srcset=\"https:\/\/akunq.net\/tr\/wp-content\/uploads\/sites\/6\/2013\/09\/Erdo\u011fan-300x166.jpg 300w, https:\/\/akunq.net\/tr\/wp-content\/uploads\/sites\/6\/2013\/09\/Erdo\u011fan-600x333.jpg 600w, https:\/\/akunq.net\/tr\/wp-content\/uploads\/sites\/6\/2013\/09\/Erdo\u011fan.jpg 720w\" sizes=\"auto, (max-width: 300px) 100vw, 300px\" \/><\/a>Rusya\u2019ya giderken sorular\u0131 yan\u0131tlayan Ba\u015fbakan Erdo\u011fan, \u201cSuriye\u2019ye olas\u0131 bir operasyonda T\u00fcrkiye bu operasyonun neresinde olacak\u201d sorusuna yan\u0131t verdi. \u201cHer t\u00fcrl\u00fc koalisyonun i\u00e7erisinde yer almaya haz\u0131r\u0131z\u201d dedi&#8230;<\/i><\/b><\/p>\n<p style=\"text-align: justify;\"><b><i>Ba\u015fbakan Recep Tayyip Erdo\u011fan<\/i><\/b>, T\u00fcrkiye\u2019nin <b><i>Suriye<\/i><\/b>\u2019ye kar\u015f\u0131 yap\u0131lacak olas\u0131 operasyonda her t\u00fcrl\u00fc koalisyonun i\u00e7erisinde yer almaya haz\u0131r oldu\u011funu belirtti. Ba\u015fbakan Erdo\u011fan, \u201cBunu g\u00f6n\u00fcll\u00fcler koalisyonu olarak de\u011ferlendiriyoruz\u201d a\u00e7\u0131klamas\u0131nda bulundu.<\/p>\n<p style=\"text-align: justify;\"><b>B\u00dcT\u00dcN D\u00dcNYA G\u00d6RD\u00dc<\/b><\/p>\n<p style=\"text-align: justify;\">Erdo\u011fan,<b><i> G20 Zirvesi<\/i><\/b>\u2019ne kat\u0131lmak i\u00e7in Rusya\u2019n\u0131n <b>St.Petersburg kentine<\/b> hareketinden \u00f6nce Esenbo\u011fa Havaliman\u0131\u2019nda gazetecilerin sorular\u0131n\u0131 yan\u0131tlad\u0131.Toplant\u0131da yapaca\u011f\u0131 ikili g\u00f6r\u00fc\u015fmelerde Suriye\u2019de kimyasal silah kullan\u0131m\u0131na ili\u015fkin bilgileri payla\u015f\u0131p payla\u015fmayaca\u011f\u0131na dair soru \u00fczerine \u015f\u00f6yle konu\u015ftu: \u201cBenim s\u00fcrekli ifade etti\u011fim \u015fu: Orada \u015fehit edilmi\u015f, katledilmi\u015f o yavrular\u0131m\u0131z\u0131n kamera \u00e7ekimlerini d\u00fcnya g\u00f6rd\u00fc. Oralarda dikkat ederseniz bir kur\u015fun yaras\u0131 veyahut kan g\u00f6r\u00fcnm\u00fcyor. Kimyasal bombalarla, onlar\u0131n \u015fehit edildi\u011fini ve kimyasal silahlarla \u00f6ld\u00fcr\u00fcld\u00fc\u011f\u00fcn\u00fc \u00e7ok a\u00e7\u0131k net zaten orada g\u00f6r\u00fcyorsunuz.\u201d<\/p>\n<p style=\"text-align: justify;\"><b>G\u00d6N\u00dcLL\u00dcLER KOAL\u0130SYONU<\/b><\/p>\n<p style=\"text-align: justify;\">ABD\u2019nin de T\u00fcrkiye\u2019nin de bu konuda iddial\u0131 \u00e7\u0131k\u0131\u015flar\u0131 oldu\u011funu ifade eden Erdo\u011fan, \u201cBunlar\u0131 biz birbirimizle payla\u015f\u0131yoruz\u201d dedi. ABD Ba\u015fkan\u0131 Barack Obama\u2019n\u0131n m\u00fcdahale karar\u0131n\u0131 Kongre\u2019ye b\u0131rakmas\u0131n\u0131n Esed y\u00f6netimine zaman kazand\u0131rd\u0131\u011f\u0131 y\u00f6n\u00fcndeki iddialar\u0131n hat\u0131rlat\u0131lmas\u0131 \u00fczerine Erdo\u011fan, m\u00fcdahaleyi \u015fartlar\u0131n belirleyece\u011fini ve olgunla\u015ft\u0131raca\u011f\u0131n\u0131 belirtti.<\/p>\n<p style=\"text-align: justify;\">Erdo\u011fan, T\u00fcrkiye\u2019nin koalisyonun i\u00e7erisinde yer almas\u0131na haz\u0131r olduklar\u0131n\u0131 belirterek \u201cBunu bir g\u00f6n\u00fcll\u00fcler koalisyonu olarak da de\u011ferlendiriyoruz. Say\u0131n Obama\u2019n\u0131n bunu kongreye g\u00f6t\u00fcrmesi kendi i\u00e7 siyasi karar\u0131 olarak de\u011ferlendirilebilir. Kendine olan g\u00fcveninden de kaynaklanabilir.G-20 zirvesi bu konular\u0131 da g\u00f6r\u00fc\u015fme bak\u0131m\u0131ndan \u00e7ok \u00e7ok \u00f6nemli bir zemin olacak. Gerek kolektif, gerek ikili g\u00f6r\u00fc\u015fmelerde bunlar\u0131 g\u00fcndemimize alaca\u011f\u0131z. Say\u0131n Obama bu \u015fekilde hareket ederken, ayn\u0131 \u015fekilde Say\u0131n Cameron yine kongreyi bu noktada \u00f6nemserken, att\u0131klar\u0131 ad\u0131mlardan sonra kendi inisiyatiflerini de kullanma gayreti i\u00e7indeler. \u0130lk verilen kararlar\u0131n nihai olmad\u0131\u011f\u0131, bundan sonraki s\u00fcre\u00e7te de buna benzer ad\u0131mlar\u0131n at\u0131labilece\u011fi \u015fu anda tart\u0131\u015fma konusu\u201d diye konu\u015ftu.<\/p>\n<p style=\"text-align: justify;\"><b>B\u0130Z HER \u015eEYE HAZIRIZ<\/b><\/p>\n<p style=\"text-align: justify;\">Suriye\u2019de rejimin T\u00fcrkiye\u2019ye sald\u0131rma ihtimalini de\u011ferlendiren Erdo\u011fan, \u201c\u00dclkemiz b\u00f6yle bir \u015feye her an haz\u0131rd\u0131r. Suriye kendisi buna ne kadar haz\u0131rd\u0131r onu bilemem\u201d dedi.<\/p>\n<p style=\"text-align: justify;\"><b>KISA DA OLSA G\u00d6R\u00dc\u015eECE\u011eiZ<\/b><\/p>\n<p style=\"text-align: justify;\">Obama ve Putin\u2019le g\u00f6r\u00fc\u015fme yap\u0131p yapmayaca\u011f\u0131 sorusunu Erdo\u011fan \u015f\u00f6yle cevaplad\u0131: \u201cObama\u2019n\u0131n yar\u0131n a\u00e7\u0131l\u0131\u015fta bulunup ayr\u0131laca\u011f\u0131na dair bir haber geldi, buna ra\u011fmen k\u0131sa da olsa bir g\u00f6r\u00fc\u015fme yapma imk\u00e2n\u0131m\u0131z olacak. Putin orada gelen \u00fclkelerle g\u00f6r\u00fc\u015fme yapacak. Putin\u2019le de g\u00f6r\u00fc\u015fme yapaca\u011f\u0131z. B\u00fct\u00fcn \u00fclkelerle g\u00f6r\u00fc\u015fece\u011fi i\u00e7in belki daha k\u0131sa olabilir. Suriye konusunda 911 kilometre s\u0131n\u0131ra sahip, burada belli s\u0131k\u0131nt\u0131lar\u0131 ya\u015fayan \u00fclke olmam\u0131z nedeniyle g\u00f6r\u00fc\u015fmeyi iyi de\u011ferlendiririz.\u201d<\/p>\n<p style=\"text-align: justify;\"><b>OLiMPiYAT M\u00dcJDESiYLE D\u00d6NERiZ<\/b><\/p>\n<p style=\"text-align: justify;\">\u0130stanbul\u2019un 2020 Olimpiyatlar\u0131\u2019na ev sahipli\u011fi yapmas\u0131n\u0131n \u00f6nemine de de\u011finen Erdo\u011fan, \u201cSe\u00e7ilmesi halinde \u0130stanbul\u2019un en ba\u015far\u0131l\u0131 \u015fekilde olimpiyat ruhunu yans\u0131taca\u011f\u0131n\u0131 inan\u0131yoruz. Temennimiz odur ki Buenos Aires\u2019ten m\u00fcjdeli haberle \u00fclkemize d\u00f6neriz\u201d dedi.<\/p>\n<p style=\"text-align: justify;\"><b>Putin\u2019in a\u00e7\u0131klamas\u0131 enteresan<\/b><\/p>\n<p style=\"text-align: justify;\">Ba\u015fbakan Erdo\u011fan, Rusya Devlet Ba\u015fkan\u0131 Vladimir Putin\u2019in \u201cEsed y\u00f6netiminin kimyasal silah kulland\u0131\u011f\u0131 kan\u0131tlan\u0131rsa duru\u015fumuz bundan sonraki s\u00fcre\u00e7te de\u011fi\u015fecektir\u201d a\u00e7\u0131klamas\u0131n\u0131 de\u011ferlendirdi. Erdo\u011fan, \u015f\u00f6yle dedi:<\/p>\n<p style=\"text-align: justify;\"><b>B\u0130ZE G\u00d6RE SU\u00c7<\/b><\/p>\n<p style=\"text-align: justify;\">\u201cPutin\u2019in askeri m\u00fcdahaleye kar\u015f\u0131y\u0131z derken, kimyasal silah olmas\u0131 halinde yan\u0131nda yer al\u0131r\u0131z gibi bir yakla\u015f\u0131m\u0131n i\u00e7ine girmesi \u00e7ok enteresand\u0131r. Neticesi \u00f6l\u00fcm olan sald\u0131r\u0131da ne kullan\u0131rsan\u0131z kullan\u0131n bize g\u00f6re bu su\u00e7tur. U\u00e7aklarla bombalayacaks\u0131n, \u00f6ld\u00fcreceksin, o su\u00e7 olmayacak, helikopterlerle, keskin ni\u015fanc\u0131larla, tank topla \u00f6ld\u00fcreceksin su\u00e7 olmayacak, kimyasal silahla \u00f6ld\u00fcr\u00fcrsen su\u00e7 olacak. 100 bini a\u015fk\u0131n insan \u00f6ld\u00fcr\u00fcl\u00fcyor buna ses \u00e7\u0131kartmayacaks\u0131n\u0131z ama bin 300 ki\u015fi \u00f6ld\u00fcr\u00fcld\u00fc\u011f\u00fc zaman olay kimyasal silah olunca su\u00e7tur diyeceksiniz. Bu ispatlan\u0131rsa biz bunu BM\u2019de destekleriz diyeceksiniz. Do\u011frusu, bunu anlamakta ben zorlan\u0131yorum.\u201d<\/p>\n<p style=\"text-align: justify;\"><b>CHP darbe tecr\u00fcbelerini payla\u015facak<\/b><\/p>\n<p style=\"text-align: justify;\"><b><i>Ba\u015fbakan Erdo\u011fan<\/i><\/b>, CHP heyetinin M\u0131s\u0131r\u2019a ziyaretiyle ilgili de \u015f\u00f6yle konu\u015ftu: \u201cCHP\u2019nin oraya gitmesini kendisi a\u00e7\u0131s\u0131ndan \u00f6nemsiyorum. Demokrasiye darbelere bak\u0131\u015f\u0131 a\u00e7\u0131s\u0131ndan tecr\u00fcbelidirler, mevcut tecr\u00fcbelerini, herhalde T\u00fcrkiye tecr\u00fcbeleri onlara yetmiyor, d\u0131\u015far\u0131daki darbe deneyimlerinden de bir \u015feyler kazanman\u0131n veya kendi deneyimlerini onlara aktarman\u0131n gayretinde olacaklard\u0131r. CHP y\u00f6netiminin veya CHP\u2019den gidecek olanlar\u0131n ne Irak\u2019a ne M\u0131s\u0131r\u2019a verebilece\u011fi hi\u00e7bir \u015fey yoktur. Olsa olsa alabilece\u011fi bir \u015fey vard\u0131r. Veyahut da M\u0131s\u0131r\u2019da darbe y\u00f6netimine \u2018i\u015fte biz de b\u00f6yle darbeler yapt\u0131k\u2019 veya \u2018b\u00f6yle darbelerin arkas\u0131nda bulunduk, askeri darbe \u015f\u00f6yledir, sivil darbe b\u00f6yledir\u2019 gibi bunlar noktas\u0131nda bir payla\u015f\u0131m\u0131 olabilir.\u201d<\/p>\n<p style=\"text-align: justify;\"><b><i>HABER: ERHAN BA\u015eYURT \/ BUG\u00dcN GAZETES\u0130 GENEL YAYIN Y\u00d6NETMEN\u0130<\/i><\/b><\/p>\n<p style=\"text-align: justify;\"><b><i>http:\/\/gundem.bugun.com.tr\/koalisyona-haziriz-haberi\/783510<\/i><\/b><\/p>\n","protected":false},"excerpt":{"rendered":"<p>Rusya\u2019ya giderken sorular\u0131 yan\u0131tlayan Ba\u015fbakan Erdo\u011fan, \u201cSuriye\u2019ye olas\u0131 bir operasyonda T\u00fcrkiye bu operasyonun neresinde olacak\u201d sorusuna yan\u0131t verdi. \u201cHer t\u00fcrl\u00fc koalisyonun i\u00e7erisinde yer almaya haz\u0131r\u0131z\u201d dedi&#8230; Ba\u015fbakan Recep Tayyip Erdo\u011fan, T\u00fcrkiye\u2019nin Suriye\u2019ye kar\u015f\u0131 yap\u0131lacak olas\u0131 operasyonda her t\u00fcrl\u00fc koalisyonun i\u00e7erisinde yer almaya haz\u0131r oldu\u011funu belirtti. Ba\u015fbakan Erdo\u011fan, \u201cBunu g\u00f6n\u00fcll\u00fcler koalisyonu olarak de\u011ferlendiriyoruz\u201d a\u00e7\u0131klamas\u0131nda bulundu. B\u00dcT\u00dcN [&hellip;]<\/p>\n","protected":false},"author":7,"featured_media":0,"comment_status":"open","ping_status":"open","sticky":false,"template":"","format":"standard","meta":{"footnotes":""},"categories":[1],"tags":[],"class_list":["post-25360","post","type-post","status-publish","format-standard","hentry","category-haberler"],"yoast_head":"<!-- This site is optimized with the Yoast SEO plugin v27.4 - https:\/\/yoast.com\/product\/yoast-seo-wordpress\/ -->\n<title>Ba\u015fbakan Erdo\u011fan: Suriye i\u00e7in her t\u00fcrl\u00fc koalisyonda yer almaya haz\u0131r\u0131z - Bati Ermenistan Ve Bati Ermenileri Sorunlari Ara\u015ftirmalar Merkezi<\/title>\n<meta name=\"robots\" content=\"index, follow, max-snippet:-1, max-image-preview:large, max-video-preview:-1\" \/>\n<link rel=\"canonical\" href=\"https:\/\/akunq.net\/tr\/?p=25360\" \/>\n<meta property=\"og:locale\" content=\"en_US\" \/>\n<meta property=\"og:type\" content=\"article\" \/>\n<meta property=\"og:title\" content=\"Ba\u015fbakan Erdo\u011fan: Suriye i\u00e7in her t\u00fcrl\u00fc koalisyonda yer almaya haz\u0131r\u0131z - Bati Ermenistan Ve Bati Ermenileri Sorunlari Ara\u015ftirmalar Merkezi\" \/>\n<meta property=\"og:description\" content=\"Rusya\u2019ya giderken sorular\u0131 yan\u0131tlayan Ba\u015fbakan Erdo\u011fan, \u201cSuriye\u2019ye olas\u0131 bir operasyonda T\u00fcrkiye bu operasyonun neresinde olacak\u201d sorusuna yan\u0131t verdi. \u201cHer t\u00fcrl\u00fc koalisyonun i\u00e7erisinde yer almaya haz\u0131r\u0131z\u201d dedi&#8230; Ba\u015fbakan Recep Tayyip Erdo\u011fan, T\u00fcrkiye\u2019nin Suriye\u2019ye kar\u015f\u0131 yap\u0131lacak olas\u0131 operasyonda her t\u00fcrl\u00fc koalisyonun i\u00e7erisinde yer almaya haz\u0131r oldu\u011funu belirtti. Ba\u015fbakan Erdo\u011fan, \u201cBunu g\u00f6n\u00fcll\u00fcler koalisyonu olarak de\u011ferlendiriyoruz\u201d a\u00e7\u0131klamas\u0131nda bulundu. B\u00dcT\u00dcN [&hellip;]\" \/>\n<meta property=\"og:url\" content=\"https:\/\/akunq.net\/tr\/?p=25360\" \/>\n<meta property=\"og:site_name\" content=\"Bati Ermenistan Ve Bati Ermenileri Sorunlari Ara\u015ftirmalar Merkezi\" \/>\n<meta property=\"article:published_time\" content=\"2013-09-05T07:56:51+00:00\" \/>\n<meta property=\"article:modified_time\" content=\"2013-09-05T07:57:21+00:00\" \/>\n<meta name=\"author\" content=\"admin\" \/>\n<meta name=\"twitter:card\" content=\"summary_large_image\" \/>\n<meta name=\"twitter:label1\" content=\"Written by\" \/>\n\t<meta name=\"twitter:data1\" content=\"admin\" \/>\n\t<meta name=\"twitter:label2\" content=\"Est. reading time\" \/>\n\t<meta name=\"twitter:data2\" content=\"5 minutes\" \/>\n<script type=\"application\/ld+json\" class=\"yoast-schema-graph\">{\"@context\":\"https:\\\/\\\/schema.org\",\"@graph\":[{\"@type\":\"Article\",\"@id\":\"https:\\\/\\\/akunq.net\\\/tr\\\/?p=25360#article\",\"isPartOf\":{\"@id\":\"https:\\\/\\\/akunq.net\\\/tr\\\/?p=25360\"},\"author\":{\"name\":\"admin\",\"@id\":\"https:\\\/\\\/akunq.net\\\/tr\\\/#\\\/schema\\\/person\\\/096f1d38a12cce57fb855b485ed24c9e\"},\"headline\":\"Ba\u015fbakan Erdo\u011fan: Suriye i\u00e7in her t\u00fcrl\u00fc koalisyonda yer almaya haz\u0131r\u0131z\",\"datePublished\":\"2013-09-05T07:56:51+00:00\",\"dateModified\":\"2013-09-05T07:57:21+00:00\",\"mainEntityOfPage\":{\"@id\":\"https:\\\/\\\/akunq.net\\\/tr\\\/?p=25360\"},\"wordCount\":957,\"commentCount\":0,\"articleSection\":[\"Haberler\"],\"inLanguage\":\"en-US\",\"potentialAction\":[{\"@type\":\"CommentAction\",\"name\":\"Comment\",\"target\":[\"https:\\\/\\\/akunq.net\\\/tr\\\/?p=25360#respond\"]}]},{\"@type\":\"WebPage\",\"@id\":\"https:\\\/\\\/akunq.net\\\/tr\\\/?p=25360\",\"url\":\"https:\\\/\\\/akunq.net\\\/tr\\\/?p=25360\",\"name\":\"Ba\u015fbakan Erdo\u011fan: Suriye i\u00e7in her t\u00fcrl\u00fc koalisyonda yer almaya haz\u0131r\u0131z - Bati Ermenistan Ve Bati Ermenileri Sorunlari Ara\u015ftirmalar Merkezi\",\"isPartOf\":{\"@id\":\"https:\\\/\\\/akunq.net\\\/tr\\\/#website\"},\"datePublished\":\"2013-09-05T07:56:51+00:00\",\"dateModified\":\"2013-09-05T07:57:21+00:00\",\"author\":{\"@id\":\"https:\\\/\\\/akunq.net\\\/tr\\\/#\\\/schema\\\/person\\\/096f1d38a12cce57fb855b485ed24c9e\"},\"breadcrumb\":{\"@id\":\"https:\\\/\\\/akunq.net\\\/tr\\\/?p=25360#breadcrumb\"},\"inLanguage\":\"en-US\",\"potentialAction\":[{\"@type\":\"ReadAction\",\"target\":[\"https:\\\/\\\/akunq.net\\\/tr\\\/?p=25360\"]}]},{\"@type\":\"BreadcrumbList\",\"@id\":\"https:\\\/\\\/akunq.net\\\/tr\\\/?p=25360#breadcrumb\",\"itemListElement\":[{\"@type\":\"ListItem\",\"position\":1,\"name\":\"Home\",\"item\":\"https:\\\/\\\/akunq.net\\\/tr\"},{\"@type\":\"ListItem\",\"position\":2,\"name\":\"Ba\u015fbakan Erdo\u011fan: Suriye i\u00e7in her t\u00fcrl\u00fc koalisyonda yer almaya haz\u0131r\u0131z\"}]},{\"@type\":\"WebSite\",\"@id\":\"https:\\\/\\\/akunq.net\\\/tr\\\/#website\",\"url\":\"https:\\\/\\\/akunq.net\\\/tr\\\/\",\"name\":\"Bati Ermenistan Ve Bati Ermenileri Sorunlari Ara\u015ftirmalar Merkezi\",\"description\":\"\",\"potentialAction\":[{\"@type\":\"SearchAction\",\"target\":{\"@type\":\"EntryPoint\",\"urlTemplate\":\"https:\\\/\\\/akunq.net\\\/tr\\\/?s={search_term_string}\"},\"query-input\":{\"@type\":\"PropertyValueSpecification\",\"valueRequired\":true,\"valueName\":\"search_term_string\"}}],\"inLanguage\":\"en-US\"},{\"@type\":\"Person\",\"@id\":\"https:\\\/\\\/akunq.net\\\/tr\\\/#\\\/schema\\\/person\\\/096f1d38a12cce57fb855b485ed24c9e\",\"name\":\"admin\",\"url\":\"https:\\\/\\\/akunq.net\\\/tr\\\/?author=7\"}]}<\/script>\n<!-- \/ Yoast SEO plugin. -->","yoast_head_json":{"title":"Ba\u015fbakan Erdo\u011fan: Suriye i\u00e7in her t\u00fcrl\u00fc koalisyonda yer almaya haz\u0131r\u0131z - Bati Ermenistan Ve Bati Ermenileri Sorunlari Ara\u015ftirmalar Merkezi","robots":{"index":"index","follow":"follow","max-snippet":"max-snippet:-1","max-image-preview":"max-image-preview:large","max-video-preview":"max-video-preview:-1"},"canonical":"https:\/\/akunq.net\/tr\/?p=25360","og_locale":"en_US","og_type":"article","og_title":"Ba\u015fbakan Erdo\u011fan: Suriye i\u00e7in her t\u00fcrl\u00fc koalisyonda yer almaya haz\u0131r\u0131z - Bati Ermenistan Ve Bati Ermenileri Sorunlari Ara\u015ftirmalar Merkezi","og_description":"Rusya\u2019ya giderken sorular\u0131 yan\u0131tlayan Ba\u015fbakan Erdo\u011fan, \u201cSuriye\u2019ye olas\u0131 bir operasyonda T\u00fcrkiye bu operasyonun neresinde olacak\u201d sorusuna yan\u0131t verdi. \u201cHer t\u00fcrl\u00fc koalisyonun i\u00e7erisinde yer almaya haz\u0131r\u0131z\u201d dedi&#8230; Ba\u015fbakan Recep Tayyip Erdo\u011fan, T\u00fcrkiye\u2019nin Suriye\u2019ye kar\u015f\u0131 yap\u0131lacak olas\u0131 operasyonda her t\u00fcrl\u00fc koalisyonun i\u00e7erisinde yer almaya haz\u0131r oldu\u011funu belirtti. Ba\u015fbakan Erdo\u011fan, \u201cBunu g\u00f6n\u00fcll\u00fcler koalisyonu olarak de\u011ferlendiriyoruz\u201d a\u00e7\u0131klamas\u0131nda bulundu. B\u00dcT\u00dcN [&hellip;]","og_url":"https:\/\/akunq.net\/tr\/?p=25360","og_site_name":"Bati Ermenistan Ve Bati Ermenileri Sorunlari Ara\u015ftirmalar Merkezi","article_published_time":"2013-09-05T07:56:51+00:00","article_modified_time":"2013-09-05T07:57:21+00:00","author":"admin","twitter_card":"summary_large_image","twitter_misc":{"Written by":"admin","Est. reading time":"5 minutes"},"schema":{"@context":"https:\/\/schema.org","@graph":[{"@type":"Article","@id":"https:\/\/akunq.net\/tr\/?p=25360#article","isPartOf":{"@id":"https:\/\/akunq.net\/tr\/?p=25360"},"author":{"name":"admin","@id":"https:\/\/akunq.net\/tr\/#\/schema\/person\/096f1d38a12cce57fb855b485ed24c9e"},"headline":"Ba\u015fbakan Erdo\u011fan: Suriye i\u00e7in her t\u00fcrl\u00fc koalisyonda yer almaya haz\u0131r\u0131z","datePublished":"2013-09-05T07:56:51+00:00","dateModified":"2013-09-05T07:57:21+00:00","mainEntityOfPage":{"@id":"https:\/\/akunq.net\/tr\/?p=25360"},"wordCount":957,"commentCount":0,"articleSection":["Haberler"],"inLanguage":"en-US","potentialAction":[{"@type":"CommentAction","name":"Comment","target":["https:\/\/akunq.net\/tr\/?p=25360#respond"]}]},{"@type":"WebPage","@id":"https:\/\/akunq.net\/tr\/?p=25360","url":"https:\/\/akunq.net\/tr\/?p=25360","name":"Ba\u015fbakan Erdo\u011fan: Suriye i\u00e7in her t\u00fcrl\u00fc koalisyonda yer almaya haz\u0131r\u0131z - Bati Ermenistan Ve Bati Ermenileri Sorunlari Ara\u015ftirmalar Merkezi","isPartOf":{"@id":"https:\/\/akunq.net\/tr\/#website"},"datePublished":"2013-09-05T07:56:51+00:00","dateModified":"2013-09-05T07:57:21+00:00","author":{"@id":"https:\/\/akunq.net\/tr\/#\/schema\/person\/096f1d38a12cce57fb855b485ed24c9e"},"breadcrumb":{"@id":"https:\/\/akunq.net\/tr\/?p=25360#breadcrumb"},"inLanguage":"en-US","potentialAction":[{"@type":"ReadAction","target":["https:\/\/akunq.net\/tr\/?p=25360"]}]},{"@type":"BreadcrumbList","@id":"https:\/\/akunq.net\/tr\/?p=25360#breadcrumb","itemListElement":[{"@type":"ListItem","position":1,"name":"Home","item":"https:\/\/akunq.net\/tr"},{"@type":"ListItem","position":2,"name":"Ba\u015fbakan Erdo\u011fan: Suriye i\u00e7in her t\u00fcrl\u00fc koalisyonda yer almaya haz\u0131r\u0131z"}]},{"@type":"WebSite","@id":"https:\/\/akunq.net\/tr\/#website","url":"https:\/\/akunq.net\/tr\/","name":"Bati Ermenistan Ve Bati Ermenileri Sorunlari Ara\u015ftirmalar Merkezi","description":"","potentialAction":[{"@type":"SearchAction","target":{"@type":"EntryPoint","urlTemplate":"https:\/\/akunq.net\/tr\/?s={search_term_string}"},"query-input":{"@type":"PropertyValueSpecification","valueRequired":true,"valueName":"search_term_string"}}],"inLanguage":"en-US"},{"@type":"Person","@id":"https:\/\/akunq.net\/tr\/#\/schema\/person\/096f1d38a12cce57fb855b485ed24c9e","name":"admin","url":"https:\/\/akunq.net\/tr\/?author=7"}]}},"_links":{"self":[{"href":"https:\/\/akunq.net\/tr\/index.php?rest_route=\/wp\/v2\/posts\/25360","targetHints":{"allow":["GET"]}}],"collection":[{"href":"https:\/\/akunq.net\/tr\/index.php?rest_route=\/wp\/v2\/posts"}],"about":[{"href":"https:\/\/akunq.net\/tr\/index.php?rest_route=\/wp\/v2\/types\/post"}],"author":[{"embeddable":true,"href":"https:\/\/akunq.net\/tr\/index.php?rest_route=\/wp\/v2\/users\/7"}],"replies":[{"embeddable":true,"href":"https:\/\/akunq.net\/tr\/index.php?rest_route=%2Fwp%2Fv2%2Fcomments&post=25360"}],"version-history":[{"count":2,"href":"https:\/\/akunq.net\/tr\/index.php?rest_route=\/wp\/v2\/posts\/25360\/revisions"}],"predecessor-version":[{"id":25363,"href":"https:\/\/akunq.net\/tr\/index.php?rest_route=\/wp\/v2\/posts\/25360\/revisions\/25363"}],"wp:attachment":[{"href":"https:\/\/akunq.net\/tr\/index.php?rest_route=%2Fwp%2Fv2%2Fmedia&parent=25360"}],"wp:term":[{"taxonomy":"category","embeddable":true,"href":"https:\/\/akunq.net\/tr\/index.php?rest_route=%2Fwp%2Fv2%2Fcategories&post=25360"},{"taxonomy":"post_tag","embeddable":true,"href":"https:\/\/akunq.net\/tr\/index.php?rest_route=%2Fwp%2Fv2%2Ftags&post=25360"}],"curies":[{"name":"wp","href":"https:\/\/api.w.org\/{rel}","templated":true}]}}