{"id":25332,"date":"2013-09-04T02:05:26","date_gmt":"2013-09-04T07:05:26","guid":{"rendered":"http:\/\/akunq.net\/tr\/?p=25332"},"modified":"2013-09-04T02:05:45","modified_gmt":"2013-09-04T07:05:45","slug":"tarihi-hoca-imam-camii-yikilmaktan-kurtarilacak","status":"publish","type":"post","link":"https:\/\/akunq.net\/tr\/?p=25332","title":{"rendered":"Tarihi Hoca \u0130mam Camii y\u0131k\u0131lmaktan kurtar\u0131lacak"},"content":{"rendered":"<p style=\"text-align: justify;\"><b><i><a href=\"http:\/\/akunq.net\/tr\/wp-content\/uploads\/2013\/09\/\u0540\u0578\u057b\u0561-\u053b\u0574\u0561\u0574.jpg\"><img loading=\"lazy\" decoding=\"async\" class=\"alignright size-medium wp-image-25333\" alt=\"\u0540\u0578\u057b\u0561 \u053b\u0574\u0561\u0574\" src=\"http:\/\/akunq.net\/tr\/wp-content\/uploads\/2013\/09\/\u0540\u0578\u057b\u0561-\u053b\u0574\u0561\u0574-300x206.jpg\" width=\"300\" height=\"206\" srcset=\"https:\/\/akunq.net\/tr\/wp-content\/uploads\/sites\/6\/2013\/09\/\u0540\u0578\u057b\u0561-\u053b\u0574\u0561\u0574-300x206.jpg 300w, https:\/\/akunq.net\/tr\/wp-content\/uploads\/sites\/6\/2013\/09\/\u0540\u0578\u057b\u0561-\u053b\u0574\u0561\u0574.jpg 307w\" sizes=\"auto, (max-width: 300px) 100vw, 300px\" \/><\/a>Sivas&#8217;ta y\u0131k\u0131lma tehlikesiyle kar\u015f\u0131 kar\u015f\u0131ya bulunan tarihi Hoca \u0130mam Camii, restore \u00e7al\u0131\u015fmalar\u0131yla y\u0131k\u0131lmaktan kurtar\u0131lacak. Osmanl\u0131&#8217;n\u0131n son d\u00f6nemlerinde 1827&#8217;de \u015fehrin \u00f6nde gelenlerinden Hoca \u0130mam taraf\u0131ndan Ermeni ustaya yapt\u0131r\u0131lan caminin duvarlar\u0131nda meydana gelen \u00e7atlaklar, tarihi cami y\u0131k\u0131l\u0131yor mu? sorular\u0131n\u0131 ak\u0131llara getirdi.<\/i><\/b><\/p>\n<p style=\"text-align: justify;\">Cami cemaatine g\u00f6re, eskiden cami bah\u00e7esinde bulunan binalar\u0131n su \u015febekesinin patlamas\u0131 sonucu caminin temelinde ve bah\u00e7esinde \u00e7\u00f6kmeler olurken duvarlar\u0131nda da b\u00fcy\u00fck \u00e7atlaklar olu\u015ftu. Durum Vak\u0131flar B\u00f6lge M\u00fcd\u00fcrl\u00fc\u011f\u00fc&#8217;ne iletildi. Vak\u0131flar, proje ihalesini ger\u00e7ekle\u015ftirdi. \u015eimdi restorasyon i\u00e7in proje bekleniyor.<\/p>\n<p style=\"text-align: justify;\">Cami cemaatinden Levent S\u00f6nmez, 1997&#8217;de caminin restorasyondan ge\u00e7irildi\u011fini hat\u0131rlatt\u0131. S\u00f6nmez, <strong>&#8220;Vak\u0131flar B\u00f6lge M\u00fcd\u00fcrl\u00fc\u011f\u00fc o y\u0131l caminin bah\u00e7esinde bulunan binalar\u0131 istimlak ederek y\u0131kt\u0131. \u00c7at\u0131s\u0131nda onar\u0131mlar yap\u0131ld\u0131. Ancak yan\u0131ndaki binalar y\u0131k\u0131l\u0131nca su \u015febekesi kalm\u0131\u015f, boruda patlama olunca caminin temeli ve bah\u00e7esinde \u00e7\u00f6kmeler meydana geldi. Duvarlarda da \u00e7atlamalar oldu. Konuyla ilgili olarak B\u00f6lge M\u00fcd\u00fcrl\u00fc\u011f\u00fc ile g\u00f6r\u00fc\u015ft\u00fck.&#8221;<\/strong> \u015feklinde konu\u015ftu.<\/p>\n<p style=\"text-align: justify;\"><strong>&#8220;ADINA YAKI\u015eIR \u015eEK\u0130LDE RESTORE EDECE\u011e\u0130Z&#8221;<\/strong><\/p>\n<p style=\"text-align: justify;\">Vak\u0131flar B\u00f6lge M\u00fcd\u00fcr\u00fc Ali Veral ise Hoca \u0130mam Cami ve restorasyona ihtiya\u00e7 duyulan 7-8 cami ile ilgili proje ihalelerinin yap\u0131ld\u0131\u011f\u0131n\u0131 belirterek, projelerinin tamamlanmas\u0131yla An\u0131tlar Kurulu onay\u0131n\u0131n al\u0131naca\u011f\u0131n\u0131, ihale s\u00fcrecinin ard\u0131ndan 2014 yaz\u0131yla birlikte restorasyonlar\u0131na ba\u015flanaca\u011f\u0131n\u0131 dile getirdi.<\/p>\n<p style=\"text-align: justify;\">Hoca \u0130mam Cami&#8217;nin restorasyon, r\u00f6leve ve \u00e7evre d\u00fczenleme projelerinin haz\u0131rlanmaya ba\u015flad\u0131\u011f\u0131n\u0131 aktaran Veral, <strong>&#8220;Camiyi en g\u00fczel \u015fekilde tepeden t\u0131rna\u011fa, temelden \u00e7at\u0131ya restorasyonunu yapaca\u011f\u0131z. O b\u00f6lgedeki en g\u00fczel camilerden birisi. Avlusunda peyzaj \u00e7al\u0131\u015fmas\u0131 yap\u0131lacak. 2014 yaz\u0131nda Hoca \u0130mam camini ad\u0131na yak\u0131\u015f\u0131r \u015fekilde restore edece\u011fiz.&#8221;<\/strong> ifadelerini kulland\u0131.<\/p>\n<p style=\"text-align: justify;\"><b><i>http:\/\/www.bugun.com.tr\/son-dakika\/tarihi-hoca-imam-camii-yikilmaktan&#8211;haberi\/779702<\/i><\/b><\/p>\n","protected":false},"excerpt":{"rendered":"<p>Sivas&#8217;ta y\u0131k\u0131lma tehlikesiyle kar\u015f\u0131 kar\u015f\u0131ya bulunan tarihi Hoca \u0130mam Camii, restore \u00e7al\u0131\u015fmalar\u0131yla y\u0131k\u0131lmaktan kurtar\u0131lacak. Osmanl\u0131&#8217;n\u0131n son d\u00f6nemlerinde 1827&#8217;de \u015fehrin \u00f6nde gelenlerinden Hoca \u0130mam taraf\u0131ndan Ermeni ustaya yapt\u0131r\u0131lan caminin duvarlar\u0131nda meydana gelen \u00e7atlaklar, tarihi cami y\u0131k\u0131l\u0131yor mu? sorular\u0131n\u0131 ak\u0131llara getirdi. Cami cemaatine g\u00f6re, eskiden cami bah\u00e7esinde bulunan binalar\u0131n su \u015febekesinin patlamas\u0131 sonucu caminin temelinde ve bah\u00e7esinde [&hellip;]<\/p>\n","protected":false},"author":7,"featured_media":0,"comment_status":"open","ping_status":"open","sticky":false,"template":"","format":"standard","meta":{"footnotes":""},"categories":[1],"tags":[],"class_list":["post-25332","post","type-post","status-publish","format-standard","hentry","category-haberler"],"yoast_head":"<!-- This site is optimized with the Yoast SEO plugin v27.4 - https:\/\/yoast.com\/product\/yoast-seo-wordpress\/ -->\n<title>Tarihi Hoca \u0130mam Camii y\u0131k\u0131lmaktan kurtar\u0131lacak - Bati Ermenistan Ve Bati Ermenileri Sorunlari Ara\u015ftirmalar Merkezi<\/title>\n<meta name=\"robots\" content=\"index, follow, max-snippet:-1, max-image-preview:large, max-video-preview:-1\" \/>\n<link rel=\"canonical\" href=\"https:\/\/akunq.net\/tr\/?p=25332\" \/>\n<meta property=\"og:locale\" content=\"en_US\" \/>\n<meta property=\"og:type\" content=\"article\" \/>\n<meta property=\"og:title\" content=\"Tarihi Hoca \u0130mam Camii y\u0131k\u0131lmaktan kurtar\u0131lacak - Bati Ermenistan Ve Bati Ermenileri Sorunlari Ara\u015ftirmalar Merkezi\" \/>\n<meta property=\"og:description\" content=\"Sivas&#8217;ta y\u0131k\u0131lma tehlikesiyle kar\u015f\u0131 kar\u015f\u0131ya bulunan tarihi Hoca \u0130mam Camii, restore \u00e7al\u0131\u015fmalar\u0131yla y\u0131k\u0131lmaktan kurtar\u0131lacak. Osmanl\u0131&#8217;n\u0131n son d\u00f6nemlerinde 1827&#8217;de \u015fehrin \u00f6nde gelenlerinden Hoca \u0130mam taraf\u0131ndan Ermeni ustaya yapt\u0131r\u0131lan caminin duvarlar\u0131nda meydana gelen \u00e7atlaklar, tarihi cami y\u0131k\u0131l\u0131yor mu? sorular\u0131n\u0131 ak\u0131llara getirdi. Cami cemaatine g\u00f6re, eskiden cami bah\u00e7esinde bulunan binalar\u0131n su \u015febekesinin patlamas\u0131 sonucu caminin temelinde ve bah\u00e7esinde [&hellip;]\" \/>\n<meta property=\"og:url\" content=\"https:\/\/akunq.net\/tr\/?p=25332\" \/>\n<meta property=\"og:site_name\" content=\"Bati Ermenistan Ve Bati Ermenileri Sorunlari Ara\u015ftirmalar Merkezi\" \/>\n<meta property=\"article:published_time\" content=\"2013-09-04T07:05:26+00:00\" \/>\n<meta property=\"article:modified_time\" content=\"2013-09-04T07:05:45+00:00\" \/>\n<meta name=\"author\" content=\"admin\" \/>\n<meta name=\"twitter:card\" content=\"summary_large_image\" \/>\n<meta name=\"twitter:label1\" content=\"Written by\" \/>\n\t<meta name=\"twitter:data1\" content=\"admin\" \/>\n\t<meta name=\"twitter:label2\" content=\"Est. reading time\" \/>\n\t<meta name=\"twitter:data2\" content=\"2 minutes\" \/>\n<script type=\"application\/ld+json\" class=\"yoast-schema-graph\">{\"@context\":\"https:\\\/\\\/schema.org\",\"@graph\":[{\"@type\":\"Article\",\"@id\":\"https:\\\/\\\/akunq.net\\\/tr\\\/?p=25332#article\",\"isPartOf\":{\"@id\":\"https:\\\/\\\/akunq.net\\\/tr\\\/?p=25332\"},\"author\":{\"name\":\"admin\",\"@id\":\"https:\\\/\\\/akunq.net\\\/tr\\\/#\\\/schema\\\/person\\\/096f1d38a12cce57fb855b485ed24c9e\"},\"headline\":\"Tarihi Hoca \u0130mam Camii y\u0131k\u0131lmaktan kurtar\u0131lacak\",\"datePublished\":\"2013-09-04T07:05:26+00:00\",\"dateModified\":\"2013-09-04T07:05:45+00:00\",\"mainEntityOfPage\":{\"@id\":\"https:\\\/\\\/akunq.net\\\/tr\\\/?p=25332\"},\"wordCount\":336,\"commentCount\":0,\"articleSection\":[\"Haberler\"],\"inLanguage\":\"en-US\",\"potentialAction\":[{\"@type\":\"CommentAction\",\"name\":\"Comment\",\"target\":[\"https:\\\/\\\/akunq.net\\\/tr\\\/?p=25332#respond\"]}]},{\"@type\":\"WebPage\",\"@id\":\"https:\\\/\\\/akunq.net\\\/tr\\\/?p=25332\",\"url\":\"https:\\\/\\\/akunq.net\\\/tr\\\/?p=25332\",\"name\":\"Tarihi Hoca \u0130mam Camii y\u0131k\u0131lmaktan kurtar\u0131lacak - Bati Ermenistan Ve Bati Ermenileri Sorunlari Ara\u015ftirmalar Merkezi\",\"isPartOf\":{\"@id\":\"https:\\\/\\\/akunq.net\\\/tr\\\/#website\"},\"datePublished\":\"2013-09-04T07:05:26+00:00\",\"dateModified\":\"2013-09-04T07:05:45+00:00\",\"author\":{\"@id\":\"https:\\\/\\\/akunq.net\\\/tr\\\/#\\\/schema\\\/person\\\/096f1d38a12cce57fb855b485ed24c9e\"},\"breadcrumb\":{\"@id\":\"https:\\\/\\\/akunq.net\\\/tr\\\/?p=25332#breadcrumb\"},\"inLanguage\":\"en-US\",\"potentialAction\":[{\"@type\":\"ReadAction\",\"target\":[\"https:\\\/\\\/akunq.net\\\/tr\\\/?p=25332\"]}]},{\"@type\":\"BreadcrumbList\",\"@id\":\"https:\\\/\\\/akunq.net\\\/tr\\\/?p=25332#breadcrumb\",\"itemListElement\":[{\"@type\":\"ListItem\",\"position\":1,\"name\":\"Home\",\"item\":\"https:\\\/\\\/akunq.net\\\/tr\"},{\"@type\":\"ListItem\",\"position\":2,\"name\":\"Tarihi Hoca \u0130mam Camii y\u0131k\u0131lmaktan kurtar\u0131lacak\"}]},{\"@type\":\"WebSite\",\"@id\":\"https:\\\/\\\/akunq.net\\\/tr\\\/#website\",\"url\":\"https:\\\/\\\/akunq.net\\\/tr\\\/\",\"name\":\"Bati Ermenistan Ve Bati Ermenileri Sorunlari Ara\u015ftirmalar Merkezi\",\"description\":\"\",\"potentialAction\":[{\"@type\":\"SearchAction\",\"target\":{\"@type\":\"EntryPoint\",\"urlTemplate\":\"https:\\\/\\\/akunq.net\\\/tr\\\/?s={search_term_string}\"},\"query-input\":{\"@type\":\"PropertyValueSpecification\",\"valueRequired\":true,\"valueName\":\"search_term_string\"}}],\"inLanguage\":\"en-US\"},{\"@type\":\"Person\",\"@id\":\"https:\\\/\\\/akunq.net\\\/tr\\\/#\\\/schema\\\/person\\\/096f1d38a12cce57fb855b485ed24c9e\",\"name\":\"admin\",\"url\":\"https:\\\/\\\/akunq.net\\\/tr\\\/?author=7\"}]}<\/script>\n<!-- \/ Yoast SEO plugin. -->","yoast_head_json":{"title":"Tarihi Hoca \u0130mam Camii y\u0131k\u0131lmaktan kurtar\u0131lacak - Bati Ermenistan Ve Bati Ermenileri Sorunlari Ara\u015ftirmalar Merkezi","robots":{"index":"index","follow":"follow","max-snippet":"max-snippet:-1","max-image-preview":"max-image-preview:large","max-video-preview":"max-video-preview:-1"},"canonical":"https:\/\/akunq.net\/tr\/?p=25332","og_locale":"en_US","og_type":"article","og_title":"Tarihi Hoca \u0130mam Camii y\u0131k\u0131lmaktan kurtar\u0131lacak - Bati Ermenistan Ve Bati Ermenileri Sorunlari Ara\u015ftirmalar Merkezi","og_description":"Sivas&#8217;ta y\u0131k\u0131lma tehlikesiyle kar\u015f\u0131 kar\u015f\u0131ya bulunan tarihi Hoca \u0130mam Camii, restore \u00e7al\u0131\u015fmalar\u0131yla y\u0131k\u0131lmaktan kurtar\u0131lacak. Osmanl\u0131&#8217;n\u0131n son d\u00f6nemlerinde 1827&#8217;de \u015fehrin \u00f6nde gelenlerinden Hoca \u0130mam taraf\u0131ndan Ermeni ustaya yapt\u0131r\u0131lan caminin duvarlar\u0131nda meydana gelen \u00e7atlaklar, tarihi cami y\u0131k\u0131l\u0131yor mu? sorular\u0131n\u0131 ak\u0131llara getirdi. Cami cemaatine g\u00f6re, eskiden cami bah\u00e7esinde bulunan binalar\u0131n su \u015febekesinin patlamas\u0131 sonucu caminin temelinde ve bah\u00e7esinde [&hellip;]","og_url":"https:\/\/akunq.net\/tr\/?p=25332","og_site_name":"Bati Ermenistan Ve Bati Ermenileri Sorunlari Ara\u015ftirmalar Merkezi","article_published_time":"2013-09-04T07:05:26+00:00","article_modified_time":"2013-09-04T07:05:45+00:00","author":"admin","twitter_card":"summary_large_image","twitter_misc":{"Written by":"admin","Est. reading time":"2 minutes"},"schema":{"@context":"https:\/\/schema.org","@graph":[{"@type":"Article","@id":"https:\/\/akunq.net\/tr\/?p=25332#article","isPartOf":{"@id":"https:\/\/akunq.net\/tr\/?p=25332"},"author":{"name":"admin","@id":"https:\/\/akunq.net\/tr\/#\/schema\/person\/096f1d38a12cce57fb855b485ed24c9e"},"headline":"Tarihi Hoca \u0130mam Camii y\u0131k\u0131lmaktan kurtar\u0131lacak","datePublished":"2013-09-04T07:05:26+00:00","dateModified":"2013-09-04T07:05:45+00:00","mainEntityOfPage":{"@id":"https:\/\/akunq.net\/tr\/?p=25332"},"wordCount":336,"commentCount":0,"articleSection":["Haberler"],"inLanguage":"en-US","potentialAction":[{"@type":"CommentAction","name":"Comment","target":["https:\/\/akunq.net\/tr\/?p=25332#respond"]}]},{"@type":"WebPage","@id":"https:\/\/akunq.net\/tr\/?p=25332","url":"https:\/\/akunq.net\/tr\/?p=25332","name":"Tarihi Hoca \u0130mam Camii y\u0131k\u0131lmaktan kurtar\u0131lacak - Bati Ermenistan Ve Bati Ermenileri Sorunlari Ara\u015ftirmalar Merkezi","isPartOf":{"@id":"https:\/\/akunq.net\/tr\/#website"},"datePublished":"2013-09-04T07:05:26+00:00","dateModified":"2013-09-04T07:05:45+00:00","author":{"@id":"https:\/\/akunq.net\/tr\/#\/schema\/person\/096f1d38a12cce57fb855b485ed24c9e"},"breadcrumb":{"@id":"https:\/\/akunq.net\/tr\/?p=25332#breadcrumb"},"inLanguage":"en-US","potentialAction":[{"@type":"ReadAction","target":["https:\/\/akunq.net\/tr\/?p=25332"]}]},{"@type":"BreadcrumbList","@id":"https:\/\/akunq.net\/tr\/?p=25332#breadcrumb","itemListElement":[{"@type":"ListItem","position":1,"name":"Home","item":"https:\/\/akunq.net\/tr"},{"@type":"ListItem","position":2,"name":"Tarihi Hoca \u0130mam Camii y\u0131k\u0131lmaktan kurtar\u0131lacak"}]},{"@type":"WebSite","@id":"https:\/\/akunq.net\/tr\/#website","url":"https:\/\/akunq.net\/tr\/","name":"Bati Ermenistan Ve Bati Ermenileri Sorunlari Ara\u015ftirmalar Merkezi","description":"","potentialAction":[{"@type":"SearchAction","target":{"@type":"EntryPoint","urlTemplate":"https:\/\/akunq.net\/tr\/?s={search_term_string}"},"query-input":{"@type":"PropertyValueSpecification","valueRequired":true,"valueName":"search_term_string"}}],"inLanguage":"en-US"},{"@type":"Person","@id":"https:\/\/akunq.net\/tr\/#\/schema\/person\/096f1d38a12cce57fb855b485ed24c9e","name":"admin","url":"https:\/\/akunq.net\/tr\/?author=7"}]}},"_links":{"self":[{"href":"https:\/\/akunq.net\/tr\/index.php?rest_route=\/wp\/v2\/posts\/25332","targetHints":{"allow":["GET"]}}],"collection":[{"href":"https:\/\/akunq.net\/tr\/index.php?rest_route=\/wp\/v2\/posts"}],"about":[{"href":"https:\/\/akunq.net\/tr\/index.php?rest_route=\/wp\/v2\/types\/post"}],"author":[{"embeddable":true,"href":"https:\/\/akunq.net\/tr\/index.php?rest_route=\/wp\/v2\/users\/7"}],"replies":[{"embeddable":true,"href":"https:\/\/akunq.net\/tr\/index.php?rest_route=%2Fwp%2Fv2%2Fcomments&post=25332"}],"version-history":[{"count":2,"href":"https:\/\/akunq.net\/tr\/index.php?rest_route=\/wp\/v2\/posts\/25332\/revisions"}],"predecessor-version":[{"id":25335,"href":"https:\/\/akunq.net\/tr\/index.php?rest_route=\/wp\/v2\/posts\/25332\/revisions\/25335"}],"wp:attachment":[{"href":"https:\/\/akunq.net\/tr\/index.php?rest_route=%2Fwp%2Fv2%2Fmedia&parent=25332"}],"wp:term":[{"taxonomy":"category","embeddable":true,"href":"https:\/\/akunq.net\/tr\/index.php?rest_route=%2Fwp%2Fv2%2Fcategories&post=25332"},{"taxonomy":"post_tag","embeddable":true,"href":"https:\/\/akunq.net\/tr\/index.php?rest_route=%2Fwp%2Fv2%2Ftags&post=25332"}],"curies":[{"name":"wp","href":"https:\/\/api.w.org\/{rel}","templated":true}]}}