{"id":25315,"date":"2013-09-03T03:36:28","date_gmt":"2013-09-03T08:36:28","guid":{"rendered":"http:\/\/akunq.net\/tr\/?p=25315"},"modified":"2013-09-03T03:37:10","modified_gmt":"2013-09-03T08:37:10","slug":"cami-ve-cemevi-bir-arada-olacak","status":"publish","type":"post","link":"https:\/\/akunq.net\/tr\/?p=25315","title":{"rendered":"Cami ve cemevi bir arada olacak"},"content":{"rendered":"<p style=\"text-align: justify;\"><b><i><a href=\"http:\/\/akunq.net\/tr\/wp-content\/uploads\/2013\/09\/\u0574\u0566\u056f\u056b\u0569-\u057b\u0565\u0574\u0567\u057e\u056b.jpg\"><img loading=\"lazy\" decoding=\"async\" class=\"alignright size-full wp-image-25316\" alt=\"\u0574\u0566\u056f\u056b\u0569-\u057b\u0565\u0574\u0567\u057e\u056b\" src=\"http:\/\/akunq.net\/tr\/wp-content\/uploads\/2013\/09\/\u0574\u0566\u056f\u056b\u0569-\u057b\u0565\u0574\u0567\u057e\u056b.jpg\" width=\"268\" height=\"166\" \/><\/a>Cem Vakf\u0131 Genel Ba\u015fkan\u0131 \u0130zzettin Do\u011fan, Fethullah G\u00fclen\u2019le Ankara\u2019da cami ve cemevinin birlikte olaca\u011f\u0131 bir ibadethane yapmak \u00fczere anla\u015ft\u0131klar\u0131n\u0131 a\u00e7\u0131klad\u0131.<\/i><\/b><\/p>\n<p style=\"text-align: justify;\">\u0130zzettin Do\u011fan \u00f6n\u00fcm\u00fczdeki hafta temeli at\u0131lacak a\u015fevi de bulunacak kompleksin masraflar\u0131n\u0131n G\u00fclen taraf\u0131ndan kar\u015f\u0131lanaca\u011f\u0131n\u0131 belirtti. Cem Vakf\u0131 Genel Merkezi\u2019nde d\u00fczenlenen \u0130nan\u00e7 \u00d6nderleri Toplant\u0131s\u0131\u2019nda konu\u015fan Cem Vakf\u0131 Genel Ba\u015fkan\u0131 \u0130zzettin Do\u011fan, T\u00fcrkiye\u2019nin \u00f6n\u00fcnde T\u00fcrk-K\u00fcrt ay\u0131r\u0131m\u0131 ve Alevi-S\u00fcnni ay\u0131r\u0131m\u0131 olmak \u00fczere iki b\u00fcy\u00fck sorun oldu\u011funu s\u00f6yledi.<\/p>\n<p style=\"text-align: justify;\">Fethullah G\u00fclen ile g\u00f6r\u00fc\u015ft\u00fc\u011f\u00fcn\u00fc aktaran Do\u011fan, \u201cFethullah Hoca Efendi, bir m\u00fc\u015fterek dostumuz arac\u0131l\u0131\u011f\u0131yla mesaj yollad\u0131; \u2018Hocam, camiyi de cemevini de art\u0131k ayn\u0131 bah\u00e7ede yapsak olmaz m\u0131?\u2019 diye. Bizim a\u00e7\u0131m\u0131zdan niye olmas\u0131n ki. Zaten bizim \u0130slam anlay\u0131\u015f\u0131m\u0131zda mekan dedi\u011finiz \u015fey, zaten insan\u0131n g\u00f6nl\u00fcd\u00fcr. Devlet taraf tutarak, \u2018Camiden ba\u015fka ibadet yeri olamaz \u0130slam\u2019da\u2019 gibi ipe sapa gelmez, hi\u00e7 bir bilgiye dayanmayan bir d\u00fc\u015f\u00fcnceyi kendisine d\u00fcstur yapamaz. Onun i\u00e7in de kendilerine olumlu cevap verdim vakf\u0131n ba\u015fkan\u0131 olarak. Sadece bir de \u015fart ekledim; \u2018Hocam tamam bizim i\u00e7in hi\u00e7 bir sak\u0131ncas\u0131 yoktur, cami de, cemevi de bir bah\u00e7e i\u00e7inde bulunsun. Ama camilere de art\u0131k yeni fonksiyonlar kazand\u0131rma zaman\u0131 \u00e7oktan geldi ge\u00e7ti. Camiyle cemevi aras\u0131na bir de a\u015fevi yapal\u0131m. Onlar da bir g\u00fcn m\u00fcsaade istediler, bir g\u00fcn sonra da dediler ki; \u2018Tamam, mutab\u0131k\u0131z yap\u0131labilir\u2019.<\/p>\n<p style=\"text-align: justify;\"><a title=\"ANKARA\" href=\"http:\/\/www.hurriyet.com.tr\/index\/Ankara\" target=\"_blank\"><b>ANKARA<\/b><\/a><b>\u2019DA YAPILACAK<\/b><\/p>\n<p style=\"text-align: justify;\">Bunun bir \u00f6rne\u011fi olarak da Alevi-S\u00fcnni yak\u0131nla\u015fmas\u0131n\u0131n sa\u011flanmak \u00fczere b\u00fct\u00fcn masraflar\u0131 onlar kabullendiler, camiyi de, cemevini de, a\u015fevini de yapacaklar. 7 d\u00f6n\u00fcml\u00fck bir arsa i\u00e7erisinde, 5 d\u00f6n\u00fcml\u00fck de galiba park\u0131 varm\u0131\u015f, yakla\u015f\u0131k 12 d\u00f6n\u00fcml\u00fck bir alan i\u00e7erisinde Ankara\u2019da ay\u0131n 8\u2019inde bunun temelleri at\u0131lacak\u201d dedi.<br \/>\nAkil adamlar aras\u0131nda bulundu\u011funu da s\u00f6yleyen Do\u011fan, \u201cSay\u0131n Ba\u015fbakan\u2019a Dolmabah\u00e7e\u2019deki ilk toplant\u0131da \u2018Ne var bu bar\u0131\u015f s\u00fcrecinin i\u00e7erisinde\u2019 diye sordu\u011fumuzda, \u00f6nce biraz duraklad\u0131, \u2018Hocam mutluluk var, i\u00e7inde huzur var, refah var\u2019 dedi. Hepimiz g\u00fcl\u00fcmseyerek, dinledik. Belki de kendilerine g\u00f6re \u00e7\u00f6z\u00fcmlerini devletin s\u0131rlar\u0131 olarak kabul edip, o toplant\u0131da s\u00f6ylemek istemiyor olabilirdi. Bunu da anlay\u0131\u015fla kar\u015f\u0131layabilirdik ama kendilerine bunu halk\u0131n bize soraca\u011f\u0131n\u0131 s\u00f6yledi\u011fimde, \u2018Bunu zamanla g\u00f6rece\u011fiz\u2019 demi\u015fti\u201d diye konu\u015ftu.<\/p>\n<p style=\"text-align: justify;\"><b><i><a href=\"http:\/\/www.hurriyet.com.tr\/gundem\/24626794.asp\">http:\/\/www.hurriyet.com.tr\/gundem\/24626794.asp<\/a><\/i><\/b><\/p>\n","protected":false},"excerpt":{"rendered":"<p>Cem Vakf\u0131 Genel Ba\u015fkan\u0131 \u0130zzettin Do\u011fan, Fethullah G\u00fclen\u2019le Ankara\u2019da cami ve cemevinin birlikte olaca\u011f\u0131 bir ibadethane yapmak \u00fczere anla\u015ft\u0131klar\u0131n\u0131 a\u00e7\u0131klad\u0131. \u0130zzettin Do\u011fan \u00f6n\u00fcm\u00fczdeki hafta temeli at\u0131lacak a\u015fevi de bulunacak kompleksin masraflar\u0131n\u0131n G\u00fclen taraf\u0131ndan kar\u015f\u0131lanaca\u011f\u0131n\u0131 belirtti. Cem Vakf\u0131 Genel Merkezi\u2019nde d\u00fczenlenen \u0130nan\u00e7 \u00d6nderleri Toplant\u0131s\u0131\u2019nda konu\u015fan Cem Vakf\u0131 Genel Ba\u015fkan\u0131 \u0130zzettin Do\u011fan, T\u00fcrkiye\u2019nin \u00f6n\u00fcnde T\u00fcrk-K\u00fcrt ay\u0131r\u0131m\u0131 ve [&hellip;]<\/p>\n","protected":false},"author":7,"featured_media":0,"comment_status":"open","ping_status":"open","sticky":false,"template":"","format":"standard","meta":{"footnotes":""},"categories":[1],"tags":[],"class_list":["post-25315","post","type-post","status-publish","format-standard","hentry","category-haberler"],"yoast_head":"<!-- This site is optimized with the Yoast SEO plugin v27.4 - https:\/\/yoast.com\/product\/yoast-seo-wordpress\/ -->\n<title>Cami ve cemevi bir arada olacak - Bati Ermenistan Ve Bati Ermenileri Sorunlari Ara\u015ftirmalar Merkezi<\/title>\n<meta name=\"robots\" content=\"index, follow, max-snippet:-1, max-image-preview:large, max-video-preview:-1\" \/>\n<link rel=\"canonical\" href=\"https:\/\/akunq.net\/tr\/?p=25315\" \/>\n<meta property=\"og:locale\" content=\"en_US\" \/>\n<meta property=\"og:type\" content=\"article\" \/>\n<meta property=\"og:title\" content=\"Cami ve cemevi bir arada olacak - Bati Ermenistan Ve Bati Ermenileri Sorunlari Ara\u015ftirmalar Merkezi\" \/>\n<meta property=\"og:description\" content=\"Cem Vakf\u0131 Genel Ba\u015fkan\u0131 \u0130zzettin Do\u011fan, Fethullah G\u00fclen\u2019le Ankara\u2019da cami ve cemevinin birlikte olaca\u011f\u0131 bir ibadethane yapmak \u00fczere anla\u015ft\u0131klar\u0131n\u0131 a\u00e7\u0131klad\u0131. \u0130zzettin Do\u011fan \u00f6n\u00fcm\u00fczdeki hafta temeli at\u0131lacak a\u015fevi de bulunacak kompleksin masraflar\u0131n\u0131n G\u00fclen taraf\u0131ndan kar\u015f\u0131lanaca\u011f\u0131n\u0131 belirtti. Cem Vakf\u0131 Genel Merkezi\u2019nde d\u00fczenlenen \u0130nan\u00e7 \u00d6nderleri Toplant\u0131s\u0131\u2019nda konu\u015fan Cem Vakf\u0131 Genel Ba\u015fkan\u0131 \u0130zzettin Do\u011fan, T\u00fcrkiye\u2019nin \u00f6n\u00fcnde T\u00fcrk-K\u00fcrt ay\u0131r\u0131m\u0131 ve [&hellip;]\" \/>\n<meta property=\"og:url\" content=\"https:\/\/akunq.net\/tr\/?p=25315\" \/>\n<meta property=\"og:site_name\" content=\"Bati Ermenistan Ve Bati Ermenileri Sorunlari Ara\u015ftirmalar Merkezi\" \/>\n<meta property=\"article:published_time\" content=\"2013-09-03T08:36:28+00:00\" \/>\n<meta property=\"article:modified_time\" content=\"2013-09-03T08:37:10+00:00\" \/>\n<meta name=\"author\" content=\"admin\" \/>\n<meta name=\"twitter:card\" content=\"summary_large_image\" \/>\n<meta name=\"twitter:label1\" content=\"Written by\" \/>\n\t<meta name=\"twitter:data1\" content=\"admin\" \/>\n\t<meta name=\"twitter:label2\" content=\"Est. reading time\" \/>\n\t<meta name=\"twitter:data2\" content=\"2 minutes\" \/>\n<script type=\"application\/ld+json\" class=\"yoast-schema-graph\">{\"@context\":\"https:\\\/\\\/schema.org\",\"@graph\":[{\"@type\":\"Article\",\"@id\":\"https:\\\/\\\/akunq.net\\\/tr\\\/?p=25315#article\",\"isPartOf\":{\"@id\":\"https:\\\/\\\/akunq.net\\\/tr\\\/?p=25315\"},\"author\":{\"name\":\"admin\",\"@id\":\"https:\\\/\\\/akunq.net\\\/tr\\\/#\\\/schema\\\/person\\\/096f1d38a12cce57fb855b485ed24c9e\"},\"headline\":\"Cami ve cemevi bir arada olacak\",\"datePublished\":\"2013-09-03T08:36:28+00:00\",\"dateModified\":\"2013-09-03T08:37:10+00:00\",\"mainEntityOfPage\":{\"@id\":\"https:\\\/\\\/akunq.net\\\/tr\\\/?p=25315\"},\"wordCount\":456,\"commentCount\":0,\"articleSection\":[\"Haberler\"],\"inLanguage\":\"en-US\",\"potentialAction\":[{\"@type\":\"CommentAction\",\"name\":\"Comment\",\"target\":[\"https:\\\/\\\/akunq.net\\\/tr\\\/?p=25315#respond\"]}]},{\"@type\":\"WebPage\",\"@id\":\"https:\\\/\\\/akunq.net\\\/tr\\\/?p=25315\",\"url\":\"https:\\\/\\\/akunq.net\\\/tr\\\/?p=25315\",\"name\":\"Cami ve cemevi bir arada olacak - Bati Ermenistan Ve Bati Ermenileri Sorunlari Ara\u015ftirmalar Merkezi\",\"isPartOf\":{\"@id\":\"https:\\\/\\\/akunq.net\\\/tr\\\/#website\"},\"datePublished\":\"2013-09-03T08:36:28+00:00\",\"dateModified\":\"2013-09-03T08:37:10+00:00\",\"author\":{\"@id\":\"https:\\\/\\\/akunq.net\\\/tr\\\/#\\\/schema\\\/person\\\/096f1d38a12cce57fb855b485ed24c9e\"},\"breadcrumb\":{\"@id\":\"https:\\\/\\\/akunq.net\\\/tr\\\/?p=25315#breadcrumb\"},\"inLanguage\":\"en-US\",\"potentialAction\":[{\"@type\":\"ReadAction\",\"target\":[\"https:\\\/\\\/akunq.net\\\/tr\\\/?p=25315\"]}]},{\"@type\":\"BreadcrumbList\",\"@id\":\"https:\\\/\\\/akunq.net\\\/tr\\\/?p=25315#breadcrumb\",\"itemListElement\":[{\"@type\":\"ListItem\",\"position\":1,\"name\":\"Home\",\"item\":\"https:\\\/\\\/akunq.net\\\/tr\"},{\"@type\":\"ListItem\",\"position\":2,\"name\":\"Cami ve cemevi bir arada olacak\"}]},{\"@type\":\"WebSite\",\"@id\":\"https:\\\/\\\/akunq.net\\\/tr\\\/#website\",\"url\":\"https:\\\/\\\/akunq.net\\\/tr\\\/\",\"name\":\"Bati Ermenistan Ve Bati Ermenileri Sorunlari Ara\u015ftirmalar Merkezi\",\"description\":\"\",\"potentialAction\":[{\"@type\":\"SearchAction\",\"target\":{\"@type\":\"EntryPoint\",\"urlTemplate\":\"https:\\\/\\\/akunq.net\\\/tr\\\/?s={search_term_string}\"},\"query-input\":{\"@type\":\"PropertyValueSpecification\",\"valueRequired\":true,\"valueName\":\"search_term_string\"}}],\"inLanguage\":\"en-US\"},{\"@type\":\"Person\",\"@id\":\"https:\\\/\\\/akunq.net\\\/tr\\\/#\\\/schema\\\/person\\\/096f1d38a12cce57fb855b485ed24c9e\",\"name\":\"admin\",\"url\":\"https:\\\/\\\/akunq.net\\\/tr\\\/?author=7\"}]}<\/script>\n<!-- \/ Yoast SEO plugin. -->","yoast_head_json":{"title":"Cami ve cemevi bir arada olacak - Bati Ermenistan Ve Bati Ermenileri Sorunlari Ara\u015ftirmalar Merkezi","robots":{"index":"index","follow":"follow","max-snippet":"max-snippet:-1","max-image-preview":"max-image-preview:large","max-video-preview":"max-video-preview:-1"},"canonical":"https:\/\/akunq.net\/tr\/?p=25315","og_locale":"en_US","og_type":"article","og_title":"Cami ve cemevi bir arada olacak - Bati Ermenistan Ve Bati Ermenileri Sorunlari Ara\u015ftirmalar Merkezi","og_description":"Cem Vakf\u0131 Genel Ba\u015fkan\u0131 \u0130zzettin Do\u011fan, Fethullah G\u00fclen\u2019le Ankara\u2019da cami ve cemevinin birlikte olaca\u011f\u0131 bir ibadethane yapmak \u00fczere anla\u015ft\u0131klar\u0131n\u0131 a\u00e7\u0131klad\u0131. \u0130zzettin Do\u011fan \u00f6n\u00fcm\u00fczdeki hafta temeli at\u0131lacak a\u015fevi de bulunacak kompleksin masraflar\u0131n\u0131n G\u00fclen taraf\u0131ndan kar\u015f\u0131lanaca\u011f\u0131n\u0131 belirtti. Cem Vakf\u0131 Genel Merkezi\u2019nde d\u00fczenlenen \u0130nan\u00e7 \u00d6nderleri Toplant\u0131s\u0131\u2019nda konu\u015fan Cem Vakf\u0131 Genel Ba\u015fkan\u0131 \u0130zzettin Do\u011fan, T\u00fcrkiye\u2019nin \u00f6n\u00fcnde T\u00fcrk-K\u00fcrt ay\u0131r\u0131m\u0131 ve [&hellip;]","og_url":"https:\/\/akunq.net\/tr\/?p=25315","og_site_name":"Bati Ermenistan Ve Bati Ermenileri Sorunlari Ara\u015ftirmalar Merkezi","article_published_time":"2013-09-03T08:36:28+00:00","article_modified_time":"2013-09-03T08:37:10+00:00","author":"admin","twitter_card":"summary_large_image","twitter_misc":{"Written by":"admin","Est. reading time":"2 minutes"},"schema":{"@context":"https:\/\/schema.org","@graph":[{"@type":"Article","@id":"https:\/\/akunq.net\/tr\/?p=25315#article","isPartOf":{"@id":"https:\/\/akunq.net\/tr\/?p=25315"},"author":{"name":"admin","@id":"https:\/\/akunq.net\/tr\/#\/schema\/person\/096f1d38a12cce57fb855b485ed24c9e"},"headline":"Cami ve cemevi bir arada olacak","datePublished":"2013-09-03T08:36:28+00:00","dateModified":"2013-09-03T08:37:10+00:00","mainEntityOfPage":{"@id":"https:\/\/akunq.net\/tr\/?p=25315"},"wordCount":456,"commentCount":0,"articleSection":["Haberler"],"inLanguage":"en-US","potentialAction":[{"@type":"CommentAction","name":"Comment","target":["https:\/\/akunq.net\/tr\/?p=25315#respond"]}]},{"@type":"WebPage","@id":"https:\/\/akunq.net\/tr\/?p=25315","url":"https:\/\/akunq.net\/tr\/?p=25315","name":"Cami ve cemevi bir arada olacak - Bati Ermenistan Ve Bati Ermenileri Sorunlari Ara\u015ftirmalar Merkezi","isPartOf":{"@id":"https:\/\/akunq.net\/tr\/#website"},"datePublished":"2013-09-03T08:36:28+00:00","dateModified":"2013-09-03T08:37:10+00:00","author":{"@id":"https:\/\/akunq.net\/tr\/#\/schema\/person\/096f1d38a12cce57fb855b485ed24c9e"},"breadcrumb":{"@id":"https:\/\/akunq.net\/tr\/?p=25315#breadcrumb"},"inLanguage":"en-US","potentialAction":[{"@type":"ReadAction","target":["https:\/\/akunq.net\/tr\/?p=25315"]}]},{"@type":"BreadcrumbList","@id":"https:\/\/akunq.net\/tr\/?p=25315#breadcrumb","itemListElement":[{"@type":"ListItem","position":1,"name":"Home","item":"https:\/\/akunq.net\/tr"},{"@type":"ListItem","position":2,"name":"Cami ve cemevi bir arada olacak"}]},{"@type":"WebSite","@id":"https:\/\/akunq.net\/tr\/#website","url":"https:\/\/akunq.net\/tr\/","name":"Bati Ermenistan Ve Bati Ermenileri Sorunlari Ara\u015ftirmalar Merkezi","description":"","potentialAction":[{"@type":"SearchAction","target":{"@type":"EntryPoint","urlTemplate":"https:\/\/akunq.net\/tr\/?s={search_term_string}"},"query-input":{"@type":"PropertyValueSpecification","valueRequired":true,"valueName":"search_term_string"}}],"inLanguage":"en-US"},{"@type":"Person","@id":"https:\/\/akunq.net\/tr\/#\/schema\/person\/096f1d38a12cce57fb855b485ed24c9e","name":"admin","url":"https:\/\/akunq.net\/tr\/?author=7"}]}},"_links":{"self":[{"href":"https:\/\/akunq.net\/tr\/index.php?rest_route=\/wp\/v2\/posts\/25315","targetHints":{"allow":["GET"]}}],"collection":[{"href":"https:\/\/akunq.net\/tr\/index.php?rest_route=\/wp\/v2\/posts"}],"about":[{"href":"https:\/\/akunq.net\/tr\/index.php?rest_route=\/wp\/v2\/types\/post"}],"author":[{"embeddable":true,"href":"https:\/\/akunq.net\/tr\/index.php?rest_route=\/wp\/v2\/users\/7"}],"replies":[{"embeddable":true,"href":"https:\/\/akunq.net\/tr\/index.php?rest_route=%2Fwp%2Fv2%2Fcomments&post=25315"}],"version-history":[{"count":2,"href":"https:\/\/akunq.net\/tr\/index.php?rest_route=\/wp\/v2\/posts\/25315\/revisions"}],"predecessor-version":[{"id":25318,"href":"https:\/\/akunq.net\/tr\/index.php?rest_route=\/wp\/v2\/posts\/25315\/revisions\/25318"}],"wp:attachment":[{"href":"https:\/\/akunq.net\/tr\/index.php?rest_route=%2Fwp%2Fv2%2Fmedia&parent=25315"}],"wp:term":[{"taxonomy":"category","embeddable":true,"href":"https:\/\/akunq.net\/tr\/index.php?rest_route=%2Fwp%2Fv2%2Fcategories&post=25315"},{"taxonomy":"post_tag","embeddable":true,"href":"https:\/\/akunq.net\/tr\/index.php?rest_route=%2Fwp%2Fv2%2Ftags&post=25315"}],"curies":[{"name":"wp","href":"https:\/\/api.w.org\/{rel}","templated":true}]}}