{"id":25304,"date":"2013-09-03T02:25:09","date_gmt":"2013-09-03T07:25:09","guid":{"rendered":"http:\/\/akunq.net\/tr\/?p=25304"},"modified":"2013-09-03T02:25:39","modified_gmt":"2013-09-03T07:25:39","slug":"icisleri-dernek-isminde-kurdistan-kelimesi-kullanmak-suc","status":"publish","type":"post","link":"https:\/\/akunq.net\/tr\/?p=25304","title":{"rendered":"\u0130\u00e7i\u015fleri: Dernek isminde &#8216;K\u00fcrdistan&#8217; kelimesi kullanmak su\u00e7"},"content":{"rendered":"<h2 style=\"text-align: justify;\"><i><a href=\"http:\/\/akunq.net\/tr\/wp-content\/uploads\/2013\/09\/K\u00fcrdistan.jpg\"><img loading=\"lazy\" decoding=\"async\" class=\"alignright size-medium wp-image-25305\" alt=\"'K\u00fcrdistan'\" src=\"http:\/\/akunq.net\/tr\/wp-content\/uploads\/2013\/09\/K\u00fcrdistan-300x186.jpg\" width=\"300\" height=\"186\" srcset=\"https:\/\/akunq.net\/tr\/wp-content\/uploads\/sites\/6\/2013\/09\/K\u00fcrdistan-300x186.jpg 300w, https:\/\/akunq.net\/tr\/wp-content\/uploads\/sites\/6\/2013\/09\/K\u00fcrdistan.jpg 563w\" sizes=\"auto, (max-width: 300px) 100vw, 300px\" \/><\/a>Diyarbak\u0131r&#8217;da kurulan K\u00fcrdistan Gen\u00e7lik Hareketi Derne\u011fi&#8217;nin tabelas\u0131nda yer alan K\u00fcrdistan ismine \u0130\u00e7i\u015fleri Bakanl\u0131\u011f\u0131 onay vermedi.<\/i><\/h2>\n<p style=\"text-align: justify;\">Bakanl\u0131ktan derne\u011fe g\u00f6nderilen yaz\u0131da, K\u00fcrdistan kelimesinin Anayasan\u0131n 14&#8217;\u00fcnc\u00fc ve TCK&#8217;n\u0131n 302&#8217;nci maddelerine g\u00f6re su\u00e7 olu\u015fturdu\u011fu belirtilerek, derne\u011fin ad\u0131n\u0131n de\u011fi\u015ftirilmesi istendi. Dernek Ba\u015fkan Yard\u0131mc\u0131s\u0131 Roger Ca\u011fer, adlar\u0131n\u0131 de\u011fi\u015ftirmeyeceklerini ve kendilerine dava a\u00e7\u0131lmas\u0131 durumunda bunu mahkemelere ta\u015f\u0131yacaklar\u0131n\u0131 s\u00f6yledi.<\/p>\n<p style=\"text-align: justify;\">Ferit Aslan&#8217;\u0131n Do\u011fan Haber Ajans\u0131&#8217;nda yer alan Diyarbak\u0131r&#8217;da kurulan ve yasa gere\u011fi tabelas\u0131n\u0131 asan K\u00fcrdistan Gen\u00e7lik Hareketi Derne\u011fi&#8217;nin t\u00fcz\u00fc\u011f\u00fcn\u00fc inceleyen Diyarbak\u0131r Valili\u011fi, dernek ad\u0131nda yeralan K\u00fcrdistan kelimesi ile ilgili teredd\u00fct ya\u015fay\u0131nca, \u0130\u00e7i\u015fleri Bakanl\u0131\u011f\u0131 Dernekler Dairesi Ba\u015fkanl\u0131\u011f\u0131&#8217;ndan g\u00f6r\u00fc\u015f istedi. \u0130\u00e7i\u015fleri Bakanl\u0131\u011f\u0131&#8217;ndan Diyarbak\u0131r Valili\u011fi&#8217;ne g\u00f6nderilen yaz\u0131da, 5253 say\u0131l\u0131 kanunun 28. maddesinde derneklerin \u0130\u00e7i\u015fleri Bakanl\u0131\u011f\u0131&#8217;n\u0131n izni ile kullanabilece\u011fi kelimelerin belirtildi\u011fi, ayn\u0131 kanunun 29. maddesinde de derneklerin mevcut veya mahkeme karar\u0131yla kapat\u0131lm\u0131\u015f veya feshedilmi\u015f bir siyasi partinin, bir sendikan\u0131n, bir \u00fcst kurulu\u015fun veya bir derne\u011fin ad\u0131n\u0131 kullanamayaca\u011f\u0131n\u0131n h\u00fck\u00fcm alt\u0131na al\u0131nd\u0131\u011f\u0131 belirtilerek, &#8220;5253 say\u0131l\u0131 kanunda dernek adlar\u0131nda kullan\u0131lmas\u0131 yasak kelimeler ile ilgili ba\u015fka bir d\u00fczenleme bulunmamas\u0131, derneklerin 28. ve 29. maddelerde yasaklananlar d\u0131\u015f\u0131nda istedikleri her kelimeyi adlar\u0131nda kullanabilecekleri anlam\u0131na gelmemektedir&#8221; denildi.<\/p>\n<p style=\"text-align: justify;\">Derne\u011fe de tebli\u011f edilen \u0130\u00e7i\u015fleri Bakanl\u0131\u011f\u0131 yaz\u0131s\u0131nda, Anayasa&#8217;n\u0131n 14. ve TCK&#8217;n\u0131n 302. maddelerinde devletin \u00fclkesi ve milletiyle b\u00f6l\u00fcnmez b\u00fct\u00fcnl\u00fc\u011f\u00fcn\u00fc ve birli\u011fi bozman\u0131n su\u00e7 olarak tan\u0131mland\u0131\u011f\u0131 ifade edilerek, &#8220;5253 say\u0131l\u0131 kanunun 30. maddesinin 1. f\u0131kras\u0131n\u0131n (b) bendinde Anayasa ve kanunlarla a\u00e7\u0131k\u00e7a yasaklanan, ama\u00e7lar\u0131 ve konusu su\u00e7 te\u015fkil eden fiilleri ger\u00e7ekle\u015ftirmek amac\u0131yla dernek kurulamayaca\u011f\u0131 h\u00fck\u00fcm alt\u0131na al\u0131nm\u0131\u015f, bu yasa\u011fa ayk\u0131r\u0131 hareket edilmesi halinde uygulanacak m\u00fceyyideler ise ayn\u0131 kanunun 32. maddesinin (p) bendinde belirtilmi\u015ftir. Bu yasal d\u00fczenlemeler gere\u011fince Diyarbak\u0131r ilinde kurulan K\u00fcrdistan Gen\u00e7lik Hareketi Derne\u011fi&#8217;nin ad\u0131nda bulunan K\u00fcrdistan kelimesi, Anayasan\u0131n 14. maddesi ve TCK&#8217;n\u0131n 302. maddelerinde yeralan d\u00fczenlemelere g\u00f6re su\u00e7 olu\u015fturdu\u011fundan, s\u00f6z konusu kelimenin dernek ad\u0131nda kullan\u0131lmas\u0131 uygun de\u011fildir&#8221; dendi.<\/p>\n<p style=\"text-align: justify;\"><strong>&#8216;Derne\u011fin ad\u0131n\u0131 de\u011fi\u015ftirmeyece\u011fiz&#8217;<\/strong><\/p>\n<p style=\"text-align: justify;\">Bakanl\u0131ktan gelen yaz\u0131da derne\u011fin ad\u0131n\u0131n de\u011fi\u015ftirilmesi istenirken, derne\u011fin Ba\u015fkan Yard\u0131mc\u0131s\u0131 Roger Ca\u011fer ise yaz\u0131ya tepki g\u00f6sterdi. Ca\u011fer, K\u00fcrdistan isminin yasalara ayk\u0131r\u0131 olmad\u0131\u011f\u0131n\u0131 ve Anayasa&#8217;n\u0131n 14. ve TCK&#8217;n\u0131n 302. maddelerinin ihlal edilmesi i\u00e7in silahl\u0131 bir \u00f6rg\u00fct\u00fcn kurulup, eylem yap\u0131lmas\u0131 gerekti\u011fini ifade ederek, &#8220;Biz derne\u011fimizin ad\u0131n\u0131 de\u011fi\u015ftirmeyece\u011fiz. Yasal s\u00fcre dolduktan sonra kapat\u0131lmas\u0131 i\u00e7in mahkemede dava a\u00e7\u0131lacak. Biz yarg\u0131da bunun m\u00fccadelesini verece\u011fiz. \u0130\u00e7 hukuk yollar\u0131ndan sonu\u00e7 alamaz isek A\u0130HM&#8217;e kadar bu olay\u0131 ta\u015f\u0131yaca\u011f\u0131z&#8221; diye konu\u015ftu.<\/p>\n<p style=\"text-align: justify;\"><b><i>http:\/\/www.f5haber.com\/kthaber\/icisleri-dernek-isminde-kurdistan-kelimesi-haberi-4158506\/<\/i><\/b><\/p>\n","protected":false},"excerpt":{"rendered":"<p>Diyarbak\u0131r&#8217;da kurulan K\u00fcrdistan Gen\u00e7lik Hareketi Derne\u011fi&#8217;nin tabelas\u0131nda yer alan K\u00fcrdistan ismine \u0130\u00e7i\u015fleri Bakanl\u0131\u011f\u0131 onay vermedi. Bakanl\u0131ktan derne\u011fe g\u00f6nderilen yaz\u0131da, K\u00fcrdistan kelimesinin Anayasan\u0131n 14&#8217;\u00fcnc\u00fc ve TCK&#8217;n\u0131n 302&#8217;nci maddelerine g\u00f6re su\u00e7 olu\u015fturdu\u011fu belirtilerek, derne\u011fin ad\u0131n\u0131n de\u011fi\u015ftirilmesi istendi. Dernek Ba\u015fkan Yard\u0131mc\u0131s\u0131 Roger Ca\u011fer, adlar\u0131n\u0131 de\u011fi\u015ftirmeyeceklerini ve kendilerine dava a\u00e7\u0131lmas\u0131 durumunda bunu mahkemelere ta\u015f\u0131yacaklar\u0131n\u0131 s\u00f6yledi. Ferit Aslan&#8217;\u0131n Do\u011fan Haber [&hellip;]<\/p>\n","protected":false},"author":7,"featured_media":0,"comment_status":"open","ping_status":"open","sticky":false,"template":"","format":"standard","meta":{"footnotes":""},"categories":[1],"tags":[],"class_list":["post-25304","post","type-post","status-publish","format-standard","hentry","category-haberler"],"yoast_head":"<!-- This site is optimized with the Yoast SEO plugin v27.4 - https:\/\/yoast.com\/product\/yoast-seo-wordpress\/ -->\n<title>\u0130\u00e7i\u015fleri: Dernek isminde &#039;K\u00fcrdistan&#039; kelimesi kullanmak su\u00e7 - Bati Ermenistan Ve Bati Ermenileri Sorunlari Ara\u015ftirmalar Merkezi<\/title>\n<meta name=\"robots\" content=\"index, follow, max-snippet:-1, max-image-preview:large, max-video-preview:-1\" \/>\n<link rel=\"canonical\" href=\"https:\/\/akunq.net\/tr\/?p=25304\" \/>\n<meta property=\"og:locale\" content=\"en_US\" \/>\n<meta property=\"og:type\" content=\"article\" \/>\n<meta property=\"og:title\" content=\"\u0130\u00e7i\u015fleri: Dernek isminde &#039;K\u00fcrdistan&#039; kelimesi kullanmak su\u00e7 - Bati Ermenistan Ve Bati Ermenileri Sorunlari Ara\u015ftirmalar Merkezi\" \/>\n<meta property=\"og:description\" content=\"Diyarbak\u0131r&#8217;da kurulan K\u00fcrdistan Gen\u00e7lik Hareketi Derne\u011fi&#8217;nin tabelas\u0131nda yer alan K\u00fcrdistan ismine \u0130\u00e7i\u015fleri Bakanl\u0131\u011f\u0131 onay vermedi. Bakanl\u0131ktan derne\u011fe g\u00f6nderilen yaz\u0131da, K\u00fcrdistan kelimesinin Anayasan\u0131n 14&#8217;\u00fcnc\u00fc ve TCK&#8217;n\u0131n 302&#8217;nci maddelerine g\u00f6re su\u00e7 olu\u015fturdu\u011fu belirtilerek, derne\u011fin ad\u0131n\u0131n de\u011fi\u015ftirilmesi istendi. Dernek Ba\u015fkan Yard\u0131mc\u0131s\u0131 Roger Ca\u011fer, adlar\u0131n\u0131 de\u011fi\u015ftirmeyeceklerini ve kendilerine dava a\u00e7\u0131lmas\u0131 durumunda bunu mahkemelere ta\u015f\u0131yacaklar\u0131n\u0131 s\u00f6yledi. Ferit Aslan&#8217;\u0131n Do\u011fan Haber [&hellip;]\" \/>\n<meta property=\"og:url\" content=\"https:\/\/akunq.net\/tr\/?p=25304\" \/>\n<meta property=\"og:site_name\" content=\"Bati Ermenistan Ve Bati Ermenileri Sorunlari Ara\u015ftirmalar Merkezi\" \/>\n<meta property=\"article:published_time\" content=\"2013-09-03T07:25:09+00:00\" \/>\n<meta property=\"article:modified_time\" content=\"2013-09-03T07:25:39+00:00\" \/>\n<meta name=\"author\" content=\"admin\" \/>\n<meta name=\"twitter:card\" content=\"summary_large_image\" \/>\n<meta name=\"twitter:label1\" content=\"Written by\" \/>\n\t<meta name=\"twitter:data1\" content=\"admin\" \/>\n\t<meta name=\"twitter:label2\" content=\"Est. reading time\" \/>\n\t<meta name=\"twitter:data2\" content=\"3 minutes\" \/>\n<script type=\"application\/ld+json\" class=\"yoast-schema-graph\">{\"@context\":\"https:\\\/\\\/schema.org\",\"@graph\":[{\"@type\":\"Article\",\"@id\":\"https:\\\/\\\/akunq.net\\\/tr\\\/?p=25304#article\",\"isPartOf\":{\"@id\":\"https:\\\/\\\/akunq.net\\\/tr\\\/?p=25304\"},\"author\":{\"name\":\"admin\",\"@id\":\"https:\\\/\\\/akunq.net\\\/tr\\\/#\\\/schema\\\/person\\\/096f1d38a12cce57fb855b485ed24c9e\"},\"headline\":\"\u0130\u00e7i\u015fleri: Dernek isminde &#8216;K\u00fcrdistan&#8217; kelimesi kullanmak su\u00e7\",\"datePublished\":\"2013-09-03T07:25:09+00:00\",\"dateModified\":\"2013-09-03T07:25:39+00:00\",\"mainEntityOfPage\":{\"@id\":\"https:\\\/\\\/akunq.net\\\/tr\\\/?p=25304\"},\"wordCount\":534,\"commentCount\":0,\"articleSection\":[\"Haberler\"],\"inLanguage\":\"en-US\",\"potentialAction\":[{\"@type\":\"CommentAction\",\"name\":\"Comment\",\"target\":[\"https:\\\/\\\/akunq.net\\\/tr\\\/?p=25304#respond\"]}]},{\"@type\":\"WebPage\",\"@id\":\"https:\\\/\\\/akunq.net\\\/tr\\\/?p=25304\",\"url\":\"https:\\\/\\\/akunq.net\\\/tr\\\/?p=25304\",\"name\":\"\u0130\u00e7i\u015fleri: Dernek isminde 'K\u00fcrdistan' kelimesi kullanmak su\u00e7 - Bati Ermenistan Ve Bati Ermenileri Sorunlari Ara\u015ftirmalar Merkezi\",\"isPartOf\":{\"@id\":\"https:\\\/\\\/akunq.net\\\/tr\\\/#website\"},\"datePublished\":\"2013-09-03T07:25:09+00:00\",\"dateModified\":\"2013-09-03T07:25:39+00:00\",\"author\":{\"@id\":\"https:\\\/\\\/akunq.net\\\/tr\\\/#\\\/schema\\\/person\\\/096f1d38a12cce57fb855b485ed24c9e\"},\"breadcrumb\":{\"@id\":\"https:\\\/\\\/akunq.net\\\/tr\\\/?p=25304#breadcrumb\"},\"inLanguage\":\"en-US\",\"potentialAction\":[{\"@type\":\"ReadAction\",\"target\":[\"https:\\\/\\\/akunq.net\\\/tr\\\/?p=25304\"]}]},{\"@type\":\"BreadcrumbList\",\"@id\":\"https:\\\/\\\/akunq.net\\\/tr\\\/?p=25304#breadcrumb\",\"itemListElement\":[{\"@type\":\"ListItem\",\"position\":1,\"name\":\"Home\",\"item\":\"https:\\\/\\\/akunq.net\\\/tr\"},{\"@type\":\"ListItem\",\"position\":2,\"name\":\"\u0130\u00e7i\u015fleri: Dernek isminde &#8216;K\u00fcrdistan&#8217; kelimesi kullanmak su\u00e7\"}]},{\"@type\":\"WebSite\",\"@id\":\"https:\\\/\\\/akunq.net\\\/tr\\\/#website\",\"url\":\"https:\\\/\\\/akunq.net\\\/tr\\\/\",\"name\":\"Bati Ermenistan Ve Bati Ermenileri Sorunlari Ara\u015ftirmalar Merkezi\",\"description\":\"\",\"potentialAction\":[{\"@type\":\"SearchAction\",\"target\":{\"@type\":\"EntryPoint\",\"urlTemplate\":\"https:\\\/\\\/akunq.net\\\/tr\\\/?s={search_term_string}\"},\"query-input\":{\"@type\":\"PropertyValueSpecification\",\"valueRequired\":true,\"valueName\":\"search_term_string\"}}],\"inLanguage\":\"en-US\"},{\"@type\":\"Person\",\"@id\":\"https:\\\/\\\/akunq.net\\\/tr\\\/#\\\/schema\\\/person\\\/096f1d38a12cce57fb855b485ed24c9e\",\"name\":\"admin\",\"url\":\"https:\\\/\\\/akunq.net\\\/tr\\\/?author=7\"}]}<\/script>\n<!-- \/ Yoast SEO plugin. -->","yoast_head_json":{"title":"\u0130\u00e7i\u015fleri: Dernek isminde 'K\u00fcrdistan' kelimesi kullanmak su\u00e7 - Bati Ermenistan Ve Bati Ermenileri Sorunlari Ara\u015ftirmalar Merkezi","robots":{"index":"index","follow":"follow","max-snippet":"max-snippet:-1","max-image-preview":"max-image-preview:large","max-video-preview":"max-video-preview:-1"},"canonical":"https:\/\/akunq.net\/tr\/?p=25304","og_locale":"en_US","og_type":"article","og_title":"\u0130\u00e7i\u015fleri: Dernek isminde 'K\u00fcrdistan' kelimesi kullanmak su\u00e7 - Bati Ermenistan Ve Bati Ermenileri Sorunlari Ara\u015ftirmalar Merkezi","og_description":"Diyarbak\u0131r&#8217;da kurulan K\u00fcrdistan Gen\u00e7lik Hareketi Derne\u011fi&#8217;nin tabelas\u0131nda yer alan K\u00fcrdistan ismine \u0130\u00e7i\u015fleri Bakanl\u0131\u011f\u0131 onay vermedi. Bakanl\u0131ktan derne\u011fe g\u00f6nderilen yaz\u0131da, K\u00fcrdistan kelimesinin Anayasan\u0131n 14&#8217;\u00fcnc\u00fc ve TCK&#8217;n\u0131n 302&#8217;nci maddelerine g\u00f6re su\u00e7 olu\u015fturdu\u011fu belirtilerek, derne\u011fin ad\u0131n\u0131n de\u011fi\u015ftirilmesi istendi. Dernek Ba\u015fkan Yard\u0131mc\u0131s\u0131 Roger Ca\u011fer, adlar\u0131n\u0131 de\u011fi\u015ftirmeyeceklerini ve kendilerine dava a\u00e7\u0131lmas\u0131 durumunda bunu mahkemelere ta\u015f\u0131yacaklar\u0131n\u0131 s\u00f6yledi. Ferit Aslan&#8217;\u0131n Do\u011fan Haber [&hellip;]","og_url":"https:\/\/akunq.net\/tr\/?p=25304","og_site_name":"Bati Ermenistan Ve Bati Ermenileri Sorunlari Ara\u015ftirmalar Merkezi","article_published_time":"2013-09-03T07:25:09+00:00","article_modified_time":"2013-09-03T07:25:39+00:00","author":"admin","twitter_card":"summary_large_image","twitter_misc":{"Written by":"admin","Est. reading time":"3 minutes"},"schema":{"@context":"https:\/\/schema.org","@graph":[{"@type":"Article","@id":"https:\/\/akunq.net\/tr\/?p=25304#article","isPartOf":{"@id":"https:\/\/akunq.net\/tr\/?p=25304"},"author":{"name":"admin","@id":"https:\/\/akunq.net\/tr\/#\/schema\/person\/096f1d38a12cce57fb855b485ed24c9e"},"headline":"\u0130\u00e7i\u015fleri: Dernek isminde &#8216;K\u00fcrdistan&#8217; kelimesi kullanmak su\u00e7","datePublished":"2013-09-03T07:25:09+00:00","dateModified":"2013-09-03T07:25:39+00:00","mainEntityOfPage":{"@id":"https:\/\/akunq.net\/tr\/?p=25304"},"wordCount":534,"commentCount":0,"articleSection":["Haberler"],"inLanguage":"en-US","potentialAction":[{"@type":"CommentAction","name":"Comment","target":["https:\/\/akunq.net\/tr\/?p=25304#respond"]}]},{"@type":"WebPage","@id":"https:\/\/akunq.net\/tr\/?p=25304","url":"https:\/\/akunq.net\/tr\/?p=25304","name":"\u0130\u00e7i\u015fleri: Dernek isminde 'K\u00fcrdistan' kelimesi kullanmak su\u00e7 - Bati Ermenistan Ve Bati Ermenileri Sorunlari Ara\u015ftirmalar Merkezi","isPartOf":{"@id":"https:\/\/akunq.net\/tr\/#website"},"datePublished":"2013-09-03T07:25:09+00:00","dateModified":"2013-09-03T07:25:39+00:00","author":{"@id":"https:\/\/akunq.net\/tr\/#\/schema\/person\/096f1d38a12cce57fb855b485ed24c9e"},"breadcrumb":{"@id":"https:\/\/akunq.net\/tr\/?p=25304#breadcrumb"},"inLanguage":"en-US","potentialAction":[{"@type":"ReadAction","target":["https:\/\/akunq.net\/tr\/?p=25304"]}]},{"@type":"BreadcrumbList","@id":"https:\/\/akunq.net\/tr\/?p=25304#breadcrumb","itemListElement":[{"@type":"ListItem","position":1,"name":"Home","item":"https:\/\/akunq.net\/tr"},{"@type":"ListItem","position":2,"name":"\u0130\u00e7i\u015fleri: Dernek isminde &#8216;K\u00fcrdistan&#8217; kelimesi kullanmak su\u00e7"}]},{"@type":"WebSite","@id":"https:\/\/akunq.net\/tr\/#website","url":"https:\/\/akunq.net\/tr\/","name":"Bati Ermenistan Ve Bati Ermenileri Sorunlari Ara\u015ftirmalar Merkezi","description":"","potentialAction":[{"@type":"SearchAction","target":{"@type":"EntryPoint","urlTemplate":"https:\/\/akunq.net\/tr\/?s={search_term_string}"},"query-input":{"@type":"PropertyValueSpecification","valueRequired":true,"valueName":"search_term_string"}}],"inLanguage":"en-US"},{"@type":"Person","@id":"https:\/\/akunq.net\/tr\/#\/schema\/person\/096f1d38a12cce57fb855b485ed24c9e","name":"admin","url":"https:\/\/akunq.net\/tr\/?author=7"}]}},"_links":{"self":[{"href":"https:\/\/akunq.net\/tr\/index.php?rest_route=\/wp\/v2\/posts\/25304","targetHints":{"allow":["GET"]}}],"collection":[{"href":"https:\/\/akunq.net\/tr\/index.php?rest_route=\/wp\/v2\/posts"}],"about":[{"href":"https:\/\/akunq.net\/tr\/index.php?rest_route=\/wp\/v2\/types\/post"}],"author":[{"embeddable":true,"href":"https:\/\/akunq.net\/tr\/index.php?rest_route=\/wp\/v2\/users\/7"}],"replies":[{"embeddable":true,"href":"https:\/\/akunq.net\/tr\/index.php?rest_route=%2Fwp%2Fv2%2Fcomments&post=25304"}],"version-history":[{"count":2,"href":"https:\/\/akunq.net\/tr\/index.php?rest_route=\/wp\/v2\/posts\/25304\/revisions"}],"predecessor-version":[{"id":25307,"href":"https:\/\/akunq.net\/tr\/index.php?rest_route=\/wp\/v2\/posts\/25304\/revisions\/25307"}],"wp:attachment":[{"href":"https:\/\/akunq.net\/tr\/index.php?rest_route=%2Fwp%2Fv2%2Fmedia&parent=25304"}],"wp:term":[{"taxonomy":"category","embeddable":true,"href":"https:\/\/akunq.net\/tr\/index.php?rest_route=%2Fwp%2Fv2%2Fcategories&post=25304"},{"taxonomy":"post_tag","embeddable":true,"href":"https:\/\/akunq.net\/tr\/index.php?rest_route=%2Fwp%2Fv2%2Ftags&post=25304"}],"curies":[{"name":"wp","href":"https:\/\/api.w.org\/{rel}","templated":true}]}}