{"id":25296,"date":"2013-09-02T03:41:00","date_gmt":"2013-09-02T08:41:00","guid":{"rendered":"http:\/\/akunq.net\/tr\/?p=25296"},"modified":"2013-09-02T03:41:23","modified_gmt":"2013-09-02T08:41:23","slug":"28-subat-davasi-basladi","status":"publish","type":"post","link":"https:\/\/akunq.net\/tr\/?p=25296","title":{"rendered":"28 \u015eubat davas\u0131 ba\u015flad\u0131"},"content":{"rendered":"<p style=\"text-align: justify;\"><b><i><a href=\"http:\/\/akunq.net\/tr\/wp-content\/uploads\/2013\/09\/\u0553\u0565\u057f\u0580\u057e\u0561\u0580\u056b-28-\u056b-\u0563\u0578\u0580\u056e\u0578\u057e-\u0564\u0561\u057f\u0561\u057e\u0561\u0580\u0578\u0582\u0569\u0575\u0578\u0582\u0576\u0568.jpg\"><img loading=\"lazy\" decoding=\"async\" class=\"alignright size-full wp-image-25297\" alt=\"\u0553\u0565\u057f\u0580\u057e\u0561\u0580\u056b 28-\u056b \u0563\u0578\u0580\u056e\u0578\u057e \u0564\u0561\u057f\u0561\u057e\u0561\u0580\u0578\u0582\u0569\u0575\u0578\u0582\u0576\u0568\" src=\"http:\/\/akunq.net\/tr\/wp-content\/uploads\/2013\/09\/\u0553\u0565\u057f\u0580\u057e\u0561\u0580\u056b-28-\u056b-\u0563\u0578\u0580\u056e\u0578\u057e-\u0564\u0561\u057f\u0561\u057e\u0561\u0580\u0578\u0582\u0569\u0575\u0578\u0582\u0576\u0568.jpg\" width=\"268\" height=\"148\" \/><\/a>\u015eubat d\u00f6nemine ili\u015fkin 103 san\u0131\u011f\u0131n, &#8216;T\u00fcrkiye Cumhuriyeti H\u00fck\u00fcmeti&#8217;ni cebren devirmeye, d\u00fc\u015f\u00fcrmeye i\u015ftirak&#8217; su\u00e7undan yarg\u0131lanaca\u011f\u0131 davan\u0131n ilk celsesi, Ankara Adliyesi&#8217;nde ba\u015flad\u0131.<\/i><\/b><\/p>\n<p style=\"text-align: justify;\">D\u00f6nemin Genelkurmay Ba\u015fkan\u0131 \u0130smail Hakk\u0131 Karaday\u0131, emekli orgeneraller \u00c7evik Bir, \u00c7etin Do\u011fan ve Erol \u00d6zkasnak, eski kuvvet komutanlar\u0131 Ahmet \u00c7\u00f6rek\u00e7i, Hikmet K\u00f6ksal, Teoman Koman, Fevzi T\u00fcrkeri, Erdal Ceylano\u011flu, eski MGK Genel Sekreteri \u0130lhan K\u0131l\u0131\u00e7, MHP milletvekili emekli Korgeneral Engin Alan ve eski Y\u00d6K Ba\u015fkan\u0131 Kemal G\u00fcr\u00fcz gibi isimlerin yer ald\u0131\u011f\u0131 103 san\u0131\u011f\u0131n yarg\u0131lanaca\u011f\u0131 davan\u0131n ilk celsesi, bug\u00fcn ba\u015flad\u0131. Ankara 13 A\u011f\u0131r Ceza Mahkemesi&#8217;nde g\u00f6r\u00fclen duru\u015fma \u00f6ncesi san\u0131klar cezaevi arac\u0131 ile Adliyeye getirildi.<\/p>\n<p style=\"text-align: justify;\">Dava nedeniyle polis ekipleri, sabah saatlerinden itibaren Ankara Adliyesi \u00e7evresinde geni\u015f g\u00fcvenlik \u00f6nlemleri ald\u0131. TOMA&#8217;lar da adliye \u00f6n\u00fcnde haz\u0131rda bekletildi. Davay\u0131 takip edecek bas\u0131n mensuplar\u0131 da sabah\u0131n erken saatlerinde Adliyeye geldi.<\/p>\n<p style=\"text-align: justify;\">Ankara Adliyesi&#8217;nde yan yana bulunan 10. ve 11. A\u011f\u0131r Ceza Mahkemeleri&#8217;nin aras\u0131ndaki duvar y\u0131k\u0131larak olu\u015fturulan geni\u015f salonda yap\u0131lan duru\u015fmalar, Adalet Bakanl\u0131\u011f\u0131 Bilgi \u0130\u015flem Daire Ba\u015fkanl\u0131\u011f\u0131nca salona kurulan g\u00f6r\u00fcnt\u00fc ve ses sistemi ile kay\u0131t alt\u0131na al\u0131nacak. G\u00f6r\u00fcnt\u00fc kay\u0131tlar\u0131n\u0131, yaz\u0131l\u0131 tutana\u011fa d\u00f6n\u00fc\u015ft\u00fcr\u00fcrecek olan mahkeme kalemi bunlar\u0131 daha sonra taraflara verecek.<\/p>\n<p style=\"text-align: justify;\">Duru\u015fma kimlik tespiti ve iddianamenin okunmas\u0131yla ba\u015flayacak. \u0130ddianamenin okunmas\u0131 i\u00e7in TRT&#8217;den iki spiker haz\u0131r bulunacak.<\/p>\n<p style=\"text-align: justify;\"><b>6 EYL\u00dcL&#8217;E KADAR S\u00dcRECEK<\/b><\/p>\n<p style=\"text-align: justify;\">\u0130lk olarak tutuklu san\u0131klar\u0131n ifadelerinin al\u0131naca\u011f\u0131 duru\u015fmalar, 6 Eyl\u00fcl&#8217;e kadar s\u00fcrecek.<\/p>\n<p style=\"text-align: justify;\">Ter\u00f6rle M\u00fccadele Kanunu&#8217;nun (TMK) 10. maddesiyle g\u00f6revli Ankara Cumhuriyet Savc\u0131lar\u0131 Mustafa Bilgili ile Kemal \u00c7etin taraf\u0131ndan y\u00fcr\u00fct\u00fclen 28 \u015eubatsoru\u015fturmas\u0131nda, ilk g\u00f6zalt\u0131lar 12 Nisan 2012&#8217;de ger\u00e7ekle\u015ftirildi.<\/p>\n<p style=\"text-align: justify;\">Aralar\u0131nda emekli orgeneraller \u00c7evik Bir, Erdal Ceylano\u011flu, \u00c7etin Do\u011fan, Teoman Koman, Fevzi T\u00fcrkeri ile emekli T\u00fcmgeneral Erol \u00d6zkasnak, emekli Korgeneral Kamuran Orhon, MHP \u0130stanbul Milletvekili Engin Alan ve eski Y\u00d6K Ba\u015fkan\u0131 Kemal G\u00fcr\u00fcz&#8217;\u00fcn de bulundu\u011fu 76 ki\u015finin tutukland\u0131\u011f\u0131 soru\u015fturma s\u0131ras\u0131nda, tutuklananlardan Albay Mehmet Ha\u015fimo\u011flu, tedavi g\u00f6rd\u00fc\u011f\u00fc GATA&#8217;da hayat\u0131n\u0131 kaybetti.<\/p>\n<p style=\"text-align: justify;\">Soru\u015fturma kapsam\u0131nda ifade veren ve tutuklama istemiyle mahkemeye sevk edilen eski Genelkurmay Ba\u015fkan\u0131 \u0130smail Hakk\u0131 Karaday\u0131, adli kontrol karar\u0131yla serbest b\u0131rak\u0131ld\u0131.<\/p>\n<p style=\"text-align: justify;\">Soru\u015fturmay\u0131 y\u00fcr\u00fcten savc\u0131l\u0131k, haz\u0131rlad\u0131\u011f\u0131 iddianameyi, 22 May\u0131s 2013&#8217;te, Ankara 13. A\u011f\u0131r Ceza Mahkemesine g\u00f6nderdi.<\/p>\n<p style=\"text-align: justify;\">A\u011f\u0131rla\u015ft\u0131r\u0131lm\u0131\u015f m\u00fcebbet istemi<\/p>\n<p style=\"text-align: justify;\">\u0130ddianamede, 103 san\u0131\u011f\u0131n, &#8220;T\u00fcrkiye Cumhuriyeti H\u00fck\u00fcmetini cebren devirmeye, d\u00fc\u015f\u00fcrmeye i\u015ftirak&#8221; su\u00e7undan, a\u011f\u0131rla\u015ft\u0131r\u0131lm\u0131\u015f m\u00fcebbet hapisleri istendi.<\/p>\n<p style=\"text-align: justify;\">D\u00f6nemin h\u00fck\u00fcmet orta\u011f\u0131 DYP&#8217;nin Genel Ba\u015fkan\u0131 Tansu \u00c7iller ile \u0130\u00e7i\u015fleri Bakan\u0131 Meral Ak\u015fener&#8217;in, &#8220;ma\u011fdur&#8221; olarak g\u00f6sterildi\u011fi iddianamede, eski Bakanlar Hasan Celal G\u00fczel, Teoman R\u0131za G\u00fcneri ve \u015eevket Kazan, kapat\u0131lan Refah Partisi&#8217;nin milletvekilerinden \u015eeref Malko\u00e7 ve Mehmet Bekaro\u011flu ile kapat\u0131lan Fazilet Partisi&#8217;nden 1999&#8217;da milletvekili se\u00e7ilen, ancak TBMM&#8217;de yemin edemeyen Merve Kavak\u00e7\u0131, eski Emniyet Genel M\u00fcd\u00fcrl\u00fc\u011f\u00fc \u0130stihbarat Dairesi Ba\u015fkan\u0131 B\u00fclent Orako\u011flu&#8217;nun da aralar\u0131nda bulundu\u011fu 481 ki\u015fi &#8220;m\u00fc\u015fteki\/ma\u011fdur&#8221; olarak yer ald\u0131.<\/p>\n<p style=\"text-align: justify;\">&#8220;Acilen verilen bir talimat&#8221;<\/p>\n<p style=\"text-align: justify;\">Su\u00e7 tarihinin, &#8220;8 Temmuz 1996 ve sonras\u0131&#8221; olarak ge\u00e7ti\u011fi iddianamenin &#8220;\u015f\u00fcpheliler&#8221; k\u0131sm\u0131nda eski Genelkurmay Ba\u015fkan\u0131 emekli Orgeneral \u0130smail Hakk\u0131 Karaday\u0131, emekli Orgeneraller \u00c7evik Bir ve \u00c7etin Do\u011fan ile emekli T\u00fcmgeneral Erol \u00d6zkasnak ilk 4 s\u0131rada g\u00f6sterildi.<\/p>\n<p style=\"text-align: justify;\">\u0130ddianamedeki, &#8220;Sincan&#8217;\u0131n i\u015flek caddelerinde tanklar\u0131n ve z\u0131rhl\u0131 ara\u00e7lar\u0131n 4 \u015eubat 1997&#8217;de y\u00fcr\u00fct\u00fclmesi, planl\u0131 bir tatbikat ve hareket olmay\u0131p, 3 \u015eubat 1997&#8217;de acilen verilen bir talimat \u00fczerine ger\u00e7ekle\u015fmi\u015ftir&#8221; de\u011ferlendirmesi dikkat \u00e7ekti.<\/p>\n<p style=\"text-align: justify;\">\u0130ddianameyi kabul eden mahkeme, 38 tutuklu san\u0131\u011f\u0131n tahliyesine karar verdi. Halen 37 san\u0131\u011f\u0131n tutukluluk hali s\u00fcr\u00fcyor.<\/p>\n<p style=\"text-align: justify;\"><b><i>http:\/\/www.sabah.com.tr\/Gundem\/2013\/09\/02\/28-subat-davasi-basladi<\/i><\/b><\/p>\n","protected":false},"excerpt":{"rendered":"<p>\u015eubat d\u00f6nemine ili\u015fkin 103 san\u0131\u011f\u0131n, &#8216;T\u00fcrkiye Cumhuriyeti H\u00fck\u00fcmeti&#8217;ni cebren devirmeye, d\u00fc\u015f\u00fcrmeye i\u015ftirak&#8217; su\u00e7undan yarg\u0131lanaca\u011f\u0131 davan\u0131n ilk celsesi, Ankara Adliyesi&#8217;nde ba\u015flad\u0131. D\u00f6nemin Genelkurmay Ba\u015fkan\u0131 \u0130smail Hakk\u0131 Karaday\u0131, emekli orgeneraller \u00c7evik Bir, \u00c7etin Do\u011fan ve Erol \u00d6zkasnak, eski kuvvet komutanlar\u0131 Ahmet \u00c7\u00f6rek\u00e7i, Hikmet K\u00f6ksal, Teoman Koman, Fevzi T\u00fcrkeri, Erdal Ceylano\u011flu, eski MGK Genel Sekreteri \u0130lhan K\u0131l\u0131\u00e7, MHP [&hellip;]<\/p>\n","protected":false},"author":7,"featured_media":0,"comment_status":"open","ping_status":"open","sticky":false,"template":"","format":"standard","meta":{"footnotes":""},"categories":[1],"tags":[],"class_list":["post-25296","post","type-post","status-publish","format-standard","hentry","category-haberler"],"yoast_head":"<!-- This site is optimized with the Yoast SEO plugin v27.4 - https:\/\/yoast.com\/product\/yoast-seo-wordpress\/ -->\n<title>28 \u015eubat davas\u0131 ba\u015flad\u0131 - Bati Ermenistan Ve Bati Ermenileri Sorunlari Ara\u015ftirmalar Merkezi<\/title>\n<meta name=\"robots\" content=\"index, follow, max-snippet:-1, max-image-preview:large, max-video-preview:-1\" \/>\n<link rel=\"canonical\" href=\"https:\/\/akunq.net\/tr\/?p=25296\" \/>\n<meta property=\"og:locale\" content=\"en_US\" \/>\n<meta property=\"og:type\" content=\"article\" \/>\n<meta property=\"og:title\" content=\"28 \u015eubat davas\u0131 ba\u015flad\u0131 - Bati Ermenistan Ve Bati Ermenileri Sorunlari Ara\u015ftirmalar Merkezi\" \/>\n<meta property=\"og:description\" content=\"\u015eubat d\u00f6nemine ili\u015fkin 103 san\u0131\u011f\u0131n, &#8216;T\u00fcrkiye Cumhuriyeti H\u00fck\u00fcmeti&#8217;ni cebren devirmeye, d\u00fc\u015f\u00fcrmeye i\u015ftirak&#8217; su\u00e7undan yarg\u0131lanaca\u011f\u0131 davan\u0131n ilk celsesi, Ankara Adliyesi&#8217;nde ba\u015flad\u0131. D\u00f6nemin Genelkurmay Ba\u015fkan\u0131 \u0130smail Hakk\u0131 Karaday\u0131, emekli orgeneraller \u00c7evik Bir, \u00c7etin Do\u011fan ve Erol \u00d6zkasnak, eski kuvvet komutanlar\u0131 Ahmet \u00c7\u00f6rek\u00e7i, Hikmet K\u00f6ksal, Teoman Koman, Fevzi T\u00fcrkeri, Erdal Ceylano\u011flu, eski MGK Genel Sekreteri \u0130lhan K\u0131l\u0131\u00e7, MHP [&hellip;]\" \/>\n<meta property=\"og:url\" content=\"https:\/\/akunq.net\/tr\/?p=25296\" \/>\n<meta property=\"og:site_name\" content=\"Bati Ermenistan Ve Bati Ermenileri Sorunlari Ara\u015ftirmalar Merkezi\" \/>\n<meta property=\"article:published_time\" content=\"2013-09-02T08:41:00+00:00\" \/>\n<meta property=\"article:modified_time\" content=\"2013-09-02T08:41:23+00:00\" \/>\n<meta name=\"author\" content=\"admin\" \/>\n<meta name=\"twitter:card\" content=\"summary_large_image\" \/>\n<meta name=\"twitter:label1\" content=\"Written by\" \/>\n\t<meta name=\"twitter:data1\" content=\"admin\" \/>\n\t<meta name=\"twitter:label2\" content=\"Est. reading time\" \/>\n\t<meta name=\"twitter:data2\" content=\"3 minutes\" \/>\n<script type=\"application\/ld+json\" class=\"yoast-schema-graph\">{\"@context\":\"https:\\\/\\\/schema.org\",\"@graph\":[{\"@type\":\"Article\",\"@id\":\"https:\\\/\\\/akunq.net\\\/tr\\\/?p=25296#article\",\"isPartOf\":{\"@id\":\"https:\\\/\\\/akunq.net\\\/tr\\\/?p=25296\"},\"author\":{\"name\":\"admin\",\"@id\":\"https:\\\/\\\/akunq.net\\\/tr\\\/#\\\/schema\\\/person\\\/096f1d38a12cce57fb855b485ed24c9e\"},\"headline\":\"28 \u015eubat davas\u0131 ba\u015flad\u0131\",\"datePublished\":\"2013-09-02T08:41:00+00:00\",\"dateModified\":\"2013-09-02T08:41:23+00:00\",\"mainEntityOfPage\":{\"@id\":\"https:\\\/\\\/akunq.net\\\/tr\\\/?p=25296\"},\"wordCount\":666,\"commentCount\":0,\"articleSection\":[\"Haberler\"],\"inLanguage\":\"en-US\",\"potentialAction\":[{\"@type\":\"CommentAction\",\"name\":\"Comment\",\"target\":[\"https:\\\/\\\/akunq.net\\\/tr\\\/?p=25296#respond\"]}]},{\"@type\":\"WebPage\",\"@id\":\"https:\\\/\\\/akunq.net\\\/tr\\\/?p=25296\",\"url\":\"https:\\\/\\\/akunq.net\\\/tr\\\/?p=25296\",\"name\":\"28 \u015eubat davas\u0131 ba\u015flad\u0131 - Bati Ermenistan Ve Bati Ermenileri Sorunlari Ara\u015ftirmalar Merkezi\",\"isPartOf\":{\"@id\":\"https:\\\/\\\/akunq.net\\\/tr\\\/#website\"},\"datePublished\":\"2013-09-02T08:41:00+00:00\",\"dateModified\":\"2013-09-02T08:41:23+00:00\",\"author\":{\"@id\":\"https:\\\/\\\/akunq.net\\\/tr\\\/#\\\/schema\\\/person\\\/096f1d38a12cce57fb855b485ed24c9e\"},\"breadcrumb\":{\"@id\":\"https:\\\/\\\/akunq.net\\\/tr\\\/?p=25296#breadcrumb\"},\"inLanguage\":\"en-US\",\"potentialAction\":[{\"@type\":\"ReadAction\",\"target\":[\"https:\\\/\\\/akunq.net\\\/tr\\\/?p=25296\"]}]},{\"@type\":\"BreadcrumbList\",\"@id\":\"https:\\\/\\\/akunq.net\\\/tr\\\/?p=25296#breadcrumb\",\"itemListElement\":[{\"@type\":\"ListItem\",\"position\":1,\"name\":\"Home\",\"item\":\"https:\\\/\\\/akunq.net\\\/tr\"},{\"@type\":\"ListItem\",\"position\":2,\"name\":\"28 \u015eubat davas\u0131 ba\u015flad\u0131\"}]},{\"@type\":\"WebSite\",\"@id\":\"https:\\\/\\\/akunq.net\\\/tr\\\/#website\",\"url\":\"https:\\\/\\\/akunq.net\\\/tr\\\/\",\"name\":\"Bati Ermenistan Ve Bati Ermenileri Sorunlari Ara\u015ftirmalar Merkezi\",\"description\":\"\",\"potentialAction\":[{\"@type\":\"SearchAction\",\"target\":{\"@type\":\"EntryPoint\",\"urlTemplate\":\"https:\\\/\\\/akunq.net\\\/tr\\\/?s={search_term_string}\"},\"query-input\":{\"@type\":\"PropertyValueSpecification\",\"valueRequired\":true,\"valueName\":\"search_term_string\"}}],\"inLanguage\":\"en-US\"},{\"@type\":\"Person\",\"@id\":\"https:\\\/\\\/akunq.net\\\/tr\\\/#\\\/schema\\\/person\\\/096f1d38a12cce57fb855b485ed24c9e\",\"name\":\"admin\",\"url\":\"https:\\\/\\\/akunq.net\\\/tr\\\/?author=7\"}]}<\/script>\n<!-- \/ Yoast SEO plugin. -->","yoast_head_json":{"title":"28 \u015eubat davas\u0131 ba\u015flad\u0131 - Bati Ermenistan Ve Bati Ermenileri Sorunlari Ara\u015ftirmalar Merkezi","robots":{"index":"index","follow":"follow","max-snippet":"max-snippet:-1","max-image-preview":"max-image-preview:large","max-video-preview":"max-video-preview:-1"},"canonical":"https:\/\/akunq.net\/tr\/?p=25296","og_locale":"en_US","og_type":"article","og_title":"28 \u015eubat davas\u0131 ba\u015flad\u0131 - Bati Ermenistan Ve Bati Ermenileri Sorunlari Ara\u015ftirmalar Merkezi","og_description":"\u015eubat d\u00f6nemine ili\u015fkin 103 san\u0131\u011f\u0131n, &#8216;T\u00fcrkiye Cumhuriyeti H\u00fck\u00fcmeti&#8217;ni cebren devirmeye, d\u00fc\u015f\u00fcrmeye i\u015ftirak&#8217; su\u00e7undan yarg\u0131lanaca\u011f\u0131 davan\u0131n ilk celsesi, Ankara Adliyesi&#8217;nde ba\u015flad\u0131. D\u00f6nemin Genelkurmay Ba\u015fkan\u0131 \u0130smail Hakk\u0131 Karaday\u0131, emekli orgeneraller \u00c7evik Bir, \u00c7etin Do\u011fan ve Erol \u00d6zkasnak, eski kuvvet komutanlar\u0131 Ahmet \u00c7\u00f6rek\u00e7i, Hikmet K\u00f6ksal, Teoman Koman, Fevzi T\u00fcrkeri, Erdal Ceylano\u011flu, eski MGK Genel Sekreteri \u0130lhan K\u0131l\u0131\u00e7, MHP [&hellip;]","og_url":"https:\/\/akunq.net\/tr\/?p=25296","og_site_name":"Bati Ermenistan Ve Bati Ermenileri Sorunlari Ara\u015ftirmalar Merkezi","article_published_time":"2013-09-02T08:41:00+00:00","article_modified_time":"2013-09-02T08:41:23+00:00","author":"admin","twitter_card":"summary_large_image","twitter_misc":{"Written by":"admin","Est. reading time":"3 minutes"},"schema":{"@context":"https:\/\/schema.org","@graph":[{"@type":"Article","@id":"https:\/\/akunq.net\/tr\/?p=25296#article","isPartOf":{"@id":"https:\/\/akunq.net\/tr\/?p=25296"},"author":{"name":"admin","@id":"https:\/\/akunq.net\/tr\/#\/schema\/person\/096f1d38a12cce57fb855b485ed24c9e"},"headline":"28 \u015eubat davas\u0131 ba\u015flad\u0131","datePublished":"2013-09-02T08:41:00+00:00","dateModified":"2013-09-02T08:41:23+00:00","mainEntityOfPage":{"@id":"https:\/\/akunq.net\/tr\/?p=25296"},"wordCount":666,"commentCount":0,"articleSection":["Haberler"],"inLanguage":"en-US","potentialAction":[{"@type":"CommentAction","name":"Comment","target":["https:\/\/akunq.net\/tr\/?p=25296#respond"]}]},{"@type":"WebPage","@id":"https:\/\/akunq.net\/tr\/?p=25296","url":"https:\/\/akunq.net\/tr\/?p=25296","name":"28 \u015eubat davas\u0131 ba\u015flad\u0131 - Bati Ermenistan Ve Bati Ermenileri Sorunlari Ara\u015ftirmalar Merkezi","isPartOf":{"@id":"https:\/\/akunq.net\/tr\/#website"},"datePublished":"2013-09-02T08:41:00+00:00","dateModified":"2013-09-02T08:41:23+00:00","author":{"@id":"https:\/\/akunq.net\/tr\/#\/schema\/person\/096f1d38a12cce57fb855b485ed24c9e"},"breadcrumb":{"@id":"https:\/\/akunq.net\/tr\/?p=25296#breadcrumb"},"inLanguage":"en-US","potentialAction":[{"@type":"ReadAction","target":["https:\/\/akunq.net\/tr\/?p=25296"]}]},{"@type":"BreadcrumbList","@id":"https:\/\/akunq.net\/tr\/?p=25296#breadcrumb","itemListElement":[{"@type":"ListItem","position":1,"name":"Home","item":"https:\/\/akunq.net\/tr"},{"@type":"ListItem","position":2,"name":"28 \u015eubat davas\u0131 ba\u015flad\u0131"}]},{"@type":"WebSite","@id":"https:\/\/akunq.net\/tr\/#website","url":"https:\/\/akunq.net\/tr\/","name":"Bati Ermenistan Ve Bati Ermenileri Sorunlari Ara\u015ftirmalar Merkezi","description":"","potentialAction":[{"@type":"SearchAction","target":{"@type":"EntryPoint","urlTemplate":"https:\/\/akunq.net\/tr\/?s={search_term_string}"},"query-input":{"@type":"PropertyValueSpecification","valueRequired":true,"valueName":"search_term_string"}}],"inLanguage":"en-US"},{"@type":"Person","@id":"https:\/\/akunq.net\/tr\/#\/schema\/person\/096f1d38a12cce57fb855b485ed24c9e","name":"admin","url":"https:\/\/akunq.net\/tr\/?author=7"}]}},"_links":{"self":[{"href":"https:\/\/akunq.net\/tr\/index.php?rest_route=\/wp\/v2\/posts\/25296","targetHints":{"allow":["GET"]}}],"collection":[{"href":"https:\/\/akunq.net\/tr\/index.php?rest_route=\/wp\/v2\/posts"}],"about":[{"href":"https:\/\/akunq.net\/tr\/index.php?rest_route=\/wp\/v2\/types\/post"}],"author":[{"embeddable":true,"href":"https:\/\/akunq.net\/tr\/index.php?rest_route=\/wp\/v2\/users\/7"}],"replies":[{"embeddable":true,"href":"https:\/\/akunq.net\/tr\/index.php?rest_route=%2Fwp%2Fv2%2Fcomments&post=25296"}],"version-history":[{"count":2,"href":"https:\/\/akunq.net\/tr\/index.php?rest_route=\/wp\/v2\/posts\/25296\/revisions"}],"predecessor-version":[{"id":25299,"href":"https:\/\/akunq.net\/tr\/index.php?rest_route=\/wp\/v2\/posts\/25296\/revisions\/25299"}],"wp:attachment":[{"href":"https:\/\/akunq.net\/tr\/index.php?rest_route=%2Fwp%2Fv2%2Fmedia&parent=25296"}],"wp:term":[{"taxonomy":"category","embeddable":true,"href":"https:\/\/akunq.net\/tr\/index.php?rest_route=%2Fwp%2Fv2%2Fcategories&post=25296"},{"taxonomy":"post_tag","embeddable":true,"href":"https:\/\/akunq.net\/tr\/index.php?rest_route=%2Fwp%2Fv2%2Ftags&post=25296"}],"curies":[{"name":"wp","href":"https:\/\/api.w.org\/{rel}","templated":true}]}}