{"id":25290,"date":"2013-09-02T02:25:24","date_gmt":"2013-09-02T07:25:24","guid":{"rendered":"http:\/\/akunq.net\/tr\/?p=25290"},"modified":"2013-09-02T02:25:24","modified_gmt":"2013-09-02T07:25:24","slug":"polisten-gezi-zinciri","status":"publish","type":"post","link":"https:\/\/akunq.net\/tr\/?p=25290","title":{"rendered":"Polisten &#8216;Gezi zinciri"},"content":{"rendered":"<p style=\"text-align: justify;\"><b><i><a href=\"http:\/\/akunq.net\/tr\/wp-content\/uploads\/2013\/09\/Polisten-Gezi-zinciri.jpg\"><img loading=\"lazy\" decoding=\"async\" class=\"alignright size-medium wp-image-25291\" alt=\"Polisten 'Gezi zinciri'\" src=\"http:\/\/akunq.net\/tr\/wp-content\/uploads\/2013\/09\/Polisten-Gezi-zinciri-300x203.jpg\" width=\"300\" height=\"203\" srcset=\"https:\/\/akunq.net\/tr\/wp-content\/uploads\/sites\/6\/2013\/09\/Polisten-Gezi-zinciri-300x203.jpg 300w, https:\/\/akunq.net\/tr\/wp-content\/uploads\/sites\/6\/2013\/09\/Polisten-Gezi-zinciri.jpg 480w\" sizes=\"auto, (max-width: 300px) 100vw, 300px\" \/><\/a>&#8216;<\/i><\/b><b><i>&#8216;Bar\u0131\u015f zinciri&#8217;, \u0130stanbul&#8217;da kesintiye u\u011frad\u0131. Gezi Park\u0131, \u00f6n\u00fcnde kordon olu\u015fturan polislerce kapat\u0131ld\u0131. Be\u015fikta\u015f&#8217;ta eylemcilere m\u00fcdahale edildi.<\/i><\/b><\/p>\n<p style=\"text-align: justify;\">\u00a0\u2018Bar\u0131\u015f \u0130\u00e7in Elele\u2019 slogan\u0131yla toplanma \u00e7a\u011fr\u0131s\u0131 yap\u0131lan insan zinciri, d\u00fcn \u0130stanbul\u2019un merkezi yerlerinde polis engeline tak\u0131ld\u0131. Haziran ay\u0131ndan bu yana Gezi Park\u0131\u2019nda eyleme izin vermeyen Emniyet M\u00fcd\u00fcrl\u00fc\u011f\u00fc, d\u00fcn de park\u0131 kapatarak burada bar\u0131\u015f zinciri olu\u015fturulmas\u0131n\u0131 \u00f6nledi.<br \/>\n1 Eyl\u00fcl <a href=\"http:\/\/www.radikal.com.tr\/dunya\">D\u00fcnya<\/a> Bar\u0131\u015f G\u00fcn\u00fc\u2019nde bir\u00e7ok kentte olu\u015fturulan insan zinciri eylemlerinin merkezi \u0130stanbul\u2019du. Sabah saatlerinden itibaren Taksim ve \u00e7evresinde \u00e7ok say\u0131da polis g\u00f6revlendirildi. Taksim\u2019e \u00e7\u0131kan b\u00fct\u00fcn yollar ve metro \u00e7\u0131k\u0131\u015f\u0131nda \u00f6nlem al\u0131nd\u0131. Polis yetkilileri g\u00fcvenlik amac\u00fdyla Gezi Park\u0131\u2019nda toplanmalara izin verilmeyece\u00f0ini ve bir s\u00fcre yayalara kapat\u00fdlaca\u00f0\u00fdn\u00fd s\u00f6yledi. \u2018Bar\u0131\u015f \u0130\u00e7in Sanat\u2019 d\u00f6vizleri a\u00e7an ve resimli bir pankart ta\u015f\u0131yan bir grup <a href=\"http:\/\/www.radikal.com.tr\/spor\/galatasaray\">Galatasaray<\/a> Meydan\u0131\u2019nda bulu\u015ftu. Buradan Taksim Meydan\u0131\u2019na y\u00fcr\u00fcmek isteyen grubu polis durdurdu. Galatasaray Meydan\u0131\u2019na geri d\u00f6nen grup a\u00e7\u0131klamas\u0131n\u0131 burada yapt\u0131.<br \/>\nTaksim Meydan\u0131\u2019nda bar\u0131\u015f zinciri olu\u015fturan aktivistler de polis m\u00fcdahalesiyle kar\u015f\u0131la\u015ft\u0131. Taksim-Galatasaray aras\u0131nda olu\u015fturulan zincir Galatasaray-T\u00fcnel aras\u0131nda engellendi. T\u00fcnel-Karak\u00f6y hatt\u0131 \u00fczerinde Galata K\u00f6pr\u00fcs\u00fc\u2019n\u00fc de kapsayan bir zincir olu\u015fturuldu. <a href=\"http:\/\/www.radikal.com.tr\/index\/Cumhuriyet-Halk-Partisi\">CHP<\/a> Beyo\u011flu \u0130l\u00e7e Te\u015fkilat\u0131 eylemlere a\u00e7t\u0131\u011f\u0131 \u2018Yurtta sulh, cihanda sulh\u2019 yaz\u0131l\u0131 pankart ve m\u00fczik yay\u0131n\u0131yla kat\u0131ld\u0131.\u00a0<br \/>\n<b><br \/>\n<\/b><a href=\"http:\/\/www.radikal.com.tr\/spor\/besiktas\"><b>Be\u015fikta\u015f<\/b><\/a><b> \u2019ta k\u0131sa s\u00fcreli zincir<\/b><br \/>\nBe\u015fikta\u015f \u00c7ar\u015f\u0131 ve Barbaros Bulvar\u0131 da bar\u0131\u015f i\u00e7in bir araya gelenlerin adresi oldu. Dolmabah\u00e7e Ba\u015fbakanl\u0131k Ofisi \u00f6n\u00fcn\u00fc kapatan polis zincir olu\u015fturanlar\u0131 da da\u011f\u0131lmalar\u0131 konusunda uyard\u0131. CHP Milletvekili Sezgin Tanr\u0131kulu\u2019nun da aralar\u0131nda bulundu\u011fu bir grup, Kabata\u015f\u2019a do\u011fru zincir olu\u015fturmak istedi. Ya\u015fanan yakla\u015f\u0131k 10 dakikal\u0131k tart\u0131\u015fman\u0131n ard\u0131ndan polis Kabata\u015f\u2019a do\u011fru zincir kuruldu. Zincirdekiler \u201cBu daha ba\u015flang\u0131\u00e7, m\u00fccadeleye devam\u201d sloganlar\u0131 att\u0131.<br \/>\nBarbaros Bulvar\u0131 boyunca ger\u00e7ekle\u015ftirilen eyleme yoldan ge\u00e7en ara\u00e7lar destek verdi. Bak\u0131rk\u00f6y, Zeytinburnu, Samatya ve \u00dcsk\u00fcdar\u2019da da insan zinciri olu\u015fturuldu. \u00dcsk\u00fcdar sahilinde toplanan yakla\u015f\u0131k 300 ki\u015filik gruba, sahilde oturan vatanda\u015flardan baz\u0131lar\u0131 da kat\u0131l\u0131rken, insan zinciri K\u0131z Kulesi\u2019nden Harem sahiline do\u011fru uzad\u0131. \u00dczerlerinde \u2018Bar\u0131\u015f i\u00e7in el ele\u2019 yaz\u0131l\u0131 ti\u015f\u00f6rtler bulunan gruptakiler, \u201csava\u015fa hay\u0131r\u201d sloganlar\u0131 att\u0131.<\/p>\n<p style=\"text-align: justify;\"><i><a href=\"mailto:ayca.orer@radikal.com.tr\" target=\"_blank\"><b>AY\u00c7A \u00d6RER<\/b><\/a><\/i><b><i> &#8211; <\/i><\/b><i><a href=\"mailto:ayca.orer@radikal.com.tr\" target=\"_blank\"><b>ayca.orer@radikal.com.tr<\/b><\/a><\/i><\/p>\n<p style=\"text-align: justify;\"><b><i>http:\/\/www.radikal.com.tr\/turkiye\/polisten_gezi_zinciri-1148808<\/i><\/b><\/p>\n","protected":false},"excerpt":{"rendered":"<p>&#8216;&#8216;Bar\u0131\u015f zinciri&#8217;, \u0130stanbul&#8217;da kesintiye u\u011frad\u0131. Gezi Park\u0131, \u00f6n\u00fcnde kordon olu\u015fturan polislerce kapat\u0131ld\u0131. Be\u015fikta\u015f&#8217;ta eylemcilere m\u00fcdahale edildi. \u00a0\u2018Bar\u0131\u015f \u0130\u00e7in Elele\u2019 slogan\u0131yla toplanma \u00e7a\u011fr\u0131s\u0131 yap\u0131lan insan zinciri, d\u00fcn \u0130stanbul\u2019un merkezi yerlerinde polis engeline tak\u0131ld\u0131. Haziran ay\u0131ndan bu yana Gezi Park\u0131\u2019nda eyleme izin vermeyen Emniyet M\u00fcd\u00fcrl\u00fc\u011f\u00fc, d\u00fcn de park\u0131 kapatarak burada bar\u0131\u015f zinciri olu\u015fturulmas\u0131n\u0131 \u00f6nledi. 1 Eyl\u00fcl D\u00fcnya [&hellip;]<\/p>\n","protected":false},"author":7,"featured_media":0,"comment_status":"open","ping_status":"open","sticky":false,"template":"","format":"standard","meta":{"footnotes":""},"categories":[1],"tags":[],"class_list":["post-25290","post","type-post","status-publish","format-standard","hentry","category-haberler"],"yoast_head":"<!-- This site is optimized with the Yoast SEO plugin v27.4 - https:\/\/yoast.com\/product\/yoast-seo-wordpress\/ -->\n<title>Polisten &#039;Gezi zinciri - Bati Ermenistan Ve Bati Ermenileri Sorunlari Ara\u015ftirmalar Merkezi<\/title>\n<meta name=\"robots\" content=\"index, follow, max-snippet:-1, max-image-preview:large, max-video-preview:-1\" \/>\n<link rel=\"canonical\" href=\"https:\/\/akunq.net\/tr\/?p=25290\" \/>\n<meta property=\"og:locale\" content=\"en_US\" \/>\n<meta property=\"og:type\" content=\"article\" \/>\n<meta property=\"og:title\" content=\"Polisten &#039;Gezi zinciri - Bati Ermenistan Ve Bati Ermenileri Sorunlari Ara\u015ftirmalar Merkezi\" \/>\n<meta property=\"og:description\" content=\"&#8216;&#8216;Bar\u0131\u015f zinciri&#8217;, \u0130stanbul&#8217;da kesintiye u\u011frad\u0131. Gezi Park\u0131, \u00f6n\u00fcnde kordon olu\u015fturan polislerce kapat\u0131ld\u0131. Be\u015fikta\u015f&#8217;ta eylemcilere m\u00fcdahale edildi. \u00a0\u2018Bar\u0131\u015f \u0130\u00e7in Elele\u2019 slogan\u0131yla toplanma \u00e7a\u011fr\u0131s\u0131 yap\u0131lan insan zinciri, d\u00fcn \u0130stanbul\u2019un merkezi yerlerinde polis engeline tak\u0131ld\u0131. Haziran ay\u0131ndan bu yana Gezi Park\u0131\u2019nda eyleme izin vermeyen Emniyet M\u00fcd\u00fcrl\u00fc\u011f\u00fc, d\u00fcn de park\u0131 kapatarak burada bar\u0131\u015f zinciri olu\u015fturulmas\u0131n\u0131 \u00f6nledi. 1 Eyl\u00fcl D\u00fcnya [&hellip;]\" \/>\n<meta property=\"og:url\" content=\"https:\/\/akunq.net\/tr\/?p=25290\" \/>\n<meta property=\"og:site_name\" content=\"Bati Ermenistan Ve Bati Ermenileri Sorunlari Ara\u015ftirmalar Merkezi\" \/>\n<meta property=\"article:published_time\" content=\"2013-09-02T07:25:24+00:00\" \/>\n<meta property=\"og:image\" content=\"http:\/\/akunq.net\/tr\/wp-content\/uploads\/2013\/09\/Polisten-Gezi-zinciri-300x203.jpg\" \/>\n<meta name=\"author\" content=\"admin\" \/>\n<meta name=\"twitter:card\" content=\"summary_large_image\" \/>\n<meta name=\"twitter:label1\" content=\"Written by\" \/>\n\t<meta name=\"twitter:data1\" content=\"admin\" \/>\n\t<meta name=\"twitter:label2\" content=\"Est. reading time\" \/>\n\t<meta name=\"twitter:data2\" content=\"2 minutes\" \/>\n<script type=\"application\/ld+json\" class=\"yoast-schema-graph\">{\"@context\":\"https:\\\/\\\/schema.org\",\"@graph\":[{\"@type\":\"Article\",\"@id\":\"https:\\\/\\\/akunq.net\\\/tr\\\/?p=25290#article\",\"isPartOf\":{\"@id\":\"https:\\\/\\\/akunq.net\\\/tr\\\/?p=25290\"},\"author\":{\"name\":\"admin\",\"@id\":\"https:\\\/\\\/akunq.net\\\/tr\\\/#\\\/schema\\\/person\\\/096f1d38a12cce57fb855b485ed24c9e\"},\"headline\":\"Polisten &#8216;Gezi zinciri\",\"datePublished\":\"2013-09-02T07:25:24+00:00\",\"mainEntityOfPage\":{\"@id\":\"https:\\\/\\\/akunq.net\\\/tr\\\/?p=25290\"},\"wordCount\":439,\"commentCount\":0,\"image\":{\"@id\":\"https:\\\/\\\/akunq.net\\\/tr\\\/?p=25290#primaryimage\"},\"thumbnailUrl\":\"http:\\\/\\\/akunq.net\\\/tr\\\/wp-content\\\/uploads\\\/2013\\\/09\\\/Polisten-Gezi-zinciri-300x203.jpg\",\"articleSection\":[\"Haberler\"],\"inLanguage\":\"en-US\",\"potentialAction\":[{\"@type\":\"CommentAction\",\"name\":\"Comment\",\"target\":[\"https:\\\/\\\/akunq.net\\\/tr\\\/?p=25290#respond\"]}]},{\"@type\":\"WebPage\",\"@id\":\"https:\\\/\\\/akunq.net\\\/tr\\\/?p=25290\",\"url\":\"https:\\\/\\\/akunq.net\\\/tr\\\/?p=25290\",\"name\":\"Polisten 'Gezi zinciri - Bati Ermenistan Ve Bati Ermenileri Sorunlari Ara\u015ftirmalar Merkezi\",\"isPartOf\":{\"@id\":\"https:\\\/\\\/akunq.net\\\/tr\\\/#website\"},\"primaryImageOfPage\":{\"@id\":\"https:\\\/\\\/akunq.net\\\/tr\\\/?p=25290#primaryimage\"},\"image\":{\"@id\":\"https:\\\/\\\/akunq.net\\\/tr\\\/?p=25290#primaryimage\"},\"thumbnailUrl\":\"http:\\\/\\\/akunq.net\\\/tr\\\/wp-content\\\/uploads\\\/2013\\\/09\\\/Polisten-Gezi-zinciri-300x203.jpg\",\"datePublished\":\"2013-09-02T07:25:24+00:00\",\"author\":{\"@id\":\"https:\\\/\\\/akunq.net\\\/tr\\\/#\\\/schema\\\/person\\\/096f1d38a12cce57fb855b485ed24c9e\"},\"breadcrumb\":{\"@id\":\"https:\\\/\\\/akunq.net\\\/tr\\\/?p=25290#breadcrumb\"},\"inLanguage\":\"en-US\",\"potentialAction\":[{\"@type\":\"ReadAction\",\"target\":[\"https:\\\/\\\/akunq.net\\\/tr\\\/?p=25290\"]}]},{\"@type\":\"ImageObject\",\"inLanguage\":\"en-US\",\"@id\":\"https:\\\/\\\/akunq.net\\\/tr\\\/?p=25290#primaryimage\",\"url\":\"https:\\\/\\\/akunq.net\\\/tr\\\/wp-content\\\/uploads\\\/sites\\\/6\\\/2013\\\/09\\\/Polisten-Gezi-zinciri.jpg\",\"contentUrl\":\"https:\\\/\\\/akunq.net\\\/tr\\\/wp-content\\\/uploads\\\/sites\\\/6\\\/2013\\\/09\\\/Polisten-Gezi-zinciri.jpg\",\"width\":480,\"height\":325},{\"@type\":\"BreadcrumbList\",\"@id\":\"https:\\\/\\\/akunq.net\\\/tr\\\/?p=25290#breadcrumb\",\"itemListElement\":[{\"@type\":\"ListItem\",\"position\":1,\"name\":\"Home\",\"item\":\"https:\\\/\\\/akunq.net\\\/tr\"},{\"@type\":\"ListItem\",\"position\":2,\"name\":\"Polisten &#8216;Gezi zinciri\"}]},{\"@type\":\"WebSite\",\"@id\":\"https:\\\/\\\/akunq.net\\\/tr\\\/#website\",\"url\":\"https:\\\/\\\/akunq.net\\\/tr\\\/\",\"name\":\"Bati Ermenistan Ve Bati Ermenileri Sorunlari Ara\u015ftirmalar Merkezi\",\"description\":\"\",\"potentialAction\":[{\"@type\":\"SearchAction\",\"target\":{\"@type\":\"EntryPoint\",\"urlTemplate\":\"https:\\\/\\\/akunq.net\\\/tr\\\/?s={search_term_string}\"},\"query-input\":{\"@type\":\"PropertyValueSpecification\",\"valueRequired\":true,\"valueName\":\"search_term_string\"}}],\"inLanguage\":\"en-US\"},{\"@type\":\"Person\",\"@id\":\"https:\\\/\\\/akunq.net\\\/tr\\\/#\\\/schema\\\/person\\\/096f1d38a12cce57fb855b485ed24c9e\",\"name\":\"admin\",\"url\":\"https:\\\/\\\/akunq.net\\\/tr\\\/?author=7\"}]}<\/script>\n<!-- \/ Yoast SEO plugin. -->","yoast_head_json":{"title":"Polisten 'Gezi zinciri - Bati Ermenistan Ve Bati Ermenileri Sorunlari Ara\u015ftirmalar Merkezi","robots":{"index":"index","follow":"follow","max-snippet":"max-snippet:-1","max-image-preview":"max-image-preview:large","max-video-preview":"max-video-preview:-1"},"canonical":"https:\/\/akunq.net\/tr\/?p=25290","og_locale":"en_US","og_type":"article","og_title":"Polisten 'Gezi zinciri - Bati Ermenistan Ve Bati Ermenileri Sorunlari Ara\u015ftirmalar Merkezi","og_description":"&#8216;&#8216;Bar\u0131\u015f zinciri&#8217;, \u0130stanbul&#8217;da kesintiye u\u011frad\u0131. Gezi Park\u0131, \u00f6n\u00fcnde kordon olu\u015fturan polislerce kapat\u0131ld\u0131. Be\u015fikta\u015f&#8217;ta eylemcilere m\u00fcdahale edildi. \u00a0\u2018Bar\u0131\u015f \u0130\u00e7in Elele\u2019 slogan\u0131yla toplanma \u00e7a\u011fr\u0131s\u0131 yap\u0131lan insan zinciri, d\u00fcn \u0130stanbul\u2019un merkezi yerlerinde polis engeline tak\u0131ld\u0131. Haziran ay\u0131ndan bu yana Gezi Park\u0131\u2019nda eyleme izin vermeyen Emniyet M\u00fcd\u00fcrl\u00fc\u011f\u00fc, d\u00fcn de park\u0131 kapatarak burada bar\u0131\u015f zinciri olu\u015fturulmas\u0131n\u0131 \u00f6nledi. 1 Eyl\u00fcl D\u00fcnya [&hellip;]","og_url":"https:\/\/akunq.net\/tr\/?p=25290","og_site_name":"Bati Ermenistan Ve Bati Ermenileri Sorunlari Ara\u015ftirmalar Merkezi","article_published_time":"2013-09-02T07:25:24+00:00","og_image":[{"url":"http:\/\/akunq.net\/tr\/wp-content\/uploads\/2013\/09\/Polisten-Gezi-zinciri-300x203.jpg","type":"","width":"","height":""}],"author":"admin","twitter_card":"summary_large_image","twitter_misc":{"Written by":"admin","Est. reading time":"2 minutes"},"schema":{"@context":"https:\/\/schema.org","@graph":[{"@type":"Article","@id":"https:\/\/akunq.net\/tr\/?p=25290#article","isPartOf":{"@id":"https:\/\/akunq.net\/tr\/?p=25290"},"author":{"name":"admin","@id":"https:\/\/akunq.net\/tr\/#\/schema\/person\/096f1d38a12cce57fb855b485ed24c9e"},"headline":"Polisten &#8216;Gezi zinciri","datePublished":"2013-09-02T07:25:24+00:00","mainEntityOfPage":{"@id":"https:\/\/akunq.net\/tr\/?p=25290"},"wordCount":439,"commentCount":0,"image":{"@id":"https:\/\/akunq.net\/tr\/?p=25290#primaryimage"},"thumbnailUrl":"http:\/\/akunq.net\/tr\/wp-content\/uploads\/2013\/09\/Polisten-Gezi-zinciri-300x203.jpg","articleSection":["Haberler"],"inLanguage":"en-US","potentialAction":[{"@type":"CommentAction","name":"Comment","target":["https:\/\/akunq.net\/tr\/?p=25290#respond"]}]},{"@type":"WebPage","@id":"https:\/\/akunq.net\/tr\/?p=25290","url":"https:\/\/akunq.net\/tr\/?p=25290","name":"Polisten 'Gezi zinciri - Bati Ermenistan Ve Bati Ermenileri Sorunlari Ara\u015ftirmalar Merkezi","isPartOf":{"@id":"https:\/\/akunq.net\/tr\/#website"},"primaryImageOfPage":{"@id":"https:\/\/akunq.net\/tr\/?p=25290#primaryimage"},"image":{"@id":"https:\/\/akunq.net\/tr\/?p=25290#primaryimage"},"thumbnailUrl":"http:\/\/akunq.net\/tr\/wp-content\/uploads\/2013\/09\/Polisten-Gezi-zinciri-300x203.jpg","datePublished":"2013-09-02T07:25:24+00:00","author":{"@id":"https:\/\/akunq.net\/tr\/#\/schema\/person\/096f1d38a12cce57fb855b485ed24c9e"},"breadcrumb":{"@id":"https:\/\/akunq.net\/tr\/?p=25290#breadcrumb"},"inLanguage":"en-US","potentialAction":[{"@type":"ReadAction","target":["https:\/\/akunq.net\/tr\/?p=25290"]}]},{"@type":"ImageObject","inLanguage":"en-US","@id":"https:\/\/akunq.net\/tr\/?p=25290#primaryimage","url":"https:\/\/akunq.net\/tr\/wp-content\/uploads\/sites\/6\/2013\/09\/Polisten-Gezi-zinciri.jpg","contentUrl":"https:\/\/akunq.net\/tr\/wp-content\/uploads\/sites\/6\/2013\/09\/Polisten-Gezi-zinciri.jpg","width":480,"height":325},{"@type":"BreadcrumbList","@id":"https:\/\/akunq.net\/tr\/?p=25290#breadcrumb","itemListElement":[{"@type":"ListItem","position":1,"name":"Home","item":"https:\/\/akunq.net\/tr"},{"@type":"ListItem","position":2,"name":"Polisten &#8216;Gezi zinciri"}]},{"@type":"WebSite","@id":"https:\/\/akunq.net\/tr\/#website","url":"https:\/\/akunq.net\/tr\/","name":"Bati Ermenistan Ve Bati Ermenileri Sorunlari Ara\u015ftirmalar Merkezi","description":"","potentialAction":[{"@type":"SearchAction","target":{"@type":"EntryPoint","urlTemplate":"https:\/\/akunq.net\/tr\/?s={search_term_string}"},"query-input":{"@type":"PropertyValueSpecification","valueRequired":true,"valueName":"search_term_string"}}],"inLanguage":"en-US"},{"@type":"Person","@id":"https:\/\/akunq.net\/tr\/#\/schema\/person\/096f1d38a12cce57fb855b485ed24c9e","name":"admin","url":"https:\/\/akunq.net\/tr\/?author=7"}]}},"_links":{"self":[{"href":"https:\/\/akunq.net\/tr\/index.php?rest_route=\/wp\/v2\/posts\/25290","targetHints":{"allow":["GET"]}}],"collection":[{"href":"https:\/\/akunq.net\/tr\/index.php?rest_route=\/wp\/v2\/posts"}],"about":[{"href":"https:\/\/akunq.net\/tr\/index.php?rest_route=\/wp\/v2\/types\/post"}],"author":[{"embeddable":true,"href":"https:\/\/akunq.net\/tr\/index.php?rest_route=\/wp\/v2\/users\/7"}],"replies":[{"embeddable":true,"href":"https:\/\/akunq.net\/tr\/index.php?rest_route=%2Fwp%2Fv2%2Fcomments&post=25290"}],"version-history":[{"count":1,"href":"https:\/\/akunq.net\/tr\/index.php?rest_route=\/wp\/v2\/posts\/25290\/revisions"}],"predecessor-version":[{"id":25292,"href":"https:\/\/akunq.net\/tr\/index.php?rest_route=\/wp\/v2\/posts\/25290\/revisions\/25292"}],"wp:attachment":[{"href":"https:\/\/akunq.net\/tr\/index.php?rest_route=%2Fwp%2Fv2%2Fmedia&parent=25290"}],"wp:term":[{"taxonomy":"category","embeddable":true,"href":"https:\/\/akunq.net\/tr\/index.php?rest_route=%2Fwp%2Fv2%2Fcategories&post=25290"},{"taxonomy":"post_tag","embeddable":true,"href":"https:\/\/akunq.net\/tr\/index.php?rest_route=%2Fwp%2Fv2%2Ftags&post=25290"}],"curies":[{"name":"wp","href":"https:\/\/api.w.org\/{rel}","templated":true}]}}