{"id":25287,"date":"2013-09-02T02:07:45","date_gmt":"2013-09-02T07:07:45","guid":{"rendered":"http:\/\/akunq.net\/tr\/?p=25287"},"modified":"2013-09-02T02:07:45","modified_gmt":"2013-09-02T07:07:45","slug":"amed-viyana-arasinda-dostluk-ve-kulturel-kopru","status":"publish","type":"post","link":"https:\/\/akunq.net\/tr\/?p=25287","title":{"rendered":"Amed-Viyana aras\u0131nda dostluk ve k\u00fclt\u00fcrel k\u00f6pr\u00fc"},"content":{"rendered":"<p style=\"text-align: justify;\"><b><i><a href=\"http:\/\/akunq.net\/tr\/wp-content\/uploads\/2013\/09\/\u0534\u056b\u0561\u0580\u0562\u0565\u0584\u056b\u0580\u056b-\u0584\u0561\u0572\u0561\u0584\u0561\u057a\u0565\u057f.jpg\"><img loading=\"lazy\" decoding=\"async\" class=\"alignright size-medium wp-image-25288\" alt=\"\u0534\u056b\u0561\u0580\u0562\u0565\u0584\u056b\u0580\u056b \u0584\u0561\u0572\u0561\u0584\u0561\u057a\u0565\u057f\" src=\"http:\/\/akunq.net\/tr\/wp-content\/uploads\/2013\/09\/\u0534\u056b\u0561\u0580\u0562\u0565\u0584\u056b\u0580\u056b-\u0584\u0561\u0572\u0561\u0584\u0561\u057a\u0565\u057f-300x198.jpg\" width=\"300\" height=\"198\" srcset=\"https:\/\/akunq.net\/tr\/wp-content\/uploads\/sites\/6\/2013\/09\/\u0534\u056b\u0561\u0580\u0562\u0565\u0584\u056b\u0580\u056b-\u0584\u0561\u0572\u0561\u0584\u0561\u057a\u0565\u057f-300x198.jpg 300w, https:\/\/akunq.net\/tr\/wp-content\/uploads\/sites\/6\/2013\/09\/\u0534\u056b\u0561\u0580\u0562\u0565\u0584\u056b\u0580\u056b-\u0584\u0561\u0572\u0561\u0584\u0561\u057a\u0565\u057f.jpg 310w\" sizes=\"auto, (max-width: 300px) 100vw, 300px\" \/><\/a>Viyana Belediyesi\u2019nin davetlisi olarak Avusturya\u2019da bulunan B\u00fcy\u00fck\u015fehir Belediye Ba\u015fkan\u0131 Osman Baydemir, Halk Meclisi\u2019nin Viyana \u00dcniversitesi Kamp\u00fcs\u00fc\u2019nde organize etti\u011fi halk toplant\u0131s\u0131na kat\u0131l\u0131rken, belediye ekibiyle birlikte Avusturya\u2019ya gelen sanat\u00e7\u0131 Rojda ise verdi\u011fi konserle Amed-Vinaya aras\u0131nda k\u00fclt\u00fcr k\u00f6pr\u00fcs\u00fc kurdu. \u00a0Baydemir halk toplant\u0131s\u0131nda, Viyana ile Amed aras\u0131nda dostluk, k\u00fclt\u00fcrel ve ekonomik bir k\u00f6pr\u00fc kurulmas\u0131 gerekti\u011fini s\u00f6yledi.<\/i><\/b><\/p>\n<p style=\"text-align: justify;\">Viyana Belediyesi\u2019nin davetlisi olarak Avusturya\u2019da bulunan Amed B\u00fcy\u00fck\u015fehir Belediye Ba\u015fkan\u0131 Osman Baydemir, Halk Meclisi\u2019nin Viyana \u00dcniversitesi Kamp\u00fcs\u00fc\u2019nde organize etti\u011fi halk toplant\u0131s\u0131na kat\u0131ld\u0131.<\/p>\n<p style=\"text-align: justify;\">Halk Meclisi E\u015f Ba\u015fkan\u0131 Rojda Korkut\u2019un moderat\u00f6rl\u00fc\u011f\u00fcn\u00fc yapt\u0131\u011f\u0131 toplant\u0131da gazeteci Sehalattin Soro g\u00fcncel siyasal de\u011ferlendirme yapt\u0131. Soro, Bat\u0131 K\u00fcrdistan\u2019daki K\u00fcrtlerin kendi kaderi ile ilgili m\u00fccadele etti\u011fini belirterek, herkesi bu konuda destek olmaya \u00e7a\u011f\u0131rd\u0131.<\/p>\n<p style=\"text-align: justify;\">Toplant\u0131ya Belediye Meclis \u00dcyeleri Derya Tamri\u015f, \u015eeyda Aslanta\u015f, Raziye Ta\u015fk\u0131ran ile Avusturya&#8217;daki pek \u00e7ok kurum ve kurulu\u015f temsilcisi de kat\u0131ld\u0131.<\/p>\n<p style=\"text-align: justify;\"><b>BAYDEM\u0130R: TAR\u0130H TEKERR\u00dcR ETMEYECEK<\/b><\/p>\n<p style=\"text-align: justify;\">B\u00fcy\u00fck\u015fehir Belediye Ba\u015fkan\u0131 Osman Baydemir, yo\u011fun ilginin g\u00f6sterildi\u011fi toplant\u0131da Amed halk\u0131n\u0131n selamlar\u0131yla konu\u015fmas\u0131na ba\u015flad\u0131.<\/p>\n<p style=\"text-align: justify;\">\u201cKurtulu\u015f\u201d ve \u201c\u00f6zg\u00fcrl\u00fc\u011f\u00fcn\u201d en \u00f6nemli anahtar\u0131n\u0131n \u201cittifak\u201d ve \u201c\u00e7al\u0131\u015fma\u201d oldu\u011funu belirten Baydemir,\u00a0 Viyana\u2019da ya\u015fayanlar\u0131n dil ve k\u00fclt\u00fcr\u00fcne sahip \u00e7\u0131kmas\u0131 gerekti\u011finin alt\u0131n\u0131 \u00e7izdi. Viyana ile Amed aras\u0131nda dostluk, k\u00fclt\u00fcrel ve ekonomik bir k\u00f6pr\u00fc kurulmas\u0131 gerekti\u011fini ifade eden Baydemir, Amed\u2019de yapt\u0131klar\u0131 \u00e7al\u0131\u015fmalar\u0131 anlat\u0131rken, t\u00fcm \u00e7al\u0131\u015fmalar\u0131 demokratik bir \u00f6zg\u00fcvenle yapt\u0131klar\u0131n\u0131 belirtti.<\/p>\n<p style=\"text-align: justify;\">\u201cB\u00fct\u00fcn kimlikler, inan\u00e7lar ve k\u00fclt\u00fcrler ba\u015fkala\u015fmadan \u00f6zg\u00fcrce ya\u015famas\u0131 i\u00e7in\u201d \u00e7al\u0131\u015fma y\u00fcr\u00fctt\u00fcklerini belirten Baydemir, bu ba\u011flamda Ehmedi Xani Camisi\u2019nin yap\u0131m\u0131na katk\u0131 sunduklar\u0131n\u0131, Alevi yurtta\u015flar i\u00e7in T\u00fcrkiye tarihinde anahtar teslimi Pir Sultan Abdal K\u00fclt\u00fcr ve Cemevi yapt\u0131klar\u0131n\u0131, Ortado\u011fu\u2019nun en b\u00fcy\u00fck Ermeni Kilisesi\u2019ni restore ettiklerini s\u00f6yledi. \u201cHi\u00e7bir etnik ve k\u00fclt\u00fcrel rezervimiz yoktur\u201d diyen Baydemir, \u201cTarih Mezopotamya\u2019da tekerr\u00fcr etmeyecek. Hi\u00e7bir Alevi, Ermeni, Ezidi, S\u00fcryani K\u00fcrdistan co\u011frafyas\u0131nda bask\u0131 ve zulme maruz kalmayacak\u201d dedi. Ge\u00e7mi\u015fte pek \u00e7ok ac\u0131mas\u0131zl\u0131k ve vicdans\u0131zl\u0131k ya\u015fand\u0131\u011f\u0131n\u0131 belirten Baydemir, K\u00fcrt siyasal hareketinin yaratt\u0131\u011f\u0131 yeni anlay\u0131\u015fla bug\u00fcnk\u00fc ku\u015fa\u011f\u0131n ge\u00e7mi\u015fle y\u00fczle\u015fti\u011fini, dersler \u00e7\u0131kard\u0131\u011f\u0131n\u0131 ifade etti. \u201cDiyarbak\u0131r \u00a0(Amed) sizindir, herkesindir\u201d diye seslenen Baydemir, k\u00f6kleri Mezopotamya\u2019da olan halklar\u0131, inan\u00e7lar\u0131 ve k\u00fclt\u00fcrleri yeniden kentleri ile ba\u011f kurmas\u0131 \u00e7a\u011fr\u0131s\u0131 yapt\u0131. Baydemir, K\u00fcrdistan co\u011frafyas\u0131n\u0131n uygarl\u0131\u011f\u0131nda K\u00fcrtlerin, Ermenilerin, S\u00fcryanilerin, Ezidilerin, T\u00fcrklerin al\u0131n teri bulundu\u011funu belirterek, \u00f6zg\u00fcrce ve karde\u015f\u00e7e bir ya\u015fam s\u00fcrd\u00fcr\u00fclmesi gerekti\u011fini s\u00f6yledi.<\/p>\n<p style=\"text-align: justify;\">K\u00fcrt sorununun g\u00fcncel boyutuna da de\u011finen Baydemir, K\u00fcrt Halk \u00d6nderi Abdullah \u00d6calan\u2019\u0131n 2013 Newroz\u2019unda a\u00e7\u0131klad\u0131\u011f\u0131 deklarasyonla geli\u015fen tarihi f\u0131rsat\u0131n ka\u00e7\u0131r\u0131lmamas\u0131 i\u00e7in h\u00fck\u00fcmetin ad\u0131m atmas\u0131 gerekti\u011fini s\u00f6yledi. T\u00fcrkiye\u2019nin Rojava\u2019ya yakla\u015f\u0131m\u0131n K\u00fcrt sorunundaki niyetinin a\u00e7\u0131\u011fa \u00e7\u0131kar\u0131c\u0131 bir \u00f6zelli\u011fi oldu\u011funu belirten Baydemir, \u201cRojava K\u00fcrdistan\u0131 de\u011fil de T\u00fcrkistan olsayd\u0131 h\u00fck\u00fcmetin politikalar\u0131 bu mu olurdu?\u201d diye sordu. \u201cOtonom, stat\u00fc kurmak annelerin ak s\u00fct\u00fc gibi helaldir\u201d diyen Baydemir, Rojava\u2019n\u0131n \u00f6zg\u00fcrle\u015fmesi gerekti\u011fini ve Esad\u2019\u0131n gitmesi gerekti\u011fini belirtirken, \u201cRabbim bizi cellatlardan uzak tutsun. El Kaide, El Nusra Allah\u2019a \u015firk ko\u015fanlard\u0131r. Bir muhabbetimiz, bir dostlu\u011fumuz onlarla olamaz \u201d \u015feklinde konu\u015ftu.<\/p>\n<p style=\"text-align: justify;\"><b>K\u00dcRT M\u00dc\u0130Z\u0130\u011e\u0130 \u0130LE K\u00dcLT\u00dcREL K\u00d6PR\u00dc<\/b><\/p>\n<p style=\"text-align: justify;\">Amed B\u00fcy\u00fck\u015fehir Belediyesi ekibiyle birlikte Avusturya\u2019ya gelen sanat\u00e7\u0131 Rojda, Belediye\u2019nin i\u00e7 meydan\u0131nda konser verdi. Konser, Viyana\u2019da K\u00fcrdistan\u2019\u0131n d\u00f6rt par\u00e7as\u0131ndan K\u00fcrtler ile kentte ya\u015fayan di\u011fer halk ve k\u00fclt\u00fcrleri bir araya getirdi.<\/p>\n<p style=\"text-align: justify;\">Avusturya K\u00fcrt Dernekleri Federasyonu (Feykom) ve k\u00fclt\u00fcr hareketi Tev-\u00c7and\u2019\u0131n destek verdi\u011fi konserin a\u00e7\u0131l\u0131\u015f\u0131nda Viyana Belediye Ba\u015fkan\u0131 Temsilcisi Sandra Frauenberger k\u00fclt\u00fcrlerin zenginli\u011finden s\u00f6z ederek k\u00fclt\u00fcrlerin \u015fehirler aras\u0131nda kurulan en iyi k\u00f6pr\u00fc oldu\u011funu s\u00f6yledi. Beraber ya\u015famak i\u00e7in sayg\u0131 ve ho\u015fg\u00f6r\u00fcn\u00fcn \u00f6nemli oldu\u011funu vurgulayan Frauenberger, belediyenin oy birli\u011fiyle Amed kentiyle k\u00fclt\u00fcrel al\u0131\u015fveri\u015finde bulundu\u011funu s\u00f6yledi. T\u00fclay Tuncel\u2019in sundu\u011fu gecede B\u00fcy\u00fck\u015fehir Belediye Ba\u015fkan\u0131 Osman Baydemir k\u0131sa bir konu\u015fma yapt\u0131. \u0130nsanl\u0131k ailesine b\u00fcy\u00fck katk\u0131lar\u0131 olan iki tarihi \u015fehir Viyana ile Amed aras\u0131nda dostluk, karde\u015flik ve k\u00fclt\u00fcrel bir ba\u011f olu\u015fturuldu\u011funu belirterek, kadim Mezopotamya co\u011frafyas\u0131n\u0131n halklar\u0131 olan Ermeni, Asuri-S\u00fcryani halk\u0131n\u0131n temsilcilerinin de gecede oldu\u011funu s\u00f6yledi.<\/p>\n<p style=\"text-align: justify;\">Daha sonra geleneksel K\u00fcrt renkleri ile modern tasar\u0131ml\u0131 kost\u00fcm\u00fcyle sahne alan sanat\u00e7\u0131 Rojda, Zazaca \u201cEsmera m\u0131n\u201d eseriyle konserine ba\u015flad\u0131. Sanat\u00e7\u0131, \u201cNinno\u201d adl\u0131 Ermenice halk \u015fark\u0131s\u0131n\u0131 okurken, y\u00fczy\u0131l\u0131n ba\u015f\u0131nda T\u00fcrkiye\u2019den g\u00f6\u00e7 etmek zorunda kalan Ermeniler duygulu anlar ya\u015fad\u0131. Tedavi olmak i\u00e7in G\u00fcney K\u00fcrdistan\u2019dan Viyana\u2019ya gelen ve izleyiciler aras\u0131nda bulunan \u015fair M. Emin Pencewi ile bu b\u00f6lgeden Viyana\u2019ya gelip yerle\u015fen K\u00fcrtleri Rojda\u2019n\u0131n s\u00f6yledi\u011fi \u201cSeltene\u201d adl\u0131 eser heyecanland\u0131rd\u0131. K\u00fcrt\u00e7enin Soranca ve kaybolmaya y\u00fcz tutmu\u015f Hevramani leh\u00e7esi kar\u0131\u015f\u0131m\u0131 eser, Baydemir\u2019in ba\u015f\u0131n\u0131 \u00e7ekti\u011fi ve Avusturyal\u0131 protokol konuklar\u0131n\u0131 halaya kald\u0131rd\u0131.<\/p>\n<p style=\"text-align: justify;\">K\u00fcrt s\u00f6zl\u00fc edebiyat\u0131n temsilcilerinden ve \u201cdengbejlerin piri\u201d olarak kabul edilen dengbej \u015eakiro\u2019nun \u201cWey dil\u201d adl\u0131 eserini Rojda modernize ederek, m\u00fczi\u011fin merkezi olarak bilinen Viyana\u2019yla tan\u0131\u015ft\u0131rd\u0131. K\u00fcrtlerin divas\u0131 kad\u0131n sanat\u00e7\u0131 Meryemxan sanat\u0131 u\u011fruna ya\u015fad\u0131\u011f\u0131 s\u00fcrg\u00fcn ve yaln\u0131zl\u0131\u011f\u0131 i\u00e7in yakt\u0131\u011f\u0131 \u201cYade reben\u00ea\u201d a\u011f\u0131d\u0131 Rojda\u2019n\u0131n sesiyle izleyenlerde b\u00fcy\u00fck etki b\u0131rakt\u0131. Sanat\u00e7\u0131 Rojda\u2019n\u0131n K\u00fcrt\u00e7enin Kurmanci ve T\u00fcrk\u00e7e eseri ise \u201cGelmi\u015f bahar\u201d oldu. Sanat\u00e7\u0131 konserinin finalini izleyenleri halaya kald\u0131ran \u201cXurfani\u201d ve \u201cEvdo\u201d eseriyle yapt\u0131.\u00a0<\/p>\n<p style=\"text-align: justify;\"><b><i>http:\/\/www.firatnews.biz\/news\/kultur\/amed-viyana-arasinda-dostluk-ve-kulturel-kopru.htm<\/i><\/b><\/p>\n","protected":false},"excerpt":{"rendered":"<p>Viyana Belediyesi\u2019nin davetlisi olarak Avusturya\u2019da bulunan B\u00fcy\u00fck\u015fehir Belediye Ba\u015fkan\u0131 Osman Baydemir, Halk Meclisi\u2019nin Viyana \u00dcniversitesi Kamp\u00fcs\u00fc\u2019nde organize etti\u011fi halk toplant\u0131s\u0131na kat\u0131l\u0131rken, belediye ekibiyle birlikte Avusturya\u2019ya gelen sanat\u00e7\u0131 Rojda ise verdi\u011fi konserle Amed-Vinaya aras\u0131nda k\u00fclt\u00fcr k\u00f6pr\u00fcs\u00fc kurdu. \u00a0Baydemir halk toplant\u0131s\u0131nda, Viyana ile Amed aras\u0131nda dostluk, k\u00fclt\u00fcrel ve ekonomik bir k\u00f6pr\u00fc kurulmas\u0131 gerekti\u011fini s\u00f6yledi. Viyana Belediyesi\u2019nin davetlisi [&hellip;]<\/p>\n","protected":false},"author":7,"featured_media":0,"comment_status":"open","ping_status":"open","sticky":false,"template":"","format":"standard","meta":{"footnotes":""},"categories":[1],"tags":[],"class_list":["post-25287","post","type-post","status-publish","format-standard","hentry","category-haberler"],"yoast_head":"<!-- This site is optimized with the Yoast SEO plugin v27.4 - https:\/\/yoast.com\/product\/yoast-seo-wordpress\/ -->\n<title>Amed-Viyana aras\u0131nda dostluk ve k\u00fclt\u00fcrel k\u00f6pr\u00fc - Bati Ermenistan Ve Bati Ermenileri Sorunlari Ara\u015ftirmalar Merkezi<\/title>\n<meta name=\"robots\" content=\"index, follow, max-snippet:-1, max-image-preview:large, max-video-preview:-1\" \/>\n<link rel=\"canonical\" href=\"https:\/\/akunq.net\/tr\/?p=25287\" \/>\n<meta property=\"og:locale\" content=\"en_US\" \/>\n<meta property=\"og:type\" content=\"article\" \/>\n<meta property=\"og:title\" content=\"Amed-Viyana aras\u0131nda dostluk ve k\u00fclt\u00fcrel k\u00f6pr\u00fc - Bati Ermenistan Ve Bati Ermenileri Sorunlari Ara\u015ftirmalar Merkezi\" \/>\n<meta property=\"og:description\" content=\"Viyana Belediyesi\u2019nin davetlisi olarak Avusturya\u2019da bulunan B\u00fcy\u00fck\u015fehir Belediye Ba\u015fkan\u0131 Osman Baydemir, Halk Meclisi\u2019nin Viyana \u00dcniversitesi Kamp\u00fcs\u00fc\u2019nde organize etti\u011fi halk toplant\u0131s\u0131na kat\u0131l\u0131rken, belediye ekibiyle birlikte Avusturya\u2019ya gelen sanat\u00e7\u0131 Rojda ise verdi\u011fi konserle Amed-Vinaya aras\u0131nda k\u00fclt\u00fcr k\u00f6pr\u00fcs\u00fc kurdu. \u00a0Baydemir halk toplant\u0131s\u0131nda, Viyana ile Amed aras\u0131nda dostluk, k\u00fclt\u00fcrel ve ekonomik bir k\u00f6pr\u00fc kurulmas\u0131 gerekti\u011fini s\u00f6yledi. Viyana Belediyesi\u2019nin davetlisi [&hellip;]\" \/>\n<meta property=\"og:url\" content=\"https:\/\/akunq.net\/tr\/?p=25287\" \/>\n<meta property=\"og:site_name\" content=\"Bati Ermenistan Ve Bati Ermenileri Sorunlari Ara\u015ftirmalar Merkezi\" \/>\n<meta property=\"article:published_time\" content=\"2013-09-02T07:07:45+00:00\" \/>\n<meta name=\"author\" content=\"admin\" \/>\n<meta name=\"twitter:card\" content=\"summary_large_image\" \/>\n<meta name=\"twitter:label1\" content=\"Written by\" \/>\n\t<meta name=\"twitter:data1\" content=\"admin\" \/>\n\t<meta name=\"twitter:label2\" content=\"Est. reading time\" \/>\n\t<meta name=\"twitter:data2\" content=\"5 minutes\" \/>\n<script type=\"application\/ld+json\" class=\"yoast-schema-graph\">{\"@context\":\"https:\\\/\\\/schema.org\",\"@graph\":[{\"@type\":\"Article\",\"@id\":\"https:\\\/\\\/akunq.net\\\/tr\\\/?p=25287#article\",\"isPartOf\":{\"@id\":\"https:\\\/\\\/akunq.net\\\/tr\\\/?p=25287\"},\"author\":{\"name\":\"admin\",\"@id\":\"https:\\\/\\\/akunq.net\\\/tr\\\/#\\\/schema\\\/person\\\/096f1d38a12cce57fb855b485ed24c9e\"},\"headline\":\"Amed-Viyana aras\u0131nda dostluk ve k\u00fclt\u00fcrel k\u00f6pr\u00fc\",\"datePublished\":\"2013-09-02T07:07:45+00:00\",\"mainEntityOfPage\":{\"@id\":\"https:\\\/\\\/akunq.net\\\/tr\\\/?p=25287\"},\"wordCount\":1108,\"commentCount\":0,\"articleSection\":[\"Haberler\"],\"inLanguage\":\"en-US\",\"potentialAction\":[{\"@type\":\"CommentAction\",\"name\":\"Comment\",\"target\":[\"https:\\\/\\\/akunq.net\\\/tr\\\/?p=25287#respond\"]}]},{\"@type\":\"WebPage\",\"@id\":\"https:\\\/\\\/akunq.net\\\/tr\\\/?p=25287\",\"url\":\"https:\\\/\\\/akunq.net\\\/tr\\\/?p=25287\",\"name\":\"Amed-Viyana aras\u0131nda dostluk ve k\u00fclt\u00fcrel k\u00f6pr\u00fc - Bati Ermenistan Ve Bati Ermenileri Sorunlari Ara\u015ftirmalar Merkezi\",\"isPartOf\":{\"@id\":\"https:\\\/\\\/akunq.net\\\/tr\\\/#website\"},\"datePublished\":\"2013-09-02T07:07:45+00:00\",\"author\":{\"@id\":\"https:\\\/\\\/akunq.net\\\/tr\\\/#\\\/schema\\\/person\\\/096f1d38a12cce57fb855b485ed24c9e\"},\"breadcrumb\":{\"@id\":\"https:\\\/\\\/akunq.net\\\/tr\\\/?p=25287#breadcrumb\"},\"inLanguage\":\"en-US\",\"potentialAction\":[{\"@type\":\"ReadAction\",\"target\":[\"https:\\\/\\\/akunq.net\\\/tr\\\/?p=25287\"]}]},{\"@type\":\"BreadcrumbList\",\"@id\":\"https:\\\/\\\/akunq.net\\\/tr\\\/?p=25287#breadcrumb\",\"itemListElement\":[{\"@type\":\"ListItem\",\"position\":1,\"name\":\"Home\",\"item\":\"https:\\\/\\\/akunq.net\\\/tr\"},{\"@type\":\"ListItem\",\"position\":2,\"name\":\"Amed-Viyana aras\u0131nda dostluk ve k\u00fclt\u00fcrel k\u00f6pr\u00fc\"}]},{\"@type\":\"WebSite\",\"@id\":\"https:\\\/\\\/akunq.net\\\/tr\\\/#website\",\"url\":\"https:\\\/\\\/akunq.net\\\/tr\\\/\",\"name\":\"Bati Ermenistan Ve Bati Ermenileri Sorunlari Ara\u015ftirmalar Merkezi\",\"description\":\"\",\"potentialAction\":[{\"@type\":\"SearchAction\",\"target\":{\"@type\":\"EntryPoint\",\"urlTemplate\":\"https:\\\/\\\/akunq.net\\\/tr\\\/?s={search_term_string}\"},\"query-input\":{\"@type\":\"PropertyValueSpecification\",\"valueRequired\":true,\"valueName\":\"search_term_string\"}}],\"inLanguage\":\"en-US\"},{\"@type\":\"Person\",\"@id\":\"https:\\\/\\\/akunq.net\\\/tr\\\/#\\\/schema\\\/person\\\/096f1d38a12cce57fb855b485ed24c9e\",\"name\":\"admin\",\"url\":\"https:\\\/\\\/akunq.net\\\/tr\\\/?author=7\"}]}<\/script>\n<!-- \/ Yoast SEO plugin. -->","yoast_head_json":{"title":"Amed-Viyana aras\u0131nda dostluk ve k\u00fclt\u00fcrel k\u00f6pr\u00fc - Bati Ermenistan Ve Bati Ermenileri Sorunlari Ara\u015ftirmalar Merkezi","robots":{"index":"index","follow":"follow","max-snippet":"max-snippet:-1","max-image-preview":"max-image-preview:large","max-video-preview":"max-video-preview:-1"},"canonical":"https:\/\/akunq.net\/tr\/?p=25287","og_locale":"en_US","og_type":"article","og_title":"Amed-Viyana aras\u0131nda dostluk ve k\u00fclt\u00fcrel k\u00f6pr\u00fc - Bati Ermenistan Ve Bati Ermenileri Sorunlari Ara\u015ftirmalar Merkezi","og_description":"Viyana Belediyesi\u2019nin davetlisi olarak Avusturya\u2019da bulunan B\u00fcy\u00fck\u015fehir Belediye Ba\u015fkan\u0131 Osman Baydemir, Halk Meclisi\u2019nin Viyana \u00dcniversitesi Kamp\u00fcs\u00fc\u2019nde organize etti\u011fi halk toplant\u0131s\u0131na kat\u0131l\u0131rken, belediye ekibiyle birlikte Avusturya\u2019ya gelen sanat\u00e7\u0131 Rojda ise verdi\u011fi konserle Amed-Vinaya aras\u0131nda k\u00fclt\u00fcr k\u00f6pr\u00fcs\u00fc kurdu. \u00a0Baydemir halk toplant\u0131s\u0131nda, Viyana ile Amed aras\u0131nda dostluk, k\u00fclt\u00fcrel ve ekonomik bir k\u00f6pr\u00fc kurulmas\u0131 gerekti\u011fini s\u00f6yledi. Viyana Belediyesi\u2019nin davetlisi [&hellip;]","og_url":"https:\/\/akunq.net\/tr\/?p=25287","og_site_name":"Bati Ermenistan Ve Bati Ermenileri Sorunlari Ara\u015ftirmalar Merkezi","article_published_time":"2013-09-02T07:07:45+00:00","author":"admin","twitter_card":"summary_large_image","twitter_misc":{"Written by":"admin","Est. reading time":"5 minutes"},"schema":{"@context":"https:\/\/schema.org","@graph":[{"@type":"Article","@id":"https:\/\/akunq.net\/tr\/?p=25287#article","isPartOf":{"@id":"https:\/\/akunq.net\/tr\/?p=25287"},"author":{"name":"admin","@id":"https:\/\/akunq.net\/tr\/#\/schema\/person\/096f1d38a12cce57fb855b485ed24c9e"},"headline":"Amed-Viyana aras\u0131nda dostluk ve k\u00fclt\u00fcrel k\u00f6pr\u00fc","datePublished":"2013-09-02T07:07:45+00:00","mainEntityOfPage":{"@id":"https:\/\/akunq.net\/tr\/?p=25287"},"wordCount":1108,"commentCount":0,"articleSection":["Haberler"],"inLanguage":"en-US","potentialAction":[{"@type":"CommentAction","name":"Comment","target":["https:\/\/akunq.net\/tr\/?p=25287#respond"]}]},{"@type":"WebPage","@id":"https:\/\/akunq.net\/tr\/?p=25287","url":"https:\/\/akunq.net\/tr\/?p=25287","name":"Amed-Viyana aras\u0131nda dostluk ve k\u00fclt\u00fcrel k\u00f6pr\u00fc - Bati Ermenistan Ve Bati Ermenileri Sorunlari Ara\u015ftirmalar Merkezi","isPartOf":{"@id":"https:\/\/akunq.net\/tr\/#website"},"datePublished":"2013-09-02T07:07:45+00:00","author":{"@id":"https:\/\/akunq.net\/tr\/#\/schema\/person\/096f1d38a12cce57fb855b485ed24c9e"},"breadcrumb":{"@id":"https:\/\/akunq.net\/tr\/?p=25287#breadcrumb"},"inLanguage":"en-US","potentialAction":[{"@type":"ReadAction","target":["https:\/\/akunq.net\/tr\/?p=25287"]}]},{"@type":"BreadcrumbList","@id":"https:\/\/akunq.net\/tr\/?p=25287#breadcrumb","itemListElement":[{"@type":"ListItem","position":1,"name":"Home","item":"https:\/\/akunq.net\/tr"},{"@type":"ListItem","position":2,"name":"Amed-Viyana aras\u0131nda dostluk ve k\u00fclt\u00fcrel k\u00f6pr\u00fc"}]},{"@type":"WebSite","@id":"https:\/\/akunq.net\/tr\/#website","url":"https:\/\/akunq.net\/tr\/","name":"Bati Ermenistan Ve Bati Ermenileri Sorunlari Ara\u015ftirmalar Merkezi","description":"","potentialAction":[{"@type":"SearchAction","target":{"@type":"EntryPoint","urlTemplate":"https:\/\/akunq.net\/tr\/?s={search_term_string}"},"query-input":{"@type":"PropertyValueSpecification","valueRequired":true,"valueName":"search_term_string"}}],"inLanguage":"en-US"},{"@type":"Person","@id":"https:\/\/akunq.net\/tr\/#\/schema\/person\/096f1d38a12cce57fb855b485ed24c9e","name":"admin","url":"https:\/\/akunq.net\/tr\/?author=7"}]}},"_links":{"self":[{"href":"https:\/\/akunq.net\/tr\/index.php?rest_route=\/wp\/v2\/posts\/25287","targetHints":{"allow":["GET"]}}],"collection":[{"href":"https:\/\/akunq.net\/tr\/index.php?rest_route=\/wp\/v2\/posts"}],"about":[{"href":"https:\/\/akunq.net\/tr\/index.php?rest_route=\/wp\/v2\/types\/post"}],"author":[{"embeddable":true,"href":"https:\/\/akunq.net\/tr\/index.php?rest_route=\/wp\/v2\/users\/7"}],"replies":[{"embeddable":true,"href":"https:\/\/akunq.net\/tr\/index.php?rest_route=%2Fwp%2Fv2%2Fcomments&post=25287"}],"version-history":[{"count":1,"href":"https:\/\/akunq.net\/tr\/index.php?rest_route=\/wp\/v2\/posts\/25287\/revisions"}],"predecessor-version":[{"id":25289,"href":"https:\/\/akunq.net\/tr\/index.php?rest_route=\/wp\/v2\/posts\/25287\/revisions\/25289"}],"wp:attachment":[{"href":"https:\/\/akunq.net\/tr\/index.php?rest_route=%2Fwp%2Fv2%2Fmedia&parent=25287"}],"wp:term":[{"taxonomy":"category","embeddable":true,"href":"https:\/\/akunq.net\/tr\/index.php?rest_route=%2Fwp%2Fv2%2Fcategories&post=25287"},{"taxonomy":"post_tag","embeddable":true,"href":"https:\/\/akunq.net\/tr\/index.php?rest_route=%2Fwp%2Fv2%2Ftags&post=25287"}],"curies":[{"name":"wp","href":"https:\/\/api.w.org\/{rel}","templated":true}]}}