{"id":25284,"date":"2013-08-31T01:15:12","date_gmt":"2013-08-31T06:15:12","guid":{"rendered":"http:\/\/akunq.net\/tr\/?p=25284"},"modified":"2013-08-31T01:15:12","modified_gmt":"2013-08-31T06:15:12","slug":"ana-taht-ermeni-soykiriminin-100-yildonumu-tertip-komisyonu-toplandi","status":"publish","type":"post","link":"https:\/\/akunq.net\/tr\/?p=25284","title":{"rendered":"Ana Taht Ermeni Soyk\u0131r\u0131m\u0131n\u0131n 100. Y\u0131ld\u00f6n\u00fcm\u00fc Tertip Komisyonu topland\u0131"},"content":{"rendered":"<p style=\"text-align: justify;\"><b><i><a href=\"http:\/\/akunq.net\/tr\/wp-content\/uploads\/2013\/08\/Ermeni-Soyk\u0131r\u0131m\u0131n\u0131n-100.-Y\u0131ld\u00f6n\u00fcm\u00fc.jpg\"><img loading=\"lazy\" decoding=\"async\" class=\"alignright size-full wp-image-25285\" alt=\"Ermeni Soyk\u0131r\u0131m\u0131n\u0131n 100. Y\u0131ld\u00f6n\u00fcm\u00fc\" src=\"http:\/\/akunq.net\/tr\/wp-content\/uploads\/2013\/08\/Ermeni-Soyk\u0131r\u0131m\u0131n\u0131n-100.-Y\u0131ld\u00f6n\u00fcm\u00fc.jpg\" width=\"300\" height=\"289\" \/><\/a>Ana Taht Kutsal Etchmiatsin\u2019de, 29 A\u011fustos\u2019ta\u00a0 \u00abAna Taht Ermeni Soyk\u0131r\u0131m\u0131n\u0131n 100. Y\u0131ld\u00f6n\u00fcm\u00fc Tertip Komisyonu\u00bb D\u00f6nem b\u015fk. ABD Bat\u0131 Yakas\u0131 Diyakoslu\u011fu ruhani lideri Ba\u015fepiskopos Hovnan Terteryan riyasetinde topland\u0131.<\/i><\/b><\/p>\n<p style=\"text-align: justify;\">Toplant\u0131da Ana Taht taraf\u0131ndan planlanan etkinlikler ve bunlar\u0131n d\u00fczenlenme takvimi yan\u0131s\u0131ra Ermeni Soyk\u0131r\u0131m\u0131n\u0131n 100. Y\u0131ld\u00f6n\u00fcm\u00fcne y\u00f6nelik etkinlikleri koordine eden Resmi Komisyonla ortak ger\u00e7ekle\u015ftirilecek \u00e7al\u0131\u015fmalar g\u00f6r\u00fc\u015f\u00fcld\u00fc ve netle\u015ftirildi.<\/p>\n<p style=\"text-align: justify;\">Toplant\u0131ya Ermeni Soyk\u0131r\u0131m\u0131 M\u00fcze-Enstit\u00fcs\u00fc Direkt\u00f6r\u00fc, Ermeni Soyk\u0131r\u0131m\u0131 100. Y\u0131ld\u00f6n\u00fcm\u00fcne y\u00f6nelik etkinlikleri koordine eden Resmi Komisyon Sekreteri Hayk Demoyan da kat\u0131ld\u0131.<\/p>\n<p style=\"text-align: justify;\"><b><i>http:\/\/news.am\/tur\/news\/168806.html<\/i><\/b><\/p>\n","protected":false},"excerpt":{"rendered":"<p>Ana Taht Kutsal Etchmiatsin\u2019de, 29 A\u011fustos\u2019ta\u00a0 \u00abAna Taht Ermeni Soyk\u0131r\u0131m\u0131n\u0131n 100. Y\u0131ld\u00f6n\u00fcm\u00fc Tertip Komisyonu\u00bb D\u00f6nem b\u015fk. ABD Bat\u0131 Yakas\u0131 Diyakoslu\u011fu ruhani lideri Ba\u015fepiskopos Hovnan Terteryan riyasetinde topland\u0131. Toplant\u0131da Ana Taht taraf\u0131ndan planlanan etkinlikler ve bunlar\u0131n d\u00fczenlenme takvimi yan\u0131s\u0131ra Ermeni Soyk\u0131r\u0131m\u0131n\u0131n 100. Y\u0131ld\u00f6n\u00fcm\u00fcne y\u00f6nelik etkinlikleri koordine eden Resmi Komisyonla ortak ger\u00e7ekle\u015ftirilecek \u00e7al\u0131\u015fmalar g\u00f6r\u00fc\u015f\u00fcld\u00fc ve netle\u015ftirildi. Toplant\u0131ya [&hellip;]<\/p>\n","protected":false},"author":7,"featured_media":0,"comment_status":"open","ping_status":"open","sticky":false,"template":"","format":"standard","meta":{"footnotes":""},"categories":[1],"tags":[],"class_list":["post-25284","post","type-post","status-publish","format-standard","hentry","category-haberler"],"yoast_head":"<!-- This site is optimized with the Yoast SEO plugin v27.4 - https:\/\/yoast.com\/product\/yoast-seo-wordpress\/ -->\n<title>Ana Taht Ermeni Soyk\u0131r\u0131m\u0131n\u0131n 100. Y\u0131ld\u00f6n\u00fcm\u00fc Tertip Komisyonu topland\u0131 - Bati Ermenistan Ve Bati Ermenileri Sorunlari Ara\u015ftirmalar Merkezi<\/title>\n<meta name=\"robots\" content=\"index, follow, max-snippet:-1, max-image-preview:large, max-video-preview:-1\" \/>\n<link rel=\"canonical\" href=\"https:\/\/akunq.net\/tr\/?p=25284\" \/>\n<meta property=\"og:locale\" content=\"en_US\" \/>\n<meta property=\"og:type\" content=\"article\" \/>\n<meta property=\"og:title\" content=\"Ana Taht Ermeni Soyk\u0131r\u0131m\u0131n\u0131n 100. Y\u0131ld\u00f6n\u00fcm\u00fc Tertip Komisyonu topland\u0131 - Bati Ermenistan Ve Bati Ermenileri Sorunlari Ara\u015ftirmalar Merkezi\" \/>\n<meta property=\"og:description\" content=\"Ana Taht Kutsal Etchmiatsin\u2019de, 29 A\u011fustos\u2019ta\u00a0 \u00abAna Taht Ermeni Soyk\u0131r\u0131m\u0131n\u0131n 100. Y\u0131ld\u00f6n\u00fcm\u00fc Tertip Komisyonu\u00bb D\u00f6nem b\u015fk. ABD Bat\u0131 Yakas\u0131 Diyakoslu\u011fu ruhani lideri Ba\u015fepiskopos Hovnan Terteryan riyasetinde topland\u0131. Toplant\u0131da Ana Taht taraf\u0131ndan planlanan etkinlikler ve bunlar\u0131n d\u00fczenlenme takvimi yan\u0131s\u0131ra Ermeni Soyk\u0131r\u0131m\u0131n\u0131n 100. Y\u0131ld\u00f6n\u00fcm\u00fcne y\u00f6nelik etkinlikleri koordine eden Resmi Komisyonla ortak ger\u00e7ekle\u015ftirilecek \u00e7al\u0131\u015fmalar g\u00f6r\u00fc\u015f\u00fcld\u00fc ve netle\u015ftirildi. Toplant\u0131ya [&hellip;]\" \/>\n<meta property=\"og:url\" content=\"https:\/\/akunq.net\/tr\/?p=25284\" \/>\n<meta property=\"og:site_name\" content=\"Bati Ermenistan Ve Bati Ermenileri Sorunlari Ara\u015ftirmalar Merkezi\" \/>\n<meta property=\"article:published_time\" content=\"2013-08-31T06:15:12+00:00\" \/>\n<meta name=\"author\" content=\"admin\" \/>\n<meta name=\"twitter:card\" content=\"summary_large_image\" \/>\n<meta name=\"twitter:label1\" content=\"Written by\" \/>\n\t<meta name=\"twitter:data1\" content=\"admin\" \/>\n\t<meta name=\"twitter:label2\" content=\"Est. reading time\" \/>\n\t<meta name=\"twitter:data2\" content=\"1 minute\" \/>\n<script type=\"application\/ld+json\" class=\"yoast-schema-graph\">{\"@context\":\"https:\\\/\\\/schema.org\",\"@graph\":[{\"@type\":\"Article\",\"@id\":\"https:\\\/\\\/akunq.net\\\/tr\\\/?p=25284#article\",\"isPartOf\":{\"@id\":\"https:\\\/\\\/akunq.net\\\/tr\\\/?p=25284\"},\"author\":{\"name\":\"admin\",\"@id\":\"https:\\\/\\\/akunq.net\\\/tr\\\/#\\\/schema\\\/person\\\/096f1d38a12cce57fb855b485ed24c9e\"},\"headline\":\"Ana Taht Ermeni Soyk\u0131r\u0131m\u0131n\u0131n 100. Y\u0131ld\u00f6n\u00fcm\u00fc Tertip Komisyonu topland\u0131\",\"datePublished\":\"2013-08-31T06:15:12+00:00\",\"mainEntityOfPage\":{\"@id\":\"https:\\\/\\\/akunq.net\\\/tr\\\/?p=25284\"},\"wordCount\":140,\"commentCount\":0,\"articleSection\":[\"Haberler\"],\"inLanguage\":\"en-US\",\"potentialAction\":[{\"@type\":\"CommentAction\",\"name\":\"Comment\",\"target\":[\"https:\\\/\\\/akunq.net\\\/tr\\\/?p=25284#respond\"]}]},{\"@type\":\"WebPage\",\"@id\":\"https:\\\/\\\/akunq.net\\\/tr\\\/?p=25284\",\"url\":\"https:\\\/\\\/akunq.net\\\/tr\\\/?p=25284\",\"name\":\"Ana Taht Ermeni Soyk\u0131r\u0131m\u0131n\u0131n 100. Y\u0131ld\u00f6n\u00fcm\u00fc Tertip Komisyonu topland\u0131 - Bati Ermenistan Ve Bati Ermenileri Sorunlari Ara\u015ftirmalar Merkezi\",\"isPartOf\":{\"@id\":\"https:\\\/\\\/akunq.net\\\/tr\\\/#website\"},\"datePublished\":\"2013-08-31T06:15:12+00:00\",\"author\":{\"@id\":\"https:\\\/\\\/akunq.net\\\/tr\\\/#\\\/schema\\\/person\\\/096f1d38a12cce57fb855b485ed24c9e\"},\"breadcrumb\":{\"@id\":\"https:\\\/\\\/akunq.net\\\/tr\\\/?p=25284#breadcrumb\"},\"inLanguage\":\"en-US\",\"potentialAction\":[{\"@type\":\"ReadAction\",\"target\":[\"https:\\\/\\\/akunq.net\\\/tr\\\/?p=25284\"]}]},{\"@type\":\"BreadcrumbList\",\"@id\":\"https:\\\/\\\/akunq.net\\\/tr\\\/?p=25284#breadcrumb\",\"itemListElement\":[{\"@type\":\"ListItem\",\"position\":1,\"name\":\"Home\",\"item\":\"https:\\\/\\\/akunq.net\\\/tr\"},{\"@type\":\"ListItem\",\"position\":2,\"name\":\"Ana Taht Ermeni Soyk\u0131r\u0131m\u0131n\u0131n 100. Y\u0131ld\u00f6n\u00fcm\u00fc Tertip Komisyonu topland\u0131\"}]},{\"@type\":\"WebSite\",\"@id\":\"https:\\\/\\\/akunq.net\\\/tr\\\/#website\",\"url\":\"https:\\\/\\\/akunq.net\\\/tr\\\/\",\"name\":\"Bati Ermenistan Ve Bati Ermenileri Sorunlari Ara\u015ftirmalar Merkezi\",\"description\":\"\",\"potentialAction\":[{\"@type\":\"SearchAction\",\"target\":{\"@type\":\"EntryPoint\",\"urlTemplate\":\"https:\\\/\\\/akunq.net\\\/tr\\\/?s={search_term_string}\"},\"query-input\":{\"@type\":\"PropertyValueSpecification\",\"valueRequired\":true,\"valueName\":\"search_term_string\"}}],\"inLanguage\":\"en-US\"},{\"@type\":\"Person\",\"@id\":\"https:\\\/\\\/akunq.net\\\/tr\\\/#\\\/schema\\\/person\\\/096f1d38a12cce57fb855b485ed24c9e\",\"name\":\"admin\",\"url\":\"https:\\\/\\\/akunq.net\\\/tr\\\/?author=7\"}]}<\/script>\n<!-- \/ Yoast SEO plugin. -->","yoast_head_json":{"title":"Ana Taht Ermeni Soyk\u0131r\u0131m\u0131n\u0131n 100. Y\u0131ld\u00f6n\u00fcm\u00fc Tertip Komisyonu topland\u0131 - Bati Ermenistan Ve Bati Ermenileri Sorunlari Ara\u015ftirmalar Merkezi","robots":{"index":"index","follow":"follow","max-snippet":"max-snippet:-1","max-image-preview":"max-image-preview:large","max-video-preview":"max-video-preview:-1"},"canonical":"https:\/\/akunq.net\/tr\/?p=25284","og_locale":"en_US","og_type":"article","og_title":"Ana Taht Ermeni Soyk\u0131r\u0131m\u0131n\u0131n 100. Y\u0131ld\u00f6n\u00fcm\u00fc Tertip Komisyonu topland\u0131 - Bati Ermenistan Ve Bati Ermenileri Sorunlari Ara\u015ftirmalar Merkezi","og_description":"Ana Taht Kutsal Etchmiatsin\u2019de, 29 A\u011fustos\u2019ta\u00a0 \u00abAna Taht Ermeni Soyk\u0131r\u0131m\u0131n\u0131n 100. Y\u0131ld\u00f6n\u00fcm\u00fc Tertip Komisyonu\u00bb D\u00f6nem b\u015fk. ABD Bat\u0131 Yakas\u0131 Diyakoslu\u011fu ruhani lideri Ba\u015fepiskopos Hovnan Terteryan riyasetinde topland\u0131. Toplant\u0131da Ana Taht taraf\u0131ndan planlanan etkinlikler ve bunlar\u0131n d\u00fczenlenme takvimi yan\u0131s\u0131ra Ermeni Soyk\u0131r\u0131m\u0131n\u0131n 100. Y\u0131ld\u00f6n\u00fcm\u00fcne y\u00f6nelik etkinlikleri koordine eden Resmi Komisyonla ortak ger\u00e7ekle\u015ftirilecek \u00e7al\u0131\u015fmalar g\u00f6r\u00fc\u015f\u00fcld\u00fc ve netle\u015ftirildi. Toplant\u0131ya [&hellip;]","og_url":"https:\/\/akunq.net\/tr\/?p=25284","og_site_name":"Bati Ermenistan Ve Bati Ermenileri Sorunlari Ara\u015ftirmalar Merkezi","article_published_time":"2013-08-31T06:15:12+00:00","author":"admin","twitter_card":"summary_large_image","twitter_misc":{"Written by":"admin","Est. reading time":"1 minute"},"schema":{"@context":"https:\/\/schema.org","@graph":[{"@type":"Article","@id":"https:\/\/akunq.net\/tr\/?p=25284#article","isPartOf":{"@id":"https:\/\/akunq.net\/tr\/?p=25284"},"author":{"name":"admin","@id":"https:\/\/akunq.net\/tr\/#\/schema\/person\/096f1d38a12cce57fb855b485ed24c9e"},"headline":"Ana Taht Ermeni Soyk\u0131r\u0131m\u0131n\u0131n 100. Y\u0131ld\u00f6n\u00fcm\u00fc Tertip Komisyonu topland\u0131","datePublished":"2013-08-31T06:15:12+00:00","mainEntityOfPage":{"@id":"https:\/\/akunq.net\/tr\/?p=25284"},"wordCount":140,"commentCount":0,"articleSection":["Haberler"],"inLanguage":"en-US","potentialAction":[{"@type":"CommentAction","name":"Comment","target":["https:\/\/akunq.net\/tr\/?p=25284#respond"]}]},{"@type":"WebPage","@id":"https:\/\/akunq.net\/tr\/?p=25284","url":"https:\/\/akunq.net\/tr\/?p=25284","name":"Ana Taht Ermeni Soyk\u0131r\u0131m\u0131n\u0131n 100. Y\u0131ld\u00f6n\u00fcm\u00fc Tertip Komisyonu topland\u0131 - Bati Ermenistan Ve Bati Ermenileri Sorunlari Ara\u015ftirmalar Merkezi","isPartOf":{"@id":"https:\/\/akunq.net\/tr\/#website"},"datePublished":"2013-08-31T06:15:12+00:00","author":{"@id":"https:\/\/akunq.net\/tr\/#\/schema\/person\/096f1d38a12cce57fb855b485ed24c9e"},"breadcrumb":{"@id":"https:\/\/akunq.net\/tr\/?p=25284#breadcrumb"},"inLanguage":"en-US","potentialAction":[{"@type":"ReadAction","target":["https:\/\/akunq.net\/tr\/?p=25284"]}]},{"@type":"BreadcrumbList","@id":"https:\/\/akunq.net\/tr\/?p=25284#breadcrumb","itemListElement":[{"@type":"ListItem","position":1,"name":"Home","item":"https:\/\/akunq.net\/tr"},{"@type":"ListItem","position":2,"name":"Ana Taht Ermeni Soyk\u0131r\u0131m\u0131n\u0131n 100. Y\u0131ld\u00f6n\u00fcm\u00fc Tertip Komisyonu topland\u0131"}]},{"@type":"WebSite","@id":"https:\/\/akunq.net\/tr\/#website","url":"https:\/\/akunq.net\/tr\/","name":"Bati Ermenistan Ve Bati Ermenileri Sorunlari Ara\u015ftirmalar Merkezi","description":"","potentialAction":[{"@type":"SearchAction","target":{"@type":"EntryPoint","urlTemplate":"https:\/\/akunq.net\/tr\/?s={search_term_string}"},"query-input":{"@type":"PropertyValueSpecification","valueRequired":true,"valueName":"search_term_string"}}],"inLanguage":"en-US"},{"@type":"Person","@id":"https:\/\/akunq.net\/tr\/#\/schema\/person\/096f1d38a12cce57fb855b485ed24c9e","name":"admin","url":"https:\/\/akunq.net\/tr\/?author=7"}]}},"_links":{"self":[{"href":"https:\/\/akunq.net\/tr\/index.php?rest_route=\/wp\/v2\/posts\/25284","targetHints":{"allow":["GET"]}}],"collection":[{"href":"https:\/\/akunq.net\/tr\/index.php?rest_route=\/wp\/v2\/posts"}],"about":[{"href":"https:\/\/akunq.net\/tr\/index.php?rest_route=\/wp\/v2\/types\/post"}],"author":[{"embeddable":true,"href":"https:\/\/akunq.net\/tr\/index.php?rest_route=\/wp\/v2\/users\/7"}],"replies":[{"embeddable":true,"href":"https:\/\/akunq.net\/tr\/index.php?rest_route=%2Fwp%2Fv2%2Fcomments&post=25284"}],"version-history":[{"count":1,"href":"https:\/\/akunq.net\/tr\/index.php?rest_route=\/wp\/v2\/posts\/25284\/revisions"}],"predecessor-version":[{"id":25286,"href":"https:\/\/akunq.net\/tr\/index.php?rest_route=\/wp\/v2\/posts\/25284\/revisions\/25286"}],"wp:attachment":[{"href":"https:\/\/akunq.net\/tr\/index.php?rest_route=%2Fwp%2Fv2%2Fmedia&parent=25284"}],"wp:term":[{"taxonomy":"category","embeddable":true,"href":"https:\/\/akunq.net\/tr\/index.php?rest_route=%2Fwp%2Fv2%2Fcategories&post=25284"},{"taxonomy":"post_tag","embeddable":true,"href":"https:\/\/akunq.net\/tr\/index.php?rest_route=%2Fwp%2Fv2%2Ftags&post=25284"}],"curies":[{"name":"wp","href":"https:\/\/api.w.org\/{rel}","templated":true}]}}