{"id":25259,"date":"2013-08-30T02:21:05","date_gmt":"2013-08-30T07:21:05","guid":{"rendered":"http:\/\/akunq.net\/tr\/?p=25259"},"modified":"2013-08-30T02:21:34","modified_gmt":"2013-08-30T07:21:34","slug":"182-dagci-zafer-tirmanisindan-baris-mesaji-atacak","status":"publish","type":"post","link":"https:\/\/akunq.net\/tr\/?p=25259","title":{"rendered":"182 Da\u011fc\u0131 Zafer T\u0131rman\u0131\u015f\u0131ndan &#8216;Bar\u0131\u015f&#8217; Mesaj\u0131 Atacak"},"content":{"rendered":"<p style=\"text-align: justify;\"><b><i><a href=\"http:\/\/akunq.net\/tr\/wp-content\/uploads\/2013\/08\/\u0531\u0580\u0561\u0580\u0561\u057f.jpg\"><img loading=\"lazy\" decoding=\"async\" class=\"alignright size-medium wp-image-25260\" alt=\"\u0531\u0580\u0561\u0580\u0561\u057f\" src=\"http:\/\/akunq.net\/tr\/wp-content\/uploads\/2013\/08\/\u0531\u0580\u0561\u0580\u0561\u057f-300x212.jpg\" width=\"300\" height=\"212\" srcset=\"https:\/\/akunq.net\/tr\/wp-content\/uploads\/sites\/6\/2013\/08\/\u0531\u0580\u0561\u0580\u0561\u057f-300x212.jpg 300w, https:\/\/akunq.net\/tr\/wp-content\/uploads\/sites\/6\/2013\/08\/\u0531\u0580\u0561\u0580\u0561\u057f.jpg 314w\" sizes=\"auto, (max-width: 300px) 100vw, 300px\" \/><\/a>T\u00fcrkiye Da\u011fc\u0131l\u0131k Federasyonu&#8217;nun d\u00fczenledi\u011fi 14&#8217;\u00fcnc\u00fc Uluslararas\u0131 Zafer T\u0131rman\u0131\u015f\u0131na kat\u0131lan 182 da\u011fc\u0131, A\u011fr\u0131 (Ararat-\u2018Akunq\u2019 web sayfas\u0131 y\u00f6neticileri) Da\u011f\u0131&#8217;na t\u0131rman\u0131\u015fa ba\u015flad\u0131.<\/i><\/b><\/p>\n<p style=\"text-align: justify;\">T\u00fcrkiye Da\u011fc\u0131l\u0131k Federasyonu&#8217;nun (TDF) d\u00fczenledi\u011fi 14&#8217;\u00fcnc\u00fc Uluslararas\u0131 Zafer T\u0131rman\u0131\u015f\u0131na kat\u0131lan 29&#8217;u yabanc\u0131 182 da\u011fc\u0131 Do\u011fubayaz\u0131t&#8217;\u0131n Eli K\u00f6y\u00fc&#8217;nden A\u011fr\u0131 Da\u011f\u0131&#8217;na t\u0131rman\u0131\u015fa ba\u015flad\u0131. TDF Ba\u015fkan\u0131 Alaattin Karaca, &#8220;A\u011fr\u0131&#8217;n\u0131n zirvesine \u00e7\u0131kacak 7 \u00fclkeden da\u011fc\u0131lar, D\u00fcnyaya bar\u0131\u015f mesajlar\u0131 yollayacak&#8221; dedi.<\/p>\n<p style=\"text-align: justify;\">Kaymakaml\u0131k yak\u0131n\u0131nda g\u00fcn\u00fcn erken saatlerinde toplanan da\u011fc\u0131lar, yiyecek, giyecek, bar\u0131nma malzemelerini kamyonlara y\u00fckledi. Yunanistan, Azerbaycan, Bulgaristan, \u0130ran, Makedonya, Kosova&#8217;dan 29, T\u00fcrkiye&#8217;nin 35 ilindeki 64 da\u011fc\u0131l\u0131k kul\u00fcb\u00fcnden gelen 153 sporcu minib\u00fcslerle A\u011fr\u0131 Da\u011f\u0131 ete\u011findeki Eli k\u00f6y\u00fcne \u00e7\u0131kt\u0131. Kamyonlardaki e\u015fyalar\u0131n\u0131 at, e\u015fek ve kat\u0131rlara y\u00fckleyen da\u011fc\u0131lar, saat 09.30&#8217;da t\u0131rman\u0131\u015fa ge\u00e7ti. Yakla\u015f\u0131k 6 saatlik t\u0131rman\u0131\u015fla deniz seviyesinden 3 bin 200 metre y\u00fcksekli\u011fe \u00e7\u0131kacak da\u011fc\u0131lar, ana kampta kurduklar\u0131 \u00e7ad\u0131rlarda kalacak. Da\u011fc\u0131lar, ikinci g\u00fcn, 4 bin 200 metre y\u00fcksekli\u011fe t\u0131rmanacak. 30 A\u011fustos g\u00fcn\u00fc sabah saatlerinde A\u011fr\u0131&#8217;n\u0131n 5 bin 137 metre y\u00fckseklikte bulunan doru\u011funa \u00e7\u0131kacak olan da\u011fc\u0131lar, Zafer Bayram\u0131&#8217;n\u0131 kutlayacak.<\/p>\n<p style=\"text-align: justify;\">TDF Ba\u015fkan\u0131 Alaattin Karaca, yabanc\u0131 konuklarla birlikte A\u011fr\u0131&#8217;da &#8216;Zafer Haftas\u0131&#8217;n\u0131 kutlayacaklar\u0131n\u0131 bildirdi. Toplu zirve yapmay\u0131 hedeflediklerini belirten Karaca, &#8220;Bir aksilik \u00e7\u0131kmazsa T\u00fcrkiye ile birlikte 7 \u00fclkeden da\u011fc\u0131lar, 30 A\u011fustos g\u00fcn\u00fc T\u00fcrkiye&#8217;nin en \u00fcnl\u00fc ve y\u00fcksek da\u011f\u0131n\u0131n doru\u011funa \u00e7\u0131kacak. Uluslararas\u0131 A\u011fr\u0131 Da\u011f\u0131 Zafer T\u0131rman\u0131\u015f\u0131na kat\u0131lanlar, o g\u00fcn zirveden d\u00fcnyaya bar\u0131\u015f mesajlar\u0131 yollayacak&#8221; diye konu\u015ftu.<\/p>\n<p style=\"text-align: justify;\"><b><i>http:\/\/www.sondakika.com\/haber\/haber-182-dagci-zafer-tirmanisindan-baris-mesaji-atacak-4991720\/<\/i><\/b><\/p>\n","protected":false},"excerpt":{"rendered":"<p>T\u00fcrkiye Da\u011fc\u0131l\u0131k Federasyonu&#8217;nun d\u00fczenledi\u011fi 14&#8217;\u00fcnc\u00fc Uluslararas\u0131 Zafer T\u0131rman\u0131\u015f\u0131na kat\u0131lan 182 da\u011fc\u0131, A\u011fr\u0131 (Ararat-\u2018Akunq\u2019 web sayfas\u0131 y\u00f6neticileri) Da\u011f\u0131&#8217;na t\u0131rman\u0131\u015fa ba\u015flad\u0131. T\u00fcrkiye Da\u011fc\u0131l\u0131k Federasyonu&#8217;nun (TDF) d\u00fczenledi\u011fi 14&#8217;\u00fcnc\u00fc Uluslararas\u0131 Zafer T\u0131rman\u0131\u015f\u0131na kat\u0131lan 29&#8217;u yabanc\u0131 182 da\u011fc\u0131 Do\u011fubayaz\u0131t&#8217;\u0131n Eli K\u00f6y\u00fc&#8217;nden A\u011fr\u0131 Da\u011f\u0131&#8217;na t\u0131rman\u0131\u015fa ba\u015flad\u0131. TDF Ba\u015fkan\u0131 Alaattin Karaca, &#8220;A\u011fr\u0131&#8217;n\u0131n zirvesine \u00e7\u0131kacak 7 \u00fclkeden da\u011fc\u0131lar, D\u00fcnyaya bar\u0131\u015f mesajlar\u0131 yollayacak&#8221; dedi. [&hellip;]<\/p>\n","protected":false},"author":7,"featured_media":0,"comment_status":"open","ping_status":"open","sticky":false,"template":"","format":"standard","meta":{"footnotes":""},"categories":[1],"tags":[],"class_list":["post-25259","post","type-post","status-publish","format-standard","hentry","category-haberler"],"yoast_head":"<!-- This site is optimized with the Yoast SEO plugin v27.4 - https:\/\/yoast.com\/product\/yoast-seo-wordpress\/ -->\n<title>182 Da\u011fc\u0131 Zafer T\u0131rman\u0131\u015f\u0131ndan &#039;Bar\u0131\u015f&#039; Mesaj\u0131 Atacak - Bati Ermenistan Ve Bati Ermenileri Sorunlari Ara\u015ftirmalar Merkezi<\/title>\n<meta name=\"robots\" content=\"index, follow, max-snippet:-1, max-image-preview:large, max-video-preview:-1\" \/>\n<link rel=\"canonical\" href=\"https:\/\/akunq.net\/tr\/?p=25259\" \/>\n<meta property=\"og:locale\" content=\"en_US\" \/>\n<meta property=\"og:type\" content=\"article\" \/>\n<meta property=\"og:title\" content=\"182 Da\u011fc\u0131 Zafer T\u0131rman\u0131\u015f\u0131ndan &#039;Bar\u0131\u015f&#039; Mesaj\u0131 Atacak - Bati Ermenistan Ve Bati Ermenileri Sorunlari Ara\u015ftirmalar Merkezi\" \/>\n<meta property=\"og:description\" content=\"T\u00fcrkiye Da\u011fc\u0131l\u0131k Federasyonu&#8217;nun d\u00fczenledi\u011fi 14&#8217;\u00fcnc\u00fc Uluslararas\u0131 Zafer T\u0131rman\u0131\u015f\u0131na kat\u0131lan 182 da\u011fc\u0131, A\u011fr\u0131 (Ararat-\u2018Akunq\u2019 web sayfas\u0131 y\u00f6neticileri) Da\u011f\u0131&#8217;na t\u0131rman\u0131\u015fa ba\u015flad\u0131. T\u00fcrkiye Da\u011fc\u0131l\u0131k Federasyonu&#8217;nun (TDF) d\u00fczenledi\u011fi 14&#8217;\u00fcnc\u00fc Uluslararas\u0131 Zafer T\u0131rman\u0131\u015f\u0131na kat\u0131lan 29&#8217;u yabanc\u0131 182 da\u011fc\u0131 Do\u011fubayaz\u0131t&#8217;\u0131n Eli K\u00f6y\u00fc&#8217;nden A\u011fr\u0131 Da\u011f\u0131&#8217;na t\u0131rman\u0131\u015fa ba\u015flad\u0131. TDF Ba\u015fkan\u0131 Alaattin Karaca, &#8220;A\u011fr\u0131&#8217;n\u0131n zirvesine \u00e7\u0131kacak 7 \u00fclkeden da\u011fc\u0131lar, D\u00fcnyaya bar\u0131\u015f mesajlar\u0131 yollayacak&#8221; dedi. [&hellip;]\" \/>\n<meta property=\"og:url\" content=\"https:\/\/akunq.net\/tr\/?p=25259\" \/>\n<meta property=\"og:site_name\" content=\"Bati Ermenistan Ve Bati Ermenileri Sorunlari Ara\u015ftirmalar Merkezi\" \/>\n<meta property=\"article:published_time\" content=\"2013-08-30T07:21:05+00:00\" \/>\n<meta property=\"article:modified_time\" content=\"2013-08-30T07:21:34+00:00\" \/>\n<meta name=\"author\" content=\"admin\" \/>\n<meta name=\"twitter:card\" content=\"summary_large_image\" \/>\n<meta name=\"twitter:label1\" content=\"Written by\" \/>\n\t<meta name=\"twitter:data1\" content=\"admin\" \/>\n\t<meta name=\"twitter:label2\" content=\"Est. reading time\" \/>\n\t<meta name=\"twitter:data2\" content=\"2 minutes\" \/>\n<script type=\"application\/ld+json\" class=\"yoast-schema-graph\">{\"@context\":\"https:\\\/\\\/schema.org\",\"@graph\":[{\"@type\":\"Article\",\"@id\":\"https:\\\/\\\/akunq.net\\\/tr\\\/?p=25259#article\",\"isPartOf\":{\"@id\":\"https:\\\/\\\/akunq.net\\\/tr\\\/?p=25259\"},\"author\":{\"name\":\"admin\",\"@id\":\"https:\\\/\\\/akunq.net\\\/tr\\\/#\\\/schema\\\/person\\\/096f1d38a12cce57fb855b485ed24c9e\"},\"headline\":\"182 Da\u011fc\u0131 Zafer T\u0131rman\u0131\u015f\u0131ndan &#8216;Bar\u0131\u015f&#8217; Mesaj\u0131 Atacak\",\"datePublished\":\"2013-08-30T07:21:05+00:00\",\"dateModified\":\"2013-08-30T07:21:34+00:00\",\"mainEntityOfPage\":{\"@id\":\"https:\\\/\\\/akunq.net\\\/tr\\\/?p=25259\"},\"wordCount\":324,\"commentCount\":0,\"articleSection\":[\"Haberler\"],\"inLanguage\":\"en-US\",\"potentialAction\":[{\"@type\":\"CommentAction\",\"name\":\"Comment\",\"target\":[\"https:\\\/\\\/akunq.net\\\/tr\\\/?p=25259#respond\"]}]},{\"@type\":\"WebPage\",\"@id\":\"https:\\\/\\\/akunq.net\\\/tr\\\/?p=25259\",\"url\":\"https:\\\/\\\/akunq.net\\\/tr\\\/?p=25259\",\"name\":\"182 Da\u011fc\u0131 Zafer T\u0131rman\u0131\u015f\u0131ndan 'Bar\u0131\u015f' Mesaj\u0131 Atacak - Bati Ermenistan Ve Bati Ermenileri Sorunlari Ara\u015ftirmalar Merkezi\",\"isPartOf\":{\"@id\":\"https:\\\/\\\/akunq.net\\\/tr\\\/#website\"},\"datePublished\":\"2013-08-30T07:21:05+00:00\",\"dateModified\":\"2013-08-30T07:21:34+00:00\",\"author\":{\"@id\":\"https:\\\/\\\/akunq.net\\\/tr\\\/#\\\/schema\\\/person\\\/096f1d38a12cce57fb855b485ed24c9e\"},\"breadcrumb\":{\"@id\":\"https:\\\/\\\/akunq.net\\\/tr\\\/?p=25259#breadcrumb\"},\"inLanguage\":\"en-US\",\"potentialAction\":[{\"@type\":\"ReadAction\",\"target\":[\"https:\\\/\\\/akunq.net\\\/tr\\\/?p=25259\"]}]},{\"@type\":\"BreadcrumbList\",\"@id\":\"https:\\\/\\\/akunq.net\\\/tr\\\/?p=25259#breadcrumb\",\"itemListElement\":[{\"@type\":\"ListItem\",\"position\":1,\"name\":\"Home\",\"item\":\"https:\\\/\\\/akunq.net\\\/tr\"},{\"@type\":\"ListItem\",\"position\":2,\"name\":\"182 Da\u011fc\u0131 Zafer T\u0131rman\u0131\u015f\u0131ndan &#8216;Bar\u0131\u015f&#8217; Mesaj\u0131 Atacak\"}]},{\"@type\":\"WebSite\",\"@id\":\"https:\\\/\\\/akunq.net\\\/tr\\\/#website\",\"url\":\"https:\\\/\\\/akunq.net\\\/tr\\\/\",\"name\":\"Bati Ermenistan Ve Bati Ermenileri Sorunlari Ara\u015ftirmalar Merkezi\",\"description\":\"\",\"potentialAction\":[{\"@type\":\"SearchAction\",\"target\":{\"@type\":\"EntryPoint\",\"urlTemplate\":\"https:\\\/\\\/akunq.net\\\/tr\\\/?s={search_term_string}\"},\"query-input\":{\"@type\":\"PropertyValueSpecification\",\"valueRequired\":true,\"valueName\":\"search_term_string\"}}],\"inLanguage\":\"en-US\"},{\"@type\":\"Person\",\"@id\":\"https:\\\/\\\/akunq.net\\\/tr\\\/#\\\/schema\\\/person\\\/096f1d38a12cce57fb855b485ed24c9e\",\"name\":\"admin\",\"url\":\"https:\\\/\\\/akunq.net\\\/tr\\\/?author=7\"}]}<\/script>\n<!-- \/ Yoast SEO plugin. -->","yoast_head_json":{"title":"182 Da\u011fc\u0131 Zafer T\u0131rman\u0131\u015f\u0131ndan 'Bar\u0131\u015f' Mesaj\u0131 Atacak - Bati Ermenistan Ve Bati Ermenileri Sorunlari Ara\u015ftirmalar Merkezi","robots":{"index":"index","follow":"follow","max-snippet":"max-snippet:-1","max-image-preview":"max-image-preview:large","max-video-preview":"max-video-preview:-1"},"canonical":"https:\/\/akunq.net\/tr\/?p=25259","og_locale":"en_US","og_type":"article","og_title":"182 Da\u011fc\u0131 Zafer T\u0131rman\u0131\u015f\u0131ndan 'Bar\u0131\u015f' Mesaj\u0131 Atacak - Bati Ermenistan Ve Bati Ermenileri Sorunlari Ara\u015ftirmalar Merkezi","og_description":"T\u00fcrkiye Da\u011fc\u0131l\u0131k Federasyonu&#8217;nun d\u00fczenledi\u011fi 14&#8217;\u00fcnc\u00fc Uluslararas\u0131 Zafer T\u0131rman\u0131\u015f\u0131na kat\u0131lan 182 da\u011fc\u0131, A\u011fr\u0131 (Ararat-\u2018Akunq\u2019 web sayfas\u0131 y\u00f6neticileri) Da\u011f\u0131&#8217;na t\u0131rman\u0131\u015fa ba\u015flad\u0131. T\u00fcrkiye Da\u011fc\u0131l\u0131k Federasyonu&#8217;nun (TDF) d\u00fczenledi\u011fi 14&#8217;\u00fcnc\u00fc Uluslararas\u0131 Zafer T\u0131rman\u0131\u015f\u0131na kat\u0131lan 29&#8217;u yabanc\u0131 182 da\u011fc\u0131 Do\u011fubayaz\u0131t&#8217;\u0131n Eli K\u00f6y\u00fc&#8217;nden A\u011fr\u0131 Da\u011f\u0131&#8217;na t\u0131rman\u0131\u015fa ba\u015flad\u0131. TDF Ba\u015fkan\u0131 Alaattin Karaca, &#8220;A\u011fr\u0131&#8217;n\u0131n zirvesine \u00e7\u0131kacak 7 \u00fclkeden da\u011fc\u0131lar, D\u00fcnyaya bar\u0131\u015f mesajlar\u0131 yollayacak&#8221; dedi. [&hellip;]","og_url":"https:\/\/akunq.net\/tr\/?p=25259","og_site_name":"Bati Ermenistan Ve Bati Ermenileri Sorunlari Ara\u015ftirmalar Merkezi","article_published_time":"2013-08-30T07:21:05+00:00","article_modified_time":"2013-08-30T07:21:34+00:00","author":"admin","twitter_card":"summary_large_image","twitter_misc":{"Written by":"admin","Est. reading time":"2 minutes"},"schema":{"@context":"https:\/\/schema.org","@graph":[{"@type":"Article","@id":"https:\/\/akunq.net\/tr\/?p=25259#article","isPartOf":{"@id":"https:\/\/akunq.net\/tr\/?p=25259"},"author":{"name":"admin","@id":"https:\/\/akunq.net\/tr\/#\/schema\/person\/096f1d38a12cce57fb855b485ed24c9e"},"headline":"182 Da\u011fc\u0131 Zafer T\u0131rman\u0131\u015f\u0131ndan &#8216;Bar\u0131\u015f&#8217; Mesaj\u0131 Atacak","datePublished":"2013-08-30T07:21:05+00:00","dateModified":"2013-08-30T07:21:34+00:00","mainEntityOfPage":{"@id":"https:\/\/akunq.net\/tr\/?p=25259"},"wordCount":324,"commentCount":0,"articleSection":["Haberler"],"inLanguage":"en-US","potentialAction":[{"@type":"CommentAction","name":"Comment","target":["https:\/\/akunq.net\/tr\/?p=25259#respond"]}]},{"@type":"WebPage","@id":"https:\/\/akunq.net\/tr\/?p=25259","url":"https:\/\/akunq.net\/tr\/?p=25259","name":"182 Da\u011fc\u0131 Zafer T\u0131rman\u0131\u015f\u0131ndan 'Bar\u0131\u015f' Mesaj\u0131 Atacak - Bati Ermenistan Ve Bati Ermenileri Sorunlari Ara\u015ftirmalar Merkezi","isPartOf":{"@id":"https:\/\/akunq.net\/tr\/#website"},"datePublished":"2013-08-30T07:21:05+00:00","dateModified":"2013-08-30T07:21:34+00:00","author":{"@id":"https:\/\/akunq.net\/tr\/#\/schema\/person\/096f1d38a12cce57fb855b485ed24c9e"},"breadcrumb":{"@id":"https:\/\/akunq.net\/tr\/?p=25259#breadcrumb"},"inLanguage":"en-US","potentialAction":[{"@type":"ReadAction","target":["https:\/\/akunq.net\/tr\/?p=25259"]}]},{"@type":"BreadcrumbList","@id":"https:\/\/akunq.net\/tr\/?p=25259#breadcrumb","itemListElement":[{"@type":"ListItem","position":1,"name":"Home","item":"https:\/\/akunq.net\/tr"},{"@type":"ListItem","position":2,"name":"182 Da\u011fc\u0131 Zafer T\u0131rman\u0131\u015f\u0131ndan &#8216;Bar\u0131\u015f&#8217; Mesaj\u0131 Atacak"}]},{"@type":"WebSite","@id":"https:\/\/akunq.net\/tr\/#website","url":"https:\/\/akunq.net\/tr\/","name":"Bati Ermenistan Ve Bati Ermenileri Sorunlari Ara\u015ftirmalar Merkezi","description":"","potentialAction":[{"@type":"SearchAction","target":{"@type":"EntryPoint","urlTemplate":"https:\/\/akunq.net\/tr\/?s={search_term_string}"},"query-input":{"@type":"PropertyValueSpecification","valueRequired":true,"valueName":"search_term_string"}}],"inLanguage":"en-US"},{"@type":"Person","@id":"https:\/\/akunq.net\/tr\/#\/schema\/person\/096f1d38a12cce57fb855b485ed24c9e","name":"admin","url":"https:\/\/akunq.net\/tr\/?author=7"}]}},"_links":{"self":[{"href":"https:\/\/akunq.net\/tr\/index.php?rest_route=\/wp\/v2\/posts\/25259","targetHints":{"allow":["GET"]}}],"collection":[{"href":"https:\/\/akunq.net\/tr\/index.php?rest_route=\/wp\/v2\/posts"}],"about":[{"href":"https:\/\/akunq.net\/tr\/index.php?rest_route=\/wp\/v2\/types\/post"}],"author":[{"embeddable":true,"href":"https:\/\/akunq.net\/tr\/index.php?rest_route=\/wp\/v2\/users\/7"}],"replies":[{"embeddable":true,"href":"https:\/\/akunq.net\/tr\/index.php?rest_route=%2Fwp%2Fv2%2Fcomments&post=25259"}],"version-history":[{"count":2,"href":"https:\/\/akunq.net\/tr\/index.php?rest_route=\/wp\/v2\/posts\/25259\/revisions"}],"predecessor-version":[{"id":25262,"href":"https:\/\/akunq.net\/tr\/index.php?rest_route=\/wp\/v2\/posts\/25259\/revisions\/25262"}],"wp:attachment":[{"href":"https:\/\/akunq.net\/tr\/index.php?rest_route=%2Fwp%2Fv2%2Fmedia&parent=25259"}],"wp:term":[{"taxonomy":"category","embeddable":true,"href":"https:\/\/akunq.net\/tr\/index.php?rest_route=%2Fwp%2Fv2%2Fcategories&post=25259"},{"taxonomy":"post_tag","embeddable":true,"href":"https:\/\/akunq.net\/tr\/index.php?rest_route=%2Fwp%2Fv2%2Ftags&post=25259"}],"curies":[{"name":"wp","href":"https:\/\/api.w.org\/{rel}","templated":true}]}}