{"id":25251,"date":"2013-08-29T02:43:50","date_gmt":"2013-08-29T07:43:50","guid":{"rendered":"http:\/\/akunq.net\/tr\/?p=25251"},"modified":"2013-08-29T02:43:50","modified_gmt":"2013-08-29T07:43:50","slug":"mus-kale-mahallesinde-ermeni-evi-kaldi-mi","status":"publish","type":"post","link":"https:\/\/akunq.net\/tr\/?p=25251","title":{"rendered":"Mu\u015f Kale Mahallesinde Ermeni Evi Kald\u0131 m\u0131?"},"content":{"rendered":"<p style=\"text-align: justify;\"><b><i><a href=\"http:\/\/akunq.net\/tr\/wp-content\/uploads\/2013\/08\/Mu\u015f-Kale-Mahallesinde-Ermeni-Evi.jpg\"><img loading=\"lazy\" decoding=\"async\" class=\"alignright size-medium wp-image-25252\" alt=\"Mu\u015f Kale Mahallesinde Ermeni Evi\" src=\"http:\/\/akunq.net\/tr\/wp-content\/uploads\/2013\/08\/Mu\u015f-Kale-Mahallesinde-Ermeni-Evi-300x225.jpg\" width=\"300\" height=\"225\" srcset=\"https:\/\/akunq.net\/tr\/wp-content\/uploads\/sites\/6\/2013\/08\/Mu\u015f-Kale-Mahallesinde-Ermeni-Evi-300x225.jpg 300w, https:\/\/akunq.net\/tr\/wp-content\/uploads\/sites\/6\/2013\/08\/Mu\u015f-Kale-Mahallesinde-Ermeni-Evi.jpg 600w\" sizes=\"auto, (max-width: 300px) 100vw, 300px\" \/><\/a>Mu\u015f\u2019ta Kale Mahallesinde Ermeni evleri kalmad\u0131. K\u00fclt\u00fcr Bakanl\u0131\u011f\u0131 Ermeni evlerini y\u0131kt\u0131ktan sonra kalan 3-5 evi koruma alt\u0131na al\u0131yor.<\/i><\/b><\/p>\n<p style=\"text-align: justify;\"><b><i>Ali Erol &#8211;<\/i><\/b> Mu\u015f\u2019ta Kale Mahallesinde Ermeni evleri kalmad\u0131. K\u00fclt\u00fcr Bakanl\u0131\u011f\u0131 Ermeni evlerini y\u0131kt\u0131ktan sonra kalan 3-5 evi koruma alt\u0131na al\u0131yor.<\/p>\n<p style=\"text-align: justify;\">Mu\u015f Belediye Ba\u015fkan\u0131 ve Valili\u011fin karar\u0131 ile TOK\u0130 yap\u0131lmas\u0131 i\u00e7in devlet eliyle y\u0131k\u0131lan onlarca Ermeni evlerinden geriye kalan bir evi K\u00fclt\u00fcr ve Turizm Bakanl\u0131\u011f\u0131 koruma alt\u0131na al\u0131yor.<\/p>\n<p style=\"text-align: justify;\">T.C. K\u00fclt\u00fcr ve Turizm Bakanl\u0131\u011f\u0131 Van K\u00fclt\u00fcr Varl\u0131klar\u0131n\u0131 Koruma B\u00f6lge Kurulunun ald\u0131\u011f\u0131 karar:<\/p>\n<p style=\"text-align: justify;\">\u201cMu\u015f ili Kale Mahallesinde bulunan \u00f6zel m\u00fclkiyete ait ve herhangi bir sit alan\u0131nda bulunmayan Ercan \u00c7ete\u2019nin evinin sivil mimari \u00f6rne\u011finin k\u00fclt\u00fcr varl\u0131\u011f\u0131 olarak tescil edilmesine ve ilgilisi taraf\u0131ndan yap\u0131ya ait r\u00f6l\u00f6ve restit\u00fcsyon ve restorasyon projelerinin haz\u0131rlanarak kurulumuza sunulmas\u0131na karar verildi.\u201d<\/p>\n<p style=\"text-align: justify;\"><a href=\"http:\/\/www.aykiridogrular.com\/haber-2912-Mus-Kale-Mahallesinde-Ermeni-Evi-Kaldi-mi.html\"><b><i>http:\/\/www.aykiridogrular.com\/haber-2912-Mus-Kale-Mahallesinde-Ermeni-Evi-Kaldi-mi.html<\/i><\/b><\/a><\/p>\n","protected":false},"excerpt":{"rendered":"<p>Mu\u015f\u2019ta Kale Mahallesinde Ermeni evleri kalmad\u0131. K\u00fclt\u00fcr Bakanl\u0131\u011f\u0131 Ermeni evlerini y\u0131kt\u0131ktan sonra kalan 3-5 evi koruma alt\u0131na al\u0131yor. Ali Erol &#8211; Mu\u015f\u2019ta Kale Mahallesinde Ermeni evleri kalmad\u0131. K\u00fclt\u00fcr Bakanl\u0131\u011f\u0131 Ermeni evlerini y\u0131kt\u0131ktan sonra kalan 3-5 evi koruma alt\u0131na al\u0131yor. Mu\u015f Belediye Ba\u015fkan\u0131 ve Valili\u011fin karar\u0131 ile TOK\u0130 yap\u0131lmas\u0131 i\u00e7in devlet eliyle y\u0131k\u0131lan onlarca Ermeni evlerinden [&hellip;]<\/p>\n","protected":false},"author":7,"featured_media":0,"comment_status":"open","ping_status":"open","sticky":false,"template":"","format":"standard","meta":{"footnotes":""},"categories":[22,1],"tags":[],"class_list":["post-25251","post","type-post","status-publish","format-standard","hentry","category-gunumuzde-bati-ermenistan","category-haberler"],"yoast_head":"<!-- This site is optimized with the Yoast SEO plugin v27.4 - https:\/\/yoast.com\/product\/yoast-seo-wordpress\/ -->\n<title>Mu\u015f Kale Mahallesinde Ermeni Evi Kald\u0131 m\u0131? - Bati Ermenistan Ve Bati Ermenileri Sorunlari Ara\u015ftirmalar Merkezi<\/title>\n<meta name=\"robots\" content=\"index, follow, max-snippet:-1, max-image-preview:large, max-video-preview:-1\" \/>\n<link rel=\"canonical\" href=\"https:\/\/akunq.net\/tr\/?p=25251\" \/>\n<meta property=\"og:locale\" content=\"en_US\" \/>\n<meta property=\"og:type\" content=\"article\" \/>\n<meta property=\"og:title\" content=\"Mu\u015f Kale Mahallesinde Ermeni Evi Kald\u0131 m\u0131? - Bati Ermenistan Ve Bati Ermenileri Sorunlari Ara\u015ftirmalar Merkezi\" \/>\n<meta property=\"og:description\" content=\"Mu\u015f\u2019ta Kale Mahallesinde Ermeni evleri kalmad\u0131. K\u00fclt\u00fcr Bakanl\u0131\u011f\u0131 Ermeni evlerini y\u0131kt\u0131ktan sonra kalan 3-5 evi koruma alt\u0131na al\u0131yor. Ali Erol &#8211; Mu\u015f\u2019ta Kale Mahallesinde Ermeni evleri kalmad\u0131. K\u00fclt\u00fcr Bakanl\u0131\u011f\u0131 Ermeni evlerini y\u0131kt\u0131ktan sonra kalan 3-5 evi koruma alt\u0131na al\u0131yor. Mu\u015f Belediye Ba\u015fkan\u0131 ve Valili\u011fin karar\u0131 ile TOK\u0130 yap\u0131lmas\u0131 i\u00e7in devlet eliyle y\u0131k\u0131lan onlarca Ermeni evlerinden [&hellip;]\" \/>\n<meta property=\"og:url\" content=\"https:\/\/akunq.net\/tr\/?p=25251\" \/>\n<meta property=\"og:site_name\" content=\"Bati Ermenistan Ve Bati Ermenileri Sorunlari Ara\u015ftirmalar Merkezi\" \/>\n<meta property=\"article:published_time\" content=\"2013-08-29T07:43:50+00:00\" \/>\n<meta name=\"author\" content=\"admin\" \/>\n<meta name=\"twitter:card\" content=\"summary_large_image\" \/>\n<meta name=\"twitter:label1\" content=\"Written by\" \/>\n\t<meta name=\"twitter:data1\" content=\"admin\" \/>\n\t<meta name=\"twitter:label2\" content=\"Est. reading time\" \/>\n\t<meta name=\"twitter:data2\" content=\"1 minute\" \/>\n<script type=\"application\/ld+json\" class=\"yoast-schema-graph\">{\"@context\":\"https:\\\/\\\/schema.org\",\"@graph\":[{\"@type\":\"Article\",\"@id\":\"https:\\\/\\\/akunq.net\\\/tr\\\/?p=25251#article\",\"isPartOf\":{\"@id\":\"https:\\\/\\\/akunq.net\\\/tr\\\/?p=25251\"},\"author\":{\"name\":\"admin\",\"@id\":\"https:\\\/\\\/akunq.net\\\/tr\\\/#\\\/schema\\\/person\\\/096f1d38a12cce57fb855b485ed24c9e\"},\"headline\":\"Mu\u015f Kale Mahallesinde Ermeni Evi Kald\u0131 m\u0131?\",\"datePublished\":\"2013-08-29T07:43:50+00:00\",\"mainEntityOfPage\":{\"@id\":\"https:\\\/\\\/akunq.net\\\/tr\\\/?p=25251\"},\"wordCount\":178,\"commentCount\":0,\"articleSection\":[\"G\u00fcn\u00fcm\u00fczde Bat\u0131 Ermenistan\",\"Haberler\"],\"inLanguage\":\"en-US\",\"potentialAction\":[{\"@type\":\"CommentAction\",\"name\":\"Comment\",\"target\":[\"https:\\\/\\\/akunq.net\\\/tr\\\/?p=25251#respond\"]}]},{\"@type\":\"WebPage\",\"@id\":\"https:\\\/\\\/akunq.net\\\/tr\\\/?p=25251\",\"url\":\"https:\\\/\\\/akunq.net\\\/tr\\\/?p=25251\",\"name\":\"Mu\u015f Kale Mahallesinde Ermeni Evi Kald\u0131 m\u0131? - Bati Ermenistan Ve Bati Ermenileri Sorunlari Ara\u015ftirmalar Merkezi\",\"isPartOf\":{\"@id\":\"https:\\\/\\\/akunq.net\\\/tr\\\/#website\"},\"datePublished\":\"2013-08-29T07:43:50+00:00\",\"author\":{\"@id\":\"https:\\\/\\\/akunq.net\\\/tr\\\/#\\\/schema\\\/person\\\/096f1d38a12cce57fb855b485ed24c9e\"},\"breadcrumb\":{\"@id\":\"https:\\\/\\\/akunq.net\\\/tr\\\/?p=25251#breadcrumb\"},\"inLanguage\":\"en-US\",\"potentialAction\":[{\"@type\":\"ReadAction\",\"target\":[\"https:\\\/\\\/akunq.net\\\/tr\\\/?p=25251\"]}]},{\"@type\":\"BreadcrumbList\",\"@id\":\"https:\\\/\\\/akunq.net\\\/tr\\\/?p=25251#breadcrumb\",\"itemListElement\":[{\"@type\":\"ListItem\",\"position\":1,\"name\":\"Home\",\"item\":\"https:\\\/\\\/akunq.net\\\/tr\"},{\"@type\":\"ListItem\",\"position\":2,\"name\":\"Mu\u015f Kale Mahallesinde Ermeni Evi Kald\u0131 m\u0131?\"}]},{\"@type\":\"WebSite\",\"@id\":\"https:\\\/\\\/akunq.net\\\/tr\\\/#website\",\"url\":\"https:\\\/\\\/akunq.net\\\/tr\\\/\",\"name\":\"Bati Ermenistan Ve Bati Ermenileri Sorunlari Ara\u015ftirmalar Merkezi\",\"description\":\"\",\"potentialAction\":[{\"@type\":\"SearchAction\",\"target\":{\"@type\":\"EntryPoint\",\"urlTemplate\":\"https:\\\/\\\/akunq.net\\\/tr\\\/?s={search_term_string}\"},\"query-input\":{\"@type\":\"PropertyValueSpecification\",\"valueRequired\":true,\"valueName\":\"search_term_string\"}}],\"inLanguage\":\"en-US\"},{\"@type\":\"Person\",\"@id\":\"https:\\\/\\\/akunq.net\\\/tr\\\/#\\\/schema\\\/person\\\/096f1d38a12cce57fb855b485ed24c9e\",\"name\":\"admin\",\"url\":\"https:\\\/\\\/akunq.net\\\/tr\\\/?author=7\"}]}<\/script>\n<!-- \/ Yoast SEO plugin. -->","yoast_head_json":{"title":"Mu\u015f Kale Mahallesinde Ermeni Evi Kald\u0131 m\u0131? - Bati Ermenistan Ve Bati Ermenileri Sorunlari Ara\u015ftirmalar Merkezi","robots":{"index":"index","follow":"follow","max-snippet":"max-snippet:-1","max-image-preview":"max-image-preview:large","max-video-preview":"max-video-preview:-1"},"canonical":"https:\/\/akunq.net\/tr\/?p=25251","og_locale":"en_US","og_type":"article","og_title":"Mu\u015f Kale Mahallesinde Ermeni Evi Kald\u0131 m\u0131? - Bati Ermenistan Ve Bati Ermenileri Sorunlari Ara\u015ftirmalar Merkezi","og_description":"Mu\u015f\u2019ta Kale Mahallesinde Ermeni evleri kalmad\u0131. K\u00fclt\u00fcr Bakanl\u0131\u011f\u0131 Ermeni evlerini y\u0131kt\u0131ktan sonra kalan 3-5 evi koruma alt\u0131na al\u0131yor. Ali Erol &#8211; Mu\u015f\u2019ta Kale Mahallesinde Ermeni evleri kalmad\u0131. K\u00fclt\u00fcr Bakanl\u0131\u011f\u0131 Ermeni evlerini y\u0131kt\u0131ktan sonra kalan 3-5 evi koruma alt\u0131na al\u0131yor. Mu\u015f Belediye Ba\u015fkan\u0131 ve Valili\u011fin karar\u0131 ile TOK\u0130 yap\u0131lmas\u0131 i\u00e7in devlet eliyle y\u0131k\u0131lan onlarca Ermeni evlerinden [&hellip;]","og_url":"https:\/\/akunq.net\/tr\/?p=25251","og_site_name":"Bati Ermenistan Ve Bati Ermenileri Sorunlari Ara\u015ftirmalar Merkezi","article_published_time":"2013-08-29T07:43:50+00:00","author":"admin","twitter_card":"summary_large_image","twitter_misc":{"Written by":"admin","Est. reading time":"1 minute"},"schema":{"@context":"https:\/\/schema.org","@graph":[{"@type":"Article","@id":"https:\/\/akunq.net\/tr\/?p=25251#article","isPartOf":{"@id":"https:\/\/akunq.net\/tr\/?p=25251"},"author":{"name":"admin","@id":"https:\/\/akunq.net\/tr\/#\/schema\/person\/096f1d38a12cce57fb855b485ed24c9e"},"headline":"Mu\u015f Kale Mahallesinde Ermeni Evi Kald\u0131 m\u0131?","datePublished":"2013-08-29T07:43:50+00:00","mainEntityOfPage":{"@id":"https:\/\/akunq.net\/tr\/?p=25251"},"wordCount":178,"commentCount":0,"articleSection":["G\u00fcn\u00fcm\u00fczde Bat\u0131 Ermenistan","Haberler"],"inLanguage":"en-US","potentialAction":[{"@type":"CommentAction","name":"Comment","target":["https:\/\/akunq.net\/tr\/?p=25251#respond"]}]},{"@type":"WebPage","@id":"https:\/\/akunq.net\/tr\/?p=25251","url":"https:\/\/akunq.net\/tr\/?p=25251","name":"Mu\u015f Kale Mahallesinde Ermeni Evi Kald\u0131 m\u0131? - Bati Ermenistan Ve Bati Ermenileri Sorunlari Ara\u015ftirmalar Merkezi","isPartOf":{"@id":"https:\/\/akunq.net\/tr\/#website"},"datePublished":"2013-08-29T07:43:50+00:00","author":{"@id":"https:\/\/akunq.net\/tr\/#\/schema\/person\/096f1d38a12cce57fb855b485ed24c9e"},"breadcrumb":{"@id":"https:\/\/akunq.net\/tr\/?p=25251#breadcrumb"},"inLanguage":"en-US","potentialAction":[{"@type":"ReadAction","target":["https:\/\/akunq.net\/tr\/?p=25251"]}]},{"@type":"BreadcrumbList","@id":"https:\/\/akunq.net\/tr\/?p=25251#breadcrumb","itemListElement":[{"@type":"ListItem","position":1,"name":"Home","item":"https:\/\/akunq.net\/tr"},{"@type":"ListItem","position":2,"name":"Mu\u015f Kale Mahallesinde Ermeni Evi Kald\u0131 m\u0131?"}]},{"@type":"WebSite","@id":"https:\/\/akunq.net\/tr\/#website","url":"https:\/\/akunq.net\/tr\/","name":"Bati Ermenistan Ve Bati Ermenileri Sorunlari Ara\u015ftirmalar Merkezi","description":"","potentialAction":[{"@type":"SearchAction","target":{"@type":"EntryPoint","urlTemplate":"https:\/\/akunq.net\/tr\/?s={search_term_string}"},"query-input":{"@type":"PropertyValueSpecification","valueRequired":true,"valueName":"search_term_string"}}],"inLanguage":"en-US"},{"@type":"Person","@id":"https:\/\/akunq.net\/tr\/#\/schema\/person\/096f1d38a12cce57fb855b485ed24c9e","name":"admin","url":"https:\/\/akunq.net\/tr\/?author=7"}]}},"_links":{"self":[{"href":"https:\/\/akunq.net\/tr\/index.php?rest_route=\/wp\/v2\/posts\/25251","targetHints":{"allow":["GET"]}}],"collection":[{"href":"https:\/\/akunq.net\/tr\/index.php?rest_route=\/wp\/v2\/posts"}],"about":[{"href":"https:\/\/akunq.net\/tr\/index.php?rest_route=\/wp\/v2\/types\/post"}],"author":[{"embeddable":true,"href":"https:\/\/akunq.net\/tr\/index.php?rest_route=\/wp\/v2\/users\/7"}],"replies":[{"embeddable":true,"href":"https:\/\/akunq.net\/tr\/index.php?rest_route=%2Fwp%2Fv2%2Fcomments&post=25251"}],"version-history":[{"count":1,"href":"https:\/\/akunq.net\/tr\/index.php?rest_route=\/wp\/v2\/posts\/25251\/revisions"}],"predecessor-version":[{"id":25253,"href":"https:\/\/akunq.net\/tr\/index.php?rest_route=\/wp\/v2\/posts\/25251\/revisions\/25253"}],"wp:attachment":[{"href":"https:\/\/akunq.net\/tr\/index.php?rest_route=%2Fwp%2Fv2%2Fmedia&parent=25251"}],"wp:term":[{"taxonomy":"category","embeddable":true,"href":"https:\/\/akunq.net\/tr\/index.php?rest_route=%2Fwp%2Fv2%2Fcategories&post=25251"},{"taxonomy":"post_tag","embeddable":true,"href":"https:\/\/akunq.net\/tr\/index.php?rest_route=%2Fwp%2Fv2%2Ftags&post=25251"}],"curies":[{"name":"wp","href":"https:\/\/api.w.org\/{rel}","templated":true}]}}