{"id":25230,"date":"2013-08-28T02:25:33","date_gmt":"2013-08-28T07:25:33","guid":{"rendered":"http:\/\/akunq.net\/tr\/?p=25230"},"modified":"2013-08-28T02:25:33","modified_gmt":"2013-08-28T07:25:33","slug":"almanyadan-duran-adama-odul","status":"publish","type":"post","link":"https:\/\/akunq.net\/tr\/?p=25230","title":{"rendered":"Almanya&#8217;dan &#8216;duran adam&#8217;a \u00f6d\u00fcl"},"content":{"rendered":"<p style=\"text-align: justify;\"><b><i><a href=\"http:\/\/akunq.net\/tr\/wp-content\/uploads\/2013\/08\/\u0537\u0580\u0564\u0565\u0574-\u0533\u0578\u0582\u0576\u0564\u0578\u0582\u0566.jpg\"><img loading=\"lazy\" decoding=\"async\" class=\"alignright size-medium wp-image-25231\" alt=\"\u0537\u0580\u0564\u0565\u0574 \u0533\u0578\u0582\u0576\u0564\u0578\u0582\u0566\" src=\"http:\/\/akunq.net\/tr\/wp-content\/uploads\/2013\/08\/\u0537\u0580\u0564\u0565\u0574-\u0533\u0578\u0582\u0576\u0564\u0578\u0582\u0566-300x205.jpg\" width=\"300\" height=\"205\" srcset=\"https:\/\/akunq.net\/tr\/wp-content\/uploads\/sites\/6\/2013\/08\/\u0537\u0580\u0564\u0565\u0574-\u0533\u0578\u0582\u0576\u0564\u0578\u0582\u0566-300x205.jpg 300w, https:\/\/akunq.net\/tr\/wp-content\/uploads\/sites\/6\/2013\/08\/\u0537\u0580\u0564\u0565\u0574-\u0533\u0578\u0582\u0576\u0564\u0578\u0582\u0566.jpg 307w\" sizes=\"auto, (max-width: 300px) 100vw, 300px\" \/><\/a>Almanya&#8217;da 2005 y\u0131l\u0131nda Avrupa&#8217;n\u0131n farkl\u0131 \u00fclkelerinden edit\u00f6rlerin, yorumcular\u0131n ve gazetecilerin bir araya gelerek olu\u015fturduklar\u0131 bir organizasyon olan M100 Sanssouci Colloquium y\u0131l\u0131n medya \u00f6d\u00fcl\u00fcn\u00fc &#8216;duran adam&#8217; Erdem G\u00fcnd\u00fcz&#8217;e verdi.<\/i><\/b><\/p>\n<p style=\"text-align: justify;\">Uluslararas\u0131 ili\u015fkilerde medyan\u0131n g\u00fcc\u00fcn\u00fc artt\u0131rmak, demokrasi ve ifade \u00f6zg\u00fcrl\u00fc\u011f\u00fcn\u00fc geli\u015ftirmek \u00fczere \u00e7al\u0131\u015fmalarda bulunan kurum, her y\u0131l &#8216;ki\u015filikleriyle Avrupa ve d\u00fcnyada iz b\u0131rakan&#8217; bir isme medya \u00f6d\u00fcl\u00fc veriyor.<\/p>\n<p style=\"text-align: justify;\">M100 Sanssouci Colloquium taraf\u0131ndan yap\u0131lan a\u00e7\u0131klamayla bu y\u0131lki medya \u00f6d\u00fcl\u00fcn\u00fcn Gezi Park\u0131 protestolar\u0131 s\u0131ras\u0131nda Taksim Meydan\u0131&#8217;nda &#8216;saatlerce durarak eylem yapan&#8217; Erdem G\u00fcnd\u00fcz&#8217;e verildi\u011fi belirtildi.<\/p>\n<p style=\"text-align: justify;\">Kurumun a\u00e7\u0131klamas\u0131nda G\u00fcnd\u00fcz&#8217;\u00fcn &#8216;duran adam&#8217; eylemiyle bar\u0131\u015f\u00e7\u0131l protestonun sembol\u00fc haline geldi ve d\u00fcnya \u00e7ap\u0131nda takip\u00e7i toplad\u0131\u011f\u0131 belirtildi ve \u015f\u00f6yle denildi:<\/p>\n<p style=\"text-align: justify;\">&#8220;M100 Dan\u0131\u015fma Kurulu d\u00fcnya \u00e7ap\u0131nda ifade \u00f6zg\u00fcrl\u00fc\u011f\u00fcn\u00fc destekleyici bu \u015fiddetsiz protestonun bir \u00f6rne\u011fini sundu\u011fu i\u00e7in bu y\u0131lki \u00f6d\u00fcl\u00fc Erdem G\u00fcnd\u00fcz&#8217;e vermeye karar verdi.&#8221;<\/p>\n<p style=\"text-align: justify;\">M100 Dan\u0131\u015fma Kurulu \u00fcyesi ve Potsdam Belediye Ba\u015fkan\u0131 Jann Jakobs, Erdem G\u00fcnd\u00fcz&#8217;\u00fcn tek silah\u0131n\u0131n yarat\u0131c\u0131l\u0131k oldu\u011funu belirtirken, ifade \u00f6zg\u00fcrl\u00fc\u011f\u00fc ve insan haklar\u0131 i\u00e7in m\u00fccadele etmenin gerektirdi\u011fi yarat\u0131c\u0131l\u0131\u011f\u0131n &#8216;duran adam&#8217; eyleminde sakl\u0131 oldu\u011funu ifade etti.<\/p>\n<p style=\"text-align: justify;\">S\u0131n\u0131r Tan\u0131mayan Gazeteciler s\u00f6zc\u00fcs\u00fc Michael Rediske ise: &#8220;Taksim Meydan\u0131&#8217;ndaki \u00e7arp\u0131c\u0131 performans\u0131yla Erdem G\u00fcnd\u00fcz, tek bir insan\u0131n bile ifade \u00f6zg\u00fcrl\u00fc\u011f\u00fcne nas\u0131l dikkat \u00e7ekebilece\u011fini g\u00f6sterdi&#8221; dedi.<\/p>\n<p style=\"text-align: justify;\">M100&#8217;\u00fcn \u00f6nceki y\u0131llarda medya \u00f6d\u00fcl\u00fc verdi\u011fi isimler aras\u0131nda Avrupa Merkez Bankas\u0131 ba\u015fkan\u0131 Mario Draghi ve Hz. Muhammed hakk\u0131nda \u00e7izdi\u011fi karikat\u00fcrlerle tart\u0131\u015fma konusu olan Kurt Westergaard da bulunuyor.<\/p>\n<p style=\"text-align: justify;\">M100 Sanssouci Colloquium, medya \u00f6d\u00fcl\u00fcn\u00fc her sene &#8216;duru\u015fuyla ifade \u00f6zg\u00fcrl\u00fc\u011f\u00fcn\u00fcn geli\u015fimine ve demokrasinin yerle\u015fmesine katk\u0131 sa\u011flayan&#8217; ki\u015filere veriyor.<\/p>\n<p style=\"text-align: justify;\">Erdem G\u00fcnd\u00fcz&#8217;e \u00f6d\u00fcl\u00fc 5 Eyl\u00fcl ak\u015fam\u0131 Potsdam&#8217;da yap\u0131lacak uluslararas\u0131 medya konferans\u0131n\u0131n ard\u0131ndan verilecek.<\/p>\n<p style=\"text-align: justify;\"><b><i>(BBC T\u00fcrk\u00e7e)<\/i><\/b><\/p>\n<p style=\"text-align: justify;\"><b><i>http:\/\/www.hurriyet.com.tr\/planet\/24596962.asp<\/i><\/b><\/p>\n","protected":false},"excerpt":{"rendered":"<p>Almanya&#8217;da 2005 y\u0131l\u0131nda Avrupa&#8217;n\u0131n farkl\u0131 \u00fclkelerinden edit\u00f6rlerin, yorumcular\u0131n ve gazetecilerin bir araya gelerek olu\u015fturduklar\u0131 bir organizasyon olan M100 Sanssouci Colloquium y\u0131l\u0131n medya \u00f6d\u00fcl\u00fcn\u00fc &#8216;duran adam&#8217; Erdem G\u00fcnd\u00fcz&#8217;e verdi. Uluslararas\u0131 ili\u015fkilerde medyan\u0131n g\u00fcc\u00fcn\u00fc artt\u0131rmak, demokrasi ve ifade \u00f6zg\u00fcrl\u00fc\u011f\u00fcn\u00fc geli\u015ftirmek \u00fczere \u00e7al\u0131\u015fmalarda bulunan kurum, her y\u0131l &#8216;ki\u015filikleriyle Avrupa ve d\u00fcnyada iz b\u0131rakan&#8217; bir isme medya \u00f6d\u00fcl\u00fc veriyor. [&hellip;]<\/p>\n","protected":false},"author":7,"featured_media":0,"comment_status":"open","ping_status":"open","sticky":false,"template":"","format":"standard","meta":{"footnotes":""},"categories":[1],"tags":[],"class_list":["post-25230","post","type-post","status-publish","format-standard","hentry","category-haberler"],"yoast_head":"<!-- This site is optimized with the Yoast SEO plugin v27.4 - https:\/\/yoast.com\/product\/yoast-seo-wordpress\/ -->\n<title>Almanya&#039;dan &#039;duran adam&#039;a \u00f6d\u00fcl - Bati Ermenistan Ve Bati Ermenileri Sorunlari Ara\u015ftirmalar Merkezi<\/title>\n<meta name=\"robots\" content=\"index, follow, max-snippet:-1, max-image-preview:large, max-video-preview:-1\" \/>\n<link rel=\"canonical\" href=\"https:\/\/akunq.net\/tr\/?p=25230\" \/>\n<meta property=\"og:locale\" content=\"en_US\" \/>\n<meta property=\"og:type\" content=\"article\" \/>\n<meta property=\"og:title\" content=\"Almanya&#039;dan &#039;duran adam&#039;a \u00f6d\u00fcl - Bati Ermenistan Ve Bati Ermenileri Sorunlari Ara\u015ftirmalar Merkezi\" \/>\n<meta property=\"og:description\" content=\"Almanya&#8217;da 2005 y\u0131l\u0131nda Avrupa&#8217;n\u0131n farkl\u0131 \u00fclkelerinden edit\u00f6rlerin, yorumcular\u0131n ve gazetecilerin bir araya gelerek olu\u015fturduklar\u0131 bir organizasyon olan M100 Sanssouci Colloquium y\u0131l\u0131n medya \u00f6d\u00fcl\u00fcn\u00fc &#8216;duran adam&#8217; Erdem G\u00fcnd\u00fcz&#8217;e verdi. Uluslararas\u0131 ili\u015fkilerde medyan\u0131n g\u00fcc\u00fcn\u00fc artt\u0131rmak, demokrasi ve ifade \u00f6zg\u00fcrl\u00fc\u011f\u00fcn\u00fc geli\u015ftirmek \u00fczere \u00e7al\u0131\u015fmalarda bulunan kurum, her y\u0131l &#8216;ki\u015filikleriyle Avrupa ve d\u00fcnyada iz b\u0131rakan&#8217; bir isme medya \u00f6d\u00fcl\u00fc veriyor. [&hellip;]\" \/>\n<meta property=\"og:url\" content=\"https:\/\/akunq.net\/tr\/?p=25230\" \/>\n<meta property=\"og:site_name\" content=\"Bati Ermenistan Ve Bati Ermenileri Sorunlari Ara\u015ftirmalar Merkezi\" \/>\n<meta property=\"article:published_time\" content=\"2013-08-28T07:25:33+00:00\" \/>\n<meta name=\"author\" content=\"admin\" \/>\n<meta name=\"twitter:card\" content=\"summary_large_image\" \/>\n<meta name=\"twitter:label1\" content=\"Written by\" \/>\n\t<meta name=\"twitter:data1\" content=\"admin\" \/>\n\t<meta name=\"twitter:label2\" content=\"Est. reading time\" \/>\n\t<meta name=\"twitter:data2\" content=\"2 minutes\" \/>\n<script type=\"application\/ld+json\" class=\"yoast-schema-graph\">{\"@context\":\"https:\\\/\\\/schema.org\",\"@graph\":[{\"@type\":\"Article\",\"@id\":\"https:\\\/\\\/akunq.net\\\/tr\\\/?p=25230#article\",\"isPartOf\":{\"@id\":\"https:\\\/\\\/akunq.net\\\/tr\\\/?p=25230\"},\"author\":{\"name\":\"admin\",\"@id\":\"https:\\\/\\\/akunq.net\\\/tr\\\/#\\\/schema\\\/person\\\/096f1d38a12cce57fb855b485ed24c9e\"},\"headline\":\"Almanya&#8217;dan &#8216;duran adam&#8217;a \u00f6d\u00fcl\",\"datePublished\":\"2013-08-28T07:25:33+00:00\",\"mainEntityOfPage\":{\"@id\":\"https:\\\/\\\/akunq.net\\\/tr\\\/?p=25230\"},\"wordCount\":377,\"commentCount\":0,\"articleSection\":[\"Haberler\"],\"inLanguage\":\"en-US\",\"potentialAction\":[{\"@type\":\"CommentAction\",\"name\":\"Comment\",\"target\":[\"https:\\\/\\\/akunq.net\\\/tr\\\/?p=25230#respond\"]}]},{\"@type\":\"WebPage\",\"@id\":\"https:\\\/\\\/akunq.net\\\/tr\\\/?p=25230\",\"url\":\"https:\\\/\\\/akunq.net\\\/tr\\\/?p=25230\",\"name\":\"Almanya'dan 'duran adam'a \u00f6d\u00fcl - Bati Ermenistan Ve Bati Ermenileri Sorunlari Ara\u015ftirmalar Merkezi\",\"isPartOf\":{\"@id\":\"https:\\\/\\\/akunq.net\\\/tr\\\/#website\"},\"datePublished\":\"2013-08-28T07:25:33+00:00\",\"author\":{\"@id\":\"https:\\\/\\\/akunq.net\\\/tr\\\/#\\\/schema\\\/person\\\/096f1d38a12cce57fb855b485ed24c9e\"},\"breadcrumb\":{\"@id\":\"https:\\\/\\\/akunq.net\\\/tr\\\/?p=25230#breadcrumb\"},\"inLanguage\":\"en-US\",\"potentialAction\":[{\"@type\":\"ReadAction\",\"target\":[\"https:\\\/\\\/akunq.net\\\/tr\\\/?p=25230\"]}]},{\"@type\":\"BreadcrumbList\",\"@id\":\"https:\\\/\\\/akunq.net\\\/tr\\\/?p=25230#breadcrumb\",\"itemListElement\":[{\"@type\":\"ListItem\",\"position\":1,\"name\":\"Home\",\"item\":\"https:\\\/\\\/akunq.net\\\/tr\"},{\"@type\":\"ListItem\",\"position\":2,\"name\":\"Almanya&#8217;dan &#8216;duran adam&#8217;a \u00f6d\u00fcl\"}]},{\"@type\":\"WebSite\",\"@id\":\"https:\\\/\\\/akunq.net\\\/tr\\\/#website\",\"url\":\"https:\\\/\\\/akunq.net\\\/tr\\\/\",\"name\":\"Bati Ermenistan Ve Bati Ermenileri Sorunlari Ara\u015ftirmalar Merkezi\",\"description\":\"\",\"potentialAction\":[{\"@type\":\"SearchAction\",\"target\":{\"@type\":\"EntryPoint\",\"urlTemplate\":\"https:\\\/\\\/akunq.net\\\/tr\\\/?s={search_term_string}\"},\"query-input\":{\"@type\":\"PropertyValueSpecification\",\"valueRequired\":true,\"valueName\":\"search_term_string\"}}],\"inLanguage\":\"en-US\"},{\"@type\":\"Person\",\"@id\":\"https:\\\/\\\/akunq.net\\\/tr\\\/#\\\/schema\\\/person\\\/096f1d38a12cce57fb855b485ed24c9e\",\"name\":\"admin\",\"url\":\"https:\\\/\\\/akunq.net\\\/tr\\\/?author=7\"}]}<\/script>\n<!-- \/ Yoast SEO plugin. -->","yoast_head_json":{"title":"Almanya'dan 'duran adam'a \u00f6d\u00fcl - Bati Ermenistan Ve Bati Ermenileri Sorunlari Ara\u015ftirmalar Merkezi","robots":{"index":"index","follow":"follow","max-snippet":"max-snippet:-1","max-image-preview":"max-image-preview:large","max-video-preview":"max-video-preview:-1"},"canonical":"https:\/\/akunq.net\/tr\/?p=25230","og_locale":"en_US","og_type":"article","og_title":"Almanya'dan 'duran adam'a \u00f6d\u00fcl - Bati Ermenistan Ve Bati Ermenileri Sorunlari Ara\u015ftirmalar Merkezi","og_description":"Almanya&#8217;da 2005 y\u0131l\u0131nda Avrupa&#8217;n\u0131n farkl\u0131 \u00fclkelerinden edit\u00f6rlerin, yorumcular\u0131n ve gazetecilerin bir araya gelerek olu\u015fturduklar\u0131 bir organizasyon olan M100 Sanssouci Colloquium y\u0131l\u0131n medya \u00f6d\u00fcl\u00fcn\u00fc &#8216;duran adam&#8217; Erdem G\u00fcnd\u00fcz&#8217;e verdi. Uluslararas\u0131 ili\u015fkilerde medyan\u0131n g\u00fcc\u00fcn\u00fc artt\u0131rmak, demokrasi ve ifade \u00f6zg\u00fcrl\u00fc\u011f\u00fcn\u00fc geli\u015ftirmek \u00fczere \u00e7al\u0131\u015fmalarda bulunan kurum, her y\u0131l &#8216;ki\u015filikleriyle Avrupa ve d\u00fcnyada iz b\u0131rakan&#8217; bir isme medya \u00f6d\u00fcl\u00fc veriyor. [&hellip;]","og_url":"https:\/\/akunq.net\/tr\/?p=25230","og_site_name":"Bati Ermenistan Ve Bati Ermenileri Sorunlari Ara\u015ftirmalar Merkezi","article_published_time":"2013-08-28T07:25:33+00:00","author":"admin","twitter_card":"summary_large_image","twitter_misc":{"Written by":"admin","Est. reading time":"2 minutes"},"schema":{"@context":"https:\/\/schema.org","@graph":[{"@type":"Article","@id":"https:\/\/akunq.net\/tr\/?p=25230#article","isPartOf":{"@id":"https:\/\/akunq.net\/tr\/?p=25230"},"author":{"name":"admin","@id":"https:\/\/akunq.net\/tr\/#\/schema\/person\/096f1d38a12cce57fb855b485ed24c9e"},"headline":"Almanya&#8217;dan &#8216;duran adam&#8217;a \u00f6d\u00fcl","datePublished":"2013-08-28T07:25:33+00:00","mainEntityOfPage":{"@id":"https:\/\/akunq.net\/tr\/?p=25230"},"wordCount":377,"commentCount":0,"articleSection":["Haberler"],"inLanguage":"en-US","potentialAction":[{"@type":"CommentAction","name":"Comment","target":["https:\/\/akunq.net\/tr\/?p=25230#respond"]}]},{"@type":"WebPage","@id":"https:\/\/akunq.net\/tr\/?p=25230","url":"https:\/\/akunq.net\/tr\/?p=25230","name":"Almanya'dan 'duran adam'a \u00f6d\u00fcl - Bati Ermenistan Ve Bati Ermenileri Sorunlari Ara\u015ftirmalar Merkezi","isPartOf":{"@id":"https:\/\/akunq.net\/tr\/#website"},"datePublished":"2013-08-28T07:25:33+00:00","author":{"@id":"https:\/\/akunq.net\/tr\/#\/schema\/person\/096f1d38a12cce57fb855b485ed24c9e"},"breadcrumb":{"@id":"https:\/\/akunq.net\/tr\/?p=25230#breadcrumb"},"inLanguage":"en-US","potentialAction":[{"@type":"ReadAction","target":["https:\/\/akunq.net\/tr\/?p=25230"]}]},{"@type":"BreadcrumbList","@id":"https:\/\/akunq.net\/tr\/?p=25230#breadcrumb","itemListElement":[{"@type":"ListItem","position":1,"name":"Home","item":"https:\/\/akunq.net\/tr"},{"@type":"ListItem","position":2,"name":"Almanya&#8217;dan &#8216;duran adam&#8217;a \u00f6d\u00fcl"}]},{"@type":"WebSite","@id":"https:\/\/akunq.net\/tr\/#website","url":"https:\/\/akunq.net\/tr\/","name":"Bati Ermenistan Ve Bati Ermenileri Sorunlari Ara\u015ftirmalar Merkezi","description":"","potentialAction":[{"@type":"SearchAction","target":{"@type":"EntryPoint","urlTemplate":"https:\/\/akunq.net\/tr\/?s={search_term_string}"},"query-input":{"@type":"PropertyValueSpecification","valueRequired":true,"valueName":"search_term_string"}}],"inLanguage":"en-US"},{"@type":"Person","@id":"https:\/\/akunq.net\/tr\/#\/schema\/person\/096f1d38a12cce57fb855b485ed24c9e","name":"admin","url":"https:\/\/akunq.net\/tr\/?author=7"}]}},"_links":{"self":[{"href":"https:\/\/akunq.net\/tr\/index.php?rest_route=\/wp\/v2\/posts\/25230","targetHints":{"allow":["GET"]}}],"collection":[{"href":"https:\/\/akunq.net\/tr\/index.php?rest_route=\/wp\/v2\/posts"}],"about":[{"href":"https:\/\/akunq.net\/tr\/index.php?rest_route=\/wp\/v2\/types\/post"}],"author":[{"embeddable":true,"href":"https:\/\/akunq.net\/tr\/index.php?rest_route=\/wp\/v2\/users\/7"}],"replies":[{"embeddable":true,"href":"https:\/\/akunq.net\/tr\/index.php?rest_route=%2Fwp%2Fv2%2Fcomments&post=25230"}],"version-history":[{"count":1,"href":"https:\/\/akunq.net\/tr\/index.php?rest_route=\/wp\/v2\/posts\/25230\/revisions"}],"predecessor-version":[{"id":25232,"href":"https:\/\/akunq.net\/tr\/index.php?rest_route=\/wp\/v2\/posts\/25230\/revisions\/25232"}],"wp:attachment":[{"href":"https:\/\/akunq.net\/tr\/index.php?rest_route=%2Fwp%2Fv2%2Fmedia&parent=25230"}],"wp:term":[{"taxonomy":"category","embeddable":true,"href":"https:\/\/akunq.net\/tr\/index.php?rest_route=%2Fwp%2Fv2%2Fcategories&post=25230"},{"taxonomy":"post_tag","embeddable":true,"href":"https:\/\/akunq.net\/tr\/index.php?rest_route=%2Fwp%2Fv2%2Ftags&post=25230"}],"curies":[{"name":"wp","href":"https:\/\/api.w.org\/{rel}","templated":true}]}}