{"id":25216,"date":"2013-08-27T02:22:18","date_gmt":"2013-08-27T07:22:18","guid":{"rendered":"http:\/\/akunq.net\/tr\/?p=25216"},"modified":"2013-08-27T02:22:18","modified_gmt":"2013-08-27T07:22:18","slug":"ermeni-altinlari-icin-mahalleyi-yiktilar","status":"publish","type":"post","link":"https:\/\/akunq.net\/tr\/?p=25216","title":{"rendered":"&#8216;Ermeni alt\u0131nlar\u0131&#8217; i\u00e7in mahalleyi y\u0131kt\u0131lar!"},"content":{"rendered":"<h5 style=\"text-align: justify;\"><b><i><a href=\"http:\/\/akunq.net\/tr\/wp-content\/uploads\/2013\/08\/Ermenilere-ait-olan-tarihi-evler.jpg\"><img loading=\"lazy\" decoding=\"async\" class=\"alignright size-medium wp-image-25217\" alt=\"Ermenilere ait olan tarihi evler\" src=\"http:\/\/akunq.net\/tr\/wp-content\/uploads\/2013\/08\/Ermenilere-ait-olan-tarihi-evler-300x202.jpg\" width=\"300\" height=\"202\" srcset=\"https:\/\/akunq.net\/tr\/wp-content\/uploads\/sites\/6\/2013\/08\/Ermenilere-ait-olan-tarihi-evler-300x202.jpg 300w, https:\/\/akunq.net\/tr\/wp-content\/uploads\/sites\/6\/2013\/08\/Ermenilere-ait-olan-tarihi-evler.jpg 478w\" sizes=\"auto, (max-width: 300px) 100vw, 300px\" \/><\/a>Mu\u015f merkezdeki tarihi Kale Mahallesi&#8217;nin, TOK\u0130 projesi yap\u0131lmas\u0131 karar\u0131n\u0131n ard\u0131ndan enkaza \u00e7evrildi\u011fi, y\u0131k\u0131m ba\u015flamadan \u00f6nce bir\u00e7ok ki\u015finin &#8216;Ermeni alt\u0131nlar\u0131&#8217;n\u0131 \u00e7\u0131karabilmek i\u00e7in evleri y\u0131kt\u0131\u011f\u0131 bildirildi.<\/i><\/b><\/h5>\n<p style=\"text-align: justify;\">Mu\u015f\u2019ta ge\u00e7mi\u015fte Ermenilere ait olan tarihi evlerin, TOK\u0130 (Toplu Konut \u0130daresi) taraf\u0131ndan y\u0131k\u0131lacak olmas\u0131 uzun s\u00fcredir g\u00fcndemde. Agos&#8217;un haberine g\u00f6re, Merkez Kale Mahallesi\u2019nde bulunan 500\u2019e yak\u0131n evin b\u00fcy\u00fck \u00e7o\u011funlu\u011fu y\u0131k\u0131ld\u0131. <a href=\"http:\/\/www.radikal.com.tr\/index\/kentsel-donusum\">Kentsel d\u00f6n\u00fc\u015f\u00fcm<\/a> karar\u0131n\u0131n ard\u0131ndan, y\u0131k\u0131ma ba\u015flanmadan \u00f6nce, bir\u00e7ok ki\u015finin define aramak i\u00e7in evlerinin alt\u0131n\u0131 kazd\u0131\u011f\u0131 belirtiliyor.<\/p>\n<p style=\"text-align: justify;\"><b><i>http:\/\/www.radikal.com.tr\/turkiye\/ermeni_altinlari_icin_mahalleyi_yiktilar-1147812<\/i><\/b><\/p>\n","protected":false},"excerpt":{"rendered":"<p>Mu\u015f merkezdeki tarihi Kale Mahallesi&#8217;nin, TOK\u0130 projesi yap\u0131lmas\u0131 karar\u0131n\u0131n ard\u0131ndan enkaza \u00e7evrildi\u011fi, y\u0131k\u0131m ba\u015flamadan \u00f6nce bir\u00e7ok ki\u015finin &#8216;Ermeni alt\u0131nlar\u0131&#8217;n\u0131 \u00e7\u0131karabilmek i\u00e7in evleri y\u0131kt\u0131\u011f\u0131 bildirildi. Mu\u015f\u2019ta ge\u00e7mi\u015fte Ermenilere ait olan tarihi evlerin, TOK\u0130 (Toplu Konut \u0130daresi) taraf\u0131ndan y\u0131k\u0131lacak olmas\u0131 uzun s\u00fcredir g\u00fcndemde. Agos&#8217;un haberine g\u00f6re, Merkez Kale Mahallesi\u2019nde bulunan 500\u2019e yak\u0131n evin b\u00fcy\u00fck \u00e7o\u011funlu\u011fu y\u0131k\u0131ld\u0131. Kentsel [&hellip;]<\/p>\n","protected":false},"author":7,"featured_media":0,"comment_status":"open","ping_status":"open","sticky":false,"template":"","format":"standard","meta":{"footnotes":""},"categories":[22,1],"tags":[],"class_list":["post-25216","post","type-post","status-publish","format-standard","hentry","category-gunumuzde-bati-ermenistan","category-haberler"],"yoast_head":"<!-- This site is optimized with the Yoast SEO plugin v27.4 - https:\/\/yoast.com\/product\/yoast-seo-wordpress\/ -->\n<title>&#039;Ermeni alt\u0131nlar\u0131&#039; i\u00e7in mahalleyi y\u0131kt\u0131lar! - Bati Ermenistan Ve Bati Ermenileri Sorunlari Ara\u015ftirmalar Merkezi<\/title>\n<meta name=\"robots\" content=\"index, follow, max-snippet:-1, max-image-preview:large, max-video-preview:-1\" \/>\n<link rel=\"canonical\" href=\"https:\/\/akunq.net\/tr\/?p=25216\" \/>\n<meta property=\"og:locale\" content=\"en_US\" \/>\n<meta property=\"og:type\" content=\"article\" \/>\n<meta property=\"og:title\" content=\"&#039;Ermeni alt\u0131nlar\u0131&#039; i\u00e7in mahalleyi y\u0131kt\u0131lar! - Bati Ermenistan Ve Bati Ermenileri Sorunlari Ara\u015ftirmalar Merkezi\" \/>\n<meta property=\"og:description\" content=\"Mu\u015f merkezdeki tarihi Kale Mahallesi&#8217;nin, TOK\u0130 projesi yap\u0131lmas\u0131 karar\u0131n\u0131n ard\u0131ndan enkaza \u00e7evrildi\u011fi, y\u0131k\u0131m ba\u015flamadan \u00f6nce bir\u00e7ok ki\u015finin &#8216;Ermeni alt\u0131nlar\u0131&#8217;n\u0131 \u00e7\u0131karabilmek i\u00e7in evleri y\u0131kt\u0131\u011f\u0131 bildirildi. Mu\u015f\u2019ta ge\u00e7mi\u015fte Ermenilere ait olan tarihi evlerin, TOK\u0130 (Toplu Konut \u0130daresi) taraf\u0131ndan y\u0131k\u0131lacak olmas\u0131 uzun s\u00fcredir g\u00fcndemde. Agos&#8217;un haberine g\u00f6re, Merkez Kale Mahallesi\u2019nde bulunan 500\u2019e yak\u0131n evin b\u00fcy\u00fck \u00e7o\u011funlu\u011fu y\u0131k\u0131ld\u0131. Kentsel [&hellip;]\" \/>\n<meta property=\"og:url\" content=\"https:\/\/akunq.net\/tr\/?p=25216\" \/>\n<meta property=\"og:site_name\" content=\"Bati Ermenistan Ve Bati Ermenileri Sorunlari Ara\u015ftirmalar Merkezi\" \/>\n<meta property=\"article:published_time\" content=\"2013-08-27T07:22:18+00:00\" \/>\n<meta property=\"og:image\" content=\"http:\/\/akunq.net\/tr\/wp-content\/uploads\/2013\/08\/Ermenilere-ait-olan-tarihi-evler-300x202.jpg\" \/>\n<meta name=\"author\" content=\"admin\" \/>\n<meta name=\"twitter:card\" content=\"summary_large_image\" \/>\n<meta name=\"twitter:label1\" content=\"Written by\" \/>\n\t<meta name=\"twitter:data1\" content=\"admin\" \/>\n\t<meta name=\"twitter:label2\" content=\"Est. reading time\" \/>\n\t<meta name=\"twitter:data2\" content=\"1 minute\" \/>\n<script type=\"application\/ld+json\" class=\"yoast-schema-graph\">{\"@context\":\"https:\\\/\\\/schema.org\",\"@graph\":[{\"@type\":\"Article\",\"@id\":\"https:\\\/\\\/akunq.net\\\/tr\\\/?p=25216#article\",\"isPartOf\":{\"@id\":\"https:\\\/\\\/akunq.net\\\/tr\\\/?p=25216\"},\"author\":{\"name\":\"admin\",\"@id\":\"https:\\\/\\\/akunq.net\\\/tr\\\/#\\\/schema\\\/person\\\/096f1d38a12cce57fb855b485ed24c9e\"},\"headline\":\"&#8216;Ermeni alt\u0131nlar\u0131&#8217; i\u00e7in mahalleyi y\u0131kt\u0131lar!\",\"datePublished\":\"2013-08-27T07:22:18+00:00\",\"mainEntityOfPage\":{\"@id\":\"https:\\\/\\\/akunq.net\\\/tr\\\/?p=25216\"},\"wordCount\":134,\"commentCount\":0,\"image\":{\"@id\":\"https:\\\/\\\/akunq.net\\\/tr\\\/?p=25216#primaryimage\"},\"thumbnailUrl\":\"http:\\\/\\\/akunq.net\\\/tr\\\/wp-content\\\/uploads\\\/2013\\\/08\\\/Ermenilere-ait-olan-tarihi-evler-300x202.jpg\",\"articleSection\":[\"G\u00fcn\u00fcm\u00fczde Bat\u0131 Ermenistan\",\"Haberler\"],\"inLanguage\":\"en-US\",\"potentialAction\":[{\"@type\":\"CommentAction\",\"name\":\"Comment\",\"target\":[\"https:\\\/\\\/akunq.net\\\/tr\\\/?p=25216#respond\"]}]},{\"@type\":\"WebPage\",\"@id\":\"https:\\\/\\\/akunq.net\\\/tr\\\/?p=25216\",\"url\":\"https:\\\/\\\/akunq.net\\\/tr\\\/?p=25216\",\"name\":\"'Ermeni alt\u0131nlar\u0131' i\u00e7in mahalleyi y\u0131kt\u0131lar! - Bati Ermenistan Ve Bati Ermenileri Sorunlari Ara\u015ftirmalar Merkezi\",\"isPartOf\":{\"@id\":\"https:\\\/\\\/akunq.net\\\/tr\\\/#website\"},\"primaryImageOfPage\":{\"@id\":\"https:\\\/\\\/akunq.net\\\/tr\\\/?p=25216#primaryimage\"},\"image\":{\"@id\":\"https:\\\/\\\/akunq.net\\\/tr\\\/?p=25216#primaryimage\"},\"thumbnailUrl\":\"http:\\\/\\\/akunq.net\\\/tr\\\/wp-content\\\/uploads\\\/2013\\\/08\\\/Ermenilere-ait-olan-tarihi-evler-300x202.jpg\",\"datePublished\":\"2013-08-27T07:22:18+00:00\",\"author\":{\"@id\":\"https:\\\/\\\/akunq.net\\\/tr\\\/#\\\/schema\\\/person\\\/096f1d38a12cce57fb855b485ed24c9e\"},\"breadcrumb\":{\"@id\":\"https:\\\/\\\/akunq.net\\\/tr\\\/?p=25216#breadcrumb\"},\"inLanguage\":\"en-US\",\"potentialAction\":[{\"@type\":\"ReadAction\",\"target\":[\"https:\\\/\\\/akunq.net\\\/tr\\\/?p=25216\"]}]},{\"@type\":\"ImageObject\",\"inLanguage\":\"en-US\",\"@id\":\"https:\\\/\\\/akunq.net\\\/tr\\\/?p=25216#primaryimage\",\"url\":\"https:\\\/\\\/akunq.net\\\/tr\\\/wp-content\\\/uploads\\\/sites\\\/6\\\/2013\\\/08\\\/Ermenilere-ait-olan-tarihi-evler.jpg\",\"contentUrl\":\"https:\\\/\\\/akunq.net\\\/tr\\\/wp-content\\\/uploads\\\/sites\\\/6\\\/2013\\\/08\\\/Ermenilere-ait-olan-tarihi-evler.jpg\",\"width\":478,\"height\":322},{\"@type\":\"BreadcrumbList\",\"@id\":\"https:\\\/\\\/akunq.net\\\/tr\\\/?p=25216#breadcrumb\",\"itemListElement\":[{\"@type\":\"ListItem\",\"position\":1,\"name\":\"Home\",\"item\":\"https:\\\/\\\/akunq.net\\\/tr\"},{\"@type\":\"ListItem\",\"position\":2,\"name\":\"&#8216;Ermeni alt\u0131nlar\u0131&#8217; i\u00e7in mahalleyi y\u0131kt\u0131lar!\"}]},{\"@type\":\"WebSite\",\"@id\":\"https:\\\/\\\/akunq.net\\\/tr\\\/#website\",\"url\":\"https:\\\/\\\/akunq.net\\\/tr\\\/\",\"name\":\"Bati Ermenistan Ve Bati Ermenileri Sorunlari Ara\u015ftirmalar Merkezi\",\"description\":\"\",\"potentialAction\":[{\"@type\":\"SearchAction\",\"target\":{\"@type\":\"EntryPoint\",\"urlTemplate\":\"https:\\\/\\\/akunq.net\\\/tr\\\/?s={search_term_string}\"},\"query-input\":{\"@type\":\"PropertyValueSpecification\",\"valueRequired\":true,\"valueName\":\"search_term_string\"}}],\"inLanguage\":\"en-US\"},{\"@type\":\"Person\",\"@id\":\"https:\\\/\\\/akunq.net\\\/tr\\\/#\\\/schema\\\/person\\\/096f1d38a12cce57fb855b485ed24c9e\",\"name\":\"admin\",\"url\":\"https:\\\/\\\/akunq.net\\\/tr\\\/?author=7\"}]}<\/script>\n<!-- \/ Yoast SEO plugin. -->","yoast_head_json":{"title":"'Ermeni alt\u0131nlar\u0131' i\u00e7in mahalleyi y\u0131kt\u0131lar! - Bati Ermenistan Ve Bati Ermenileri Sorunlari Ara\u015ftirmalar Merkezi","robots":{"index":"index","follow":"follow","max-snippet":"max-snippet:-1","max-image-preview":"max-image-preview:large","max-video-preview":"max-video-preview:-1"},"canonical":"https:\/\/akunq.net\/tr\/?p=25216","og_locale":"en_US","og_type":"article","og_title":"'Ermeni alt\u0131nlar\u0131' i\u00e7in mahalleyi y\u0131kt\u0131lar! - Bati Ermenistan Ve Bati Ermenileri Sorunlari Ara\u015ftirmalar Merkezi","og_description":"Mu\u015f merkezdeki tarihi Kale Mahallesi&#8217;nin, TOK\u0130 projesi yap\u0131lmas\u0131 karar\u0131n\u0131n ard\u0131ndan enkaza \u00e7evrildi\u011fi, y\u0131k\u0131m ba\u015flamadan \u00f6nce bir\u00e7ok ki\u015finin &#8216;Ermeni alt\u0131nlar\u0131&#8217;n\u0131 \u00e7\u0131karabilmek i\u00e7in evleri y\u0131kt\u0131\u011f\u0131 bildirildi. Mu\u015f\u2019ta ge\u00e7mi\u015fte Ermenilere ait olan tarihi evlerin, TOK\u0130 (Toplu Konut \u0130daresi) taraf\u0131ndan y\u0131k\u0131lacak olmas\u0131 uzun s\u00fcredir g\u00fcndemde. Agos&#8217;un haberine g\u00f6re, Merkez Kale Mahallesi\u2019nde bulunan 500\u2019e yak\u0131n evin b\u00fcy\u00fck \u00e7o\u011funlu\u011fu y\u0131k\u0131ld\u0131. Kentsel [&hellip;]","og_url":"https:\/\/akunq.net\/tr\/?p=25216","og_site_name":"Bati Ermenistan Ve Bati Ermenileri Sorunlari Ara\u015ftirmalar Merkezi","article_published_time":"2013-08-27T07:22:18+00:00","og_image":[{"url":"http:\/\/akunq.net\/tr\/wp-content\/uploads\/2013\/08\/Ermenilere-ait-olan-tarihi-evler-300x202.jpg","type":"","width":"","height":""}],"author":"admin","twitter_card":"summary_large_image","twitter_misc":{"Written by":"admin","Est. reading time":"1 minute"},"schema":{"@context":"https:\/\/schema.org","@graph":[{"@type":"Article","@id":"https:\/\/akunq.net\/tr\/?p=25216#article","isPartOf":{"@id":"https:\/\/akunq.net\/tr\/?p=25216"},"author":{"name":"admin","@id":"https:\/\/akunq.net\/tr\/#\/schema\/person\/096f1d38a12cce57fb855b485ed24c9e"},"headline":"&#8216;Ermeni alt\u0131nlar\u0131&#8217; i\u00e7in mahalleyi y\u0131kt\u0131lar!","datePublished":"2013-08-27T07:22:18+00:00","mainEntityOfPage":{"@id":"https:\/\/akunq.net\/tr\/?p=25216"},"wordCount":134,"commentCount":0,"image":{"@id":"https:\/\/akunq.net\/tr\/?p=25216#primaryimage"},"thumbnailUrl":"http:\/\/akunq.net\/tr\/wp-content\/uploads\/2013\/08\/Ermenilere-ait-olan-tarihi-evler-300x202.jpg","articleSection":["G\u00fcn\u00fcm\u00fczde Bat\u0131 Ermenistan","Haberler"],"inLanguage":"en-US","potentialAction":[{"@type":"CommentAction","name":"Comment","target":["https:\/\/akunq.net\/tr\/?p=25216#respond"]}]},{"@type":"WebPage","@id":"https:\/\/akunq.net\/tr\/?p=25216","url":"https:\/\/akunq.net\/tr\/?p=25216","name":"'Ermeni alt\u0131nlar\u0131' i\u00e7in mahalleyi y\u0131kt\u0131lar! - Bati Ermenistan Ve Bati Ermenileri Sorunlari Ara\u015ftirmalar Merkezi","isPartOf":{"@id":"https:\/\/akunq.net\/tr\/#website"},"primaryImageOfPage":{"@id":"https:\/\/akunq.net\/tr\/?p=25216#primaryimage"},"image":{"@id":"https:\/\/akunq.net\/tr\/?p=25216#primaryimage"},"thumbnailUrl":"http:\/\/akunq.net\/tr\/wp-content\/uploads\/2013\/08\/Ermenilere-ait-olan-tarihi-evler-300x202.jpg","datePublished":"2013-08-27T07:22:18+00:00","author":{"@id":"https:\/\/akunq.net\/tr\/#\/schema\/person\/096f1d38a12cce57fb855b485ed24c9e"},"breadcrumb":{"@id":"https:\/\/akunq.net\/tr\/?p=25216#breadcrumb"},"inLanguage":"en-US","potentialAction":[{"@type":"ReadAction","target":["https:\/\/akunq.net\/tr\/?p=25216"]}]},{"@type":"ImageObject","inLanguage":"en-US","@id":"https:\/\/akunq.net\/tr\/?p=25216#primaryimage","url":"https:\/\/akunq.net\/tr\/wp-content\/uploads\/sites\/6\/2013\/08\/Ermenilere-ait-olan-tarihi-evler.jpg","contentUrl":"https:\/\/akunq.net\/tr\/wp-content\/uploads\/sites\/6\/2013\/08\/Ermenilere-ait-olan-tarihi-evler.jpg","width":478,"height":322},{"@type":"BreadcrumbList","@id":"https:\/\/akunq.net\/tr\/?p=25216#breadcrumb","itemListElement":[{"@type":"ListItem","position":1,"name":"Home","item":"https:\/\/akunq.net\/tr"},{"@type":"ListItem","position":2,"name":"&#8216;Ermeni alt\u0131nlar\u0131&#8217; i\u00e7in mahalleyi y\u0131kt\u0131lar!"}]},{"@type":"WebSite","@id":"https:\/\/akunq.net\/tr\/#website","url":"https:\/\/akunq.net\/tr\/","name":"Bati Ermenistan Ve Bati Ermenileri Sorunlari Ara\u015ftirmalar Merkezi","description":"","potentialAction":[{"@type":"SearchAction","target":{"@type":"EntryPoint","urlTemplate":"https:\/\/akunq.net\/tr\/?s={search_term_string}"},"query-input":{"@type":"PropertyValueSpecification","valueRequired":true,"valueName":"search_term_string"}}],"inLanguage":"en-US"},{"@type":"Person","@id":"https:\/\/akunq.net\/tr\/#\/schema\/person\/096f1d38a12cce57fb855b485ed24c9e","name":"admin","url":"https:\/\/akunq.net\/tr\/?author=7"}]}},"_links":{"self":[{"href":"https:\/\/akunq.net\/tr\/index.php?rest_route=\/wp\/v2\/posts\/25216","targetHints":{"allow":["GET"]}}],"collection":[{"href":"https:\/\/akunq.net\/tr\/index.php?rest_route=\/wp\/v2\/posts"}],"about":[{"href":"https:\/\/akunq.net\/tr\/index.php?rest_route=\/wp\/v2\/types\/post"}],"author":[{"embeddable":true,"href":"https:\/\/akunq.net\/tr\/index.php?rest_route=\/wp\/v2\/users\/7"}],"replies":[{"embeddable":true,"href":"https:\/\/akunq.net\/tr\/index.php?rest_route=%2Fwp%2Fv2%2Fcomments&post=25216"}],"version-history":[{"count":1,"href":"https:\/\/akunq.net\/tr\/index.php?rest_route=\/wp\/v2\/posts\/25216\/revisions"}],"predecessor-version":[{"id":25218,"href":"https:\/\/akunq.net\/tr\/index.php?rest_route=\/wp\/v2\/posts\/25216\/revisions\/25218"}],"wp:attachment":[{"href":"https:\/\/akunq.net\/tr\/index.php?rest_route=%2Fwp%2Fv2%2Fmedia&parent=25216"}],"wp:term":[{"taxonomy":"category","embeddable":true,"href":"https:\/\/akunq.net\/tr\/index.php?rest_route=%2Fwp%2Fv2%2Fcategories&post=25216"},{"taxonomy":"post_tag","embeddable":true,"href":"https:\/\/akunq.net\/tr\/index.php?rest_route=%2Fwp%2Fv2%2Ftags&post=25216"}],"curies":[{"name":"wp","href":"https:\/\/api.w.org\/{rel}","templated":true}]}}