{"id":25192,"date":"2013-08-24T05:17:05","date_gmt":"2013-08-24T10:17:05","guid":{"rendered":"http:\/\/akunq.net\/tr\/?p=25192"},"modified":"2013-08-24T05:17:05","modified_gmt":"2013-08-24T10:17:05","slug":"akdeniz-belediyesi-aram-tigrani-andi","status":"publish","type":"post","link":"https:\/\/akunq.net\/tr\/?p=25192","title":{"rendered":"Akdeniz Belediyesi Aram Tigran\u2019\u0131 And\u0131"},"content":{"rendered":"<p style=\"text-align: justify;\"><b><i><a href=\"http:\/\/akunq.net\/tr\/wp-content\/uploads\/2013\/08\/Akdeniz-Belediyesi-Aram-Tigran\u2019\u0131-And\u0131.jpg\"><img loading=\"lazy\" decoding=\"async\" class=\"alignright size-full wp-image-25193\" alt=\"Akdeniz Belediyesi Aram Tigran\u2019\u0131 And\u0131\" src=\"http:\/\/akunq.net\/tr\/wp-content\/uploads\/2013\/08\/Akdeniz-Belediyesi-Aram-Tigran\u2019\u0131-And\u0131.jpg\" width=\"300\" height=\"225\" \/><\/a>Mersin\u2019in merkez il\u00e7e Akdeniz Belediyesi, Ermeni ve K\u00fcrt m\u00fczi\u011finin sembol isimlerinden Ermeni as\u0131ll\u0131 sanat\u00e7\u0131 Aram Tigran\u2019\u0131n \u00f6l\u00fcm y\u0131ld\u00f6n\u00fcm\u00fcnde anma etkinli\u011fi d\u00fczenledi.<\/i><\/b><\/p>\n<p style=\"text-align: justify;\"><a href=\"http:\/\/www.stargundem.com\/mersin\/\">Mersin<\/a>&#8216;in merkez il\u00e7e Akdeniz Belediyesi, Ermeni ve K\u00fcrt m\u00fczi\u011finin sembol isimlerinden Ermeni as\u0131ll\u0131 sanat\u00e7\u0131 Aram Tigran&#8217;\u0131n \u00f6l\u00fcm y\u0131ld\u00f6n\u00fcm\u00fcnde anma etkinli\u011fi d\u00fczenledi.<\/p>\n<p style=\"text-align: justify;\">Akdeniz Belediyesi&#8217;nden yap\u0131lan yaz\u0131l\u0131 a\u00e7\u0131klamaya g\u00f6re, 2009 y\u0131l\u0131nda hayata veda eden ve ya\u015fam\u0131n\u0131 K\u00fcrt m\u00fczi\u011fine adayan Ermeni as\u0131ll\u0131 sanat\u00e7\u0131 Aram Tigran i\u00e7in \u00f6l\u00fcm\u00fcn\u00fcn 4. y\u0131ld\u00f6n\u00fcm\u00fcnde anma etkinli\u011fi d\u00fczenlendi. Akdeniz Belediyesi&#8217;nin deste\u011fiyle d\u00fczenlenen etkinlikte, MKM \u00c7ukurova B\u00f6lgesi sanat\u00e7\u0131lar\u0131 Tigran&#8217;\u0131n eserlerini seslendirdi. Akdeniz Belediyesi Konferans Salonunda organize edilen etkinli\u011fe, Akdeniz Belediyesi Ba\u015fkan Yard\u0131mc\u0131s\u0131 Makbule Kaplan, \u0130nsan Haklar\u0131 Derne\u011fi (\u0130HD) <b>Mersin<\/b> \u015eube Ba\u015fkan\u0131 Ali Tanr\u0131verdi, sivil toplum kurulu\u015flar\u0131 temsilcileri, yerel sanat\u00e7\u0131lar ve Tigran&#8217;\u0131n sevenleri kat\u0131ld\u0131. Mumlarla ayd\u0131nlat\u0131lan sahneye, K\u00fcrt ve Ermeni m\u00fczi\u011finde b\u00fcy\u00fck bir ekol ve sembol olan Aram Tigran&#8217;\u0131n karanfillerle bezenen bir resmi konuldu.<\/p>\n<p style=\"text-align: justify;\">Sayg\u0131 duru\u015fu ile ba\u015flayan anma etkinli\u011finde, annesi Silvanl\u0131, babas\u0131 Sasonlu olan Tigran&#8217;\u0131n hayat hikayesini kendi dilinden anlatt\u0131\u011f\u0131 bir sinevizyon g\u00f6sterimi sunuldu. Aram Tigran&#8217;\u0131n insanc\u0131l ki\u015fili\u011fi, sanat\u00e7\u0131 duru\u015fu ile bar\u0131\u015fa ve halklar\u0131n karde\u015fli\u011fine adanan bir \u00f6m\u00fcr ya\u015fad\u0131\u011f\u0131na vurgu yap\u0131lan konu\u015fmalar\u0131n ard\u0131ndan MKM \u00c7ukurova B\u00f6lgesi&#8217;nin sanat\u00e7\u0131lar\u0131, Tigran&#8217;\u0131n unutulmaz eserlerini seslendirdi. Etkinli\u011fe kat\u0131lanlar da MKM sanat\u00e7\u0131lar\u0131n\u0131n seslendirdi\u011fi eserlere e\u015flik etti.<\/p>\n<p style=\"text-align: justify;\"><b><i>(\u0130HA)<\/i><\/b><\/p>\n<p style=\"text-align: justify;\"><b><i>http<\/i><\/b><b><i>:\/\/<\/i><\/b><b><i>www<\/i><\/b><b><i>.<\/i><\/b><b><i>stargundem<\/i><\/b><b><i>.<\/i><\/b><b><i>com<\/i><\/b><b><i>\/<\/i><\/b><b><i>ajanslar<\/i><\/b><b><i>\/<\/i><\/b><b><i>akdeniz<\/i><\/b><b><i>&#8211;<\/i><\/b><b><i>belediyesi<\/i><\/b><b><i>&#8211;<\/i><\/b><b><i>aram<\/i><\/b><b><i>&#8211;<\/i><\/b><b><i>tigrani<\/i><\/b><b><i>&#8211;<\/i><\/b><b><i>andi<\/i><\/b><b><i>-416873.<\/i><\/b><b><i>html<\/i><\/b><\/p>\n","protected":false},"excerpt":{"rendered":"<p>Mersin\u2019in merkez il\u00e7e Akdeniz Belediyesi, Ermeni ve K\u00fcrt m\u00fczi\u011finin sembol isimlerinden Ermeni as\u0131ll\u0131 sanat\u00e7\u0131 Aram Tigran\u2019\u0131n \u00f6l\u00fcm y\u0131ld\u00f6n\u00fcm\u00fcnde anma etkinli\u011fi d\u00fczenledi. Mersin&#8216;in merkez il\u00e7e Akdeniz Belediyesi, Ermeni ve K\u00fcrt m\u00fczi\u011finin sembol isimlerinden Ermeni as\u0131ll\u0131 sanat\u00e7\u0131 Aram Tigran&#8217;\u0131n \u00f6l\u00fcm y\u0131ld\u00f6n\u00fcm\u00fcnde anma etkinli\u011fi d\u00fczenledi. Akdeniz Belediyesi&#8217;nden yap\u0131lan yaz\u0131l\u0131 a\u00e7\u0131klamaya g\u00f6re, 2009 y\u0131l\u0131nda hayata veda eden ve ya\u015fam\u0131n\u0131 [&hellip;]<\/p>\n","protected":false},"author":7,"featured_media":0,"comment_status":"open","ping_status":"open","sticky":false,"template":"","format":"standard","meta":{"footnotes":""},"categories":[1],"tags":[],"class_list":["post-25192","post","type-post","status-publish","format-standard","hentry","category-haberler"],"yoast_head":"<!-- This site is optimized with the Yoast SEO plugin v27.4 - https:\/\/yoast.com\/product\/yoast-seo-wordpress\/ -->\n<title>Akdeniz Belediyesi Aram Tigran\u2019\u0131 And\u0131 - Bati Ermenistan Ve Bati Ermenileri Sorunlari Ara\u015ftirmalar Merkezi<\/title>\n<meta name=\"robots\" content=\"index, follow, max-snippet:-1, max-image-preview:large, max-video-preview:-1\" \/>\n<link rel=\"canonical\" href=\"https:\/\/akunq.net\/tr\/?p=25192\" \/>\n<meta property=\"og:locale\" content=\"en_US\" \/>\n<meta property=\"og:type\" content=\"article\" \/>\n<meta property=\"og:title\" content=\"Akdeniz Belediyesi Aram Tigran\u2019\u0131 And\u0131 - Bati Ermenistan Ve Bati Ermenileri Sorunlari Ara\u015ftirmalar Merkezi\" \/>\n<meta property=\"og:description\" content=\"Mersin\u2019in merkez il\u00e7e Akdeniz Belediyesi, Ermeni ve K\u00fcrt m\u00fczi\u011finin sembol isimlerinden Ermeni as\u0131ll\u0131 sanat\u00e7\u0131 Aram Tigran\u2019\u0131n \u00f6l\u00fcm y\u0131ld\u00f6n\u00fcm\u00fcnde anma etkinli\u011fi d\u00fczenledi. Mersin&#8216;in merkez il\u00e7e Akdeniz Belediyesi, Ermeni ve K\u00fcrt m\u00fczi\u011finin sembol isimlerinden Ermeni as\u0131ll\u0131 sanat\u00e7\u0131 Aram Tigran&#8217;\u0131n \u00f6l\u00fcm y\u0131ld\u00f6n\u00fcm\u00fcnde anma etkinli\u011fi d\u00fczenledi. Akdeniz Belediyesi&#8217;nden yap\u0131lan yaz\u0131l\u0131 a\u00e7\u0131klamaya g\u00f6re, 2009 y\u0131l\u0131nda hayata veda eden ve ya\u015fam\u0131n\u0131 [&hellip;]\" \/>\n<meta property=\"og:url\" content=\"https:\/\/akunq.net\/tr\/?p=25192\" \/>\n<meta property=\"og:site_name\" content=\"Bati Ermenistan Ve Bati Ermenileri Sorunlari Ara\u015ftirmalar Merkezi\" \/>\n<meta property=\"article:published_time\" content=\"2013-08-24T10:17:05+00:00\" \/>\n<meta name=\"author\" content=\"admin\" \/>\n<meta name=\"twitter:card\" content=\"summary_large_image\" \/>\n<meta name=\"twitter:label1\" content=\"Written by\" \/>\n\t<meta name=\"twitter:data1\" content=\"admin\" \/>\n\t<meta name=\"twitter:label2\" content=\"Est. reading time\" \/>\n\t<meta name=\"twitter:data2\" content=\"2 minutes\" \/>\n<script type=\"application\/ld+json\" class=\"yoast-schema-graph\">{\"@context\":\"https:\\\/\\\/schema.org\",\"@graph\":[{\"@type\":\"Article\",\"@id\":\"https:\\\/\\\/akunq.net\\\/tr\\\/?p=25192#article\",\"isPartOf\":{\"@id\":\"https:\\\/\\\/akunq.net\\\/tr\\\/?p=25192\"},\"author\":{\"name\":\"admin\",\"@id\":\"https:\\\/\\\/akunq.net\\\/tr\\\/#\\\/schema\\\/person\\\/096f1d38a12cce57fb855b485ed24c9e\"},\"headline\":\"Akdeniz Belediyesi Aram Tigran\u2019\u0131 And\u0131\",\"datePublished\":\"2013-08-24T10:17:05+00:00\",\"mainEntityOfPage\":{\"@id\":\"https:\\\/\\\/akunq.net\\\/tr\\\/?p=25192\"},\"wordCount\":315,\"commentCount\":0,\"articleSection\":[\"Haberler\"],\"inLanguage\":\"en-US\",\"potentialAction\":[{\"@type\":\"CommentAction\",\"name\":\"Comment\",\"target\":[\"https:\\\/\\\/akunq.net\\\/tr\\\/?p=25192#respond\"]}]},{\"@type\":\"WebPage\",\"@id\":\"https:\\\/\\\/akunq.net\\\/tr\\\/?p=25192\",\"url\":\"https:\\\/\\\/akunq.net\\\/tr\\\/?p=25192\",\"name\":\"Akdeniz Belediyesi Aram Tigran\u2019\u0131 And\u0131 - Bati Ermenistan Ve Bati Ermenileri Sorunlari Ara\u015ftirmalar Merkezi\",\"isPartOf\":{\"@id\":\"https:\\\/\\\/akunq.net\\\/tr\\\/#website\"},\"datePublished\":\"2013-08-24T10:17:05+00:00\",\"author\":{\"@id\":\"https:\\\/\\\/akunq.net\\\/tr\\\/#\\\/schema\\\/person\\\/096f1d38a12cce57fb855b485ed24c9e\"},\"breadcrumb\":{\"@id\":\"https:\\\/\\\/akunq.net\\\/tr\\\/?p=25192#breadcrumb\"},\"inLanguage\":\"en-US\",\"potentialAction\":[{\"@type\":\"ReadAction\",\"target\":[\"https:\\\/\\\/akunq.net\\\/tr\\\/?p=25192\"]}]},{\"@type\":\"BreadcrumbList\",\"@id\":\"https:\\\/\\\/akunq.net\\\/tr\\\/?p=25192#breadcrumb\",\"itemListElement\":[{\"@type\":\"ListItem\",\"position\":1,\"name\":\"Home\",\"item\":\"https:\\\/\\\/akunq.net\\\/tr\"},{\"@type\":\"ListItem\",\"position\":2,\"name\":\"Akdeniz Belediyesi Aram Tigran\u2019\u0131 And\u0131\"}]},{\"@type\":\"WebSite\",\"@id\":\"https:\\\/\\\/akunq.net\\\/tr\\\/#website\",\"url\":\"https:\\\/\\\/akunq.net\\\/tr\\\/\",\"name\":\"Bati Ermenistan Ve Bati Ermenileri Sorunlari Ara\u015ftirmalar Merkezi\",\"description\":\"\",\"potentialAction\":[{\"@type\":\"SearchAction\",\"target\":{\"@type\":\"EntryPoint\",\"urlTemplate\":\"https:\\\/\\\/akunq.net\\\/tr\\\/?s={search_term_string}\"},\"query-input\":{\"@type\":\"PropertyValueSpecification\",\"valueRequired\":true,\"valueName\":\"search_term_string\"}}],\"inLanguage\":\"en-US\"},{\"@type\":\"Person\",\"@id\":\"https:\\\/\\\/akunq.net\\\/tr\\\/#\\\/schema\\\/person\\\/096f1d38a12cce57fb855b485ed24c9e\",\"name\":\"admin\",\"url\":\"https:\\\/\\\/akunq.net\\\/tr\\\/?author=7\"}]}<\/script>\n<!-- \/ Yoast SEO plugin. -->","yoast_head_json":{"title":"Akdeniz Belediyesi Aram Tigran\u2019\u0131 And\u0131 - Bati Ermenistan Ve Bati Ermenileri Sorunlari Ara\u015ftirmalar Merkezi","robots":{"index":"index","follow":"follow","max-snippet":"max-snippet:-1","max-image-preview":"max-image-preview:large","max-video-preview":"max-video-preview:-1"},"canonical":"https:\/\/akunq.net\/tr\/?p=25192","og_locale":"en_US","og_type":"article","og_title":"Akdeniz Belediyesi Aram Tigran\u2019\u0131 And\u0131 - Bati Ermenistan Ve Bati Ermenileri Sorunlari Ara\u015ftirmalar Merkezi","og_description":"Mersin\u2019in merkez il\u00e7e Akdeniz Belediyesi, Ermeni ve K\u00fcrt m\u00fczi\u011finin sembol isimlerinden Ermeni as\u0131ll\u0131 sanat\u00e7\u0131 Aram Tigran\u2019\u0131n \u00f6l\u00fcm y\u0131ld\u00f6n\u00fcm\u00fcnde anma etkinli\u011fi d\u00fczenledi. Mersin&#8216;in merkez il\u00e7e Akdeniz Belediyesi, Ermeni ve K\u00fcrt m\u00fczi\u011finin sembol isimlerinden Ermeni as\u0131ll\u0131 sanat\u00e7\u0131 Aram Tigran&#8217;\u0131n \u00f6l\u00fcm y\u0131ld\u00f6n\u00fcm\u00fcnde anma etkinli\u011fi d\u00fczenledi. Akdeniz Belediyesi&#8217;nden yap\u0131lan yaz\u0131l\u0131 a\u00e7\u0131klamaya g\u00f6re, 2009 y\u0131l\u0131nda hayata veda eden ve ya\u015fam\u0131n\u0131 [&hellip;]","og_url":"https:\/\/akunq.net\/tr\/?p=25192","og_site_name":"Bati Ermenistan Ve Bati Ermenileri Sorunlari Ara\u015ftirmalar Merkezi","article_published_time":"2013-08-24T10:17:05+00:00","author":"admin","twitter_card":"summary_large_image","twitter_misc":{"Written by":"admin","Est. reading time":"2 minutes"},"schema":{"@context":"https:\/\/schema.org","@graph":[{"@type":"Article","@id":"https:\/\/akunq.net\/tr\/?p=25192#article","isPartOf":{"@id":"https:\/\/akunq.net\/tr\/?p=25192"},"author":{"name":"admin","@id":"https:\/\/akunq.net\/tr\/#\/schema\/person\/096f1d38a12cce57fb855b485ed24c9e"},"headline":"Akdeniz Belediyesi Aram Tigran\u2019\u0131 And\u0131","datePublished":"2013-08-24T10:17:05+00:00","mainEntityOfPage":{"@id":"https:\/\/akunq.net\/tr\/?p=25192"},"wordCount":315,"commentCount":0,"articleSection":["Haberler"],"inLanguage":"en-US","potentialAction":[{"@type":"CommentAction","name":"Comment","target":["https:\/\/akunq.net\/tr\/?p=25192#respond"]}]},{"@type":"WebPage","@id":"https:\/\/akunq.net\/tr\/?p=25192","url":"https:\/\/akunq.net\/tr\/?p=25192","name":"Akdeniz Belediyesi Aram Tigran\u2019\u0131 And\u0131 - Bati Ermenistan Ve Bati Ermenileri Sorunlari Ara\u015ftirmalar Merkezi","isPartOf":{"@id":"https:\/\/akunq.net\/tr\/#website"},"datePublished":"2013-08-24T10:17:05+00:00","author":{"@id":"https:\/\/akunq.net\/tr\/#\/schema\/person\/096f1d38a12cce57fb855b485ed24c9e"},"breadcrumb":{"@id":"https:\/\/akunq.net\/tr\/?p=25192#breadcrumb"},"inLanguage":"en-US","potentialAction":[{"@type":"ReadAction","target":["https:\/\/akunq.net\/tr\/?p=25192"]}]},{"@type":"BreadcrumbList","@id":"https:\/\/akunq.net\/tr\/?p=25192#breadcrumb","itemListElement":[{"@type":"ListItem","position":1,"name":"Home","item":"https:\/\/akunq.net\/tr"},{"@type":"ListItem","position":2,"name":"Akdeniz Belediyesi Aram Tigran\u2019\u0131 And\u0131"}]},{"@type":"WebSite","@id":"https:\/\/akunq.net\/tr\/#website","url":"https:\/\/akunq.net\/tr\/","name":"Bati Ermenistan Ve Bati Ermenileri Sorunlari Ara\u015ftirmalar Merkezi","description":"","potentialAction":[{"@type":"SearchAction","target":{"@type":"EntryPoint","urlTemplate":"https:\/\/akunq.net\/tr\/?s={search_term_string}"},"query-input":{"@type":"PropertyValueSpecification","valueRequired":true,"valueName":"search_term_string"}}],"inLanguage":"en-US"},{"@type":"Person","@id":"https:\/\/akunq.net\/tr\/#\/schema\/person\/096f1d38a12cce57fb855b485ed24c9e","name":"admin","url":"https:\/\/akunq.net\/tr\/?author=7"}]}},"_links":{"self":[{"href":"https:\/\/akunq.net\/tr\/index.php?rest_route=\/wp\/v2\/posts\/25192","targetHints":{"allow":["GET"]}}],"collection":[{"href":"https:\/\/akunq.net\/tr\/index.php?rest_route=\/wp\/v2\/posts"}],"about":[{"href":"https:\/\/akunq.net\/tr\/index.php?rest_route=\/wp\/v2\/types\/post"}],"author":[{"embeddable":true,"href":"https:\/\/akunq.net\/tr\/index.php?rest_route=\/wp\/v2\/users\/7"}],"replies":[{"embeddable":true,"href":"https:\/\/akunq.net\/tr\/index.php?rest_route=%2Fwp%2Fv2%2Fcomments&post=25192"}],"version-history":[{"count":1,"href":"https:\/\/akunq.net\/tr\/index.php?rest_route=\/wp\/v2\/posts\/25192\/revisions"}],"predecessor-version":[{"id":25194,"href":"https:\/\/akunq.net\/tr\/index.php?rest_route=\/wp\/v2\/posts\/25192\/revisions\/25194"}],"wp:attachment":[{"href":"https:\/\/akunq.net\/tr\/index.php?rest_route=%2Fwp%2Fv2%2Fmedia&parent=25192"}],"wp:term":[{"taxonomy":"category","embeddable":true,"href":"https:\/\/akunq.net\/tr\/index.php?rest_route=%2Fwp%2Fv2%2Fcategories&post=25192"},{"taxonomy":"post_tag","embeddable":true,"href":"https:\/\/akunq.net\/tr\/index.php?rest_route=%2Fwp%2Fv2%2Ftags&post=25192"}],"curies":[{"name":"wp","href":"https:\/\/api.w.org\/{rel}","templated":true}]}}