{"id":25189,"date":"2013-08-24T04:57:02","date_gmt":"2013-08-24T09:57:02","guid":{"rendered":"http:\/\/akunq.net\/tr\/?p=25189"},"modified":"2013-08-24T04:57:02","modified_gmt":"2013-08-24T09:57:02","slug":"ermeni-meselesi-icin-ogrencilerle-akademisyenler-birlikte-kafa-yoruyor","status":"publish","type":"post","link":"https:\/\/akunq.net\/tr\/?p=25189","title":{"rendered":"Ermeni meselesi i\u00e7in \u00f6\u011frencilerle akademisyenler birlikte kafa yoruyor"},"content":{"rendered":"<p style=\"text-align: justify;\"><b><i><a href=\"http:\/\/akunq.net\/tr\/wp-content\/uploads\/2013\/08\/Ermeni-Meselesi.jpg\"><img loading=\"lazy\" decoding=\"async\" class=\"alignright size-full wp-image-25190\" alt=\"Ermeni Meselesi\" src=\"http:\/\/akunq.net\/tr\/wp-content\/uploads\/2013\/08\/Ermeni-Meselesi.jpg\" width=\"247\" height=\"204\" \/><\/a>Gen\u00e7lik ve Spor Bakanl\u0131\u011f\u0131\u2019n\u0131n deste\u011fiyle ger\u00e7ekle\u015ftirilen \u2018Lider Gen\u00e7lik Projesi Tematik Tarih Kamp\u0131\u2019 kapsam\u0131nda Sakarya\u2019ya gelen \u00f6\u011frenci ve akademisyenler, Ermeni meselesi \u00fczerine \u00e7al\u0131\u015fma yapt\u0131.\u00a0Gen\u00e7lik ve Spor Bakanl\u0131\u011f\u0131\u2019n\u0131n deste\u011fiyle ger\u00e7ekle\u015ftirilen \u2018Lider Gen\u00e7lik Projesi Tematik Tarih Kamp\u0131\u2019 kapsam\u0131nda Sakarya\u2019ya gelen \u00f6\u011frenci ve akademisyenler, Ermeni meselesi \u00fczerine \u00e7al\u0131\u015fma yapt\u0131. Kamp heyeti; Sakarya Valisi Mustafa B\u00fcy\u00fck ve Sakarya B\u00fcy\u00fck\u015fehir Belediye Ba\u015fkan\u0131 Zeki To\u00e7o\u011flu ile B\u00fcy\u00fck\u015fehir Belediyesi&#8217;nde bir araya geldi.\u00a0<\/i><\/b><\/p>\n<p style=\"text-align: justify;\">Samsun 19 May\u0131s \u00dcniversitesi \u00d6\u011fretim \u00dcyesi Do\u00e7. Dr. Osman \u015eahin, proje kapsam\u0131nda, T\u00fcrkiye\u2019deki \u00e7e\u015fitli \u00fcniversite ve b\u00f6l\u00fcmlerinde lisans, y\u00fcksek lisans ve doktora e\u011fitimi alan \u00f6\u011frencilerle kampta bir araya geldiklerini s\u00f6yledi.<\/p>\n<p style=\"text-align: justify;\">Kamp program\u0131n\u0131n tamam\u0131nda Ermeni meselesi ile ilgili \u00e7al\u0131\u015fmalar yap\u0131ld\u0131\u011f\u0131n\u0131, konunun uzman\u0131 akademisyenlerden e\u011fitim al\u0131nd\u0131\u011f\u0131n\u0131 belirten \u015eahin, \u201cBunun yan\u0131 s\u0131ra 19. yy Osmanl\u0131 Devleti incelemeleri ve Ermenilerin, Osmanl\u0131 Devleti i\u00e7erisindeki konumlar\u0131 hakk\u0131nda da \u00e7al\u0131\u015fmalar yap\u0131yoruz. K\u0131saca, &#8216;Bu mesele nas\u0131l \u00e7\u0131kt\u0131?&#8217; sorusu \u00fczerinden \u00e7al\u0131\u015fmalar\u0131m\u0131z\u0131 s\u00fcrd\u00fcr\u00fcyoruz. 1915\u2019te ya\u015fanan tehcir konusuna y\u00f6nelik \u00e7al\u0131\u015fmalar yap\u0131yor, &#8216;s\u00f6zde soyk\u0131r\u0131m neden ve ni\u00e7in \u00e7\u0131kar\u0131ld\u0131&#8217; gibi sorular \u00e7er\u00e7evesinde \u00e7al\u0131\u015fmalar\u0131m\u0131za devam ediyoruz. Kamp ile seminerler, beyin jimnastikleri ve di\u011fer \u00e7e\u015fitli \u00e7al\u0131\u015fmalar\u0131 ger\u00e7ekle\u015ftiriyoruz. Bu vesileyle Sakarya\u2019da olmaktan b\u00fcy\u00fck mutluluk duyduk. Sizlerle tan\u0131\u015fmak, misafiriniz olmak bizleri \u00e7ok mutlu etti. Bizleri misafir etti\u011finiz i\u00e7in \u00e7ok te\u015fekk\u00fcr ediyoruz.\u201d \u015feklinde konu\u015ftu.<\/p>\n<p style=\"text-align: justify;\">Sakarya Valisi Mustafa B\u00fcy\u00fck, projede g\u00f6rev alan t\u00fcm akademisyen ve \u00f6\u011frencileri kutlad\u0131. Sakarya B\u00fcy\u00fck\u015fehir Belediye Ba\u015fkan\u0131 To\u00e7o\u011flu ise \u201cTarihteki ihtilafl\u0131 konular, tart\u0131\u015fmalar ve soyk\u0131r\u0131m olgusu gibi \u00f6nemli konularda \u00e7al\u0131\u015fmalar yap\u0131l\u0131yor olmas\u0131 bizleri \u00e7ok memnun etti.\u201d \u015feklinde konu\u015ftu.<\/p>\n<p style=\"text-align: justify;\"><b><i>(C\u0130HAN)<\/i><\/b><\/p>\n<p style=\"text-align: justify;\"><a href=\"http:\/\/www.haber3.com\/ermeni-meselesi-icin-ogrencilerle-akademisyenler-birlikte-kafa-yoruyor-haberi-2154847h.htm\"><b><i>http:\/\/www.haber3.com\/ermeni-meselesi-icin-ogrencilerle-akademisyenler-birlikte-kafa-yoruyor-haberi-2154847h.htm<\/i><\/b><\/a><\/p>\n","protected":false},"excerpt":{"rendered":"<p>Gen\u00e7lik ve Spor Bakanl\u0131\u011f\u0131\u2019n\u0131n deste\u011fiyle ger\u00e7ekle\u015ftirilen \u2018Lider Gen\u00e7lik Projesi Tematik Tarih Kamp\u0131\u2019 kapsam\u0131nda Sakarya\u2019ya gelen \u00f6\u011frenci ve akademisyenler, Ermeni meselesi \u00fczerine \u00e7al\u0131\u015fma yapt\u0131.\u00a0Gen\u00e7lik ve Spor Bakanl\u0131\u011f\u0131\u2019n\u0131n deste\u011fiyle ger\u00e7ekle\u015ftirilen \u2018Lider Gen\u00e7lik Projesi Tematik Tarih Kamp\u0131\u2019 kapsam\u0131nda Sakarya\u2019ya gelen \u00f6\u011frenci ve akademisyenler, Ermeni meselesi \u00fczerine \u00e7al\u0131\u015fma yapt\u0131. Kamp heyeti; Sakarya Valisi Mustafa B\u00fcy\u00fck ve Sakarya B\u00fcy\u00fck\u015fehir Belediye [&hellip;]<\/p>\n","protected":false},"author":7,"featured_media":0,"comment_status":"open","ping_status":"open","sticky":false,"template":"","format":"standard","meta":{"footnotes":""},"categories":[1,56],"tags":[],"class_list":["post-25189","post","type-post","status-publish","format-standard","hentry","category-haberler","category-tartismalar"],"yoast_head":"<!-- This site is optimized with the Yoast SEO plugin v27.4 - https:\/\/yoast.com\/product\/yoast-seo-wordpress\/ -->\n<title>Ermeni meselesi i\u00e7in \u00f6\u011frencilerle akademisyenler birlikte kafa yoruyor - Bati Ermenistan Ve Bati Ermenileri Sorunlari Ara\u015ftirmalar Merkezi<\/title>\n<meta name=\"robots\" content=\"index, follow, max-snippet:-1, max-image-preview:large, max-video-preview:-1\" \/>\n<link rel=\"canonical\" href=\"https:\/\/akunq.net\/tr\/?p=25189\" \/>\n<meta property=\"og:locale\" content=\"en_US\" \/>\n<meta property=\"og:type\" content=\"article\" \/>\n<meta property=\"og:title\" content=\"Ermeni meselesi i\u00e7in \u00f6\u011frencilerle akademisyenler birlikte kafa yoruyor - Bati Ermenistan Ve Bati Ermenileri Sorunlari Ara\u015ftirmalar Merkezi\" \/>\n<meta property=\"og:description\" content=\"Gen\u00e7lik ve Spor Bakanl\u0131\u011f\u0131\u2019n\u0131n deste\u011fiyle ger\u00e7ekle\u015ftirilen \u2018Lider Gen\u00e7lik Projesi Tematik Tarih Kamp\u0131\u2019 kapsam\u0131nda Sakarya\u2019ya gelen \u00f6\u011frenci ve akademisyenler, Ermeni meselesi \u00fczerine \u00e7al\u0131\u015fma yapt\u0131.\u00a0Gen\u00e7lik ve Spor Bakanl\u0131\u011f\u0131\u2019n\u0131n deste\u011fiyle ger\u00e7ekle\u015ftirilen \u2018Lider Gen\u00e7lik Projesi Tematik Tarih Kamp\u0131\u2019 kapsam\u0131nda Sakarya\u2019ya gelen \u00f6\u011frenci ve akademisyenler, Ermeni meselesi \u00fczerine \u00e7al\u0131\u015fma yapt\u0131. Kamp heyeti; Sakarya Valisi Mustafa B\u00fcy\u00fck ve Sakarya B\u00fcy\u00fck\u015fehir Belediye [&hellip;]\" \/>\n<meta property=\"og:url\" content=\"https:\/\/akunq.net\/tr\/?p=25189\" \/>\n<meta property=\"og:site_name\" content=\"Bati Ermenistan Ve Bati Ermenileri Sorunlari Ara\u015ftirmalar Merkezi\" \/>\n<meta property=\"article:published_time\" content=\"2013-08-24T09:57:02+00:00\" \/>\n<meta property=\"og:image\" content=\"http:\/\/akunq.net\/tr\/wp-content\/uploads\/2013\/08\/Ermeni-Meselesi.jpg\" \/>\n<meta name=\"author\" content=\"admin\" \/>\n<meta name=\"twitter:card\" content=\"summary_large_image\" \/>\n<meta name=\"twitter:label1\" content=\"Written by\" \/>\n\t<meta name=\"twitter:data1\" content=\"admin\" \/>\n\t<meta name=\"twitter:label2\" content=\"Est. reading time\" \/>\n\t<meta name=\"twitter:data2\" content=\"2 minutes\" \/>\n<script type=\"application\/ld+json\" class=\"yoast-schema-graph\">{\"@context\":\"https:\\\/\\\/schema.org\",\"@graph\":[{\"@type\":\"Article\",\"@id\":\"https:\\\/\\\/akunq.net\\\/tr\\\/?p=25189#article\",\"isPartOf\":{\"@id\":\"https:\\\/\\\/akunq.net\\\/tr\\\/?p=25189\"},\"author\":{\"name\":\"admin\",\"@id\":\"https:\\\/\\\/akunq.net\\\/tr\\\/#\\\/schema\\\/person\\\/096f1d38a12cce57fb855b485ed24c9e\"},\"headline\":\"Ermeni meselesi i\u00e7in \u00f6\u011frencilerle akademisyenler birlikte kafa yoruyor\",\"datePublished\":\"2013-08-24T09:57:02+00:00\",\"mainEntityOfPage\":{\"@id\":\"https:\\\/\\\/akunq.net\\\/tr\\\/?p=25189\"},\"wordCount\":353,\"commentCount\":0,\"image\":{\"@id\":\"https:\\\/\\\/akunq.net\\\/tr\\\/?p=25189#primaryimage\"},\"thumbnailUrl\":\"http:\\\/\\\/akunq.net\\\/tr\\\/wp-content\\\/uploads\\\/2013\\\/08\\\/Ermeni-Meselesi.jpg\",\"articleSection\":[\"Haberler\",\"Tart\u0131\u015fmalar\"],\"inLanguage\":\"en-US\",\"potentialAction\":[{\"@type\":\"CommentAction\",\"name\":\"Comment\",\"target\":[\"https:\\\/\\\/akunq.net\\\/tr\\\/?p=25189#respond\"]}]},{\"@type\":\"WebPage\",\"@id\":\"https:\\\/\\\/akunq.net\\\/tr\\\/?p=25189\",\"url\":\"https:\\\/\\\/akunq.net\\\/tr\\\/?p=25189\",\"name\":\"Ermeni meselesi i\u00e7in \u00f6\u011frencilerle akademisyenler birlikte kafa yoruyor - Bati Ermenistan Ve Bati Ermenileri Sorunlari Ara\u015ftirmalar Merkezi\",\"isPartOf\":{\"@id\":\"https:\\\/\\\/akunq.net\\\/tr\\\/#website\"},\"primaryImageOfPage\":{\"@id\":\"https:\\\/\\\/akunq.net\\\/tr\\\/?p=25189#primaryimage\"},\"image\":{\"@id\":\"https:\\\/\\\/akunq.net\\\/tr\\\/?p=25189#primaryimage\"},\"thumbnailUrl\":\"http:\\\/\\\/akunq.net\\\/tr\\\/wp-content\\\/uploads\\\/2013\\\/08\\\/Ermeni-Meselesi.jpg\",\"datePublished\":\"2013-08-24T09:57:02+00:00\",\"author\":{\"@id\":\"https:\\\/\\\/akunq.net\\\/tr\\\/#\\\/schema\\\/person\\\/096f1d38a12cce57fb855b485ed24c9e\"},\"breadcrumb\":{\"@id\":\"https:\\\/\\\/akunq.net\\\/tr\\\/?p=25189#breadcrumb\"},\"inLanguage\":\"en-US\",\"potentialAction\":[{\"@type\":\"ReadAction\",\"target\":[\"https:\\\/\\\/akunq.net\\\/tr\\\/?p=25189\"]}]},{\"@type\":\"ImageObject\",\"inLanguage\":\"en-US\",\"@id\":\"https:\\\/\\\/akunq.net\\\/tr\\\/?p=25189#primaryimage\",\"url\":\"http:\\\/\\\/akunq.net\\\/tr\\\/wp-content\\\/uploads\\\/2013\\\/08\\\/Ermeni-Meselesi.jpg\",\"contentUrl\":\"http:\\\/\\\/akunq.net\\\/tr\\\/wp-content\\\/uploads\\\/2013\\\/08\\\/Ermeni-Meselesi.jpg\"},{\"@type\":\"BreadcrumbList\",\"@id\":\"https:\\\/\\\/akunq.net\\\/tr\\\/?p=25189#breadcrumb\",\"itemListElement\":[{\"@type\":\"ListItem\",\"position\":1,\"name\":\"Home\",\"item\":\"https:\\\/\\\/akunq.net\\\/tr\"},{\"@type\":\"ListItem\",\"position\":2,\"name\":\"Ermeni meselesi i\u00e7in \u00f6\u011frencilerle akademisyenler birlikte kafa yoruyor\"}]},{\"@type\":\"WebSite\",\"@id\":\"https:\\\/\\\/akunq.net\\\/tr\\\/#website\",\"url\":\"https:\\\/\\\/akunq.net\\\/tr\\\/\",\"name\":\"Bati Ermenistan Ve Bati Ermenileri Sorunlari Ara\u015ftirmalar Merkezi\",\"description\":\"\",\"potentialAction\":[{\"@type\":\"SearchAction\",\"target\":{\"@type\":\"EntryPoint\",\"urlTemplate\":\"https:\\\/\\\/akunq.net\\\/tr\\\/?s={search_term_string}\"},\"query-input\":{\"@type\":\"PropertyValueSpecification\",\"valueRequired\":true,\"valueName\":\"search_term_string\"}}],\"inLanguage\":\"en-US\"},{\"@type\":\"Person\",\"@id\":\"https:\\\/\\\/akunq.net\\\/tr\\\/#\\\/schema\\\/person\\\/096f1d38a12cce57fb855b485ed24c9e\",\"name\":\"admin\",\"url\":\"https:\\\/\\\/akunq.net\\\/tr\\\/?author=7\"}]}<\/script>\n<!-- \/ Yoast SEO plugin. -->","yoast_head_json":{"title":"Ermeni meselesi i\u00e7in \u00f6\u011frencilerle akademisyenler birlikte kafa yoruyor - Bati Ermenistan Ve Bati Ermenileri Sorunlari Ara\u015ftirmalar Merkezi","robots":{"index":"index","follow":"follow","max-snippet":"max-snippet:-1","max-image-preview":"max-image-preview:large","max-video-preview":"max-video-preview:-1"},"canonical":"https:\/\/akunq.net\/tr\/?p=25189","og_locale":"en_US","og_type":"article","og_title":"Ermeni meselesi i\u00e7in \u00f6\u011frencilerle akademisyenler birlikte kafa yoruyor - Bati Ermenistan Ve Bati Ermenileri Sorunlari Ara\u015ftirmalar Merkezi","og_description":"Gen\u00e7lik ve Spor Bakanl\u0131\u011f\u0131\u2019n\u0131n deste\u011fiyle ger\u00e7ekle\u015ftirilen \u2018Lider Gen\u00e7lik Projesi Tematik Tarih Kamp\u0131\u2019 kapsam\u0131nda Sakarya\u2019ya gelen \u00f6\u011frenci ve akademisyenler, Ermeni meselesi \u00fczerine \u00e7al\u0131\u015fma yapt\u0131.\u00a0Gen\u00e7lik ve Spor Bakanl\u0131\u011f\u0131\u2019n\u0131n deste\u011fiyle ger\u00e7ekle\u015ftirilen \u2018Lider Gen\u00e7lik Projesi Tematik Tarih Kamp\u0131\u2019 kapsam\u0131nda Sakarya\u2019ya gelen \u00f6\u011frenci ve akademisyenler, Ermeni meselesi \u00fczerine \u00e7al\u0131\u015fma yapt\u0131. Kamp heyeti; Sakarya Valisi Mustafa B\u00fcy\u00fck ve Sakarya B\u00fcy\u00fck\u015fehir Belediye [&hellip;]","og_url":"https:\/\/akunq.net\/tr\/?p=25189","og_site_name":"Bati Ermenistan Ve Bati Ermenileri Sorunlari Ara\u015ftirmalar Merkezi","article_published_time":"2013-08-24T09:57:02+00:00","og_image":[{"url":"http:\/\/akunq.net\/tr\/wp-content\/uploads\/2013\/08\/Ermeni-Meselesi.jpg","type":"","width":"","height":""}],"author":"admin","twitter_card":"summary_large_image","twitter_misc":{"Written by":"admin","Est. reading time":"2 minutes"},"schema":{"@context":"https:\/\/schema.org","@graph":[{"@type":"Article","@id":"https:\/\/akunq.net\/tr\/?p=25189#article","isPartOf":{"@id":"https:\/\/akunq.net\/tr\/?p=25189"},"author":{"name":"admin","@id":"https:\/\/akunq.net\/tr\/#\/schema\/person\/096f1d38a12cce57fb855b485ed24c9e"},"headline":"Ermeni meselesi i\u00e7in \u00f6\u011frencilerle akademisyenler birlikte kafa yoruyor","datePublished":"2013-08-24T09:57:02+00:00","mainEntityOfPage":{"@id":"https:\/\/akunq.net\/tr\/?p=25189"},"wordCount":353,"commentCount":0,"image":{"@id":"https:\/\/akunq.net\/tr\/?p=25189#primaryimage"},"thumbnailUrl":"http:\/\/akunq.net\/tr\/wp-content\/uploads\/2013\/08\/Ermeni-Meselesi.jpg","articleSection":["Haberler","Tart\u0131\u015fmalar"],"inLanguage":"en-US","potentialAction":[{"@type":"CommentAction","name":"Comment","target":["https:\/\/akunq.net\/tr\/?p=25189#respond"]}]},{"@type":"WebPage","@id":"https:\/\/akunq.net\/tr\/?p=25189","url":"https:\/\/akunq.net\/tr\/?p=25189","name":"Ermeni meselesi i\u00e7in \u00f6\u011frencilerle akademisyenler birlikte kafa yoruyor - Bati Ermenistan Ve Bati Ermenileri Sorunlari Ara\u015ftirmalar Merkezi","isPartOf":{"@id":"https:\/\/akunq.net\/tr\/#website"},"primaryImageOfPage":{"@id":"https:\/\/akunq.net\/tr\/?p=25189#primaryimage"},"image":{"@id":"https:\/\/akunq.net\/tr\/?p=25189#primaryimage"},"thumbnailUrl":"http:\/\/akunq.net\/tr\/wp-content\/uploads\/2013\/08\/Ermeni-Meselesi.jpg","datePublished":"2013-08-24T09:57:02+00:00","author":{"@id":"https:\/\/akunq.net\/tr\/#\/schema\/person\/096f1d38a12cce57fb855b485ed24c9e"},"breadcrumb":{"@id":"https:\/\/akunq.net\/tr\/?p=25189#breadcrumb"},"inLanguage":"en-US","potentialAction":[{"@type":"ReadAction","target":["https:\/\/akunq.net\/tr\/?p=25189"]}]},{"@type":"ImageObject","inLanguage":"en-US","@id":"https:\/\/akunq.net\/tr\/?p=25189#primaryimage","url":"http:\/\/akunq.net\/tr\/wp-content\/uploads\/2013\/08\/Ermeni-Meselesi.jpg","contentUrl":"http:\/\/akunq.net\/tr\/wp-content\/uploads\/2013\/08\/Ermeni-Meselesi.jpg"},{"@type":"BreadcrumbList","@id":"https:\/\/akunq.net\/tr\/?p=25189#breadcrumb","itemListElement":[{"@type":"ListItem","position":1,"name":"Home","item":"https:\/\/akunq.net\/tr"},{"@type":"ListItem","position":2,"name":"Ermeni meselesi i\u00e7in \u00f6\u011frencilerle akademisyenler birlikte kafa yoruyor"}]},{"@type":"WebSite","@id":"https:\/\/akunq.net\/tr\/#website","url":"https:\/\/akunq.net\/tr\/","name":"Bati Ermenistan Ve Bati Ermenileri Sorunlari Ara\u015ftirmalar Merkezi","description":"","potentialAction":[{"@type":"SearchAction","target":{"@type":"EntryPoint","urlTemplate":"https:\/\/akunq.net\/tr\/?s={search_term_string}"},"query-input":{"@type":"PropertyValueSpecification","valueRequired":true,"valueName":"search_term_string"}}],"inLanguage":"en-US"},{"@type":"Person","@id":"https:\/\/akunq.net\/tr\/#\/schema\/person\/096f1d38a12cce57fb855b485ed24c9e","name":"admin","url":"https:\/\/akunq.net\/tr\/?author=7"}]}},"_links":{"self":[{"href":"https:\/\/akunq.net\/tr\/index.php?rest_route=\/wp\/v2\/posts\/25189","targetHints":{"allow":["GET"]}}],"collection":[{"href":"https:\/\/akunq.net\/tr\/index.php?rest_route=\/wp\/v2\/posts"}],"about":[{"href":"https:\/\/akunq.net\/tr\/index.php?rest_route=\/wp\/v2\/types\/post"}],"author":[{"embeddable":true,"href":"https:\/\/akunq.net\/tr\/index.php?rest_route=\/wp\/v2\/users\/7"}],"replies":[{"embeddable":true,"href":"https:\/\/akunq.net\/tr\/index.php?rest_route=%2Fwp%2Fv2%2Fcomments&post=25189"}],"version-history":[{"count":1,"href":"https:\/\/akunq.net\/tr\/index.php?rest_route=\/wp\/v2\/posts\/25189\/revisions"}],"predecessor-version":[{"id":25191,"href":"https:\/\/akunq.net\/tr\/index.php?rest_route=\/wp\/v2\/posts\/25189\/revisions\/25191"}],"wp:attachment":[{"href":"https:\/\/akunq.net\/tr\/index.php?rest_route=%2Fwp%2Fv2%2Fmedia&parent=25189"}],"wp:term":[{"taxonomy":"category","embeddable":true,"href":"https:\/\/akunq.net\/tr\/index.php?rest_route=%2Fwp%2Fv2%2Fcategories&post=25189"},{"taxonomy":"post_tag","embeddable":true,"href":"https:\/\/akunq.net\/tr\/index.php?rest_route=%2Fwp%2Fv2%2Ftags&post=25189"}],"curies":[{"name":"wp","href":"https:\/\/api.w.org\/{rel}","templated":true}]}}