{"id":25176,"date":"2013-08-24T01:23:25","date_gmt":"2013-08-24T06:23:25","guid":{"rendered":"http:\/\/akunq.net\/tr\/?p=25176"},"modified":"2013-08-24T01:23:25","modified_gmt":"2013-08-24T06:23:25","slug":"nisanyandan-basbakana-agir-hakaret","status":"publish","type":"post","link":"https:\/\/akunq.net\/tr\/?p=25176","title":{"rendered":"Ni\u015fanyan&#8217;dan Ba\u015fbakan&#8217;a a\u011f\u0131r hakaret"},"content":{"rendered":"<h2 style=\"text-align: justify;\"><i><a href=\"http:\/\/akunq.net\/tr\/wp-content\/uploads\/2013\/08\/\u054d\u0565\u0582\u0561\u0576-\u0546\u056b\u0577\u0561\u0576\u0575\u0561\u0576.jpg\"><img loading=\"lazy\" decoding=\"async\" class=\"alignright size-full wp-image-25177\" alt=\"\u054d\u0565\u0582\u0561\u0576 \u0546\u056b\u0577\u0561\u0576\u0575\u0561\u0576\" src=\"http:\/\/akunq.net\/tr\/wp-content\/uploads\/2013\/08\/\u054d\u0565\u0582\u0561\u0576-\u0546\u056b\u0577\u0561\u0576\u0575\u0561\u0576.jpg\" width=\"264\" height=\"198\" \/><\/a>Ermeni as\u0131ll\u0131 yazar Sevan Ni\u015fanyan, sosyal payla\u015f\u0131m sitesindeki hesab\u0131nda, Ba\u015fbakan Erdo\u011fan&#8217;a hakaret i\u00e7eren ifadelerle kinini kustu.<\/i><\/h2>\n<p style=\"text-align: justify;\">Hz. Peygamber&#8217;e hakaretten mahk\u00fbm olan Ermeni k\u00f6kenli &#8220;yazar&#8221; Sevan Ni\u015fanyan, bu kez de Ba\u015fbakan Erdo\u011fan&#8217;a k\u00fcfretti. Ba\u015fbakan Erdo\u011fan&#8217;\u0131n M\u0131s\u0131r&#8217;daki cuntac\u0131lar\u0131n arkas\u0131nda siyonistlerin oldu\u011fu y\u00f6n\u00fcndeki a\u00e7\u0131klamalar\u0131, uluslararas\u0131 siyonizmin i\u00e7imizdeki ma\u015falar\u0131ndan olan Sevan Ni\u015fanyan&#8217;\u0131 adeta kudurttu. Ba\u015fbakan&#8217;a, <strong>\u2018dangalak&#8217;<\/strong>,<strong> \u2018bu adam&#8217;<\/strong> gibi hakaret i\u00e7erikli nitelemelerde bulunan Sevan Ni\u015fanyan,<strong> &#8220;Defetmenin vakti gelmedi mi?&#8221;<\/strong> diyerek b\u00fcy\u00fck bir k\u00fcstahl\u0131kta da bulundu.<\/p>\n<p style=\"text-align: justify;\"><strong>BA\u015eBAKAN&#8217;A A\u011eIR HAKARETLER<\/strong><\/p>\n<p style=\"text-align: justify;\">Ni\u015fanyan, sosyal payla\u015f\u0131m sitesindeki hesab\u0131nda bu sefer \u015funlar\u0131 kustu: &#8220;Arkas\u0131nda neresi var? \u0130srail var. Elimizde belgeleri var. 2011 se\u00e7imleri \u00f6ncesinde Fransa&#8217;da yap\u0131lan bir oturumda, Adalet Bakan\u0131 ile bir entelekt\u00fcel konu\u015fuyor. O da Yahudi. Aynen \u015fu ifadeyi kullan\u0131yorlar: \u2018M\u0131s\u0131r&#8217;da M\u00fcsl\u00fcman Karde\u015fler se\u00e7imi kazansa da kazanamayacakt\u0131r.&#8217; Uygulama bu.&#8221; <strong>B\u00f6yle konu\u015fan bir dangala\u011fa, e\u011fer taksi \u015fof\u00f6r\u00fc ise, onbe\u015f dakika kadar tahamm\u00fcl edebilirsin. Hadi &#8220;ho\u015fg\u00f6r\u00fc&#8221; yapal\u0131m, yar\u0131m saat olsun. Bu adam onbu\u00e7uk senedir direksiyonda. Defetmenin vakti gelmedi mi?&#8221;<\/strong><\/p>\n<p style=\"text-align: justify;\"><b><i>http:\/\/www.haber7.com\/guncel\/haber\/1065094-nisanyandan-basbakana-agir-hakaret<\/i><\/b><\/p>\n","protected":false},"excerpt":{"rendered":"<p>Ermeni as\u0131ll\u0131 yazar Sevan Ni\u015fanyan, sosyal payla\u015f\u0131m sitesindeki hesab\u0131nda, Ba\u015fbakan Erdo\u011fan&#8217;a hakaret i\u00e7eren ifadelerle kinini kustu. Hz. Peygamber&#8217;e hakaretten mahk\u00fbm olan Ermeni k\u00f6kenli &#8220;yazar&#8221; Sevan Ni\u015fanyan, bu kez de Ba\u015fbakan Erdo\u011fan&#8217;a k\u00fcfretti. Ba\u015fbakan Erdo\u011fan&#8217;\u0131n M\u0131s\u0131r&#8217;daki cuntac\u0131lar\u0131n arkas\u0131nda siyonistlerin oldu\u011fu y\u00f6n\u00fcndeki a\u00e7\u0131klamalar\u0131, uluslararas\u0131 siyonizmin i\u00e7imizdeki ma\u015falar\u0131ndan olan Sevan Ni\u015fanyan&#8217;\u0131 adeta kudurttu. Ba\u015fbakan&#8217;a, \u2018dangalak&#8217;, \u2018bu adam&#8217; gibi [&hellip;]<\/p>\n","protected":false},"author":7,"featured_media":0,"comment_status":"open","ping_status":"open","sticky":false,"template":"","format":"standard","meta":{"footnotes":""},"categories":[1],"tags":[],"class_list":["post-25176","post","type-post","status-publish","format-standard","hentry","category-haberler"],"yoast_head":"<!-- This site is optimized with the Yoast SEO plugin v27.4 - https:\/\/yoast.com\/product\/yoast-seo-wordpress\/ -->\n<title>Ni\u015fanyan&#039;dan Ba\u015fbakan&#039;a a\u011f\u0131r hakaret - Bati Ermenistan Ve Bati Ermenileri Sorunlari Ara\u015ftirmalar Merkezi<\/title>\n<meta name=\"robots\" content=\"index, follow, max-snippet:-1, max-image-preview:large, max-video-preview:-1\" \/>\n<link rel=\"canonical\" href=\"https:\/\/akunq.net\/tr\/?p=25176\" \/>\n<meta property=\"og:locale\" content=\"en_US\" \/>\n<meta property=\"og:type\" content=\"article\" \/>\n<meta property=\"og:title\" content=\"Ni\u015fanyan&#039;dan Ba\u015fbakan&#039;a a\u011f\u0131r hakaret - Bati Ermenistan Ve Bati Ermenileri Sorunlari Ara\u015ftirmalar Merkezi\" \/>\n<meta property=\"og:description\" content=\"Ermeni as\u0131ll\u0131 yazar Sevan Ni\u015fanyan, sosyal payla\u015f\u0131m sitesindeki hesab\u0131nda, Ba\u015fbakan Erdo\u011fan&#8217;a hakaret i\u00e7eren ifadelerle kinini kustu. Hz. Peygamber&#8217;e hakaretten mahk\u00fbm olan Ermeni k\u00f6kenli &#8220;yazar&#8221; Sevan Ni\u015fanyan, bu kez de Ba\u015fbakan Erdo\u011fan&#8217;a k\u00fcfretti. Ba\u015fbakan Erdo\u011fan&#8217;\u0131n M\u0131s\u0131r&#8217;daki cuntac\u0131lar\u0131n arkas\u0131nda siyonistlerin oldu\u011fu y\u00f6n\u00fcndeki a\u00e7\u0131klamalar\u0131, uluslararas\u0131 siyonizmin i\u00e7imizdeki ma\u015falar\u0131ndan olan Sevan Ni\u015fanyan&#8217;\u0131 adeta kudurttu. Ba\u015fbakan&#8217;a, \u2018dangalak&#8217;, \u2018bu adam&#8217; gibi [&hellip;]\" \/>\n<meta property=\"og:url\" content=\"https:\/\/akunq.net\/tr\/?p=25176\" \/>\n<meta property=\"og:site_name\" content=\"Bati Ermenistan Ve Bati Ermenileri Sorunlari Ara\u015ftirmalar Merkezi\" \/>\n<meta property=\"article:published_time\" content=\"2013-08-24T06:23:25+00:00\" \/>\n<meta name=\"author\" content=\"admin\" \/>\n<meta name=\"twitter:card\" content=\"summary_large_image\" \/>\n<meta name=\"twitter:label1\" content=\"Written by\" \/>\n\t<meta name=\"twitter:data1\" content=\"admin\" \/>\n\t<meta name=\"twitter:label2\" content=\"Est. reading time\" \/>\n\t<meta name=\"twitter:data2\" content=\"1 minute\" \/>\n<script type=\"application\/ld+json\" class=\"yoast-schema-graph\">{\"@context\":\"https:\\\/\\\/schema.org\",\"@graph\":[{\"@type\":\"Article\",\"@id\":\"https:\\\/\\\/akunq.net\\\/tr\\\/?p=25176#article\",\"isPartOf\":{\"@id\":\"https:\\\/\\\/akunq.net\\\/tr\\\/?p=25176\"},\"author\":{\"name\":\"admin\",\"@id\":\"https:\\\/\\\/akunq.net\\\/tr\\\/#\\\/schema\\\/person\\\/096f1d38a12cce57fb855b485ed24c9e\"},\"headline\":\"Ni\u015fanyan&#8217;dan Ba\u015fbakan&#8217;a a\u011f\u0131r hakaret\",\"datePublished\":\"2013-08-24T06:23:25+00:00\",\"mainEntityOfPage\":{\"@id\":\"https:\\\/\\\/akunq.net\\\/tr\\\/?p=25176\"},\"wordCount\":227,\"commentCount\":0,\"articleSection\":[\"Haberler\"],\"inLanguage\":\"en-US\",\"potentialAction\":[{\"@type\":\"CommentAction\",\"name\":\"Comment\",\"target\":[\"https:\\\/\\\/akunq.net\\\/tr\\\/?p=25176#respond\"]}]},{\"@type\":\"WebPage\",\"@id\":\"https:\\\/\\\/akunq.net\\\/tr\\\/?p=25176\",\"url\":\"https:\\\/\\\/akunq.net\\\/tr\\\/?p=25176\",\"name\":\"Ni\u015fanyan'dan Ba\u015fbakan'a a\u011f\u0131r hakaret - Bati Ermenistan Ve Bati Ermenileri Sorunlari Ara\u015ftirmalar Merkezi\",\"isPartOf\":{\"@id\":\"https:\\\/\\\/akunq.net\\\/tr\\\/#website\"},\"datePublished\":\"2013-08-24T06:23:25+00:00\",\"author\":{\"@id\":\"https:\\\/\\\/akunq.net\\\/tr\\\/#\\\/schema\\\/person\\\/096f1d38a12cce57fb855b485ed24c9e\"},\"breadcrumb\":{\"@id\":\"https:\\\/\\\/akunq.net\\\/tr\\\/?p=25176#breadcrumb\"},\"inLanguage\":\"en-US\",\"potentialAction\":[{\"@type\":\"ReadAction\",\"target\":[\"https:\\\/\\\/akunq.net\\\/tr\\\/?p=25176\"]}]},{\"@type\":\"BreadcrumbList\",\"@id\":\"https:\\\/\\\/akunq.net\\\/tr\\\/?p=25176#breadcrumb\",\"itemListElement\":[{\"@type\":\"ListItem\",\"position\":1,\"name\":\"Home\",\"item\":\"https:\\\/\\\/akunq.net\\\/tr\"},{\"@type\":\"ListItem\",\"position\":2,\"name\":\"Ni\u015fanyan&#8217;dan Ba\u015fbakan&#8217;a a\u011f\u0131r hakaret\"}]},{\"@type\":\"WebSite\",\"@id\":\"https:\\\/\\\/akunq.net\\\/tr\\\/#website\",\"url\":\"https:\\\/\\\/akunq.net\\\/tr\\\/\",\"name\":\"Bati Ermenistan Ve Bati Ermenileri Sorunlari Ara\u015ftirmalar Merkezi\",\"description\":\"\",\"potentialAction\":[{\"@type\":\"SearchAction\",\"target\":{\"@type\":\"EntryPoint\",\"urlTemplate\":\"https:\\\/\\\/akunq.net\\\/tr\\\/?s={search_term_string}\"},\"query-input\":{\"@type\":\"PropertyValueSpecification\",\"valueRequired\":true,\"valueName\":\"search_term_string\"}}],\"inLanguage\":\"en-US\"},{\"@type\":\"Person\",\"@id\":\"https:\\\/\\\/akunq.net\\\/tr\\\/#\\\/schema\\\/person\\\/096f1d38a12cce57fb855b485ed24c9e\",\"name\":\"admin\",\"url\":\"https:\\\/\\\/akunq.net\\\/tr\\\/?author=7\"}]}<\/script>\n<!-- \/ Yoast SEO plugin. -->","yoast_head_json":{"title":"Ni\u015fanyan'dan Ba\u015fbakan'a a\u011f\u0131r hakaret - Bati Ermenistan Ve Bati Ermenileri Sorunlari Ara\u015ftirmalar Merkezi","robots":{"index":"index","follow":"follow","max-snippet":"max-snippet:-1","max-image-preview":"max-image-preview:large","max-video-preview":"max-video-preview:-1"},"canonical":"https:\/\/akunq.net\/tr\/?p=25176","og_locale":"en_US","og_type":"article","og_title":"Ni\u015fanyan'dan Ba\u015fbakan'a a\u011f\u0131r hakaret - Bati Ermenistan Ve Bati Ermenileri Sorunlari Ara\u015ftirmalar Merkezi","og_description":"Ermeni as\u0131ll\u0131 yazar Sevan Ni\u015fanyan, sosyal payla\u015f\u0131m sitesindeki hesab\u0131nda, Ba\u015fbakan Erdo\u011fan&#8217;a hakaret i\u00e7eren ifadelerle kinini kustu. Hz. Peygamber&#8217;e hakaretten mahk\u00fbm olan Ermeni k\u00f6kenli &#8220;yazar&#8221; Sevan Ni\u015fanyan, bu kez de Ba\u015fbakan Erdo\u011fan&#8217;a k\u00fcfretti. Ba\u015fbakan Erdo\u011fan&#8217;\u0131n M\u0131s\u0131r&#8217;daki cuntac\u0131lar\u0131n arkas\u0131nda siyonistlerin oldu\u011fu y\u00f6n\u00fcndeki a\u00e7\u0131klamalar\u0131, uluslararas\u0131 siyonizmin i\u00e7imizdeki ma\u015falar\u0131ndan olan Sevan Ni\u015fanyan&#8217;\u0131 adeta kudurttu. Ba\u015fbakan&#8217;a, \u2018dangalak&#8217;, \u2018bu adam&#8217; gibi [&hellip;]","og_url":"https:\/\/akunq.net\/tr\/?p=25176","og_site_name":"Bati Ermenistan Ve Bati Ermenileri Sorunlari Ara\u015ftirmalar Merkezi","article_published_time":"2013-08-24T06:23:25+00:00","author":"admin","twitter_card":"summary_large_image","twitter_misc":{"Written by":"admin","Est. reading time":"1 minute"},"schema":{"@context":"https:\/\/schema.org","@graph":[{"@type":"Article","@id":"https:\/\/akunq.net\/tr\/?p=25176#article","isPartOf":{"@id":"https:\/\/akunq.net\/tr\/?p=25176"},"author":{"name":"admin","@id":"https:\/\/akunq.net\/tr\/#\/schema\/person\/096f1d38a12cce57fb855b485ed24c9e"},"headline":"Ni\u015fanyan&#8217;dan Ba\u015fbakan&#8217;a a\u011f\u0131r hakaret","datePublished":"2013-08-24T06:23:25+00:00","mainEntityOfPage":{"@id":"https:\/\/akunq.net\/tr\/?p=25176"},"wordCount":227,"commentCount":0,"articleSection":["Haberler"],"inLanguage":"en-US","potentialAction":[{"@type":"CommentAction","name":"Comment","target":["https:\/\/akunq.net\/tr\/?p=25176#respond"]}]},{"@type":"WebPage","@id":"https:\/\/akunq.net\/tr\/?p=25176","url":"https:\/\/akunq.net\/tr\/?p=25176","name":"Ni\u015fanyan'dan Ba\u015fbakan'a a\u011f\u0131r hakaret - Bati Ermenistan Ve Bati Ermenileri Sorunlari Ara\u015ftirmalar Merkezi","isPartOf":{"@id":"https:\/\/akunq.net\/tr\/#website"},"datePublished":"2013-08-24T06:23:25+00:00","author":{"@id":"https:\/\/akunq.net\/tr\/#\/schema\/person\/096f1d38a12cce57fb855b485ed24c9e"},"breadcrumb":{"@id":"https:\/\/akunq.net\/tr\/?p=25176#breadcrumb"},"inLanguage":"en-US","potentialAction":[{"@type":"ReadAction","target":["https:\/\/akunq.net\/tr\/?p=25176"]}]},{"@type":"BreadcrumbList","@id":"https:\/\/akunq.net\/tr\/?p=25176#breadcrumb","itemListElement":[{"@type":"ListItem","position":1,"name":"Home","item":"https:\/\/akunq.net\/tr"},{"@type":"ListItem","position":2,"name":"Ni\u015fanyan&#8217;dan Ba\u015fbakan&#8217;a a\u011f\u0131r hakaret"}]},{"@type":"WebSite","@id":"https:\/\/akunq.net\/tr\/#website","url":"https:\/\/akunq.net\/tr\/","name":"Bati Ermenistan Ve Bati Ermenileri Sorunlari Ara\u015ftirmalar Merkezi","description":"","potentialAction":[{"@type":"SearchAction","target":{"@type":"EntryPoint","urlTemplate":"https:\/\/akunq.net\/tr\/?s={search_term_string}"},"query-input":{"@type":"PropertyValueSpecification","valueRequired":true,"valueName":"search_term_string"}}],"inLanguage":"en-US"},{"@type":"Person","@id":"https:\/\/akunq.net\/tr\/#\/schema\/person\/096f1d38a12cce57fb855b485ed24c9e","name":"admin","url":"https:\/\/akunq.net\/tr\/?author=7"}]}},"_links":{"self":[{"href":"https:\/\/akunq.net\/tr\/index.php?rest_route=\/wp\/v2\/posts\/25176","targetHints":{"allow":["GET"]}}],"collection":[{"href":"https:\/\/akunq.net\/tr\/index.php?rest_route=\/wp\/v2\/posts"}],"about":[{"href":"https:\/\/akunq.net\/tr\/index.php?rest_route=\/wp\/v2\/types\/post"}],"author":[{"embeddable":true,"href":"https:\/\/akunq.net\/tr\/index.php?rest_route=\/wp\/v2\/users\/7"}],"replies":[{"embeddable":true,"href":"https:\/\/akunq.net\/tr\/index.php?rest_route=%2Fwp%2Fv2%2Fcomments&post=25176"}],"version-history":[{"count":1,"href":"https:\/\/akunq.net\/tr\/index.php?rest_route=\/wp\/v2\/posts\/25176\/revisions"}],"predecessor-version":[{"id":25178,"href":"https:\/\/akunq.net\/tr\/index.php?rest_route=\/wp\/v2\/posts\/25176\/revisions\/25178"}],"wp:attachment":[{"href":"https:\/\/akunq.net\/tr\/index.php?rest_route=%2Fwp%2Fv2%2Fmedia&parent=25176"}],"wp:term":[{"taxonomy":"category","embeddable":true,"href":"https:\/\/akunq.net\/tr\/index.php?rest_route=%2Fwp%2Fv2%2Fcategories&post=25176"},{"taxonomy":"post_tag","embeddable":true,"href":"https:\/\/akunq.net\/tr\/index.php?rest_route=%2Fwp%2Fv2%2Ftags&post=25176"}],"curies":[{"name":"wp","href":"https:\/\/api.w.org\/{rel}","templated":true}]}}