{"id":25088,"date":"2013-08-20T01:55:31","date_gmt":"2013-08-20T06:55:31","guid":{"rendered":"http:\/\/akunq.net\/tr\/?p=25088"},"modified":"2013-08-20T01:55:31","modified_gmt":"2013-08-20T06:55:31","slug":"ahir-kiliseye-koruma-karari-cikti-ama","status":"publish","type":"post","link":"https:\/\/akunq.net\/tr\/?p=25088","title":{"rendered":"\u2018Ah\u0131r kiliseye\u2019 koruma karar\u0131 \u00e7\u0131kt\u0131 ama\u2026"},"content":{"rendered":"<p style=\"text-align: justify;\"><b><i><a href=\"http:\/\/akunq.net\/tr\/wp-content\/uploads\/2013\/08\/\u0553\u0561\u0577\u057e\u0561\u057d\u0584-\u0553\u0561\u0577\u0561\u0567\u056c\u0574\u0561\u056c\u0568-\u0563\u0575\u0578\u0582\u0572.jpg\"><img loading=\"lazy\" decoding=\"async\" class=\"alignright size-medium wp-image-25089\" alt=\"\u0553\u0561\u0577\u057e\u0561\u057d\u0584 (\u0553\u0561\u0577\u0561\u0567\u056c\u0574\u0561\u056c\u0568) \u0563\u0575\u0578\u0582\u0572\" src=\"http:\/\/akunq.net\/tr\/wp-content\/uploads\/2013\/08\/\u0553\u0561\u0577\u057e\u0561\u057d\u0584-\u0553\u0561\u0577\u0561\u0567\u056c\u0574\u0561\u056c\u0568-\u0563\u0575\u0578\u0582\u0572-300x225.jpg\" width=\"300\" height=\"225\" srcset=\"https:\/\/akunq.net\/tr\/wp-content\/uploads\/sites\/6\/2013\/08\/\u0553\u0561\u0577\u057e\u0561\u057d\u0584-\u0553\u0561\u0577\u0561\u0567\u056c\u0574\u0561\u056c\u0568-\u0563\u0575\u0578\u0582\u0572-300x225.jpg 300w, https:\/\/akunq.net\/tr\/wp-content\/uploads\/sites\/6\/2013\/08\/\u0553\u0561\u0577\u057e\u0561\u057d\u0584-\u0553\u0561\u0577\u0561\u0567\u056c\u0574\u0561\u056c\u0568-\u0563\u0575\u0578\u0582\u0572.jpg 313w\" sizes=\"auto, (max-width: 300px) 100vw, 300px\" \/><\/a>Tatvan\u2019\u0131n Toka\u00e7l\u0131 k\u00f6y\u00fcne ba\u011fl\u0131 Pa\u015faelmas\u0131 mezras\u0131nda bulunan ve ah\u0131r olarak kullan\u0131lan kilisenin sahibi Y\u0131lmaz Yama\u00e7, devlete defalarca yapt\u0131\u011f\u0131 ba\u015fvurulardan sonu\u00e7 ald\u0131. Kilise, \u2018k\u00fclt\u00fcr varl\u0131\u011f\u0131\u2019 olarak tescil edildi ve koruma alt\u0131na al\u0131nd\u0131. Ancak Yama\u00e7, koruma karar\u0131n\u0131n geciktirilmeden hayata ge\u00e7mesi gerekti\u011fini s\u00f6yl\u00fcyor. Yama\u00e7, kilisenin m\u00fclkiyetini Ermeni toplumuna devretmek istedi\u011fini belirtiyor.<\/i><\/b><\/p>\n<p style=\"text-align: justify;\">Bitlis\u2019in Tatvan il\u00e7esine ba\u011fl\u0131 eski bir Ermeni k\u00f6y\u00fc olan (Ermenice ad\u0131 Pa\u015fvask) Toka\u00e7l\u0131 k\u00f6y\u00fcn\u00fcn Pa\u015faelmal\u0131 mezras\u0131nda bulunan kilise Yama\u00e7 ailesinin m\u00fclkiyetinde. Aileden Y\u0131lmaz Yama\u00e7 2012 y\u0131l\u0131ndan beri yapt\u0131\u011f\u0131 ba\u015fvurularda, kilisenin K\u00fclt\u00fcr Bakanl\u0131\u011f\u0131 taraf\u0131ndan bir an \u00f6nce koruma alt\u0131na al\u0131nmas\u0131n\u0131 istiyor. Yama\u00e7 ge\u00e7ti\u011fimiz g\u00fcnlerde amac\u0131na ula\u015ft\u0131 ve kilise hakk\u0131nda koruma karar\u0131 \u00e7\u0131kt\u0131. Ancak karar ra\u011fmen,\u00a0 kilise halen ah\u0131r olarak kullan\u0131l\u0131yor.<\/p>\n<p style=\"text-align: justify;\">K\u00f6yl\u00fclerin hayvanlar\u0131n\u0131 koyduklar\u0131 ve zaman zaman ah\u0131r\/samanl\u0131k olarak kullan\u0131lan Pa\u015fvavsk Kilisesi, b\u00fcy\u00fck oranda tahrip olsa da eski ihti\u015fam\u0131ndan \u00e7ok da \u015fey kaybetmi\u015f de\u011fil. Kilisenin m\u00fclkiyetine sahip olan Pa\u015faelmal\u0131 k\u00f6y\u00fcnden Y\u0131lmaz Yama\u00e7; 2012 y\u0131l\u0131nda B\u0130MER arac\u0131l\u0131\u011f\u0131yla K\u00fclt\u00fcr ve Turizm Bakanl\u0131\u011f\u0131, Kurullar Dairesi Ba\u015fkanl\u0131\u011f\u0131, K\u00fclt\u00fcr Varl\u0131klar\u0131 ve M\u00fczeler Genel M\u00fcd\u00fcrl\u00fc\u011f\u00fc, Kurullar \u015eube M\u00fcd\u00fcrl\u00fc\u011f\u00fc dahil 5 ayr\u0131 merciye ba\u015fvuru yapt\u0131.<\/p>\n<p style=\"text-align: justify;\">Kilesinin koruma alt\u0131na al\u0131nmas\u0131n\u0131 ve bak\u0131m\u0131n\u0131n yap\u0131lmas\u0131n\u0131 isteyen Yama\u00e7\u2019a ilk olarak 2013\u2019\u00fcn Mart ay\u0131nda yan\u0131t geldi. K\u00fclt\u00fcr ve Turizm Bakanl\u0131\u011f\u0131, Van K\u00fclt\u00fcr Varl\u0131klar\u0131n\u0131 Koruma B\u00f6lge Kurulu\u2019nun ald\u0131\u011f\u0131 kararla, Pa\u015faelmal\u0131 mezras\u0131nda 610 parselde olan kilisenin tesciline ili\u015fkin 2863 say\u0131l\u0131 K\u00fclt\u00fcr ve Tabiat Varl\u0131klar\u0131n\u0131 Koruma Kanunu\u2019nun 6. Maddesinde belirtilen \u00f6zellikleri ta\u015f\u0131d\u0131\u011f\u0131 belirtilerek, kanunun 7. Maddesi gere\u011fince \u2018ta\u015f\u0131nmaz k\u00fclt\u00fcr varl\u0131\u011f\u0131\u2019 olarak tescil edildi\u011fi belirtildi. Y\u0131lmaz Yama\u00e7\u2019\u0131n ba\u015fvurular\u0131na son yan\u0131t da, Kurullar Dairesi Ba\u015fkanl\u0131\u011f\u0131\u2019ndan 3 A\u011fustos\u2019ta yan\u0131t geldi. Gelen yan\u0131tta kilisenin incelenerek gerekli i\u015flemlerin yap\u0131lmas\u0131 istendi.<\/p>\n<p style=\"text-align: justify;\"><strong>A\u015firet reisinden al\u0131nm\u0131\u015f<\/strong><\/p>\n<p style=\"text-align: justify;\">Kilisenin tescil edilmesine ve k\u00fclt\u00fcr varl\u0131\u011f\u0131 olarak kabul edilmesine ra\u011fmen, halen hi\u00e7bir i\u015flem yap\u0131lmad\u0131\u011f\u0131n\u0131 s\u00f6yleyen Yama\u00e7; tescil i\u00e7in karar al\u0131nmas\u0131n\u0131n kendilerini aile olarak sevindirdi\u011fini s\u00f6yleyerek, \u201cBiz ba\u015fvuru yapana kadar bakanl\u0131\u011f\u0131n bu kiliseden haberi bile yoktu. Ancak i\u00e7inde h\u00e2l\u00e2 k\u00f6yl\u00fclerin hayvanlar\u0131 bar\u0131n\u0131yor\u201d dedi. 1950 y\u0131l\u0131nda Bitlis\u2019in Mutki il\u00e7esinden Tatvan Pa\u015faelmal\u0131\u2019ya g\u00f6\u00e7 ettiklerini ve kilisenin tapusunu k\u00f6y\u00fcn a\u011fas\u0131 olan Re\u015fit A\u011fa\u2019dan (Re\u015fide T\u00eare) ald\u0131klar\u0131n\u0131 anlatan Yama\u00e7; \u201cRe\u015fit A\u011fa a\u015firet reisi oldu\u011fu i\u00e7in, devlet taraf\u0131ndan o d\u00f6nem Hamidiye Alaylar\u0131\u2019na komutan olarak se\u00e7ilmi\u015f. Daha sonra da Ermenilerin mallar\u0131n\u0131 sahiplenmi\u015f. O d\u00f6nem k\u00f6yde a\u011faya ait zindanlar bile varm\u0131\u015f\u201d diye konu\u015ftu.<\/p>\n<p style=\"text-align: justify;\"><strong>Turistler biliyor, Bakanl\u0131k bilmiyor<\/strong><\/p>\n<p style=\"text-align: justify;\">K\u00f6y\u00fcn 1990\u2019larda koruculuk dayatmas\u0131 nedeniyle bo\u015falt\u0131ld\u0131\u011f\u0131n\u0131, kendilerinin de koruculu\u011fu reddettikleri i\u00e7in \u0130stanbul\u2019a yerle\u015ftiklerini s\u00f6yleyen Yama\u00e7 kiliseyle ilgili \u015funlar\u0131 anlat\u0131yor: \u201cK\u00f6y\u00fcm\u00fczde \u015fu anda \u00e7o\u011fu ya\u015fl\u0131lardan olu\u015fan 30 hane var. \u00c7ocuklu\u011fumuz o kilisede ge\u00e7ti. B\u00fct\u00fcn oyunlar\u0131m\u0131z\u0131 orada oynard\u0131k. \u0130\u00e7inde \u00e7ok uzun bir t\u00fcnel oldu\u011funu hat\u0131rl\u0131yorum. \u015eimdi yazlar\u0131 k\u00f6y\u00fcm\u00fcze gitti\u011fimizde, Avrupa\u2019dan gelen turistlerin kiliseye b\u00fcy\u00fck ilgi g\u00f6sterdi\u011fini g\u00f6r\u00fcyorum. Ancak hakl\u0131 olarak tepki g\u00f6steriyorlar ve bize \u2018siz camilerinize hayvan koyuyor musunuz\u2019 diye soruyorlar. Ben kilisenin tapusunu Ermeni cemaatine devretmeye haz\u0131r\u0131m, bu kadar g\u00fczel bir eser heba olmas\u0131n.\u201d<\/p>\n<p style=\"text-align: justify;\"><strong>Bu haber, gazeteci M\u00fcjgan Halis\u2019in blo\u011funda \u015fu notla yay\u0131mland\u0131:<\/strong><\/p>\n<p style=\"text-align: justify;\">Haberin \u00f6yk\u00fcs\u00fc:<\/p>\n<p style=\"text-align: justify;\">Tatvan\u2019\u0131n k\u00f6ylerine birka\u00e7 ay \u00f6nce ba\u015fka bir haber i\u00e7in gitmi\u015ftim. Haz\u0131r gitmi\u015fken \u00e7evre k\u00f6yleri de gezdik ve Pa\u015faelmas\u0131 mezras\u0131ndaki kiliseyi bu gezi s\u0131ras\u0131nda g\u00f6r\u00fcp, foto\u011fraflad\u0131m. Daha sonra da bu foto\u011fraf ve kiliseyle ilgili \u00f6\u011frendi\u011fim ilk bilgileri Twitter\u2019da payla\u015ft\u0131m. Bu haberin \u00f6yk\u00fcs\u00fc, o twitten sonra bana tam da i\u015fsiz kald\u0131\u011f\u0131m g\u00fcn ula\u015fan ve kilisenin m\u00fclkiyetine sahip olan Y\u0131lmaz Yama\u00e7\u2019tan sonra \u015fekillendi. \u015eu anda herhangi bir kurumla gazetecilik s\u00f6zle\u015fmem olmad\u0131\u011f\u0131 i\u00e7in, Pa\u015fvask kilisesinin hik\u00e2yesini kamuoyuna blogumdan duyurmak istedim.<\/p>\n<p style=\"text-align: justify;\"><span style=\"color: #000000; text-decoration: underline;\"><a href=\"http:\/\/agos.com.tr\/haber.php?seo=ahir-kiliseye-koruma-karari-cikti-ama&amp;haberid=5541\"><span style=\"color: #000000;\"><b><i>http:\/\/agos.com.tr\/haber.php?seo=ahir-kiliseye-koruma-karari-cikti-ama&amp;haberid=5541<\/i><\/b><\/span><\/a><\/span><\/p>\n","protected":false},"excerpt":{"rendered":"<p>Tatvan\u2019\u0131n Toka\u00e7l\u0131 k\u00f6y\u00fcne ba\u011fl\u0131 Pa\u015faelmas\u0131 mezras\u0131nda bulunan ve ah\u0131r olarak kullan\u0131lan kilisenin sahibi Y\u0131lmaz Yama\u00e7, devlete defalarca yapt\u0131\u011f\u0131 ba\u015fvurulardan sonu\u00e7 ald\u0131. Kilise, \u2018k\u00fclt\u00fcr varl\u0131\u011f\u0131\u2019 olarak tescil edildi ve koruma alt\u0131na al\u0131nd\u0131. Ancak Yama\u00e7, koruma karar\u0131n\u0131n geciktirilmeden hayata ge\u00e7mesi gerekti\u011fini s\u00f6yl\u00fcyor. Yama\u00e7, kilisenin m\u00fclkiyetini Ermeni toplumuna devretmek istedi\u011fini belirtiyor. Bitlis\u2019in Tatvan il\u00e7esine ba\u011fl\u0131 eski bir Ermeni [&hellip;]<\/p>\n","protected":false},"author":7,"featured_media":0,"comment_status":"open","ping_status":"open","sticky":false,"template":"","format":"standard","meta":{"footnotes":""},"categories":[22,1],"tags":[],"class_list":["post-25088","post","type-post","status-publish","format-standard","hentry","category-gunumuzde-bati-ermenistan","category-haberler"],"yoast_head":"<!-- This site is optimized with the Yoast SEO plugin v27.4 - https:\/\/yoast.com\/product\/yoast-seo-wordpress\/ -->\n<title>\u2018Ah\u0131r kiliseye\u2019 koruma karar\u0131 \u00e7\u0131kt\u0131 ama\u2026 - Bati Ermenistan Ve Bati Ermenileri Sorunlari Ara\u015ftirmalar Merkezi<\/title>\n<meta name=\"robots\" content=\"index, follow, max-snippet:-1, max-image-preview:large, max-video-preview:-1\" \/>\n<link rel=\"canonical\" href=\"https:\/\/akunq.net\/tr\/?p=25088\" \/>\n<meta property=\"og:locale\" content=\"en_US\" \/>\n<meta property=\"og:type\" content=\"article\" \/>\n<meta property=\"og:title\" content=\"\u2018Ah\u0131r kiliseye\u2019 koruma karar\u0131 \u00e7\u0131kt\u0131 ama\u2026 - Bati Ermenistan Ve Bati Ermenileri Sorunlari Ara\u015ftirmalar Merkezi\" \/>\n<meta property=\"og:description\" content=\"Tatvan\u2019\u0131n Toka\u00e7l\u0131 k\u00f6y\u00fcne ba\u011fl\u0131 Pa\u015faelmas\u0131 mezras\u0131nda bulunan ve ah\u0131r olarak kullan\u0131lan kilisenin sahibi Y\u0131lmaz Yama\u00e7, devlete defalarca yapt\u0131\u011f\u0131 ba\u015fvurulardan sonu\u00e7 ald\u0131. Kilise, \u2018k\u00fclt\u00fcr varl\u0131\u011f\u0131\u2019 olarak tescil edildi ve koruma alt\u0131na al\u0131nd\u0131. Ancak Yama\u00e7, koruma karar\u0131n\u0131n geciktirilmeden hayata ge\u00e7mesi gerekti\u011fini s\u00f6yl\u00fcyor. Yama\u00e7, kilisenin m\u00fclkiyetini Ermeni toplumuna devretmek istedi\u011fini belirtiyor. Bitlis\u2019in Tatvan il\u00e7esine ba\u011fl\u0131 eski bir Ermeni [&hellip;]\" \/>\n<meta property=\"og:url\" content=\"https:\/\/akunq.net\/tr\/?p=25088\" \/>\n<meta property=\"og:site_name\" content=\"Bati Ermenistan Ve Bati Ermenileri Sorunlari Ara\u015ftirmalar Merkezi\" \/>\n<meta property=\"article:published_time\" content=\"2013-08-20T06:55:31+00:00\" \/>\n<meta name=\"author\" content=\"admin\" \/>\n<meta name=\"twitter:card\" content=\"summary_large_image\" \/>\n<meta name=\"twitter:label1\" content=\"Written by\" \/>\n\t<meta name=\"twitter:data1\" content=\"admin\" \/>\n\t<meta name=\"twitter:label2\" content=\"Est. reading time\" \/>\n\t<meta name=\"twitter:data2\" content=\"4 minutes\" \/>\n<script type=\"application\/ld+json\" class=\"yoast-schema-graph\">{\"@context\":\"https:\\\/\\\/schema.org\",\"@graph\":[{\"@type\":\"Article\",\"@id\":\"https:\\\/\\\/akunq.net\\\/tr\\\/?p=25088#article\",\"isPartOf\":{\"@id\":\"https:\\\/\\\/akunq.net\\\/tr\\\/?p=25088\"},\"author\":{\"name\":\"admin\",\"@id\":\"https:\\\/\\\/akunq.net\\\/tr\\\/#\\\/schema\\\/person\\\/096f1d38a12cce57fb855b485ed24c9e\"},\"headline\":\"\u2018Ah\u0131r kiliseye\u2019 koruma karar\u0131 \u00e7\u0131kt\u0131 ama\u2026\",\"datePublished\":\"2013-08-20T06:55:31+00:00\",\"mainEntityOfPage\":{\"@id\":\"https:\\\/\\\/akunq.net\\\/tr\\\/?p=25088\"},\"wordCount\":801,\"commentCount\":0,\"articleSection\":[\"G\u00fcn\u00fcm\u00fczde Bat\u0131 Ermenistan\",\"Haberler\"],\"inLanguage\":\"en-US\",\"potentialAction\":[{\"@type\":\"CommentAction\",\"name\":\"Comment\",\"target\":[\"https:\\\/\\\/akunq.net\\\/tr\\\/?p=25088#respond\"]}]},{\"@type\":\"WebPage\",\"@id\":\"https:\\\/\\\/akunq.net\\\/tr\\\/?p=25088\",\"url\":\"https:\\\/\\\/akunq.net\\\/tr\\\/?p=25088\",\"name\":\"\u2018Ah\u0131r kiliseye\u2019 koruma karar\u0131 \u00e7\u0131kt\u0131 ama\u2026 - Bati Ermenistan Ve Bati Ermenileri Sorunlari Ara\u015ftirmalar Merkezi\",\"isPartOf\":{\"@id\":\"https:\\\/\\\/akunq.net\\\/tr\\\/#website\"},\"datePublished\":\"2013-08-20T06:55:31+00:00\",\"author\":{\"@id\":\"https:\\\/\\\/akunq.net\\\/tr\\\/#\\\/schema\\\/person\\\/096f1d38a12cce57fb855b485ed24c9e\"},\"breadcrumb\":{\"@id\":\"https:\\\/\\\/akunq.net\\\/tr\\\/?p=25088#breadcrumb\"},\"inLanguage\":\"en-US\",\"potentialAction\":[{\"@type\":\"ReadAction\",\"target\":[\"https:\\\/\\\/akunq.net\\\/tr\\\/?p=25088\"]}]},{\"@type\":\"BreadcrumbList\",\"@id\":\"https:\\\/\\\/akunq.net\\\/tr\\\/?p=25088#breadcrumb\",\"itemListElement\":[{\"@type\":\"ListItem\",\"position\":1,\"name\":\"Home\",\"item\":\"https:\\\/\\\/akunq.net\\\/tr\"},{\"@type\":\"ListItem\",\"position\":2,\"name\":\"\u2018Ah\u0131r kiliseye\u2019 koruma karar\u0131 \u00e7\u0131kt\u0131 ama\u2026\"}]},{\"@type\":\"WebSite\",\"@id\":\"https:\\\/\\\/akunq.net\\\/tr\\\/#website\",\"url\":\"https:\\\/\\\/akunq.net\\\/tr\\\/\",\"name\":\"Bati Ermenistan Ve Bati Ermenileri Sorunlari Ara\u015ftirmalar Merkezi\",\"description\":\"\",\"potentialAction\":[{\"@type\":\"SearchAction\",\"target\":{\"@type\":\"EntryPoint\",\"urlTemplate\":\"https:\\\/\\\/akunq.net\\\/tr\\\/?s={search_term_string}\"},\"query-input\":{\"@type\":\"PropertyValueSpecification\",\"valueRequired\":true,\"valueName\":\"search_term_string\"}}],\"inLanguage\":\"en-US\"},{\"@type\":\"Person\",\"@id\":\"https:\\\/\\\/akunq.net\\\/tr\\\/#\\\/schema\\\/person\\\/096f1d38a12cce57fb855b485ed24c9e\",\"name\":\"admin\",\"url\":\"https:\\\/\\\/akunq.net\\\/tr\\\/?author=7\"}]}<\/script>\n<!-- \/ Yoast SEO plugin. -->","yoast_head_json":{"title":"\u2018Ah\u0131r kiliseye\u2019 koruma karar\u0131 \u00e7\u0131kt\u0131 ama\u2026 - Bati Ermenistan Ve Bati Ermenileri Sorunlari Ara\u015ftirmalar Merkezi","robots":{"index":"index","follow":"follow","max-snippet":"max-snippet:-1","max-image-preview":"max-image-preview:large","max-video-preview":"max-video-preview:-1"},"canonical":"https:\/\/akunq.net\/tr\/?p=25088","og_locale":"en_US","og_type":"article","og_title":"\u2018Ah\u0131r kiliseye\u2019 koruma karar\u0131 \u00e7\u0131kt\u0131 ama\u2026 - Bati Ermenistan Ve Bati Ermenileri Sorunlari Ara\u015ftirmalar Merkezi","og_description":"Tatvan\u2019\u0131n Toka\u00e7l\u0131 k\u00f6y\u00fcne ba\u011fl\u0131 Pa\u015faelmas\u0131 mezras\u0131nda bulunan ve ah\u0131r olarak kullan\u0131lan kilisenin sahibi Y\u0131lmaz Yama\u00e7, devlete defalarca yapt\u0131\u011f\u0131 ba\u015fvurulardan sonu\u00e7 ald\u0131. Kilise, \u2018k\u00fclt\u00fcr varl\u0131\u011f\u0131\u2019 olarak tescil edildi ve koruma alt\u0131na al\u0131nd\u0131. Ancak Yama\u00e7, koruma karar\u0131n\u0131n geciktirilmeden hayata ge\u00e7mesi gerekti\u011fini s\u00f6yl\u00fcyor. Yama\u00e7, kilisenin m\u00fclkiyetini Ermeni toplumuna devretmek istedi\u011fini belirtiyor. Bitlis\u2019in Tatvan il\u00e7esine ba\u011fl\u0131 eski bir Ermeni [&hellip;]","og_url":"https:\/\/akunq.net\/tr\/?p=25088","og_site_name":"Bati Ermenistan Ve Bati Ermenileri Sorunlari Ara\u015ftirmalar Merkezi","article_published_time":"2013-08-20T06:55:31+00:00","author":"admin","twitter_card":"summary_large_image","twitter_misc":{"Written by":"admin","Est. reading time":"4 minutes"},"schema":{"@context":"https:\/\/schema.org","@graph":[{"@type":"Article","@id":"https:\/\/akunq.net\/tr\/?p=25088#article","isPartOf":{"@id":"https:\/\/akunq.net\/tr\/?p=25088"},"author":{"name":"admin","@id":"https:\/\/akunq.net\/tr\/#\/schema\/person\/096f1d38a12cce57fb855b485ed24c9e"},"headline":"\u2018Ah\u0131r kiliseye\u2019 koruma karar\u0131 \u00e7\u0131kt\u0131 ama\u2026","datePublished":"2013-08-20T06:55:31+00:00","mainEntityOfPage":{"@id":"https:\/\/akunq.net\/tr\/?p=25088"},"wordCount":801,"commentCount":0,"articleSection":["G\u00fcn\u00fcm\u00fczde Bat\u0131 Ermenistan","Haberler"],"inLanguage":"en-US","potentialAction":[{"@type":"CommentAction","name":"Comment","target":["https:\/\/akunq.net\/tr\/?p=25088#respond"]}]},{"@type":"WebPage","@id":"https:\/\/akunq.net\/tr\/?p=25088","url":"https:\/\/akunq.net\/tr\/?p=25088","name":"\u2018Ah\u0131r kiliseye\u2019 koruma karar\u0131 \u00e7\u0131kt\u0131 ama\u2026 - Bati Ermenistan Ve Bati Ermenileri Sorunlari Ara\u015ftirmalar Merkezi","isPartOf":{"@id":"https:\/\/akunq.net\/tr\/#website"},"datePublished":"2013-08-20T06:55:31+00:00","author":{"@id":"https:\/\/akunq.net\/tr\/#\/schema\/person\/096f1d38a12cce57fb855b485ed24c9e"},"breadcrumb":{"@id":"https:\/\/akunq.net\/tr\/?p=25088#breadcrumb"},"inLanguage":"en-US","potentialAction":[{"@type":"ReadAction","target":["https:\/\/akunq.net\/tr\/?p=25088"]}]},{"@type":"BreadcrumbList","@id":"https:\/\/akunq.net\/tr\/?p=25088#breadcrumb","itemListElement":[{"@type":"ListItem","position":1,"name":"Home","item":"https:\/\/akunq.net\/tr"},{"@type":"ListItem","position":2,"name":"\u2018Ah\u0131r kiliseye\u2019 koruma karar\u0131 \u00e7\u0131kt\u0131 ama\u2026"}]},{"@type":"WebSite","@id":"https:\/\/akunq.net\/tr\/#website","url":"https:\/\/akunq.net\/tr\/","name":"Bati Ermenistan Ve Bati Ermenileri Sorunlari Ara\u015ftirmalar Merkezi","description":"","potentialAction":[{"@type":"SearchAction","target":{"@type":"EntryPoint","urlTemplate":"https:\/\/akunq.net\/tr\/?s={search_term_string}"},"query-input":{"@type":"PropertyValueSpecification","valueRequired":true,"valueName":"search_term_string"}}],"inLanguage":"en-US"},{"@type":"Person","@id":"https:\/\/akunq.net\/tr\/#\/schema\/person\/096f1d38a12cce57fb855b485ed24c9e","name":"admin","url":"https:\/\/akunq.net\/tr\/?author=7"}]}},"_links":{"self":[{"href":"https:\/\/akunq.net\/tr\/index.php?rest_route=\/wp\/v2\/posts\/25088","targetHints":{"allow":["GET"]}}],"collection":[{"href":"https:\/\/akunq.net\/tr\/index.php?rest_route=\/wp\/v2\/posts"}],"about":[{"href":"https:\/\/akunq.net\/tr\/index.php?rest_route=\/wp\/v2\/types\/post"}],"author":[{"embeddable":true,"href":"https:\/\/akunq.net\/tr\/index.php?rest_route=\/wp\/v2\/users\/7"}],"replies":[{"embeddable":true,"href":"https:\/\/akunq.net\/tr\/index.php?rest_route=%2Fwp%2Fv2%2Fcomments&post=25088"}],"version-history":[{"count":1,"href":"https:\/\/akunq.net\/tr\/index.php?rest_route=\/wp\/v2\/posts\/25088\/revisions"}],"predecessor-version":[{"id":25090,"href":"https:\/\/akunq.net\/tr\/index.php?rest_route=\/wp\/v2\/posts\/25088\/revisions\/25090"}],"wp:attachment":[{"href":"https:\/\/akunq.net\/tr\/index.php?rest_route=%2Fwp%2Fv2%2Fmedia&parent=25088"}],"wp:term":[{"taxonomy":"category","embeddable":true,"href":"https:\/\/akunq.net\/tr\/index.php?rest_route=%2Fwp%2Fv2%2Fcategories&post=25088"},{"taxonomy":"post_tag","embeddable":true,"href":"https:\/\/akunq.net\/tr\/index.php?rest_route=%2Fwp%2Fv2%2Ftags&post=25088"}],"curies":[{"name":"wp","href":"https:\/\/api.w.org\/{rel}","templated":true}]}}