{"id":24998,"date":"2013-08-13T02:38:18","date_gmt":"2013-08-13T07:38:18","guid":{"rendered":"http:\/\/akunq.net\/tr\/?p=24998"},"modified":"2013-08-13T02:38:40","modified_gmt":"2013-08-13T07:38:40","slug":"pkknin-ilk-silahli-eylem-yil-donumunu-kutladilar","status":"publish","type":"post","link":"https:\/\/akunq.net\/tr\/?p=24998","title":{"rendered":"PKK&#8217;n\u0131n \u0130lk Silahl\u0131 Eylem Y\u0131l D\u00f6n\u00fcm\u00fcn\u00fc Kutlad\u0131lar"},"content":{"rendered":"<p style=\"text-align: justify;\"><b><i><a href=\"http:\/\/akunq.net\/tr\/wp-content\/uploads\/2013\/08\/PKK-\u056b-\u0561\u057c\u0561\u057b\u056b\u0576-\u0563\u0578\u0580\u056e\u0578\u0572\u0578\u0582\u0569\u0575\u0561\u0576-\u057f\u0561\u0580\u0565\u0564\u0561\u0580\u0571\u0568.jpg\"><img loading=\"lazy\" decoding=\"async\" class=\"alignright size-full wp-image-24999\" alt=\"PKK-\u056b \u0561\u057c\u0561\u057b\u056b\u0576 \u0563\u0578\u0580\u056e\u0578\u0572\u0578\u0582\u0569\u0575\u0561\u0576 \u057f\u0561\u0580\u0565\u0564\u0561\u0580\u0571\u0568\" src=\"http:\/\/akunq.net\/tr\/wp-content\/uploads\/2013\/08\/PKK-\u056b-\u0561\u057c\u0561\u057b\u056b\u0576-\u0563\u0578\u0580\u056e\u0578\u0572\u0578\u0582\u0569\u0575\u0561\u0576-\u057f\u0561\u0580\u0565\u0564\u0561\u0580\u0571\u0568.jpg\" width=\"300\" height=\"169\" \/><\/a>Kato Da\u011f\u0131&#8217;na \u00e7\u0131kan binlerce ki\u015fi, PKK&#8217;n\u0131n 15 A\u011fustos 1984 tarihinde yapt\u0131\u011f\u0131 ilk silahl\u0131 eylemin y\u0131l d\u00f6n\u00fcm\u00fcn\u00fc kutlad\u0131.<\/i><\/b><\/p>\n<p style=\"text-align: justify;\">\u015e\u0131rnak&#8217;\u0131n Beyt\u00fc\u015f\u015febap \u0130l\u00e7esi yak\u0131nlar\u0131ndaki Kato Da\u011f\u0131&#8217;na \u00e7\u0131kan binlerce ki\u015fi, PKK&#8217;n\u0131n 15 A\u011fustos 1984 tarihinde yapt\u0131\u011f\u0131 ilk silahl\u0131 eylemin y\u0131l d\u00f6n\u00fcm\u00fcn\u00fc kutlad\u0131. Geceyi da\u011fda ge\u00e7iren g\u00f6stericiler tepelere yakt\u0131klar\u0131 ate\u015fle &#8216;Apo&#8217; yazarak sabaha kadar kutlama yapt\u0131.<\/p>\n<p style=\"text-align: justify;\">Beyt\u00fc\u015f\u015febap \u0130l\u00e7esi yak\u0131nlar\u0131ndaki Kato Da\u011f\u0131&#8217;na \u00e7\u0131kan binlerce ki\u015fi, PKK&#8217;n\u0131n, 1984 y\u0131l\u0131n\u0131n 15 A\u011fustos&#8217;unda Siirt&#8217;in Eruh ve Hakkari&#8217;nin \u015eemdinli \u0130l\u00e7eleri&#8217;nde yapt\u0131\u011f\u0131 ilk silahl\u0131 eylemin 29&#8217;uncu y\u0131l d\u00f6n\u00fcm\u00fcn\u00fc kutlad\u0131. 30 y\u0131ll\u0131k s\u00fcre\u00e7te \u015fiddetli \u00e7at\u0131\u015fmalara sahne olan Kato Da\u011f\u0131&#8217;na 3 g\u00fcn \u00f6nce \u00e7\u0131kan Beyt\u00fc\u015f\u015febapl\u0131lar, Mar\u00fcn\u00fcs B\u00f6lgesi&#8217;nde d\u00fcn ak\u015fam, Koma Kato M\u00fczik Grubu&#8217;nun verdi\u011fi konserle sabah saatlerine kadar e\u011flendi.<\/p>\n<p style=\"text-align: justify;\"><b>DEV \u00d6CALAN POSTER\u0130, ATE\u015eTEN &#8216;APO&#8217; YAZISI<\/b><\/p>\n<p style=\"text-align: justify;\">Renkli y\u00f6resel k\u0131yafetler giyen kad\u0131n ve erkeklerin olu\u015fturdu\u011fu kalabal\u0131k gruplar, havaya ate\u015f a\u00e7arak kutlamaya ba\u015flad\u0131. Kutlamalar\u0131n yap\u0131ld\u0131\u011f\u0131 alana, Abdullah \u00d6calan&#8217;\u0131n dev posteri, PKK&#8217;y\u0131 sembol eden bayraklar ve \u00e7at\u0131\u015fmalarda ya\u015fam\u0131n\u0131 yitiren PKK&#8217;l\u0131lar\u0131n foto\u011fraflar\u0131 as\u0131l\u0131rken, \u00e7evredeki tepelere yak\u0131lan ate\u015flerle &#8216;APO&#8217; yaz\u0131ld\u0131\u011f\u0131 g\u00f6r\u00fcld\u00fc. K\u00fcrt\u00e7e olarak s\u0131k s\u0131k &#8216;\u015eehitler \u00f6lmez&#8217;, &#8216;PKK halkt\u0131r, halk burada&#8217; sloganlar\u0131 atan kalabal\u0131k gruplar, K\u00fcrt\u00e7e m\u00fczik e\u015fli\u011finde uzun s\u00fcre halay \u00e7ekti. Havai fi\u015fek g\u00f6sterilerinin yap\u0131ld\u0131\u011f\u0131 kutlamalar sabah saatlerine kadar s\u00fcrd\u00fc.<\/p>\n<p style=\"text-align: justify;\">Sayg\u0131 duru\u015fu ve K\u00fcrt ulusal mar\u015f\u0131 olarak kabul edilen &#8216;Ey Rakib&#8217; mar\u015f\u0131n\u0131n okunmas\u0131ndan sonra, BDP Beyt\u00fc\u015f\u015febap \u0130l\u00e7e Ba\u015fkan\u0131 Abdulkerim Ataman, PKK&#8217;n\u0131n Eruh ve \u015eemdinli&#8217;de yapt\u0131\u011f\u0131 silahl\u0131 eylemlerden s\u00f6z ederek, \u00f6rg\u00fct\u00fcn yap\u0131s\u0131n\u0131 ve gelinen \u00e7\u00f6z\u00fcm s\u00fcrecini anlatt\u0131.<\/p>\n<p style=\"text-align: justify;\"><b><i>http:\/\/www.sondakika.com\/haber\/haber-kato-dagi-na-cikip-pkk-nin-ilk-silahli-eylem-4928257\/<\/i><\/b><\/p>\n","protected":false},"excerpt":{"rendered":"<p>Kato Da\u011f\u0131&#8217;na \u00e7\u0131kan binlerce ki\u015fi, PKK&#8217;n\u0131n 15 A\u011fustos 1984 tarihinde yapt\u0131\u011f\u0131 ilk silahl\u0131 eylemin y\u0131l d\u00f6n\u00fcm\u00fcn\u00fc kutlad\u0131. \u015e\u0131rnak&#8217;\u0131n Beyt\u00fc\u015f\u015febap \u0130l\u00e7esi yak\u0131nlar\u0131ndaki Kato Da\u011f\u0131&#8217;na \u00e7\u0131kan binlerce ki\u015fi, PKK&#8217;n\u0131n 15 A\u011fustos 1984 tarihinde yapt\u0131\u011f\u0131 ilk silahl\u0131 eylemin y\u0131l d\u00f6n\u00fcm\u00fcn\u00fc kutlad\u0131. Geceyi da\u011fda ge\u00e7iren g\u00f6stericiler tepelere yakt\u0131klar\u0131 ate\u015fle &#8216;Apo&#8217; yazarak sabaha kadar kutlama yapt\u0131. Beyt\u00fc\u015f\u015febap \u0130l\u00e7esi yak\u0131nlar\u0131ndaki Kato [&hellip;]<\/p>\n","protected":false},"author":7,"featured_media":0,"comment_status":"open","ping_status":"open","sticky":false,"template":"","format":"standard","meta":{"footnotes":""},"categories":[1],"tags":[],"class_list":["post-24998","post","type-post","status-publish","format-standard","hentry","category-haberler"],"yoast_head":"<!-- This site is optimized with the Yoast SEO plugin v27.4 - https:\/\/yoast.com\/product\/yoast-seo-wordpress\/ -->\n<title>PKK&#039;n\u0131n \u0130lk Silahl\u0131 Eylem Y\u0131l D\u00f6n\u00fcm\u00fcn\u00fc Kutlad\u0131lar - Bati Ermenistan Ve Bati Ermenileri Sorunlari Ara\u015ftirmalar Merkezi<\/title>\n<meta name=\"robots\" content=\"index, follow, max-snippet:-1, max-image-preview:large, max-video-preview:-1\" \/>\n<link rel=\"canonical\" href=\"https:\/\/akunq.net\/tr\/?p=24998\" \/>\n<meta property=\"og:locale\" content=\"en_US\" \/>\n<meta property=\"og:type\" content=\"article\" \/>\n<meta property=\"og:title\" content=\"PKK&#039;n\u0131n \u0130lk Silahl\u0131 Eylem Y\u0131l D\u00f6n\u00fcm\u00fcn\u00fc Kutlad\u0131lar - Bati Ermenistan Ve Bati Ermenileri Sorunlari Ara\u015ftirmalar Merkezi\" \/>\n<meta property=\"og:description\" content=\"Kato Da\u011f\u0131&#8217;na \u00e7\u0131kan binlerce ki\u015fi, PKK&#8217;n\u0131n 15 A\u011fustos 1984 tarihinde yapt\u0131\u011f\u0131 ilk silahl\u0131 eylemin y\u0131l d\u00f6n\u00fcm\u00fcn\u00fc kutlad\u0131. \u015e\u0131rnak&#8217;\u0131n Beyt\u00fc\u015f\u015febap \u0130l\u00e7esi yak\u0131nlar\u0131ndaki Kato Da\u011f\u0131&#8217;na \u00e7\u0131kan binlerce ki\u015fi, PKK&#8217;n\u0131n 15 A\u011fustos 1984 tarihinde yapt\u0131\u011f\u0131 ilk silahl\u0131 eylemin y\u0131l d\u00f6n\u00fcm\u00fcn\u00fc kutlad\u0131. Geceyi da\u011fda ge\u00e7iren g\u00f6stericiler tepelere yakt\u0131klar\u0131 ate\u015fle &#8216;Apo&#8217; yazarak sabaha kadar kutlama yapt\u0131. Beyt\u00fc\u015f\u015febap \u0130l\u00e7esi yak\u0131nlar\u0131ndaki Kato [&hellip;]\" \/>\n<meta property=\"og:url\" content=\"https:\/\/akunq.net\/tr\/?p=24998\" \/>\n<meta property=\"og:site_name\" content=\"Bati Ermenistan Ve Bati Ermenileri Sorunlari Ara\u015ftirmalar Merkezi\" \/>\n<meta property=\"article:published_time\" content=\"2013-08-13T07:38:18+00:00\" \/>\n<meta property=\"article:modified_time\" content=\"2013-08-13T07:38:40+00:00\" \/>\n<meta name=\"author\" content=\"admin\" \/>\n<meta name=\"twitter:card\" content=\"summary_large_image\" \/>\n<meta name=\"twitter:label1\" content=\"Written by\" \/>\n\t<meta name=\"twitter:data1\" content=\"admin\" \/>\n\t<meta name=\"twitter:label2\" content=\"Est. reading time\" \/>\n\t<meta name=\"twitter:data2\" content=\"2 minutes\" \/>\n<script type=\"application\/ld+json\" class=\"yoast-schema-graph\">{\"@context\":\"https:\\\/\\\/schema.org\",\"@graph\":[{\"@type\":\"Article\",\"@id\":\"https:\\\/\\\/akunq.net\\\/tr\\\/?p=24998#article\",\"isPartOf\":{\"@id\":\"https:\\\/\\\/akunq.net\\\/tr\\\/?p=24998\"},\"author\":{\"name\":\"admin\",\"@id\":\"https:\\\/\\\/akunq.net\\\/tr\\\/#\\\/schema\\\/person\\\/096f1d38a12cce57fb855b485ed24c9e\"},\"headline\":\"PKK&#8217;n\u0131n \u0130lk Silahl\u0131 Eylem Y\u0131l D\u00f6n\u00fcm\u00fcn\u00fc Kutlad\u0131lar\",\"datePublished\":\"2013-08-13T07:38:18+00:00\",\"dateModified\":\"2013-08-13T07:38:40+00:00\",\"mainEntityOfPage\":{\"@id\":\"https:\\\/\\\/akunq.net\\\/tr\\\/?p=24998\"},\"wordCount\":346,\"commentCount\":0,\"articleSection\":[\"Haberler\"],\"inLanguage\":\"en-US\",\"potentialAction\":[{\"@type\":\"CommentAction\",\"name\":\"Comment\",\"target\":[\"https:\\\/\\\/akunq.net\\\/tr\\\/?p=24998#respond\"]}]},{\"@type\":\"WebPage\",\"@id\":\"https:\\\/\\\/akunq.net\\\/tr\\\/?p=24998\",\"url\":\"https:\\\/\\\/akunq.net\\\/tr\\\/?p=24998\",\"name\":\"PKK'n\u0131n \u0130lk Silahl\u0131 Eylem Y\u0131l D\u00f6n\u00fcm\u00fcn\u00fc Kutlad\u0131lar - Bati Ermenistan Ve Bati Ermenileri Sorunlari Ara\u015ftirmalar Merkezi\",\"isPartOf\":{\"@id\":\"https:\\\/\\\/akunq.net\\\/tr\\\/#website\"},\"datePublished\":\"2013-08-13T07:38:18+00:00\",\"dateModified\":\"2013-08-13T07:38:40+00:00\",\"author\":{\"@id\":\"https:\\\/\\\/akunq.net\\\/tr\\\/#\\\/schema\\\/person\\\/096f1d38a12cce57fb855b485ed24c9e\"},\"breadcrumb\":{\"@id\":\"https:\\\/\\\/akunq.net\\\/tr\\\/?p=24998#breadcrumb\"},\"inLanguage\":\"en-US\",\"potentialAction\":[{\"@type\":\"ReadAction\",\"target\":[\"https:\\\/\\\/akunq.net\\\/tr\\\/?p=24998\"]}]},{\"@type\":\"BreadcrumbList\",\"@id\":\"https:\\\/\\\/akunq.net\\\/tr\\\/?p=24998#breadcrumb\",\"itemListElement\":[{\"@type\":\"ListItem\",\"position\":1,\"name\":\"Home\",\"item\":\"https:\\\/\\\/akunq.net\\\/tr\"},{\"@type\":\"ListItem\",\"position\":2,\"name\":\"PKK&#8217;n\u0131n \u0130lk Silahl\u0131 Eylem Y\u0131l D\u00f6n\u00fcm\u00fcn\u00fc Kutlad\u0131lar\"}]},{\"@type\":\"WebSite\",\"@id\":\"https:\\\/\\\/akunq.net\\\/tr\\\/#website\",\"url\":\"https:\\\/\\\/akunq.net\\\/tr\\\/\",\"name\":\"Bati Ermenistan Ve Bati Ermenileri Sorunlari Ara\u015ftirmalar Merkezi\",\"description\":\"\",\"potentialAction\":[{\"@type\":\"SearchAction\",\"target\":{\"@type\":\"EntryPoint\",\"urlTemplate\":\"https:\\\/\\\/akunq.net\\\/tr\\\/?s={search_term_string}\"},\"query-input\":{\"@type\":\"PropertyValueSpecification\",\"valueRequired\":true,\"valueName\":\"search_term_string\"}}],\"inLanguage\":\"en-US\"},{\"@type\":\"Person\",\"@id\":\"https:\\\/\\\/akunq.net\\\/tr\\\/#\\\/schema\\\/person\\\/096f1d38a12cce57fb855b485ed24c9e\",\"name\":\"admin\",\"url\":\"https:\\\/\\\/akunq.net\\\/tr\\\/?author=7\"}]}<\/script>\n<!-- \/ Yoast SEO plugin. -->","yoast_head_json":{"title":"PKK'n\u0131n \u0130lk Silahl\u0131 Eylem Y\u0131l D\u00f6n\u00fcm\u00fcn\u00fc Kutlad\u0131lar - Bati Ermenistan Ve Bati Ermenileri Sorunlari Ara\u015ftirmalar Merkezi","robots":{"index":"index","follow":"follow","max-snippet":"max-snippet:-1","max-image-preview":"max-image-preview:large","max-video-preview":"max-video-preview:-1"},"canonical":"https:\/\/akunq.net\/tr\/?p=24998","og_locale":"en_US","og_type":"article","og_title":"PKK'n\u0131n \u0130lk Silahl\u0131 Eylem Y\u0131l D\u00f6n\u00fcm\u00fcn\u00fc Kutlad\u0131lar - Bati Ermenistan Ve Bati Ermenileri Sorunlari Ara\u015ftirmalar Merkezi","og_description":"Kato Da\u011f\u0131&#8217;na \u00e7\u0131kan binlerce ki\u015fi, PKK&#8217;n\u0131n 15 A\u011fustos 1984 tarihinde yapt\u0131\u011f\u0131 ilk silahl\u0131 eylemin y\u0131l d\u00f6n\u00fcm\u00fcn\u00fc kutlad\u0131. \u015e\u0131rnak&#8217;\u0131n Beyt\u00fc\u015f\u015febap \u0130l\u00e7esi yak\u0131nlar\u0131ndaki Kato Da\u011f\u0131&#8217;na \u00e7\u0131kan binlerce ki\u015fi, PKK&#8217;n\u0131n 15 A\u011fustos 1984 tarihinde yapt\u0131\u011f\u0131 ilk silahl\u0131 eylemin y\u0131l d\u00f6n\u00fcm\u00fcn\u00fc kutlad\u0131. Geceyi da\u011fda ge\u00e7iren g\u00f6stericiler tepelere yakt\u0131klar\u0131 ate\u015fle &#8216;Apo&#8217; yazarak sabaha kadar kutlama yapt\u0131. Beyt\u00fc\u015f\u015febap \u0130l\u00e7esi yak\u0131nlar\u0131ndaki Kato [&hellip;]","og_url":"https:\/\/akunq.net\/tr\/?p=24998","og_site_name":"Bati Ermenistan Ve Bati Ermenileri Sorunlari Ara\u015ftirmalar Merkezi","article_published_time":"2013-08-13T07:38:18+00:00","article_modified_time":"2013-08-13T07:38:40+00:00","author":"admin","twitter_card":"summary_large_image","twitter_misc":{"Written by":"admin","Est. reading time":"2 minutes"},"schema":{"@context":"https:\/\/schema.org","@graph":[{"@type":"Article","@id":"https:\/\/akunq.net\/tr\/?p=24998#article","isPartOf":{"@id":"https:\/\/akunq.net\/tr\/?p=24998"},"author":{"name":"admin","@id":"https:\/\/akunq.net\/tr\/#\/schema\/person\/096f1d38a12cce57fb855b485ed24c9e"},"headline":"PKK&#8217;n\u0131n \u0130lk Silahl\u0131 Eylem Y\u0131l D\u00f6n\u00fcm\u00fcn\u00fc Kutlad\u0131lar","datePublished":"2013-08-13T07:38:18+00:00","dateModified":"2013-08-13T07:38:40+00:00","mainEntityOfPage":{"@id":"https:\/\/akunq.net\/tr\/?p=24998"},"wordCount":346,"commentCount":0,"articleSection":["Haberler"],"inLanguage":"en-US","potentialAction":[{"@type":"CommentAction","name":"Comment","target":["https:\/\/akunq.net\/tr\/?p=24998#respond"]}]},{"@type":"WebPage","@id":"https:\/\/akunq.net\/tr\/?p=24998","url":"https:\/\/akunq.net\/tr\/?p=24998","name":"PKK'n\u0131n \u0130lk Silahl\u0131 Eylem Y\u0131l D\u00f6n\u00fcm\u00fcn\u00fc Kutlad\u0131lar - Bati Ermenistan Ve Bati Ermenileri Sorunlari Ara\u015ftirmalar Merkezi","isPartOf":{"@id":"https:\/\/akunq.net\/tr\/#website"},"datePublished":"2013-08-13T07:38:18+00:00","dateModified":"2013-08-13T07:38:40+00:00","author":{"@id":"https:\/\/akunq.net\/tr\/#\/schema\/person\/096f1d38a12cce57fb855b485ed24c9e"},"breadcrumb":{"@id":"https:\/\/akunq.net\/tr\/?p=24998#breadcrumb"},"inLanguage":"en-US","potentialAction":[{"@type":"ReadAction","target":["https:\/\/akunq.net\/tr\/?p=24998"]}]},{"@type":"BreadcrumbList","@id":"https:\/\/akunq.net\/tr\/?p=24998#breadcrumb","itemListElement":[{"@type":"ListItem","position":1,"name":"Home","item":"https:\/\/akunq.net\/tr"},{"@type":"ListItem","position":2,"name":"PKK&#8217;n\u0131n \u0130lk Silahl\u0131 Eylem Y\u0131l D\u00f6n\u00fcm\u00fcn\u00fc Kutlad\u0131lar"}]},{"@type":"WebSite","@id":"https:\/\/akunq.net\/tr\/#website","url":"https:\/\/akunq.net\/tr\/","name":"Bati Ermenistan Ve Bati Ermenileri Sorunlari Ara\u015ftirmalar Merkezi","description":"","potentialAction":[{"@type":"SearchAction","target":{"@type":"EntryPoint","urlTemplate":"https:\/\/akunq.net\/tr\/?s={search_term_string}"},"query-input":{"@type":"PropertyValueSpecification","valueRequired":true,"valueName":"search_term_string"}}],"inLanguage":"en-US"},{"@type":"Person","@id":"https:\/\/akunq.net\/tr\/#\/schema\/person\/096f1d38a12cce57fb855b485ed24c9e","name":"admin","url":"https:\/\/akunq.net\/tr\/?author=7"}]}},"_links":{"self":[{"href":"https:\/\/akunq.net\/tr\/index.php?rest_route=\/wp\/v2\/posts\/24998","targetHints":{"allow":["GET"]}}],"collection":[{"href":"https:\/\/akunq.net\/tr\/index.php?rest_route=\/wp\/v2\/posts"}],"about":[{"href":"https:\/\/akunq.net\/tr\/index.php?rest_route=\/wp\/v2\/types\/post"}],"author":[{"embeddable":true,"href":"https:\/\/akunq.net\/tr\/index.php?rest_route=\/wp\/v2\/users\/7"}],"replies":[{"embeddable":true,"href":"https:\/\/akunq.net\/tr\/index.php?rest_route=%2Fwp%2Fv2%2Fcomments&post=24998"}],"version-history":[{"count":2,"href":"https:\/\/akunq.net\/tr\/index.php?rest_route=\/wp\/v2\/posts\/24998\/revisions"}],"predecessor-version":[{"id":25001,"href":"https:\/\/akunq.net\/tr\/index.php?rest_route=\/wp\/v2\/posts\/24998\/revisions\/25001"}],"wp:attachment":[{"href":"https:\/\/akunq.net\/tr\/index.php?rest_route=%2Fwp%2Fv2%2Fmedia&parent=24998"}],"wp:term":[{"taxonomy":"category","embeddable":true,"href":"https:\/\/akunq.net\/tr\/index.php?rest_route=%2Fwp%2Fv2%2Fcategories&post=24998"},{"taxonomy":"post_tag","embeddable":true,"href":"https:\/\/akunq.net\/tr\/index.php?rest_route=%2Fwp%2Fv2%2Ftags&post=24998"}],"curies":[{"name":"wp","href":"https:\/\/api.w.org\/{rel}","templated":true}]}}