{"id":24966,"date":"2013-08-10T02:43:19","date_gmt":"2013-08-10T07:43:19","guid":{"rendered":"http:\/\/akunq.net\/tr\/?p=24966"},"modified":"2013-08-10T02:43:19","modified_gmt":"2013-08-10T07:43:19","slug":"bahceli-erdogana-44-bin-500-lira-tazminat-odeyecek","status":"publish","type":"post","link":"https:\/\/akunq.net\/tr\/?p=24966","title":{"rendered":"Bah\u00e7eli, Erdo\u011fan&#8217;a 44 bin 500 lira tazminat \u00f6deyecek"},"content":{"rendered":"<p style=\"text-align: justify;\"><a href=\"http:\/\/akunq.net\/tr\/wp-content\/uploads\/2013\/08\/\u0537\u0580\u0564\u0578\u0572\u0561\u0576.jpg\"><img loading=\"lazy\" decoding=\"async\" class=\"alignright size-full wp-image-24967\" alt=\"\u0537\u0580\u0564\u0578\u0572\u0561\u0576\" src=\"http:\/\/akunq.net\/tr\/wp-content\/uploads\/2013\/08\/\u0537\u0580\u0564\u0578\u0572\u0561\u0576.jpg\" width=\"268\" height=\"171\" \/><\/a>AK Parti Genel Ba\u015fkan Yard\u0131mc\u0131s\u0131 Mehmet Ali \u015eahin, Ba\u015fbakan Erdo\u011fan&#8217;\u0131n MHP lideri Bah\u00e7eli&#8217;ye a\u00e7t\u0131\u011f\u0131 20 davadan 6&#8217;s\u0131n\u0131n sonu\u00e7land\u0131\u011f\u0131n\u0131, Bah\u00e7eli&#8217;nin Erdo\u011fan&#8217;a 44 bin 500 lira tazminat \u00f6deyece\u011fini bildirdi.<\/p>\n<p style=\"text-align: justify;\"><b>KARAB\u00dcK\u00a0<\/b><\/p>\n<p style=\"text-align: justify;\">AK Parti Genel Ba\u015fkan Yard\u0131mc\u0131s\u0131 Mehmet Ali \u015eahin, &#8220;Ba\u015fbakan\u0131m\u0131z Erdo\u011fan, kendisine hakaret eden MHP Genel Ba\u015fkan\u0131 Bah\u00e7eli&#8217;ye 20 dava a\u00e7m\u0131\u015ft\u0131r. Bunlardan 6 tanesi sonu\u00e7land\u0131. Bah\u00e7eli, Erdo\u011fan&#8217;a 44 bin 500 lira <a href=\"http:\/\/www.aa.com.tr\/tr\/mod\/tag\/tazminat\">tazminat<\/a> \u00f6deyecek&#8221; dedi.<\/p>\n<p style=\"text-align: justify;\">\u015eahin, partisinin Safranbolu \u0130l\u00e7e Ba\u015fkanl\u0131\u011f\u0131n\u0131n bayramla\u015fma program\u0131nda yapt\u0131\u011f\u0131 konu\u015fmada, Ba\u015fbakan Erdo\u011fan&#8217;\u0131n diktat\u00f6rl\u00fckle itham edildi\u011fini s\u00f6yledi.<\/p>\n<p style=\"text-align: justify;\">Muhalefet yanl\u0131s\u0131 yay\u0131n yapan gazete ve televizyonlar\u0131n Erdo\u011fan&#8217;a hakaret ve k\u00fcf\u00fcr etti\u011fini, diktat\u00f6r olsa bunlar\u0131 yapamayacaklar\u0131n\u0131 anlatan \u015eahin, \u015f\u00f6yle devam etti:<\/p>\n<p style=\"text-align: justify;\">&#8220;Bak\u0131n yay\u0131nlar\u0131na ba\u015ftan sona hakaret ve k\u00fcf\u00fcr. \u0130ktidara ve say\u0131n Ba\u015fbakana. T\u00fcrkiye&#8217;de diktat\u00f6rl\u00fck olsa siz bunlar\u0131 yapabilir misiniz?\u00a0Diktat\u00f6rl\u00fck olsa bunlar\u0131n bir sat\u0131r\u0131n\u0131 yazabilir misiniz? T\u00fcrkiye o kadar \u00f6zg\u00fcr ki. Bir CHP milletvekili sosyal medyada Ba\u015fbakan\u0131n k\u0131z\u0131na hakaretler etti. CHP\u2019nin gen\u00e7lik kollar\u0131n\u0131n bir \u00fcyesi say\u0131n Ba\u015fbakan\u0131n annesine k\u00fcf\u00fcr etti. Sonra \u00f6z\u00fcr diledi ama uzakla\u015ft\u0131r\u0131ld\u0131 partiden. T\u00fcrkiye&#8217;de diktat\u00f6rl\u00fck olsa siz bunlar\u0131 yapamazs\u0131n\u0131z.&#8221;<\/p>\n<p style=\"text-align: justify;\">Parti genel ba\u015fkanlar\u0131n\u0131n da ayn\u0131 \u015fekilde davrand\u0131\u011f\u0131n\u0131 vurgulayan \u015eahin, &#8220;Ba\u015fbakan\u0131m\u0131z Erdo\u011fan, kendisine hakaret eden MHP Genel Ba\u015fkan\u0131 Bah\u00e7eli&#8217;ye 20 dava a\u00e7m\u0131\u015ft\u0131r. Bunlardan 6 tanesi sonu\u00e7land\u0131. Bah\u00e7eli, Erdo\u011fan&#8217;a 44 bin 500 lira <a href=\"http:\/\/www.aa.com.tr\/tr\/mod\/tag\/tazminat\">tazminat<\/a> \u00f6deyecek. Say\u0131n Ba\u015fbakan cevap vermiyor. &#8216;Ben o seviyeye inmem&#8217; diyor. T\u00fcm konu\u015fmalar\u0131n\u0131 takip edin. \u0130\u015fi g\u00fcc\u00fc konu\u015fmalar\u0131nda Say\u0131n Ba\u015fbakana hakaret etmek. Biz ne yap\u0131yoruz. Onun \u00fcslubu ile cevap vermiyoruz, yarg\u0131ya ta\u015f\u0131yoruz&#8221; diye konu\u015ftu.<\/p>\n<p style=\"text-align: justify;\">\u015eahin, CHP Genel Ba\u015fkan\u0131 Kemal K\u0131l\u0131\u00e7daro\u011flu&#8217;nun da ayn\u0131 \u015fekilde davrand\u0131\u011f\u0131n\u0131, K\u0131l\u0131\u00e7daro\u011flu hakk\u0131nda a\u00e7\u0131lan davalar\u0131n daha fazla oldu\u011funu ve\u00a0\u00e7ok daha fazla <a href=\"http:\/\/www.aa.com.tr\/tr\/mod\/tag\/tazminat\">tazminat<\/a> \u00f6deyece\u011fini belirterek, genel ba\u015fkanlar\u0131n birbirlerine sayg\u0131l\u0131 olmas\u0131 gerekti\u011fini kaydetti.<\/p>\n<p style=\"text-align: justify;\"><b><i>http:\/\/www.aa.com.tr\/tr\/haberler\/213469&#8211;bahceli-erdogana-44-bin-500-lira-tazminat-odeyecek<\/i><\/b><\/p>\n","protected":false},"excerpt":{"rendered":"<p>AK Parti Genel Ba\u015fkan Yard\u0131mc\u0131s\u0131 Mehmet Ali \u015eahin, Ba\u015fbakan Erdo\u011fan&#8217;\u0131n MHP lideri Bah\u00e7eli&#8217;ye a\u00e7t\u0131\u011f\u0131 20 davadan 6&#8217;s\u0131n\u0131n sonu\u00e7land\u0131\u011f\u0131n\u0131, Bah\u00e7eli&#8217;nin Erdo\u011fan&#8217;a 44 bin 500 lira tazminat \u00f6deyece\u011fini bildirdi. KARAB\u00dcK\u00a0 AK Parti Genel Ba\u015fkan Yard\u0131mc\u0131s\u0131 Mehmet Ali \u015eahin, &#8220;Ba\u015fbakan\u0131m\u0131z Erdo\u011fan, kendisine hakaret eden MHP Genel Ba\u015fkan\u0131 Bah\u00e7eli&#8217;ye 20 dava a\u00e7m\u0131\u015ft\u0131r. Bunlardan 6 tanesi sonu\u00e7land\u0131. Bah\u00e7eli, Erdo\u011fan&#8217;a 44 [&hellip;]<\/p>\n","protected":false},"author":7,"featured_media":0,"comment_status":"open","ping_status":"open","sticky":false,"template":"","format":"standard","meta":{"footnotes":""},"categories":[1],"tags":[],"class_list":["post-24966","post","type-post","status-publish","format-standard","hentry","category-haberler"],"yoast_head":"<!-- This site is optimized with the Yoast SEO plugin v27.4 - https:\/\/yoast.com\/product\/yoast-seo-wordpress\/ -->\n<title>Bah\u00e7eli, Erdo\u011fan&#039;a 44 bin 500 lira tazminat \u00f6deyecek - Bati Ermenistan Ve Bati Ermenileri Sorunlari Ara\u015ftirmalar Merkezi<\/title>\n<meta name=\"robots\" content=\"index, follow, max-snippet:-1, max-image-preview:large, max-video-preview:-1\" \/>\n<link rel=\"canonical\" href=\"https:\/\/akunq.net\/tr\/?p=24966\" \/>\n<meta property=\"og:locale\" content=\"en_US\" \/>\n<meta property=\"og:type\" content=\"article\" \/>\n<meta property=\"og:title\" content=\"Bah\u00e7eli, Erdo\u011fan&#039;a 44 bin 500 lira tazminat \u00f6deyecek - Bati Ermenistan Ve Bati Ermenileri Sorunlari Ara\u015ftirmalar Merkezi\" \/>\n<meta property=\"og:description\" content=\"AK Parti Genel Ba\u015fkan Yard\u0131mc\u0131s\u0131 Mehmet Ali \u015eahin, Ba\u015fbakan Erdo\u011fan&#8217;\u0131n MHP lideri Bah\u00e7eli&#8217;ye a\u00e7t\u0131\u011f\u0131 20 davadan 6&#8217;s\u0131n\u0131n sonu\u00e7land\u0131\u011f\u0131n\u0131, Bah\u00e7eli&#8217;nin Erdo\u011fan&#8217;a 44 bin 500 lira tazminat \u00f6deyece\u011fini bildirdi. KARAB\u00dcK\u00a0 AK Parti Genel Ba\u015fkan Yard\u0131mc\u0131s\u0131 Mehmet Ali \u015eahin, &#8220;Ba\u015fbakan\u0131m\u0131z Erdo\u011fan, kendisine hakaret eden MHP Genel Ba\u015fkan\u0131 Bah\u00e7eli&#8217;ye 20 dava a\u00e7m\u0131\u015ft\u0131r. Bunlardan 6 tanesi sonu\u00e7land\u0131. Bah\u00e7eli, Erdo\u011fan&#8217;a 44 [&hellip;]\" \/>\n<meta property=\"og:url\" content=\"https:\/\/akunq.net\/tr\/?p=24966\" \/>\n<meta property=\"og:site_name\" content=\"Bati Ermenistan Ve Bati Ermenileri Sorunlari Ara\u015ftirmalar Merkezi\" \/>\n<meta property=\"article:published_time\" content=\"2013-08-10T07:43:19+00:00\" \/>\n<meta name=\"author\" content=\"admin\" \/>\n<meta name=\"twitter:card\" content=\"summary_large_image\" \/>\n<meta name=\"twitter:label1\" content=\"Written by\" \/>\n\t<meta name=\"twitter:data1\" content=\"admin\" \/>\n\t<meta name=\"twitter:label2\" content=\"Est. reading time\" \/>\n\t<meta name=\"twitter:data2\" content=\"2 minutes\" \/>\n<script type=\"application\/ld+json\" class=\"yoast-schema-graph\">{\"@context\":\"https:\\\/\\\/schema.org\",\"@graph\":[{\"@type\":\"Article\",\"@id\":\"https:\\\/\\\/akunq.net\\\/tr\\\/?p=24966#article\",\"isPartOf\":{\"@id\":\"https:\\\/\\\/akunq.net\\\/tr\\\/?p=24966\"},\"author\":{\"name\":\"admin\",\"@id\":\"https:\\\/\\\/akunq.net\\\/tr\\\/#\\\/schema\\\/person\\\/096f1d38a12cce57fb855b485ed24c9e\"},\"headline\":\"Bah\u00e7eli, Erdo\u011fan&#8217;a 44 bin 500 lira tazminat \u00f6deyecek\",\"datePublished\":\"2013-08-10T07:43:19+00:00\",\"mainEntityOfPage\":{\"@id\":\"https:\\\/\\\/akunq.net\\\/tr\\\/?p=24966\"},\"wordCount\":402,\"commentCount\":0,\"articleSection\":[\"Haberler\"],\"inLanguage\":\"en-US\",\"potentialAction\":[{\"@type\":\"CommentAction\",\"name\":\"Comment\",\"target\":[\"https:\\\/\\\/akunq.net\\\/tr\\\/?p=24966#respond\"]}]},{\"@type\":\"WebPage\",\"@id\":\"https:\\\/\\\/akunq.net\\\/tr\\\/?p=24966\",\"url\":\"https:\\\/\\\/akunq.net\\\/tr\\\/?p=24966\",\"name\":\"Bah\u00e7eli, Erdo\u011fan'a 44 bin 500 lira tazminat \u00f6deyecek - Bati Ermenistan Ve Bati Ermenileri Sorunlari Ara\u015ftirmalar Merkezi\",\"isPartOf\":{\"@id\":\"https:\\\/\\\/akunq.net\\\/tr\\\/#website\"},\"datePublished\":\"2013-08-10T07:43:19+00:00\",\"author\":{\"@id\":\"https:\\\/\\\/akunq.net\\\/tr\\\/#\\\/schema\\\/person\\\/096f1d38a12cce57fb855b485ed24c9e\"},\"breadcrumb\":{\"@id\":\"https:\\\/\\\/akunq.net\\\/tr\\\/?p=24966#breadcrumb\"},\"inLanguage\":\"en-US\",\"potentialAction\":[{\"@type\":\"ReadAction\",\"target\":[\"https:\\\/\\\/akunq.net\\\/tr\\\/?p=24966\"]}]},{\"@type\":\"BreadcrumbList\",\"@id\":\"https:\\\/\\\/akunq.net\\\/tr\\\/?p=24966#breadcrumb\",\"itemListElement\":[{\"@type\":\"ListItem\",\"position\":1,\"name\":\"Home\",\"item\":\"https:\\\/\\\/akunq.net\\\/tr\"},{\"@type\":\"ListItem\",\"position\":2,\"name\":\"Bah\u00e7eli, Erdo\u011fan&#8217;a 44 bin 500 lira tazminat \u00f6deyecek\"}]},{\"@type\":\"WebSite\",\"@id\":\"https:\\\/\\\/akunq.net\\\/tr\\\/#website\",\"url\":\"https:\\\/\\\/akunq.net\\\/tr\\\/\",\"name\":\"Bati Ermenistan Ve Bati Ermenileri Sorunlari Ara\u015ftirmalar Merkezi\",\"description\":\"\",\"potentialAction\":[{\"@type\":\"SearchAction\",\"target\":{\"@type\":\"EntryPoint\",\"urlTemplate\":\"https:\\\/\\\/akunq.net\\\/tr\\\/?s={search_term_string}\"},\"query-input\":{\"@type\":\"PropertyValueSpecification\",\"valueRequired\":true,\"valueName\":\"search_term_string\"}}],\"inLanguage\":\"en-US\"},{\"@type\":\"Person\",\"@id\":\"https:\\\/\\\/akunq.net\\\/tr\\\/#\\\/schema\\\/person\\\/096f1d38a12cce57fb855b485ed24c9e\",\"name\":\"admin\",\"url\":\"https:\\\/\\\/akunq.net\\\/tr\\\/?author=7\"}]}<\/script>\n<!-- \/ Yoast SEO plugin. -->","yoast_head_json":{"title":"Bah\u00e7eli, Erdo\u011fan'a 44 bin 500 lira tazminat \u00f6deyecek - Bati Ermenistan Ve Bati Ermenileri Sorunlari Ara\u015ftirmalar Merkezi","robots":{"index":"index","follow":"follow","max-snippet":"max-snippet:-1","max-image-preview":"max-image-preview:large","max-video-preview":"max-video-preview:-1"},"canonical":"https:\/\/akunq.net\/tr\/?p=24966","og_locale":"en_US","og_type":"article","og_title":"Bah\u00e7eli, Erdo\u011fan'a 44 bin 500 lira tazminat \u00f6deyecek - Bati Ermenistan Ve Bati Ermenileri Sorunlari Ara\u015ftirmalar Merkezi","og_description":"AK Parti Genel Ba\u015fkan Yard\u0131mc\u0131s\u0131 Mehmet Ali \u015eahin, Ba\u015fbakan Erdo\u011fan&#8217;\u0131n MHP lideri Bah\u00e7eli&#8217;ye a\u00e7t\u0131\u011f\u0131 20 davadan 6&#8217;s\u0131n\u0131n sonu\u00e7land\u0131\u011f\u0131n\u0131, Bah\u00e7eli&#8217;nin Erdo\u011fan&#8217;a 44 bin 500 lira tazminat \u00f6deyece\u011fini bildirdi. KARAB\u00dcK\u00a0 AK Parti Genel Ba\u015fkan Yard\u0131mc\u0131s\u0131 Mehmet Ali \u015eahin, &#8220;Ba\u015fbakan\u0131m\u0131z Erdo\u011fan, kendisine hakaret eden MHP Genel Ba\u015fkan\u0131 Bah\u00e7eli&#8217;ye 20 dava a\u00e7m\u0131\u015ft\u0131r. Bunlardan 6 tanesi sonu\u00e7land\u0131. Bah\u00e7eli, Erdo\u011fan&#8217;a 44 [&hellip;]","og_url":"https:\/\/akunq.net\/tr\/?p=24966","og_site_name":"Bati Ermenistan Ve Bati Ermenileri Sorunlari Ara\u015ftirmalar Merkezi","article_published_time":"2013-08-10T07:43:19+00:00","author":"admin","twitter_card":"summary_large_image","twitter_misc":{"Written by":"admin","Est. reading time":"2 minutes"},"schema":{"@context":"https:\/\/schema.org","@graph":[{"@type":"Article","@id":"https:\/\/akunq.net\/tr\/?p=24966#article","isPartOf":{"@id":"https:\/\/akunq.net\/tr\/?p=24966"},"author":{"name":"admin","@id":"https:\/\/akunq.net\/tr\/#\/schema\/person\/096f1d38a12cce57fb855b485ed24c9e"},"headline":"Bah\u00e7eli, Erdo\u011fan&#8217;a 44 bin 500 lira tazminat \u00f6deyecek","datePublished":"2013-08-10T07:43:19+00:00","mainEntityOfPage":{"@id":"https:\/\/akunq.net\/tr\/?p=24966"},"wordCount":402,"commentCount":0,"articleSection":["Haberler"],"inLanguage":"en-US","potentialAction":[{"@type":"CommentAction","name":"Comment","target":["https:\/\/akunq.net\/tr\/?p=24966#respond"]}]},{"@type":"WebPage","@id":"https:\/\/akunq.net\/tr\/?p=24966","url":"https:\/\/akunq.net\/tr\/?p=24966","name":"Bah\u00e7eli, Erdo\u011fan'a 44 bin 500 lira tazminat \u00f6deyecek - Bati Ermenistan Ve Bati Ermenileri Sorunlari Ara\u015ftirmalar Merkezi","isPartOf":{"@id":"https:\/\/akunq.net\/tr\/#website"},"datePublished":"2013-08-10T07:43:19+00:00","author":{"@id":"https:\/\/akunq.net\/tr\/#\/schema\/person\/096f1d38a12cce57fb855b485ed24c9e"},"breadcrumb":{"@id":"https:\/\/akunq.net\/tr\/?p=24966#breadcrumb"},"inLanguage":"en-US","potentialAction":[{"@type":"ReadAction","target":["https:\/\/akunq.net\/tr\/?p=24966"]}]},{"@type":"BreadcrumbList","@id":"https:\/\/akunq.net\/tr\/?p=24966#breadcrumb","itemListElement":[{"@type":"ListItem","position":1,"name":"Home","item":"https:\/\/akunq.net\/tr"},{"@type":"ListItem","position":2,"name":"Bah\u00e7eli, Erdo\u011fan&#8217;a 44 bin 500 lira tazminat \u00f6deyecek"}]},{"@type":"WebSite","@id":"https:\/\/akunq.net\/tr\/#website","url":"https:\/\/akunq.net\/tr\/","name":"Bati Ermenistan Ve Bati Ermenileri Sorunlari Ara\u015ftirmalar Merkezi","description":"","potentialAction":[{"@type":"SearchAction","target":{"@type":"EntryPoint","urlTemplate":"https:\/\/akunq.net\/tr\/?s={search_term_string}"},"query-input":{"@type":"PropertyValueSpecification","valueRequired":true,"valueName":"search_term_string"}}],"inLanguage":"en-US"},{"@type":"Person","@id":"https:\/\/akunq.net\/tr\/#\/schema\/person\/096f1d38a12cce57fb855b485ed24c9e","name":"admin","url":"https:\/\/akunq.net\/tr\/?author=7"}]}},"_links":{"self":[{"href":"https:\/\/akunq.net\/tr\/index.php?rest_route=\/wp\/v2\/posts\/24966","targetHints":{"allow":["GET"]}}],"collection":[{"href":"https:\/\/akunq.net\/tr\/index.php?rest_route=\/wp\/v2\/posts"}],"about":[{"href":"https:\/\/akunq.net\/tr\/index.php?rest_route=\/wp\/v2\/types\/post"}],"author":[{"embeddable":true,"href":"https:\/\/akunq.net\/tr\/index.php?rest_route=\/wp\/v2\/users\/7"}],"replies":[{"embeddable":true,"href":"https:\/\/akunq.net\/tr\/index.php?rest_route=%2Fwp%2Fv2%2Fcomments&post=24966"}],"version-history":[{"count":1,"href":"https:\/\/akunq.net\/tr\/index.php?rest_route=\/wp\/v2\/posts\/24966\/revisions"}],"predecessor-version":[{"id":24968,"href":"https:\/\/akunq.net\/tr\/index.php?rest_route=\/wp\/v2\/posts\/24966\/revisions\/24968"}],"wp:attachment":[{"href":"https:\/\/akunq.net\/tr\/index.php?rest_route=%2Fwp%2Fv2%2Fmedia&parent=24966"}],"wp:term":[{"taxonomy":"category","embeddable":true,"href":"https:\/\/akunq.net\/tr\/index.php?rest_route=%2Fwp%2Fv2%2Fcategories&post=24966"},{"taxonomy":"post_tag","embeddable":true,"href":"https:\/\/akunq.net\/tr\/index.php?rest_route=%2Fwp%2Fv2%2Ftags&post=24966"}],"curies":[{"name":"wp","href":"https:\/\/api.w.org\/{rel}","templated":true}]}}