{"id":24939,"date":"2013-08-09T03:15:27","date_gmt":"2013-08-09T08:15:27","guid":{"rendered":"http:\/\/akunq.net\/tr\/?p=24939"},"modified":"2013-08-09T03:15:59","modified_gmt":"2013-08-09T08:15:59","slug":"ak-parti-3-koprunun-ismi-icin-anket-yaptirdi","status":"publish","type":"post","link":"https:\/\/akunq.net\/tr\/?p=24939","title":{"rendered":"AK Parti 3. K\u00f6pr\u00fcn\u00fcn \u0130smi \u0130\u00e7in Anket Yapt\u0131rd\u0131"},"content":{"rendered":"<p style=\"text-align: justify;\"><b><i><a href=\"http:\/\/akunq.net\/tr\/wp-content\/uploads\/2013\/08\/\u0562\u0578\u057d\u0586\u0578\u0580\u0575\u0561\u0576-\u0565\u0580\u0580\u0578\u0580\u0564-\u056f\u0561\u0574\u0578\u0582\u0580\u057b.jpg\"><img loading=\"lazy\" decoding=\"async\" class=\"alignright size-medium wp-image-24940\" alt=\"\u0562\u0578\u057d\u0586\u0578\u0580\u0575\u0561\u0576 \u0565\u0580\u0580\u0578\u0580\u0564 \u056f\u0561\u0574\u0578\u0582\u0580\u057b\" src=\"http:\/\/akunq.net\/tr\/wp-content\/uploads\/2013\/08\/\u0562\u0578\u057d\u0586\u0578\u0580\u0575\u0561\u0576-\u0565\u0580\u0580\u0578\u0580\u0564-\u056f\u0561\u0574\u0578\u0582\u0580\u057b-300x164.jpg\" width=\"300\" height=\"164\" srcset=\"https:\/\/akunq.net\/tr\/wp-content\/uploads\/sites\/6\/2013\/08\/\u0562\u0578\u057d\u0586\u0578\u0580\u0575\u0561\u0576-\u0565\u0580\u0580\u0578\u0580\u0564-\u056f\u0561\u0574\u0578\u0582\u0580\u057b-300x164.jpg 300w, https:\/\/akunq.net\/tr\/wp-content\/uploads\/sites\/6\/2013\/08\/\u0562\u0578\u057d\u0586\u0578\u0580\u0575\u0561\u0576-\u0565\u0580\u0580\u0578\u0580\u0564-\u056f\u0561\u0574\u0578\u0582\u0580\u057b.jpg 466w\" sizes=\"auto, (max-width: 300px) 100vw, 300px\" \/><\/a>AK Parti&#8217;nin, 3&#8217;\u00fcnc\u00fc k\u00f6pr\u00fc ismi anketinde, Yavuz Sultan Selim isminin verilmesine vatanda\u015flar\u0131n y\u00fczde 60.9&#8217;u olumlu, y\u00fczde 24.1&#8217;i olumsuz yan\u0131t verdi.<\/i><\/b><\/p>\n<p style=\"text-align: justify;\">Sabah&#8217;tan Z\u00fcbeyde Yal\u00e7\u0131n&#8217;\u0131n haberine g\u00f6re, 5 bin 135 ki\u015finin kat\u0131ld\u0131\u011f\u0131 ankette, 3&#8217;\u00fcnc\u00fc k\u00f6pr\u00fcye &#8220;Yavuz Sultan Selim isminin verilmesine nas\u0131l bak\u0131yorsunuz?&#8221; sorusuna vatanda\u015flar\u0131n y\u00fczde 60.9&#8217;u &#8220;olumlu&#8221;, y\u00fczde 24.1&#8217;i olumsuz yan\u0131t verirken, y\u00fczde 15&#8217;lik grup fikir beyan etmedi<b>. <\/b><\/p>\n<p style=\"text-align: justify;\">Darbe ile iktidardan uzakla\u015ft\u0131r\u0131lan M\u0131s\u0131r Cumhurba\u015fkan\u0131 Muhammet Mursi konusunda &#8220;Nas\u0131l bir kanaatiniz var?&#8221; sorusuna vatanda\u015flar\u0131n y\u00fczde 22.2&#8217;si &#8220;olumlu&#8221;, y\u00fczde 21.9&#8217;u &#8220;olumsuz&#8221; derken, y\u00fczde 55.9&#8217;u tarafs\u0131z kald\u0131<b>. <\/b><\/p>\n<p style=\"text-align: justify;\">M\u0131s\u0131r&#8217;da ya\u015fanan darbeye ise T\u00fcrk halk\u0131 y\u00fczde 49.1 kar\u015f\u0131 \u00e7\u0131karken, destek verenler y\u00fczde 10.4&#8217;te kald\u0131<b>. <\/b><\/p>\n<p style=\"text-align: justify;\">UEFA&#8217;n\u0131n \u015fike iddialar\u0131 nedeniyle Fenerbah\u00e7e&#8217;ye verilen cezay\u0131 y\u00fczde 24.6 olumlu bulurken y\u00fczde 38 kar\u015f\u0131 \u00e7\u0131kt\u0131<b>. <\/b><\/p>\n<p style=\"text-align: justify;\">Be\u015fikta\u015f cezas\u0131n\u0131 destekleyenlerin oran\u0131 ise y\u00fczde 19.1&#8217;de kald\u0131, kar\u015f\u0131 \u00e7\u0131kanlar y\u00fczde 40.9 oldu<b>. <\/b><\/p>\n<p style=\"text-align: justify;\">Ara\u015ft\u0131rmaya g\u00f6re halk\u0131n y\u00fczde 69.6&#8217;s\u0131 oru\u00e7 tutarken, y\u00fczde 11.9&#8217;u tutmuyor.<\/p>\n<p style=\"text-align: justify;\"><b><i>http:\/\/www.sondakika.com\/haber\/haber-ak-parti-yavuz-sultan-selim-ismi-icin-anket-4923323\/<\/i><\/b><\/p>\n","protected":false},"excerpt":{"rendered":"<p>AK Parti&#8217;nin, 3&#8217;\u00fcnc\u00fc k\u00f6pr\u00fc ismi anketinde, Yavuz Sultan Selim isminin verilmesine vatanda\u015flar\u0131n y\u00fczde 60.9&#8217;u olumlu, y\u00fczde 24.1&#8217;i olumsuz yan\u0131t verdi. Sabah&#8217;tan Z\u00fcbeyde Yal\u00e7\u0131n&#8217;\u0131n haberine g\u00f6re, 5 bin 135 ki\u015finin kat\u0131ld\u0131\u011f\u0131 ankette, 3&#8217;\u00fcnc\u00fc k\u00f6pr\u00fcye &#8220;Yavuz Sultan Selim isminin verilmesine nas\u0131l bak\u0131yorsunuz?&#8221; sorusuna vatanda\u015flar\u0131n y\u00fczde 60.9&#8217;u &#8220;olumlu&#8221;, y\u00fczde 24.1&#8217;i olumsuz yan\u0131t verirken, y\u00fczde 15&#8217;lik grup fikir beyan [&hellip;]<\/p>\n","protected":false},"author":7,"featured_media":0,"comment_status":"open","ping_status":"open","sticky":false,"template":"","format":"standard","meta":{"footnotes":""},"categories":[1],"tags":[],"class_list":["post-24939","post","type-post","status-publish","format-standard","hentry","category-haberler"],"yoast_head":"<!-- This site is optimized with the Yoast SEO plugin v27.4 - https:\/\/yoast.com\/product\/yoast-seo-wordpress\/ -->\n<title>AK Parti 3. K\u00f6pr\u00fcn\u00fcn \u0130smi \u0130\u00e7in Anket Yapt\u0131rd\u0131 - Bati Ermenistan Ve Bati Ermenileri Sorunlari Ara\u015ftirmalar Merkezi<\/title>\n<meta name=\"robots\" content=\"index, follow, max-snippet:-1, max-image-preview:large, max-video-preview:-1\" \/>\n<link rel=\"canonical\" href=\"https:\/\/akunq.net\/tr\/?p=24939\" \/>\n<meta property=\"og:locale\" content=\"en_US\" \/>\n<meta property=\"og:type\" content=\"article\" \/>\n<meta property=\"og:title\" content=\"AK Parti 3. K\u00f6pr\u00fcn\u00fcn \u0130smi \u0130\u00e7in Anket Yapt\u0131rd\u0131 - Bati Ermenistan Ve Bati Ermenileri Sorunlari Ara\u015ftirmalar Merkezi\" \/>\n<meta property=\"og:description\" content=\"AK Parti&#8217;nin, 3&#8217;\u00fcnc\u00fc k\u00f6pr\u00fc ismi anketinde, Yavuz Sultan Selim isminin verilmesine vatanda\u015flar\u0131n y\u00fczde 60.9&#8217;u olumlu, y\u00fczde 24.1&#8217;i olumsuz yan\u0131t verdi. Sabah&#8217;tan Z\u00fcbeyde Yal\u00e7\u0131n&#8217;\u0131n haberine g\u00f6re, 5 bin 135 ki\u015finin kat\u0131ld\u0131\u011f\u0131 ankette, 3&#8217;\u00fcnc\u00fc k\u00f6pr\u00fcye &#8220;Yavuz Sultan Selim isminin verilmesine nas\u0131l bak\u0131yorsunuz?&#8221; sorusuna vatanda\u015flar\u0131n y\u00fczde 60.9&#8217;u &#8220;olumlu&#8221;, y\u00fczde 24.1&#8217;i olumsuz yan\u0131t verirken, y\u00fczde 15&#8217;lik grup fikir beyan [&hellip;]\" \/>\n<meta property=\"og:url\" content=\"https:\/\/akunq.net\/tr\/?p=24939\" \/>\n<meta property=\"og:site_name\" content=\"Bati Ermenistan Ve Bati Ermenileri Sorunlari Ara\u015ftirmalar Merkezi\" \/>\n<meta property=\"article:published_time\" content=\"2013-08-09T08:15:27+00:00\" \/>\n<meta property=\"article:modified_time\" content=\"2013-08-09T08:15:59+00:00\" \/>\n<meta name=\"author\" content=\"admin\" \/>\n<meta name=\"twitter:card\" content=\"summary_large_image\" \/>\n<meta name=\"twitter:label1\" content=\"Written by\" \/>\n\t<meta name=\"twitter:data1\" content=\"admin\" \/>\n\t<meta name=\"twitter:label2\" content=\"Est. reading time\" \/>\n\t<meta name=\"twitter:data2\" content=\"1 minute\" \/>\n<script type=\"application\/ld+json\" class=\"yoast-schema-graph\">{\"@context\":\"https:\\\/\\\/schema.org\",\"@graph\":[{\"@type\":\"Article\",\"@id\":\"https:\\\/\\\/akunq.net\\\/tr\\\/?p=24939#article\",\"isPartOf\":{\"@id\":\"https:\\\/\\\/akunq.net\\\/tr\\\/?p=24939\"},\"author\":{\"name\":\"admin\",\"@id\":\"https:\\\/\\\/akunq.net\\\/tr\\\/#\\\/schema\\\/person\\\/096f1d38a12cce57fb855b485ed24c9e\"},\"headline\":\"AK Parti 3. K\u00f6pr\u00fcn\u00fcn \u0130smi \u0130\u00e7in Anket Yapt\u0131rd\u0131\",\"datePublished\":\"2013-08-09T08:15:27+00:00\",\"dateModified\":\"2013-08-09T08:15:59+00:00\",\"mainEntityOfPage\":{\"@id\":\"https:\\\/\\\/akunq.net\\\/tr\\\/?p=24939\"},\"wordCount\":203,\"commentCount\":0,\"articleSection\":[\"Haberler\"],\"inLanguage\":\"en-US\",\"potentialAction\":[{\"@type\":\"CommentAction\",\"name\":\"Comment\",\"target\":[\"https:\\\/\\\/akunq.net\\\/tr\\\/?p=24939#respond\"]}]},{\"@type\":\"WebPage\",\"@id\":\"https:\\\/\\\/akunq.net\\\/tr\\\/?p=24939\",\"url\":\"https:\\\/\\\/akunq.net\\\/tr\\\/?p=24939\",\"name\":\"AK Parti 3. K\u00f6pr\u00fcn\u00fcn \u0130smi \u0130\u00e7in Anket Yapt\u0131rd\u0131 - Bati Ermenistan Ve Bati Ermenileri Sorunlari Ara\u015ftirmalar Merkezi\",\"isPartOf\":{\"@id\":\"https:\\\/\\\/akunq.net\\\/tr\\\/#website\"},\"datePublished\":\"2013-08-09T08:15:27+00:00\",\"dateModified\":\"2013-08-09T08:15:59+00:00\",\"author\":{\"@id\":\"https:\\\/\\\/akunq.net\\\/tr\\\/#\\\/schema\\\/person\\\/096f1d38a12cce57fb855b485ed24c9e\"},\"breadcrumb\":{\"@id\":\"https:\\\/\\\/akunq.net\\\/tr\\\/?p=24939#breadcrumb\"},\"inLanguage\":\"en-US\",\"potentialAction\":[{\"@type\":\"ReadAction\",\"target\":[\"https:\\\/\\\/akunq.net\\\/tr\\\/?p=24939\"]}]},{\"@type\":\"BreadcrumbList\",\"@id\":\"https:\\\/\\\/akunq.net\\\/tr\\\/?p=24939#breadcrumb\",\"itemListElement\":[{\"@type\":\"ListItem\",\"position\":1,\"name\":\"Home\",\"item\":\"https:\\\/\\\/akunq.net\\\/tr\"},{\"@type\":\"ListItem\",\"position\":2,\"name\":\"AK Parti 3. K\u00f6pr\u00fcn\u00fcn \u0130smi \u0130\u00e7in Anket Yapt\u0131rd\u0131\"}]},{\"@type\":\"WebSite\",\"@id\":\"https:\\\/\\\/akunq.net\\\/tr\\\/#website\",\"url\":\"https:\\\/\\\/akunq.net\\\/tr\\\/\",\"name\":\"Bati Ermenistan Ve Bati Ermenileri Sorunlari Ara\u015ftirmalar Merkezi\",\"description\":\"\",\"potentialAction\":[{\"@type\":\"SearchAction\",\"target\":{\"@type\":\"EntryPoint\",\"urlTemplate\":\"https:\\\/\\\/akunq.net\\\/tr\\\/?s={search_term_string}\"},\"query-input\":{\"@type\":\"PropertyValueSpecification\",\"valueRequired\":true,\"valueName\":\"search_term_string\"}}],\"inLanguage\":\"en-US\"},{\"@type\":\"Person\",\"@id\":\"https:\\\/\\\/akunq.net\\\/tr\\\/#\\\/schema\\\/person\\\/096f1d38a12cce57fb855b485ed24c9e\",\"name\":\"admin\",\"url\":\"https:\\\/\\\/akunq.net\\\/tr\\\/?author=7\"}]}<\/script>\n<!-- \/ Yoast SEO plugin. -->","yoast_head_json":{"title":"AK Parti 3. K\u00f6pr\u00fcn\u00fcn \u0130smi \u0130\u00e7in Anket Yapt\u0131rd\u0131 - Bati Ermenistan Ve Bati Ermenileri Sorunlari Ara\u015ftirmalar Merkezi","robots":{"index":"index","follow":"follow","max-snippet":"max-snippet:-1","max-image-preview":"max-image-preview:large","max-video-preview":"max-video-preview:-1"},"canonical":"https:\/\/akunq.net\/tr\/?p=24939","og_locale":"en_US","og_type":"article","og_title":"AK Parti 3. K\u00f6pr\u00fcn\u00fcn \u0130smi \u0130\u00e7in Anket Yapt\u0131rd\u0131 - Bati Ermenistan Ve Bati Ermenileri Sorunlari Ara\u015ftirmalar Merkezi","og_description":"AK Parti&#8217;nin, 3&#8217;\u00fcnc\u00fc k\u00f6pr\u00fc ismi anketinde, Yavuz Sultan Selim isminin verilmesine vatanda\u015flar\u0131n y\u00fczde 60.9&#8217;u olumlu, y\u00fczde 24.1&#8217;i olumsuz yan\u0131t verdi. Sabah&#8217;tan Z\u00fcbeyde Yal\u00e7\u0131n&#8217;\u0131n haberine g\u00f6re, 5 bin 135 ki\u015finin kat\u0131ld\u0131\u011f\u0131 ankette, 3&#8217;\u00fcnc\u00fc k\u00f6pr\u00fcye &#8220;Yavuz Sultan Selim isminin verilmesine nas\u0131l bak\u0131yorsunuz?&#8221; sorusuna vatanda\u015flar\u0131n y\u00fczde 60.9&#8217;u &#8220;olumlu&#8221;, y\u00fczde 24.1&#8217;i olumsuz yan\u0131t verirken, y\u00fczde 15&#8217;lik grup fikir beyan [&hellip;]","og_url":"https:\/\/akunq.net\/tr\/?p=24939","og_site_name":"Bati Ermenistan Ve Bati Ermenileri Sorunlari Ara\u015ftirmalar Merkezi","article_published_time":"2013-08-09T08:15:27+00:00","article_modified_time":"2013-08-09T08:15:59+00:00","author":"admin","twitter_card":"summary_large_image","twitter_misc":{"Written by":"admin","Est. reading time":"1 minute"},"schema":{"@context":"https:\/\/schema.org","@graph":[{"@type":"Article","@id":"https:\/\/akunq.net\/tr\/?p=24939#article","isPartOf":{"@id":"https:\/\/akunq.net\/tr\/?p=24939"},"author":{"name":"admin","@id":"https:\/\/akunq.net\/tr\/#\/schema\/person\/096f1d38a12cce57fb855b485ed24c9e"},"headline":"AK Parti 3. K\u00f6pr\u00fcn\u00fcn \u0130smi \u0130\u00e7in Anket Yapt\u0131rd\u0131","datePublished":"2013-08-09T08:15:27+00:00","dateModified":"2013-08-09T08:15:59+00:00","mainEntityOfPage":{"@id":"https:\/\/akunq.net\/tr\/?p=24939"},"wordCount":203,"commentCount":0,"articleSection":["Haberler"],"inLanguage":"en-US","potentialAction":[{"@type":"CommentAction","name":"Comment","target":["https:\/\/akunq.net\/tr\/?p=24939#respond"]}]},{"@type":"WebPage","@id":"https:\/\/akunq.net\/tr\/?p=24939","url":"https:\/\/akunq.net\/tr\/?p=24939","name":"AK Parti 3. K\u00f6pr\u00fcn\u00fcn \u0130smi \u0130\u00e7in Anket Yapt\u0131rd\u0131 - Bati Ermenistan Ve Bati Ermenileri Sorunlari Ara\u015ftirmalar Merkezi","isPartOf":{"@id":"https:\/\/akunq.net\/tr\/#website"},"datePublished":"2013-08-09T08:15:27+00:00","dateModified":"2013-08-09T08:15:59+00:00","author":{"@id":"https:\/\/akunq.net\/tr\/#\/schema\/person\/096f1d38a12cce57fb855b485ed24c9e"},"breadcrumb":{"@id":"https:\/\/akunq.net\/tr\/?p=24939#breadcrumb"},"inLanguage":"en-US","potentialAction":[{"@type":"ReadAction","target":["https:\/\/akunq.net\/tr\/?p=24939"]}]},{"@type":"BreadcrumbList","@id":"https:\/\/akunq.net\/tr\/?p=24939#breadcrumb","itemListElement":[{"@type":"ListItem","position":1,"name":"Home","item":"https:\/\/akunq.net\/tr"},{"@type":"ListItem","position":2,"name":"AK Parti 3. K\u00f6pr\u00fcn\u00fcn \u0130smi \u0130\u00e7in Anket Yapt\u0131rd\u0131"}]},{"@type":"WebSite","@id":"https:\/\/akunq.net\/tr\/#website","url":"https:\/\/akunq.net\/tr\/","name":"Bati Ermenistan Ve Bati Ermenileri Sorunlari Ara\u015ftirmalar Merkezi","description":"","potentialAction":[{"@type":"SearchAction","target":{"@type":"EntryPoint","urlTemplate":"https:\/\/akunq.net\/tr\/?s={search_term_string}"},"query-input":{"@type":"PropertyValueSpecification","valueRequired":true,"valueName":"search_term_string"}}],"inLanguage":"en-US"},{"@type":"Person","@id":"https:\/\/akunq.net\/tr\/#\/schema\/person\/096f1d38a12cce57fb855b485ed24c9e","name":"admin","url":"https:\/\/akunq.net\/tr\/?author=7"}]}},"_links":{"self":[{"href":"https:\/\/akunq.net\/tr\/index.php?rest_route=\/wp\/v2\/posts\/24939","targetHints":{"allow":["GET"]}}],"collection":[{"href":"https:\/\/akunq.net\/tr\/index.php?rest_route=\/wp\/v2\/posts"}],"about":[{"href":"https:\/\/akunq.net\/tr\/index.php?rest_route=\/wp\/v2\/types\/post"}],"author":[{"embeddable":true,"href":"https:\/\/akunq.net\/tr\/index.php?rest_route=\/wp\/v2\/users\/7"}],"replies":[{"embeddable":true,"href":"https:\/\/akunq.net\/tr\/index.php?rest_route=%2Fwp%2Fv2%2Fcomments&post=24939"}],"version-history":[{"count":2,"href":"https:\/\/akunq.net\/tr\/index.php?rest_route=\/wp\/v2\/posts\/24939\/revisions"}],"predecessor-version":[{"id":24942,"href":"https:\/\/akunq.net\/tr\/index.php?rest_route=\/wp\/v2\/posts\/24939\/revisions\/24942"}],"wp:attachment":[{"href":"https:\/\/akunq.net\/tr\/index.php?rest_route=%2Fwp%2Fv2%2Fmedia&parent=24939"}],"wp:term":[{"taxonomy":"category","embeddable":true,"href":"https:\/\/akunq.net\/tr\/index.php?rest_route=%2Fwp%2Fv2%2Fcategories&post=24939"},{"taxonomy":"post_tag","embeddable":true,"href":"https:\/\/akunq.net\/tr\/index.php?rest_route=%2Fwp%2Fv2%2Ftags&post=24939"}],"curies":[{"name":"wp","href":"https:\/\/api.w.org\/{rel}","templated":true}]}}