{"id":24929,"date":"2013-08-08T04:01:50","date_gmt":"2013-08-08T09:01:50","guid":{"rendered":"http:\/\/akunq.net\/tr\/?p=24929"},"modified":"2013-08-08T04:01:50","modified_gmt":"2013-08-08T09:01:50","slug":"haciosmanogludan-irkcilik-aciklamasi","status":"publish","type":"post","link":"https:\/\/akunq.net\/tr\/?p=24929","title":{"rendered":"Hac\u0131osmano\u011flu&#8217;dan \u0131rk\u00e7\u0131l\u0131k a\u00e7\u0131klamas\u0131!"},"content":{"rendered":"<p style=\"text-align: justify;\"><b><i><a href=\"http:\/\/akunq.net\/tr\/wp-content\/uploads\/2013\/08\/Hac\u0131osmano\u011flu.jpg\"><img loading=\"lazy\" decoding=\"async\" class=\"alignright size-full wp-image-24930\" alt=\"Hac\u0131osmano\u011flu\" src=\"http:\/\/akunq.net\/tr\/wp-content\/uploads\/2013\/08\/Hac\u0131osmano\u011flu.jpg\" width=\"260\" height=\"198\" \/><\/a>&#8220;Trabzon Rum, Ermeni ya da \u0130srail tak\u0131m\u0131 m\u0131&#8221; s\u00f6zleri nedeniyle UEFA&#8217;ya \u015fikayet edilen Hac\u0131osmano\u011flu kendini savundu: &#8221;Belli bir kesimi hedef almad\u0131m. \u0130simleri se\u00e7erken s\u0131k\u0131nt\u0131 oldu. Belki \u0130spanyol ya da Alman diyebilirdik. Yoksa niyetimiz \u0131rk\u00e7\u0131l\u0131k de\u011fil&#8221; dedi.\u00a0<\/i><\/b><i><br \/>\n<\/i>\u00a0<br \/>\nTrabzonspor Ba\u015fkan\u0131 \u0130brahim Hac\u0131osmano\u011flu&#8217;nun Fenerbah\u00e7e&#8217;nin CAS&#8217;taki dava s\u00fcreciyle ilgili baz\u0131 yorumlar\u0131 tart\u0131\u015fma konusu olmu\u015ftu. Ana muhalefet partisi CHP&#8217;nin Sar\u0131-Lacivertli tak\u0131ma yapt\u0131\u011f\u0131 ziyareti ele\u015ftirirken <b>&#8220;Onlar\u0131n tak\u0131mlar\u0131 Fenerbah\u00e7e de Trabzonspor Rum, Ermeni, \u0130srail tak\u0131m\u0131m\u0131&#8221;<\/b> diyen Hac\u0131osmano\u011flu bu s\u00f6zleriyle \u0131rk\u00e7\u0131l\u0131k yapmakla su\u00e7lanm\u0131\u015f ve UEFA&#8217;ya mektupla \u015fikayet edilmi\u015fti. S.A., R.A. ve N.U. isimli Ermeni as\u0131ll\u0131 vatanda\u015flar\u0131m\u0131z taraf\u0131ndan kaleme al\u0131nan mektubun detaylar\u0131 Bug\u00fcn&#8217;de yer alm\u0131\u015ft\u0131.<\/p>\n<p style=\"text-align: justify;\"><b>O an a\u011fz\u0131mdan \u00e7\u0131kt\u0131<\/b><\/p>\n<p style=\"text-align: justify;\">Konuyla ilgili konu\u015fan Trabzonspor Ba\u015fkan\u0131 Hac\u0131osmano\u011flu, asla \u0131rk\u00e7\u0131 bir vurgu yapmad\u0131\u011f\u0131n\u0131 s\u00f6yledi. Sadece \u00fclkeyi y\u00f6netenlerin iki tak\u0131m aras\u0131nda ayr\u0131m yapmas\u0131n\u0131 ele\u015ftirdi\u011fini belirten Bordo-Mavililerin ba\u015fkan\u0131, <b>&#8220;Bir tak\u0131m\u0131n hakk\u0131 savunulurken di\u011ferinin de bu \u00fclkenin tak\u0131m\u0131 oldu\u011fu unutulmamal\u0131yd\u0131. Biz bunu vurgulad\u0131k. Ama verdi\u011fim \u00f6rnekler o an a\u011fz\u0131mdan \u00e7\u0131kt\u0131.\u00a0Belki isimleri se\u00e7erken s\u0131k\u0131nt\u0131 oldu, \u015fu anki gibi bir hassas d\u00f6nemde. Ba\u015fka \u00f6rnekler se\u00e7ebilirdik. Belki \u0130spanyol, Alman ya da en az\u0131ndan yabanc\u0131 tak\u0131m diyebilirdik. Yoksa belli bir kesim ya da \u00fclkemizdeki az\u0131nl\u0131klar hedef al\u0131narak s\u00f6ylenen s\u00f6zler de\u011fildi&#8221;<\/b> ifadelerini kulland\u0131.<\/p>\n<p style=\"text-align: justify;\"><b>\u00d6k\u00fcz\u00fcn alt\u0131nda buza\u011f\u0131&#8230;<\/b><\/p>\n<p style=\"text-align: justify;\">\u0130nsanlar\u0131n bu s\u00f6zleri ba\u015fka anlamlara \u00e7ektiklerini ifade eden Hac\u0131osmano\u011flu, &#8220;Zaten kullanma amac\u0131na bakt\u0131\u011f\u0131n\u0131z zaman \u015funu demek istedik: UEFA adalet sa\u011fl\u0131yor. Sen orada bir ba\u015fka T\u00fcrk tak\u0131m\u0131n\u0131 tutuyorsun ve savunuyorsun ama benim hakk\u0131m\u0131 yemi\u015f oluyorsun. \u0130nsanlar mant\u0131kl\u0131 d\u00fc\u015f\u00fcnd\u00fcklerinde bizim neyi, neden s\u00f6yledi\u011fimizi anlar. Ama \u00f6k\u00fcz\u00fcn alt\u0131nda buza\u011f\u0131 ararsan onu da bulursun. Bizim a\u00e7\u0131m\u0131zdan problem yok. Kim ne d\u00fc\u015f\u00fcn\u00fcrse d\u00fc\u015f\u00fcns\u00fcn, nereye \u00e7ekerse \u00e7eksin ama niyetimiz \u0131r\u00e7\u0131l\u0131k falan de\u011fil&#8221; dedi.\u00a0<\/p>\n<p style=\"text-align: justify;\"><b><i>http:\/\/m.internethaber.com\/News.aspx?q=568924&amp;ct=<\/i><\/b><\/p>\n<p style=\"text-align: justify;\">\u00a0<\/p>\n","protected":false},"excerpt":{"rendered":"<p>&#8220;Trabzon Rum, Ermeni ya da \u0130srail tak\u0131m\u0131 m\u0131&#8221; s\u00f6zleri nedeniyle UEFA&#8217;ya \u015fikayet edilen Hac\u0131osmano\u011flu kendini savundu: &#8221;Belli bir kesimi hedef almad\u0131m. \u0130simleri se\u00e7erken s\u0131k\u0131nt\u0131 oldu. Belki \u0130spanyol ya da Alman diyebilirdik. Yoksa niyetimiz \u0131rk\u00e7\u0131l\u0131k de\u011fil&#8221; dedi.\u00a0 \u00a0 Trabzonspor Ba\u015fkan\u0131 \u0130brahim Hac\u0131osmano\u011flu&#8217;nun Fenerbah\u00e7e&#8217;nin CAS&#8217;taki dava s\u00fcreciyle ilgili baz\u0131 yorumlar\u0131 tart\u0131\u015fma konusu olmu\u015ftu. Ana muhalefet partisi CHP&#8217;nin [&hellip;]<\/p>\n","protected":false},"author":7,"featured_media":0,"comment_status":"open","ping_status":"open","sticky":false,"template":"","format":"standard","meta":{"footnotes":""},"categories":[1],"tags":[],"class_list":["post-24929","post","type-post","status-publish","format-standard","hentry","category-haberler"],"yoast_head":"<!-- This site is optimized with the Yoast SEO plugin v27.4 - https:\/\/yoast.com\/product\/yoast-seo-wordpress\/ -->\n<title>Hac\u0131osmano\u011flu&#039;dan \u0131rk\u00e7\u0131l\u0131k a\u00e7\u0131klamas\u0131! - Bati Ermenistan Ve Bati Ermenileri Sorunlari Ara\u015ftirmalar Merkezi<\/title>\n<meta name=\"robots\" content=\"index, follow, max-snippet:-1, max-image-preview:large, max-video-preview:-1\" \/>\n<link rel=\"canonical\" href=\"https:\/\/akunq.net\/tr\/?p=24929\" \/>\n<meta property=\"og:locale\" content=\"en_US\" \/>\n<meta property=\"og:type\" content=\"article\" \/>\n<meta property=\"og:title\" content=\"Hac\u0131osmano\u011flu&#039;dan \u0131rk\u00e7\u0131l\u0131k a\u00e7\u0131klamas\u0131! - Bati Ermenistan Ve Bati Ermenileri Sorunlari Ara\u015ftirmalar Merkezi\" \/>\n<meta property=\"og:description\" content=\"&#8220;Trabzon Rum, Ermeni ya da \u0130srail tak\u0131m\u0131 m\u0131&#8221; s\u00f6zleri nedeniyle UEFA&#8217;ya \u015fikayet edilen Hac\u0131osmano\u011flu kendini savundu: &#8221;Belli bir kesimi hedef almad\u0131m. \u0130simleri se\u00e7erken s\u0131k\u0131nt\u0131 oldu. Belki \u0130spanyol ya da Alman diyebilirdik. Yoksa niyetimiz \u0131rk\u00e7\u0131l\u0131k de\u011fil&#8221; dedi.\u00a0 \u00a0 Trabzonspor Ba\u015fkan\u0131 \u0130brahim Hac\u0131osmano\u011flu&#8217;nun Fenerbah\u00e7e&#8217;nin CAS&#8217;taki dava s\u00fcreciyle ilgili baz\u0131 yorumlar\u0131 tart\u0131\u015fma konusu olmu\u015ftu. Ana muhalefet partisi CHP&#8217;nin [&hellip;]\" \/>\n<meta property=\"og:url\" content=\"https:\/\/akunq.net\/tr\/?p=24929\" \/>\n<meta property=\"og:site_name\" content=\"Bati Ermenistan Ve Bati Ermenileri Sorunlari Ara\u015ftirmalar Merkezi\" \/>\n<meta property=\"article:published_time\" content=\"2013-08-08T09:01:50+00:00\" \/>\n<meta name=\"author\" content=\"admin\" \/>\n<meta name=\"twitter:card\" content=\"summary_large_image\" \/>\n<meta name=\"twitter:label1\" content=\"Written by\" \/>\n\t<meta name=\"twitter:data1\" content=\"admin\" \/>\n\t<meta name=\"twitter:label2\" content=\"Est. reading time\" \/>\n\t<meta name=\"twitter:data2\" content=\"2 minutes\" \/>\n<script type=\"application\/ld+json\" class=\"yoast-schema-graph\">{\"@context\":\"https:\\\/\\\/schema.org\",\"@graph\":[{\"@type\":\"Article\",\"@id\":\"https:\\\/\\\/akunq.net\\\/tr\\\/?p=24929#article\",\"isPartOf\":{\"@id\":\"https:\\\/\\\/akunq.net\\\/tr\\\/?p=24929\"},\"author\":{\"name\":\"admin\",\"@id\":\"https:\\\/\\\/akunq.net\\\/tr\\\/#\\\/schema\\\/person\\\/096f1d38a12cce57fb855b485ed24c9e\"},\"headline\":\"Hac\u0131osmano\u011flu&#8217;dan \u0131rk\u00e7\u0131l\u0131k a\u00e7\u0131klamas\u0131!\",\"datePublished\":\"2013-08-08T09:01:50+00:00\",\"mainEntityOfPage\":{\"@id\":\"https:\\\/\\\/akunq.net\\\/tr\\\/?p=24929\"},\"wordCount\":390,\"commentCount\":0,\"articleSection\":[\"Haberler\"],\"inLanguage\":\"en-US\",\"potentialAction\":[{\"@type\":\"CommentAction\",\"name\":\"Comment\",\"target\":[\"https:\\\/\\\/akunq.net\\\/tr\\\/?p=24929#respond\"]}]},{\"@type\":\"WebPage\",\"@id\":\"https:\\\/\\\/akunq.net\\\/tr\\\/?p=24929\",\"url\":\"https:\\\/\\\/akunq.net\\\/tr\\\/?p=24929\",\"name\":\"Hac\u0131osmano\u011flu'dan \u0131rk\u00e7\u0131l\u0131k a\u00e7\u0131klamas\u0131! - Bati Ermenistan Ve Bati Ermenileri Sorunlari Ara\u015ftirmalar Merkezi\",\"isPartOf\":{\"@id\":\"https:\\\/\\\/akunq.net\\\/tr\\\/#website\"},\"datePublished\":\"2013-08-08T09:01:50+00:00\",\"author\":{\"@id\":\"https:\\\/\\\/akunq.net\\\/tr\\\/#\\\/schema\\\/person\\\/096f1d38a12cce57fb855b485ed24c9e\"},\"breadcrumb\":{\"@id\":\"https:\\\/\\\/akunq.net\\\/tr\\\/?p=24929#breadcrumb\"},\"inLanguage\":\"en-US\",\"potentialAction\":[{\"@type\":\"ReadAction\",\"target\":[\"https:\\\/\\\/akunq.net\\\/tr\\\/?p=24929\"]}]},{\"@type\":\"BreadcrumbList\",\"@id\":\"https:\\\/\\\/akunq.net\\\/tr\\\/?p=24929#breadcrumb\",\"itemListElement\":[{\"@type\":\"ListItem\",\"position\":1,\"name\":\"Home\",\"item\":\"https:\\\/\\\/akunq.net\\\/tr\"},{\"@type\":\"ListItem\",\"position\":2,\"name\":\"Hac\u0131osmano\u011flu&#8217;dan \u0131rk\u00e7\u0131l\u0131k a\u00e7\u0131klamas\u0131!\"}]},{\"@type\":\"WebSite\",\"@id\":\"https:\\\/\\\/akunq.net\\\/tr\\\/#website\",\"url\":\"https:\\\/\\\/akunq.net\\\/tr\\\/\",\"name\":\"Bati Ermenistan Ve Bati Ermenileri Sorunlari Ara\u015ftirmalar Merkezi\",\"description\":\"\",\"potentialAction\":[{\"@type\":\"SearchAction\",\"target\":{\"@type\":\"EntryPoint\",\"urlTemplate\":\"https:\\\/\\\/akunq.net\\\/tr\\\/?s={search_term_string}\"},\"query-input\":{\"@type\":\"PropertyValueSpecification\",\"valueRequired\":true,\"valueName\":\"search_term_string\"}}],\"inLanguage\":\"en-US\"},{\"@type\":\"Person\",\"@id\":\"https:\\\/\\\/akunq.net\\\/tr\\\/#\\\/schema\\\/person\\\/096f1d38a12cce57fb855b485ed24c9e\",\"name\":\"admin\",\"url\":\"https:\\\/\\\/akunq.net\\\/tr\\\/?author=7\"}]}<\/script>\n<!-- \/ Yoast SEO plugin. -->","yoast_head_json":{"title":"Hac\u0131osmano\u011flu'dan \u0131rk\u00e7\u0131l\u0131k a\u00e7\u0131klamas\u0131! - Bati Ermenistan Ve Bati Ermenileri Sorunlari Ara\u015ftirmalar Merkezi","robots":{"index":"index","follow":"follow","max-snippet":"max-snippet:-1","max-image-preview":"max-image-preview:large","max-video-preview":"max-video-preview:-1"},"canonical":"https:\/\/akunq.net\/tr\/?p=24929","og_locale":"en_US","og_type":"article","og_title":"Hac\u0131osmano\u011flu'dan \u0131rk\u00e7\u0131l\u0131k a\u00e7\u0131klamas\u0131! - Bati Ermenistan Ve Bati Ermenileri Sorunlari Ara\u015ftirmalar Merkezi","og_description":"&#8220;Trabzon Rum, Ermeni ya da \u0130srail tak\u0131m\u0131 m\u0131&#8221; s\u00f6zleri nedeniyle UEFA&#8217;ya \u015fikayet edilen Hac\u0131osmano\u011flu kendini savundu: &#8221;Belli bir kesimi hedef almad\u0131m. \u0130simleri se\u00e7erken s\u0131k\u0131nt\u0131 oldu. Belki \u0130spanyol ya da Alman diyebilirdik. Yoksa niyetimiz \u0131rk\u00e7\u0131l\u0131k de\u011fil&#8221; dedi.\u00a0 \u00a0 Trabzonspor Ba\u015fkan\u0131 \u0130brahim Hac\u0131osmano\u011flu&#8217;nun Fenerbah\u00e7e&#8217;nin CAS&#8217;taki dava s\u00fcreciyle ilgili baz\u0131 yorumlar\u0131 tart\u0131\u015fma konusu olmu\u015ftu. Ana muhalefet partisi CHP&#8217;nin [&hellip;]","og_url":"https:\/\/akunq.net\/tr\/?p=24929","og_site_name":"Bati Ermenistan Ve Bati Ermenileri Sorunlari Ara\u015ftirmalar Merkezi","article_published_time":"2013-08-08T09:01:50+00:00","author":"admin","twitter_card":"summary_large_image","twitter_misc":{"Written by":"admin","Est. reading time":"2 minutes"},"schema":{"@context":"https:\/\/schema.org","@graph":[{"@type":"Article","@id":"https:\/\/akunq.net\/tr\/?p=24929#article","isPartOf":{"@id":"https:\/\/akunq.net\/tr\/?p=24929"},"author":{"name":"admin","@id":"https:\/\/akunq.net\/tr\/#\/schema\/person\/096f1d38a12cce57fb855b485ed24c9e"},"headline":"Hac\u0131osmano\u011flu&#8217;dan \u0131rk\u00e7\u0131l\u0131k a\u00e7\u0131klamas\u0131!","datePublished":"2013-08-08T09:01:50+00:00","mainEntityOfPage":{"@id":"https:\/\/akunq.net\/tr\/?p=24929"},"wordCount":390,"commentCount":0,"articleSection":["Haberler"],"inLanguage":"en-US","potentialAction":[{"@type":"CommentAction","name":"Comment","target":["https:\/\/akunq.net\/tr\/?p=24929#respond"]}]},{"@type":"WebPage","@id":"https:\/\/akunq.net\/tr\/?p=24929","url":"https:\/\/akunq.net\/tr\/?p=24929","name":"Hac\u0131osmano\u011flu'dan \u0131rk\u00e7\u0131l\u0131k a\u00e7\u0131klamas\u0131! - Bati Ermenistan Ve Bati Ermenileri Sorunlari Ara\u015ftirmalar Merkezi","isPartOf":{"@id":"https:\/\/akunq.net\/tr\/#website"},"datePublished":"2013-08-08T09:01:50+00:00","author":{"@id":"https:\/\/akunq.net\/tr\/#\/schema\/person\/096f1d38a12cce57fb855b485ed24c9e"},"breadcrumb":{"@id":"https:\/\/akunq.net\/tr\/?p=24929#breadcrumb"},"inLanguage":"en-US","potentialAction":[{"@type":"ReadAction","target":["https:\/\/akunq.net\/tr\/?p=24929"]}]},{"@type":"BreadcrumbList","@id":"https:\/\/akunq.net\/tr\/?p=24929#breadcrumb","itemListElement":[{"@type":"ListItem","position":1,"name":"Home","item":"https:\/\/akunq.net\/tr"},{"@type":"ListItem","position":2,"name":"Hac\u0131osmano\u011flu&#8217;dan \u0131rk\u00e7\u0131l\u0131k a\u00e7\u0131klamas\u0131!"}]},{"@type":"WebSite","@id":"https:\/\/akunq.net\/tr\/#website","url":"https:\/\/akunq.net\/tr\/","name":"Bati Ermenistan Ve Bati Ermenileri Sorunlari Ara\u015ftirmalar Merkezi","description":"","potentialAction":[{"@type":"SearchAction","target":{"@type":"EntryPoint","urlTemplate":"https:\/\/akunq.net\/tr\/?s={search_term_string}"},"query-input":{"@type":"PropertyValueSpecification","valueRequired":true,"valueName":"search_term_string"}}],"inLanguage":"en-US"},{"@type":"Person","@id":"https:\/\/akunq.net\/tr\/#\/schema\/person\/096f1d38a12cce57fb855b485ed24c9e","name":"admin","url":"https:\/\/akunq.net\/tr\/?author=7"}]}},"_links":{"self":[{"href":"https:\/\/akunq.net\/tr\/index.php?rest_route=\/wp\/v2\/posts\/24929","targetHints":{"allow":["GET"]}}],"collection":[{"href":"https:\/\/akunq.net\/tr\/index.php?rest_route=\/wp\/v2\/posts"}],"about":[{"href":"https:\/\/akunq.net\/tr\/index.php?rest_route=\/wp\/v2\/types\/post"}],"author":[{"embeddable":true,"href":"https:\/\/akunq.net\/tr\/index.php?rest_route=\/wp\/v2\/users\/7"}],"replies":[{"embeddable":true,"href":"https:\/\/akunq.net\/tr\/index.php?rest_route=%2Fwp%2Fv2%2Fcomments&post=24929"}],"version-history":[{"count":1,"href":"https:\/\/akunq.net\/tr\/index.php?rest_route=\/wp\/v2\/posts\/24929\/revisions"}],"predecessor-version":[{"id":24931,"href":"https:\/\/akunq.net\/tr\/index.php?rest_route=\/wp\/v2\/posts\/24929\/revisions\/24931"}],"wp:attachment":[{"href":"https:\/\/akunq.net\/tr\/index.php?rest_route=%2Fwp%2Fv2%2Fmedia&parent=24929"}],"wp:term":[{"taxonomy":"category","embeddable":true,"href":"https:\/\/akunq.net\/tr\/index.php?rest_route=%2Fwp%2Fv2%2Fcategories&post=24929"},{"taxonomy":"post_tag","embeddable":true,"href":"https:\/\/akunq.net\/tr\/index.php?rest_route=%2Fwp%2Fv2%2Ftags&post=24929"}],"curies":[{"name":"wp","href":"https:\/\/api.w.org\/{rel}","templated":true}]}}