{"id":24860,"date":"2013-08-06T01:38:00","date_gmt":"2013-08-06T06:38:00","guid":{"rendered":"http:\/\/akunq.net\/tr\/?p=24860"},"modified":"2013-08-06T01:39:05","modified_gmt":"2013-08-06T06:39:05","slug":"ermeni-cemaatini-uzen-ocakbasi-tartismasi","status":"publish","type":"post","link":"https:\/\/akunq.net\/tr\/?p=24860","title":{"rendered":"Ermeni Cemaati&#8217;ni \u00fczen &#8216;ocakba\u015f\u0131&#8217; tart\u0131\u015fmas\u0131"},"content":{"rendered":"<div>\n<p style=\"text-align: justify;\"><b><i><a href=\"http:\/\/akunq.net\/tr\/wp-content\/uploads\/2013\/08\/\u0570\u0561\u0575\u0565\u0580\u056b-\u0578\u057d\u056f\u0578\u0580\u0576\u0565\u0580\u056b-\u057e\u0580\u0561-\u057c\u0565\u057d\u057f\u0578\u0580\u0561\u0576.jpg\"><img loading=\"lazy\" decoding=\"async\" class=\"alignright size-medium wp-image-24861\" alt=\"\u0570\u0561\u0575\u0565\u0580\u056b \u0578\u057d\u056f\u0578\u0580\u0576\u0565\u0580\u056b \u057e\u0580\u0561 \u057c\u0565\u057d\u057f\u0578\u0580\u0561\u0576\" src=\"http:\/\/akunq.net\/tr\/wp-content\/uploads\/2013\/08\/\u0570\u0561\u0575\u0565\u0580\u056b-\u0578\u057d\u056f\u0578\u0580\u0576\u0565\u0580\u056b-\u057e\u0580\u0561-\u057c\u0565\u057d\u057f\u0578\u0580\u0561\u0576-300x203.jpg\" width=\"300\" height=\"203\" srcset=\"https:\/\/akunq.net\/tr\/wp-content\/uploads\/sites\/6\/2013\/08\/\u0570\u0561\u0575\u0565\u0580\u056b-\u0578\u057d\u056f\u0578\u0580\u0576\u0565\u0580\u056b-\u057e\u0580\u0561-\u057c\u0565\u057d\u057f\u0578\u0580\u0561\u0576-300x203.jpg 300w, https:\/\/akunq.net\/tr\/wp-content\/uploads\/sites\/6\/2013\/08\/\u0570\u0561\u0575\u0565\u0580\u056b-\u0578\u057d\u056f\u0578\u0580\u0576\u0565\u0580\u056b-\u057e\u0580\u0561-\u057c\u0565\u057d\u057f\u0578\u0580\u0561\u0576.jpg 314w\" sizes=\"auto, (max-width: 300px) 100vw, 300px\" \/><\/a>Malkara&#8217;daki tarihi Ermeni mezarl\u0131\u011f\u0131n\u0131n yerine ocakba\u015f\u0131 yap\u0131lmas\u0131 tart\u0131\u015fma yaratt\u0131. Mazlum-Der&#8217;in raporuna g\u00f6re alandan \u00e7\u0131kar\u0131lan kemikler \u00e7\u00f6pe at\u0131l\u0131yor.<\/i><\/b><\/p>\n<\/div>\n<p style=\"text-align: justify;\">Tekirda\u011f Malkara&#8217;da &#8220;Me\u015fatl\u0131k&#8221; ad\u0131 verilen il\u00e7eye 1.5 kilometre uzakl\u0131ktaki tarihi Ermeni mezarl\u0131\u011f\u0131n\u0131n bulundu\u011fu arazi, 2010&#8217;da belediyenin meclis karar\u0131 ile hizmet ve tesis alan\u0131 olarak kullan\u0131ma uygun g\u00f6r\u00fcld\u00fc. Tekirda\u011f M\u00fcze M\u00fcd\u00fcrl\u00fc\u011f\u00fc de projede sak\u0131nca g\u00f6rmeyip herhangi bir tarihi eser bulundu\u011funda haber verilmesi gerekti\u011fini belirtti. Mezarl\u0131kta yeni bir bina yap\u0131lmas\u0131 i\u00e7in meclisten ret karar\u0131 \u00e7\u0131ksa da ek bina, enc\u00fcmen karar\u0131yla onayland\u0131. Ek bina ve \u00e7evre d\u00fczenlemesi belediye taraf\u0131ndan yap\u0131ld\u0131. Tesisin i\u015fletmesi i\u00e7in de ihale a\u00e7\u0131ld\u0131. Belediyenin bir y\u0131l s\u00fcreyle i\u015fletmeye kiralad\u0131\u011f\u0131 tesis i\u00e7in &#8220;i\u00e7ki ruhsat\u0131&#8221; vermeyece\u011fini s\u00f6ylemesine ra\u011fmen ihaleyi alan Demirali Pala, &#8220;30 y\u0131ld\u0131r i\u00e7kili yer i\u015fletiyorum. Buras\u0131 da i\u00e7kili bir ocakba\u015f\u0131 olacak. Ruhsat olmazsa insanlar kendi i\u00e7eceklerini getirir, masalar\u0131n\u0131 kurarlar. Belediyeden kiralam\u0131\u015f\u0131m. Bir hesap sorulacaksa bunun yeri belediyedir&#8221; \u015feklinde konu\u015ftu. Y\u0131llarca ya\u011fl\u0131 g\u00fcre\u015fler i\u00e7in \u00e7im saha yap\u0131lan mezarl\u0131kta son olarak ta &#8220;ocakba\u015f\u0131&#8221; i\u00e7in kullan\u0131lacak binan\u0131n yap\u0131lmas\u0131 Ermeni cemaatinin yan\u0131 s\u0131ra baz\u0131 sivil toplum \u00f6rg\u00fctlerini de harekete ge\u00e7irdi. B\u00f6lgeye giden Mazlum-Der heyetinin haz\u0131rlad\u0131\u011f\u0131 raporda &#8220;Alanda kemik par\u00e7alar\u0131 var. \u0130\u015f makineleriyle \u00e7\u0131kar\u0131larak \u00e7\u00f6pe at\u0131l\u0131yor. Bu kemiklerden \u00f6rnekler ald\u0131k, inceletme yapt\u0131raca\u011f\u0131z&#8221; a\u00e7\u0131klamas\u0131 yap\u0131ld\u0131. Gazeteci &#8211; yazar \u00dcmit Bayazo\u011flu da Malkara Ermeni toplumundan g\u00fcn\u00fcm\u00fcze sadece Surp Toros Kilisesi&#8217;nin y\u0131k\u0131nt\u0131s\u0131 ile talan edilmi\u015f bir mezarl\u0131k kald\u0131\u011f\u0131n\u0131 s\u00f6yledi ve ekledi: &#8220;Y\u0131k\u0131m\u0131 h\u0131zland\u0131rmak i\u00e7in kilisenin \u00e7at\u0131s\u0131n\u0131 y\u0131kt\u0131lar. Kiliseden geriye sadece d\u00f6rt duvar kald\u0131. Bunlar da y\u0131k\u0131l\u0131nca, An\u0131tlar Kurulu&#8217;nun korumas\u0131 ortadan kalkacak ve h\u0131rs\u0131zlar nihayet gayelerine ula\u015fm\u0131\u015f olacaklar.&#8221;<\/p>\n<p style=\"text-align: justify;\"><b><i>ttp:\/\/www.sabah.com.tr\/Yasam\/2013\/08\/05\/ermeni-cemaatini-uzen-ocakbasi-tartismasi<\/i><\/b><\/p>\n","protected":false},"excerpt":{"rendered":"<p>Malkara&#8217;daki tarihi Ermeni mezarl\u0131\u011f\u0131n\u0131n yerine ocakba\u015f\u0131 yap\u0131lmas\u0131 tart\u0131\u015fma yaratt\u0131. Mazlum-Der&#8217;in raporuna g\u00f6re alandan \u00e7\u0131kar\u0131lan kemikler \u00e7\u00f6pe at\u0131l\u0131yor. Tekirda\u011f Malkara&#8217;da &#8220;Me\u015fatl\u0131k&#8221; ad\u0131 verilen il\u00e7eye 1.5 kilometre uzakl\u0131ktaki tarihi Ermeni mezarl\u0131\u011f\u0131n\u0131n bulundu\u011fu arazi, 2010&#8217;da belediyenin meclis karar\u0131 ile hizmet ve tesis alan\u0131 olarak kullan\u0131ma uygun g\u00f6r\u00fcld\u00fc. Tekirda\u011f M\u00fcze M\u00fcd\u00fcrl\u00fc\u011f\u00fc de projede sak\u0131nca g\u00f6rmeyip herhangi bir tarihi eser [&hellip;]<\/p>\n","protected":false},"author":7,"featured_media":0,"comment_status":"open","ping_status":"open","sticky":false,"template":"","format":"standard","meta":{"footnotes":""},"categories":[22,1],"tags":[],"class_list":["post-24860","post","type-post","status-publish","format-standard","hentry","category-gunumuzde-bati-ermenistan","category-haberler"],"yoast_head":"<!-- This site is optimized with the Yoast SEO plugin v27.4 - https:\/\/yoast.com\/product\/yoast-seo-wordpress\/ -->\n<title>Ermeni Cemaati&#039;ni \u00fczen &#039;ocakba\u015f\u0131&#039; tart\u0131\u015fmas\u0131 - Bati Ermenistan Ve Bati Ermenileri Sorunlari Ara\u015ftirmalar Merkezi<\/title>\n<meta name=\"robots\" content=\"index, follow, max-snippet:-1, max-image-preview:large, max-video-preview:-1\" \/>\n<link rel=\"canonical\" href=\"https:\/\/akunq.net\/tr\/?p=24860\" \/>\n<meta property=\"og:locale\" content=\"en_US\" \/>\n<meta property=\"og:type\" content=\"article\" \/>\n<meta property=\"og:title\" content=\"Ermeni Cemaati&#039;ni \u00fczen &#039;ocakba\u015f\u0131&#039; tart\u0131\u015fmas\u0131 - Bati Ermenistan Ve Bati Ermenileri Sorunlari Ara\u015ftirmalar Merkezi\" \/>\n<meta property=\"og:description\" content=\"Malkara&#8217;daki tarihi Ermeni mezarl\u0131\u011f\u0131n\u0131n yerine ocakba\u015f\u0131 yap\u0131lmas\u0131 tart\u0131\u015fma yaratt\u0131. Mazlum-Der&#8217;in raporuna g\u00f6re alandan \u00e7\u0131kar\u0131lan kemikler \u00e7\u00f6pe at\u0131l\u0131yor. Tekirda\u011f Malkara&#8217;da &#8220;Me\u015fatl\u0131k&#8221; ad\u0131 verilen il\u00e7eye 1.5 kilometre uzakl\u0131ktaki tarihi Ermeni mezarl\u0131\u011f\u0131n\u0131n bulundu\u011fu arazi, 2010&#8217;da belediyenin meclis karar\u0131 ile hizmet ve tesis alan\u0131 olarak kullan\u0131ma uygun g\u00f6r\u00fcld\u00fc. Tekirda\u011f M\u00fcze M\u00fcd\u00fcrl\u00fc\u011f\u00fc de projede sak\u0131nca g\u00f6rmeyip herhangi bir tarihi eser [&hellip;]\" \/>\n<meta property=\"og:url\" content=\"https:\/\/akunq.net\/tr\/?p=24860\" \/>\n<meta property=\"og:site_name\" content=\"Bati Ermenistan Ve Bati Ermenileri Sorunlari Ara\u015ftirmalar Merkezi\" \/>\n<meta property=\"article:published_time\" content=\"2013-08-06T06:38:00+00:00\" \/>\n<meta property=\"article:modified_time\" content=\"2013-08-06T06:39:05+00:00\" \/>\n<meta name=\"author\" content=\"admin\" \/>\n<meta name=\"twitter:card\" content=\"summary_large_image\" \/>\n<meta name=\"twitter:label1\" content=\"Written by\" \/>\n\t<meta name=\"twitter:data1\" content=\"admin\" \/>\n\t<meta name=\"twitter:label2\" content=\"Est. reading time\" \/>\n\t<meta name=\"twitter:data2\" content=\"2 minutes\" \/>\n<script type=\"application\/ld+json\" class=\"yoast-schema-graph\">{\"@context\":\"https:\\\/\\\/schema.org\",\"@graph\":[{\"@type\":\"Article\",\"@id\":\"https:\\\/\\\/akunq.net\\\/tr\\\/?p=24860#article\",\"isPartOf\":{\"@id\":\"https:\\\/\\\/akunq.net\\\/tr\\\/?p=24860\"},\"author\":{\"name\":\"admin\",\"@id\":\"https:\\\/\\\/akunq.net\\\/tr\\\/#\\\/schema\\\/person\\\/096f1d38a12cce57fb855b485ed24c9e\"},\"headline\":\"Ermeni Cemaati&#8217;ni \u00fczen &#8216;ocakba\u015f\u0131&#8217; tart\u0131\u015fmas\u0131\",\"datePublished\":\"2013-08-06T06:38:00+00:00\",\"dateModified\":\"2013-08-06T06:39:05+00:00\",\"mainEntityOfPage\":{\"@id\":\"https:\\\/\\\/akunq.net\\\/tr\\\/?p=24860\"},\"wordCount\":352,\"commentCount\":0,\"articleSection\":[\"G\u00fcn\u00fcm\u00fczde Bat\u0131 Ermenistan\",\"Haberler\"],\"inLanguage\":\"en-US\",\"potentialAction\":[{\"@type\":\"CommentAction\",\"name\":\"Comment\",\"target\":[\"https:\\\/\\\/akunq.net\\\/tr\\\/?p=24860#respond\"]}]},{\"@type\":\"WebPage\",\"@id\":\"https:\\\/\\\/akunq.net\\\/tr\\\/?p=24860\",\"url\":\"https:\\\/\\\/akunq.net\\\/tr\\\/?p=24860\",\"name\":\"Ermeni Cemaati'ni \u00fczen 'ocakba\u015f\u0131' tart\u0131\u015fmas\u0131 - Bati Ermenistan Ve Bati Ermenileri Sorunlari Ara\u015ftirmalar Merkezi\",\"isPartOf\":{\"@id\":\"https:\\\/\\\/akunq.net\\\/tr\\\/#website\"},\"datePublished\":\"2013-08-06T06:38:00+00:00\",\"dateModified\":\"2013-08-06T06:39:05+00:00\",\"author\":{\"@id\":\"https:\\\/\\\/akunq.net\\\/tr\\\/#\\\/schema\\\/person\\\/096f1d38a12cce57fb855b485ed24c9e\"},\"breadcrumb\":{\"@id\":\"https:\\\/\\\/akunq.net\\\/tr\\\/?p=24860#breadcrumb\"},\"inLanguage\":\"en-US\",\"potentialAction\":[{\"@type\":\"ReadAction\",\"target\":[\"https:\\\/\\\/akunq.net\\\/tr\\\/?p=24860\"]}]},{\"@type\":\"BreadcrumbList\",\"@id\":\"https:\\\/\\\/akunq.net\\\/tr\\\/?p=24860#breadcrumb\",\"itemListElement\":[{\"@type\":\"ListItem\",\"position\":1,\"name\":\"Home\",\"item\":\"https:\\\/\\\/akunq.net\\\/tr\"},{\"@type\":\"ListItem\",\"position\":2,\"name\":\"Ermeni Cemaati&#8217;ni \u00fczen &#8216;ocakba\u015f\u0131&#8217; tart\u0131\u015fmas\u0131\"}]},{\"@type\":\"WebSite\",\"@id\":\"https:\\\/\\\/akunq.net\\\/tr\\\/#website\",\"url\":\"https:\\\/\\\/akunq.net\\\/tr\\\/\",\"name\":\"Bati Ermenistan Ve Bati Ermenileri Sorunlari Ara\u015ftirmalar Merkezi\",\"description\":\"\",\"potentialAction\":[{\"@type\":\"SearchAction\",\"target\":{\"@type\":\"EntryPoint\",\"urlTemplate\":\"https:\\\/\\\/akunq.net\\\/tr\\\/?s={search_term_string}\"},\"query-input\":{\"@type\":\"PropertyValueSpecification\",\"valueRequired\":true,\"valueName\":\"search_term_string\"}}],\"inLanguage\":\"en-US\"},{\"@type\":\"Person\",\"@id\":\"https:\\\/\\\/akunq.net\\\/tr\\\/#\\\/schema\\\/person\\\/096f1d38a12cce57fb855b485ed24c9e\",\"name\":\"admin\",\"url\":\"https:\\\/\\\/akunq.net\\\/tr\\\/?author=7\"}]}<\/script>\n<!-- \/ Yoast SEO plugin. -->","yoast_head_json":{"title":"Ermeni Cemaati'ni \u00fczen 'ocakba\u015f\u0131' tart\u0131\u015fmas\u0131 - Bati Ermenistan Ve Bati Ermenileri Sorunlari Ara\u015ftirmalar Merkezi","robots":{"index":"index","follow":"follow","max-snippet":"max-snippet:-1","max-image-preview":"max-image-preview:large","max-video-preview":"max-video-preview:-1"},"canonical":"https:\/\/akunq.net\/tr\/?p=24860","og_locale":"en_US","og_type":"article","og_title":"Ermeni Cemaati'ni \u00fczen 'ocakba\u015f\u0131' tart\u0131\u015fmas\u0131 - Bati Ermenistan Ve Bati Ermenileri Sorunlari Ara\u015ftirmalar Merkezi","og_description":"Malkara&#8217;daki tarihi Ermeni mezarl\u0131\u011f\u0131n\u0131n yerine ocakba\u015f\u0131 yap\u0131lmas\u0131 tart\u0131\u015fma yaratt\u0131. Mazlum-Der&#8217;in raporuna g\u00f6re alandan \u00e7\u0131kar\u0131lan kemikler \u00e7\u00f6pe at\u0131l\u0131yor. Tekirda\u011f Malkara&#8217;da &#8220;Me\u015fatl\u0131k&#8221; ad\u0131 verilen il\u00e7eye 1.5 kilometre uzakl\u0131ktaki tarihi Ermeni mezarl\u0131\u011f\u0131n\u0131n bulundu\u011fu arazi, 2010&#8217;da belediyenin meclis karar\u0131 ile hizmet ve tesis alan\u0131 olarak kullan\u0131ma uygun g\u00f6r\u00fcld\u00fc. Tekirda\u011f M\u00fcze M\u00fcd\u00fcrl\u00fc\u011f\u00fc de projede sak\u0131nca g\u00f6rmeyip herhangi bir tarihi eser [&hellip;]","og_url":"https:\/\/akunq.net\/tr\/?p=24860","og_site_name":"Bati Ermenistan Ve Bati Ermenileri Sorunlari Ara\u015ftirmalar Merkezi","article_published_time":"2013-08-06T06:38:00+00:00","article_modified_time":"2013-08-06T06:39:05+00:00","author":"admin","twitter_card":"summary_large_image","twitter_misc":{"Written by":"admin","Est. reading time":"2 minutes"},"schema":{"@context":"https:\/\/schema.org","@graph":[{"@type":"Article","@id":"https:\/\/akunq.net\/tr\/?p=24860#article","isPartOf":{"@id":"https:\/\/akunq.net\/tr\/?p=24860"},"author":{"name":"admin","@id":"https:\/\/akunq.net\/tr\/#\/schema\/person\/096f1d38a12cce57fb855b485ed24c9e"},"headline":"Ermeni Cemaati&#8217;ni \u00fczen &#8216;ocakba\u015f\u0131&#8217; tart\u0131\u015fmas\u0131","datePublished":"2013-08-06T06:38:00+00:00","dateModified":"2013-08-06T06:39:05+00:00","mainEntityOfPage":{"@id":"https:\/\/akunq.net\/tr\/?p=24860"},"wordCount":352,"commentCount":0,"articleSection":["G\u00fcn\u00fcm\u00fczde Bat\u0131 Ermenistan","Haberler"],"inLanguage":"en-US","potentialAction":[{"@type":"CommentAction","name":"Comment","target":["https:\/\/akunq.net\/tr\/?p=24860#respond"]}]},{"@type":"WebPage","@id":"https:\/\/akunq.net\/tr\/?p=24860","url":"https:\/\/akunq.net\/tr\/?p=24860","name":"Ermeni Cemaati'ni \u00fczen 'ocakba\u015f\u0131' tart\u0131\u015fmas\u0131 - Bati Ermenistan Ve Bati Ermenileri Sorunlari Ara\u015ftirmalar Merkezi","isPartOf":{"@id":"https:\/\/akunq.net\/tr\/#website"},"datePublished":"2013-08-06T06:38:00+00:00","dateModified":"2013-08-06T06:39:05+00:00","author":{"@id":"https:\/\/akunq.net\/tr\/#\/schema\/person\/096f1d38a12cce57fb855b485ed24c9e"},"breadcrumb":{"@id":"https:\/\/akunq.net\/tr\/?p=24860#breadcrumb"},"inLanguage":"en-US","potentialAction":[{"@type":"ReadAction","target":["https:\/\/akunq.net\/tr\/?p=24860"]}]},{"@type":"BreadcrumbList","@id":"https:\/\/akunq.net\/tr\/?p=24860#breadcrumb","itemListElement":[{"@type":"ListItem","position":1,"name":"Home","item":"https:\/\/akunq.net\/tr"},{"@type":"ListItem","position":2,"name":"Ermeni Cemaati&#8217;ni \u00fczen &#8216;ocakba\u015f\u0131&#8217; tart\u0131\u015fmas\u0131"}]},{"@type":"WebSite","@id":"https:\/\/akunq.net\/tr\/#website","url":"https:\/\/akunq.net\/tr\/","name":"Bati Ermenistan Ve Bati Ermenileri Sorunlari Ara\u015ftirmalar Merkezi","description":"","potentialAction":[{"@type":"SearchAction","target":{"@type":"EntryPoint","urlTemplate":"https:\/\/akunq.net\/tr\/?s={search_term_string}"},"query-input":{"@type":"PropertyValueSpecification","valueRequired":true,"valueName":"search_term_string"}}],"inLanguage":"en-US"},{"@type":"Person","@id":"https:\/\/akunq.net\/tr\/#\/schema\/person\/096f1d38a12cce57fb855b485ed24c9e","name":"admin","url":"https:\/\/akunq.net\/tr\/?author=7"}]}},"_links":{"self":[{"href":"https:\/\/akunq.net\/tr\/index.php?rest_route=\/wp\/v2\/posts\/24860","targetHints":{"allow":["GET"]}}],"collection":[{"href":"https:\/\/akunq.net\/tr\/index.php?rest_route=\/wp\/v2\/posts"}],"about":[{"href":"https:\/\/akunq.net\/tr\/index.php?rest_route=\/wp\/v2\/types\/post"}],"author":[{"embeddable":true,"href":"https:\/\/akunq.net\/tr\/index.php?rest_route=\/wp\/v2\/users\/7"}],"replies":[{"embeddable":true,"href":"https:\/\/akunq.net\/tr\/index.php?rest_route=%2Fwp%2Fv2%2Fcomments&post=24860"}],"version-history":[{"count":3,"href":"https:\/\/akunq.net\/tr\/index.php?rest_route=\/wp\/v2\/posts\/24860\/revisions"}],"predecessor-version":[{"id":24864,"href":"https:\/\/akunq.net\/tr\/index.php?rest_route=\/wp\/v2\/posts\/24860\/revisions\/24864"}],"wp:attachment":[{"href":"https:\/\/akunq.net\/tr\/index.php?rest_route=%2Fwp%2Fv2%2Fmedia&parent=24860"}],"wp:term":[{"taxonomy":"category","embeddable":true,"href":"https:\/\/akunq.net\/tr\/index.php?rest_route=%2Fwp%2Fv2%2Fcategories&post=24860"},{"taxonomy":"post_tag","embeddable":true,"href":"https:\/\/akunq.net\/tr\/index.php?rest_route=%2Fwp%2Fv2%2Ftags&post=24860"}],"curies":[{"name":"wp","href":"https:\/\/api.w.org\/{rel}","templated":true}]}}