{"id":24850,"date":"2013-08-05T02:53:28","date_gmt":"2013-08-05T07:53:28","guid":{"rendered":"http:\/\/akunq.net\/tr\/?p=24850"},"modified":"2013-08-05T02:53:28","modified_gmt":"2013-08-05T07:53:28","slug":"kardesi-tutuklandi","status":"publish","type":"post","link":"https:\/\/akunq.net\/tr\/?p=24850","title":{"rendered":"Karde\u015fi Tutukland\u0131"},"content":{"rendered":"<p style=\"text-align: justify;\"><b><i><a href=\"http:\/\/akunq.net\/tr\/wp-content\/uploads\/2013\/08\/Mehmet-\u00d6calan.jpg\"><img loading=\"lazy\" decoding=\"async\" class=\"alignright size-full wp-image-24851\" alt=\"Mehmet \u00d6calan\" src=\"http:\/\/akunq.net\/tr\/wp-content\/uploads\/2013\/08\/Mehmet-\u00d6calan.jpg\" width=\"333\" height=\"248\" srcset=\"https:\/\/akunq.net\/tr\/wp-content\/uploads\/sites\/6\/2013\/08\/Mehmet-\u00d6calan.jpg 333w, https:\/\/akunq.net\/tr\/wp-content\/uploads\/sites\/6\/2013\/08\/Mehmet-\u00d6calan-300x223.jpg 300w\" sizes=\"auto, (max-width: 333px) 100vw, 333px\" \/><\/a>PKK&#8217;n\u0131n eleba\u015f\u0131 Abdullah \u00d6calan&#8217;\u0131n karde\u015fi Mehmet \u00d6calan, Suriye s\u0131n\u0131r\u0131ndaki \u015eanl\u0131urfa&#8217;n\u0131n Ceylanp\u0131nar \u0130l\u00e7esi&#8217;nde, BDP ve DTP \u00f6nc\u00fcl\u00fc\u011f\u00fcnde Suriyeli K\u00fcrtlere destek i\u00e7in d\u00fczenlenen etkinli\u011fe giderken g\u00f6zalt\u0131na al\u0131nd\u0131.<\/i><\/b><\/p>\n<p style=\"text-align: justify;\">Halfeti \u00e7\u0131k\u0131\u015f\u0131nda g\u00f6zalt\u0131na al\u0131nan Mehmet \u00d6calan, hakk\u0131nda eski bir dava kapsam\u0131nda ifadesi al\u0131nmak \u00fczere Emniyet M\u00fcd\u00fcrl\u00fc\u011f\u00fc&#8217;ne g\u00f6t\u00fcr\u00fcld\u00fc.<\/p>\n<p style=\"text-align: justify;\">Mehmet \u00d6calan, PYD g\u00fc\u00e7leri ile El Nusra cephesi aras\u0131nda \u00e7at\u0131\u015fmalar\u0131n s\u00fcrd\u00fc\u011f\u00fc Suriye&#8217;nin Haseki iline ba\u011fl\u0131 Rasulayn il\u00e7esinin kar\u015f\u0131s\u0131nda bulunan \u015eanl\u0131urfa&#8217;n\u0131n Ceylanp\u0131nar il\u00e7esinde BDP Ve DTP taraf\u0131ndan Suriyeli K\u00fcrt&#8217;lere destek amac\u0131yla d\u00fczenlenecek &#8216;Rojava ile dayan\u0131\u015fma y\u00fcr\u00fcy\u00fc\u015f\u00fc&#8217; etkinli\u011fine kat\u0131lmak i\u00e7in Halfeti&#8217;den yola \u00e7\u0131kt\u0131. Mehmet \u00d6calan&#8217;\u0131n i\u00e7inde bulundu\u011fu Sinan Karakurt y\u00f6netimindeki otomobil il\u00e7e \u00e7\u0131k\u0131\u015f\u0131nda uygulama noktas\u0131 olu\u015fturan polisler taraf\u0131ndan durduruldu.<\/p>\n<p style=\"text-align: justify;\">Yap\u0131lan kimlik kontrol\u00fcnde \u00d6calan ve yan\u0131ndaki Sinan Karakurt&#8217;un haklar\u0131nda eski bir davada ifade vermedikleri gerek\u00e7esiyle haklar\u0131nda yakalama karar\u0131 bulundu\u011fu belirlendi. Bunun \u00fczerine Mehmet \u00d6calan ve Sinan Karakurt polis taraf\u0131ndan ifadeleri al\u0131nmak \u00fczere Halfeti Emniyet M\u00fcd\u00fcrl\u00fc\u011f\u00fc&#8217;ne g\u00f6t\u00fcr\u00fcld\u00fc. Burada ifadeleri al\u0131nan Mehmet \u00d6calan ve Sinan Karakurt&#8217;un i\u015flemlerinin ard\u0131ndan adliyeye sevk edilecek.<\/p>\n<p style=\"text-align: justify;\"><b>\u015eANLIURFA&#8217;DA G\u00dcVENL\u0130K \u00d6NLEMLER\u0130<\/b><\/p>\n<p style=\"text-align: justify;\">Bu arada, BDP ve DTK&#8217;n\u0131n izin verilmemesine kar\u015f\u0131n Ceylanp\u0131nar&#8217;da yapaca\u011f\u0131n\u0131 a\u00e7\u0131klad\u0131klar\u0131 &#8216;Rojava ile dayan\u0131\u015fma y\u00fcr\u00fcy\u00fc\u015f\u00fc&#8217; nedeniyle \u015eanl\u0131urfa&#8217;da yo\u011fun g\u00fcvenlik \u00f6nlemi al\u0131nd\u0131.<\/p>\n<p style=\"text-align: justify;\">Ceylanp\u0131nar&#8217;a giden t\u00fcm ara\u00e7lar kontrolden ge\u00e7irildi ve i\u00e7indekilere kimlik kontrol\u00fc uyguland\u0131. Ceylanp\u0131nar&#8217;a da takviye polis ekipleri g\u00f6nderildi.<\/p>\n<p style=\"text-align: justify;\"><b><i>(DHA)<\/i><\/b><\/p>\n<p style=\"text-align: justify;\"><b><i>http:\/\/www.akademipolitik.com\/k2-user-groups\/son-dakika\/kardesi-tutuklandi.html<\/i><\/b><\/p>\n","protected":false},"excerpt":{"rendered":"<p>PKK&#8217;n\u0131n eleba\u015f\u0131 Abdullah \u00d6calan&#8217;\u0131n karde\u015fi Mehmet \u00d6calan, Suriye s\u0131n\u0131r\u0131ndaki \u015eanl\u0131urfa&#8217;n\u0131n Ceylanp\u0131nar \u0130l\u00e7esi&#8217;nde, BDP ve DTP \u00f6nc\u00fcl\u00fc\u011f\u00fcnde Suriyeli K\u00fcrtlere destek i\u00e7in d\u00fczenlenen etkinli\u011fe giderken g\u00f6zalt\u0131na al\u0131nd\u0131. Halfeti \u00e7\u0131k\u0131\u015f\u0131nda g\u00f6zalt\u0131na al\u0131nan Mehmet \u00d6calan, hakk\u0131nda eski bir dava kapsam\u0131nda ifadesi al\u0131nmak \u00fczere Emniyet M\u00fcd\u00fcrl\u00fc\u011f\u00fc&#8217;ne g\u00f6t\u00fcr\u00fcld\u00fc. Mehmet \u00d6calan, PYD g\u00fc\u00e7leri ile El Nusra cephesi aras\u0131nda \u00e7at\u0131\u015fmalar\u0131n s\u00fcrd\u00fc\u011f\u00fc Suriye&#8217;nin Haseki [&hellip;]<\/p>\n","protected":false},"author":7,"featured_media":0,"comment_status":"open","ping_status":"open","sticky":false,"template":"","format":"standard","meta":{"footnotes":""},"categories":[1],"tags":[],"class_list":["post-24850","post","type-post","status-publish","format-standard","hentry","category-haberler"],"yoast_head":"<!-- This site is optimized with the Yoast SEO plugin v27.4 - https:\/\/yoast.com\/product\/yoast-seo-wordpress\/ -->\n<title>Karde\u015fi Tutukland\u0131 - Bati Ermenistan Ve Bati Ermenileri Sorunlari Ara\u015ftirmalar Merkezi<\/title>\n<meta name=\"robots\" content=\"index, follow, max-snippet:-1, max-image-preview:large, max-video-preview:-1\" \/>\n<link rel=\"canonical\" href=\"https:\/\/akunq.net\/tr\/?p=24850\" \/>\n<meta property=\"og:locale\" content=\"en_US\" \/>\n<meta property=\"og:type\" content=\"article\" \/>\n<meta property=\"og:title\" content=\"Karde\u015fi Tutukland\u0131 - Bati Ermenistan Ve Bati Ermenileri Sorunlari Ara\u015ftirmalar Merkezi\" \/>\n<meta property=\"og:description\" content=\"PKK&#8217;n\u0131n eleba\u015f\u0131 Abdullah \u00d6calan&#8217;\u0131n karde\u015fi Mehmet \u00d6calan, Suriye s\u0131n\u0131r\u0131ndaki \u015eanl\u0131urfa&#8217;n\u0131n Ceylanp\u0131nar \u0130l\u00e7esi&#8217;nde, BDP ve DTP \u00f6nc\u00fcl\u00fc\u011f\u00fcnde Suriyeli K\u00fcrtlere destek i\u00e7in d\u00fczenlenen etkinli\u011fe giderken g\u00f6zalt\u0131na al\u0131nd\u0131. Halfeti \u00e7\u0131k\u0131\u015f\u0131nda g\u00f6zalt\u0131na al\u0131nan Mehmet \u00d6calan, hakk\u0131nda eski bir dava kapsam\u0131nda ifadesi al\u0131nmak \u00fczere Emniyet M\u00fcd\u00fcrl\u00fc\u011f\u00fc&#8217;ne g\u00f6t\u00fcr\u00fcld\u00fc. Mehmet \u00d6calan, PYD g\u00fc\u00e7leri ile El Nusra cephesi aras\u0131nda \u00e7at\u0131\u015fmalar\u0131n s\u00fcrd\u00fc\u011f\u00fc Suriye&#8217;nin Haseki [&hellip;]\" \/>\n<meta property=\"og:url\" content=\"https:\/\/akunq.net\/tr\/?p=24850\" \/>\n<meta property=\"og:site_name\" content=\"Bati Ermenistan Ve Bati Ermenileri Sorunlari Ara\u015ftirmalar Merkezi\" \/>\n<meta property=\"article:published_time\" content=\"2013-08-05T07:53:28+00:00\" \/>\n<meta name=\"author\" content=\"admin\" \/>\n<meta name=\"twitter:card\" content=\"summary_large_image\" \/>\n<meta name=\"twitter:label1\" content=\"Written by\" \/>\n\t<meta name=\"twitter:data1\" content=\"admin\" \/>\n\t<meta name=\"twitter:label2\" content=\"Est. reading time\" \/>\n\t<meta name=\"twitter:data2\" content=\"2 minutes\" \/>\n<script type=\"application\/ld+json\" class=\"yoast-schema-graph\">{\"@context\":\"https:\\\/\\\/schema.org\",\"@graph\":[{\"@type\":\"Article\",\"@id\":\"https:\\\/\\\/akunq.net\\\/tr\\\/?p=24850#article\",\"isPartOf\":{\"@id\":\"https:\\\/\\\/akunq.net\\\/tr\\\/?p=24850\"},\"author\":{\"name\":\"admin\",\"@id\":\"https:\\\/\\\/akunq.net\\\/tr\\\/#\\\/schema\\\/person\\\/096f1d38a12cce57fb855b485ed24c9e\"},\"headline\":\"Karde\u015fi Tutukland\u0131\",\"datePublished\":\"2013-08-05T07:53:28+00:00\",\"mainEntityOfPage\":{\"@id\":\"https:\\\/\\\/akunq.net\\\/tr\\\/?p=24850\"},\"wordCount\":307,\"commentCount\":0,\"articleSection\":[\"Haberler\"],\"inLanguage\":\"en-US\",\"potentialAction\":[{\"@type\":\"CommentAction\",\"name\":\"Comment\",\"target\":[\"https:\\\/\\\/akunq.net\\\/tr\\\/?p=24850#respond\"]}]},{\"@type\":\"WebPage\",\"@id\":\"https:\\\/\\\/akunq.net\\\/tr\\\/?p=24850\",\"url\":\"https:\\\/\\\/akunq.net\\\/tr\\\/?p=24850\",\"name\":\"Karde\u015fi Tutukland\u0131 - Bati Ermenistan Ve Bati Ermenileri Sorunlari Ara\u015ftirmalar Merkezi\",\"isPartOf\":{\"@id\":\"https:\\\/\\\/akunq.net\\\/tr\\\/#website\"},\"datePublished\":\"2013-08-05T07:53:28+00:00\",\"author\":{\"@id\":\"https:\\\/\\\/akunq.net\\\/tr\\\/#\\\/schema\\\/person\\\/096f1d38a12cce57fb855b485ed24c9e\"},\"breadcrumb\":{\"@id\":\"https:\\\/\\\/akunq.net\\\/tr\\\/?p=24850#breadcrumb\"},\"inLanguage\":\"en-US\",\"potentialAction\":[{\"@type\":\"ReadAction\",\"target\":[\"https:\\\/\\\/akunq.net\\\/tr\\\/?p=24850\"]}]},{\"@type\":\"BreadcrumbList\",\"@id\":\"https:\\\/\\\/akunq.net\\\/tr\\\/?p=24850#breadcrumb\",\"itemListElement\":[{\"@type\":\"ListItem\",\"position\":1,\"name\":\"Home\",\"item\":\"https:\\\/\\\/akunq.net\\\/tr\"},{\"@type\":\"ListItem\",\"position\":2,\"name\":\"Karde\u015fi Tutukland\u0131\"}]},{\"@type\":\"WebSite\",\"@id\":\"https:\\\/\\\/akunq.net\\\/tr\\\/#website\",\"url\":\"https:\\\/\\\/akunq.net\\\/tr\\\/\",\"name\":\"Bati Ermenistan Ve Bati Ermenileri Sorunlari Ara\u015ftirmalar Merkezi\",\"description\":\"\",\"potentialAction\":[{\"@type\":\"SearchAction\",\"target\":{\"@type\":\"EntryPoint\",\"urlTemplate\":\"https:\\\/\\\/akunq.net\\\/tr\\\/?s={search_term_string}\"},\"query-input\":{\"@type\":\"PropertyValueSpecification\",\"valueRequired\":true,\"valueName\":\"search_term_string\"}}],\"inLanguage\":\"en-US\"},{\"@type\":\"Person\",\"@id\":\"https:\\\/\\\/akunq.net\\\/tr\\\/#\\\/schema\\\/person\\\/096f1d38a12cce57fb855b485ed24c9e\",\"name\":\"admin\",\"url\":\"https:\\\/\\\/akunq.net\\\/tr\\\/?author=7\"}]}<\/script>\n<!-- \/ Yoast SEO plugin. -->","yoast_head_json":{"title":"Karde\u015fi Tutukland\u0131 - Bati Ermenistan Ve Bati Ermenileri Sorunlari Ara\u015ftirmalar Merkezi","robots":{"index":"index","follow":"follow","max-snippet":"max-snippet:-1","max-image-preview":"max-image-preview:large","max-video-preview":"max-video-preview:-1"},"canonical":"https:\/\/akunq.net\/tr\/?p=24850","og_locale":"en_US","og_type":"article","og_title":"Karde\u015fi Tutukland\u0131 - Bati Ermenistan Ve Bati Ermenileri Sorunlari Ara\u015ftirmalar Merkezi","og_description":"PKK&#8217;n\u0131n eleba\u015f\u0131 Abdullah \u00d6calan&#8217;\u0131n karde\u015fi Mehmet \u00d6calan, Suriye s\u0131n\u0131r\u0131ndaki \u015eanl\u0131urfa&#8217;n\u0131n Ceylanp\u0131nar \u0130l\u00e7esi&#8217;nde, BDP ve DTP \u00f6nc\u00fcl\u00fc\u011f\u00fcnde Suriyeli K\u00fcrtlere destek i\u00e7in d\u00fczenlenen etkinli\u011fe giderken g\u00f6zalt\u0131na al\u0131nd\u0131. Halfeti \u00e7\u0131k\u0131\u015f\u0131nda g\u00f6zalt\u0131na al\u0131nan Mehmet \u00d6calan, hakk\u0131nda eski bir dava kapsam\u0131nda ifadesi al\u0131nmak \u00fczere Emniyet M\u00fcd\u00fcrl\u00fc\u011f\u00fc&#8217;ne g\u00f6t\u00fcr\u00fcld\u00fc. Mehmet \u00d6calan, PYD g\u00fc\u00e7leri ile El Nusra cephesi aras\u0131nda \u00e7at\u0131\u015fmalar\u0131n s\u00fcrd\u00fc\u011f\u00fc Suriye&#8217;nin Haseki [&hellip;]","og_url":"https:\/\/akunq.net\/tr\/?p=24850","og_site_name":"Bati Ermenistan Ve Bati Ermenileri Sorunlari Ara\u015ftirmalar Merkezi","article_published_time":"2013-08-05T07:53:28+00:00","author":"admin","twitter_card":"summary_large_image","twitter_misc":{"Written by":"admin","Est. reading time":"2 minutes"},"schema":{"@context":"https:\/\/schema.org","@graph":[{"@type":"Article","@id":"https:\/\/akunq.net\/tr\/?p=24850#article","isPartOf":{"@id":"https:\/\/akunq.net\/tr\/?p=24850"},"author":{"name":"admin","@id":"https:\/\/akunq.net\/tr\/#\/schema\/person\/096f1d38a12cce57fb855b485ed24c9e"},"headline":"Karde\u015fi Tutukland\u0131","datePublished":"2013-08-05T07:53:28+00:00","mainEntityOfPage":{"@id":"https:\/\/akunq.net\/tr\/?p=24850"},"wordCount":307,"commentCount":0,"articleSection":["Haberler"],"inLanguage":"en-US","potentialAction":[{"@type":"CommentAction","name":"Comment","target":["https:\/\/akunq.net\/tr\/?p=24850#respond"]}]},{"@type":"WebPage","@id":"https:\/\/akunq.net\/tr\/?p=24850","url":"https:\/\/akunq.net\/tr\/?p=24850","name":"Karde\u015fi Tutukland\u0131 - Bati Ermenistan Ve Bati Ermenileri Sorunlari Ara\u015ftirmalar Merkezi","isPartOf":{"@id":"https:\/\/akunq.net\/tr\/#website"},"datePublished":"2013-08-05T07:53:28+00:00","author":{"@id":"https:\/\/akunq.net\/tr\/#\/schema\/person\/096f1d38a12cce57fb855b485ed24c9e"},"breadcrumb":{"@id":"https:\/\/akunq.net\/tr\/?p=24850#breadcrumb"},"inLanguage":"en-US","potentialAction":[{"@type":"ReadAction","target":["https:\/\/akunq.net\/tr\/?p=24850"]}]},{"@type":"BreadcrumbList","@id":"https:\/\/akunq.net\/tr\/?p=24850#breadcrumb","itemListElement":[{"@type":"ListItem","position":1,"name":"Home","item":"https:\/\/akunq.net\/tr"},{"@type":"ListItem","position":2,"name":"Karde\u015fi Tutukland\u0131"}]},{"@type":"WebSite","@id":"https:\/\/akunq.net\/tr\/#website","url":"https:\/\/akunq.net\/tr\/","name":"Bati Ermenistan Ve Bati Ermenileri Sorunlari Ara\u015ftirmalar Merkezi","description":"","potentialAction":[{"@type":"SearchAction","target":{"@type":"EntryPoint","urlTemplate":"https:\/\/akunq.net\/tr\/?s={search_term_string}"},"query-input":{"@type":"PropertyValueSpecification","valueRequired":true,"valueName":"search_term_string"}}],"inLanguage":"en-US"},{"@type":"Person","@id":"https:\/\/akunq.net\/tr\/#\/schema\/person\/096f1d38a12cce57fb855b485ed24c9e","name":"admin","url":"https:\/\/akunq.net\/tr\/?author=7"}]}},"_links":{"self":[{"href":"https:\/\/akunq.net\/tr\/index.php?rest_route=\/wp\/v2\/posts\/24850","targetHints":{"allow":["GET"]}}],"collection":[{"href":"https:\/\/akunq.net\/tr\/index.php?rest_route=\/wp\/v2\/posts"}],"about":[{"href":"https:\/\/akunq.net\/tr\/index.php?rest_route=\/wp\/v2\/types\/post"}],"author":[{"embeddable":true,"href":"https:\/\/akunq.net\/tr\/index.php?rest_route=\/wp\/v2\/users\/7"}],"replies":[{"embeddable":true,"href":"https:\/\/akunq.net\/tr\/index.php?rest_route=%2Fwp%2Fv2%2Fcomments&post=24850"}],"version-history":[{"count":1,"href":"https:\/\/akunq.net\/tr\/index.php?rest_route=\/wp\/v2\/posts\/24850\/revisions"}],"predecessor-version":[{"id":24852,"href":"https:\/\/akunq.net\/tr\/index.php?rest_route=\/wp\/v2\/posts\/24850\/revisions\/24852"}],"wp:attachment":[{"href":"https:\/\/akunq.net\/tr\/index.php?rest_route=%2Fwp%2Fv2%2Fmedia&parent=24850"}],"wp:term":[{"taxonomy":"category","embeddable":true,"href":"https:\/\/akunq.net\/tr\/index.php?rest_route=%2Fwp%2Fv2%2Fcategories&post=24850"},{"taxonomy":"post_tag","embeddable":true,"href":"https:\/\/akunq.net\/tr\/index.php?rest_route=%2Fwp%2Fv2%2Ftags&post=24850"}],"curies":[{"name":"wp","href":"https:\/\/api.w.org\/{rel}","templated":true}]}}