{"id":24832,"date":"2013-08-03T03:56:48","date_gmt":"2013-08-03T08:56:48","guid":{"rendered":"http:\/\/akunq.net\/tr\/?p=24832"},"modified":"2013-08-03T06:59:43","modified_gmt":"2013-08-03T11:59:43","slug":"meline-anumyanin-tanima-ve-kinama-ittihatcilarin-davalari-1919-1921-ve-1926-kitabi-pratik-bir-onem-de-tasimaktadir-dogru-kullanilmasi-halinde-turk-inkarciligina-karsi-surdurulen","status":"publish","type":"post","link":"https:\/\/akunq.net\/tr\/?p=24832","title":{"rendered":"Meline Anumyan\u2019\u0131n \u201cTan\u0131ma ve K\u0131nama. \u0130ttihat\u00e7\u0131lar\u0131n Davalar\u0131 (1919-1921 ve 1926) kitab\u0131, pratik bir \u00f6nem de ta\u015f\u0131maktad\u0131r Do\u011fru kullan\u0131lmas\u0131 halinde T\u00fcrk inkarc\u0131l\u0131\u011f\u0131na kar\u015f\u0131 s\u00fcrd\u00fcr\u00fclen m\u00fccadelenin verimli bir arac\u0131 olabilir"},"content":{"rendered":"<p style=\"text-align: justify;\"><b><a href=\"http:\/\/akunq.net\/tr\/wp-content\/uploads\/2013\/08\/Meline-Anumyan.jpg\"><img loading=\"lazy\" decoding=\"async\" class=\"alignright size-full wp-image-24833\" alt=\"Meline Anumyan\" src=\"http:\/\/akunq.net\/tr\/wp-content\/uploads\/2013\/08\/Meline-Anumyan.jpg\" width=\"215\" height=\"300\" \/><\/a>Hakob \u00c7ak\u0131ryan<\/b><\/p>\n<p style=\"text-align: justify;\"><b>Tarih doktoru<\/b><\/p>\n<p style=\"text-align: justify;\">Kimi Ermenistanl\u0131 bilimadamlar\u0131n\u0131n, Ermeni Soyk\u0131r\u0131m\u0131\u2019n\u0131n tamamen ara\u015ft\u0131r\u0131lm\u0131\u015f oldu\u011funa ili\u015fkin tahminlerine ra\u011fmen, Ermeni Jenosidi\u2019yle ilgili bir\u00e7ok mesele, hala a\u00e7\u0131\u011fa kavu\u015fturulmam\u0131\u015ft\u0131r.<\/p>\n<p style=\"text-align: justify;\">Ara\u015ft\u0131r\u0131lmayan konular aras\u0131nda Kemalistlerin \u0130ttihat\u00e7\u0131 k\u00f6kleri, T\u00fcrkiye Cumhuriyeti\u2019nin Osmanl\u0131\u2019n\u0131n soyk\u0131r\u0131mc\u0131 siyasetini miras ald\u0131\u011f\u0131, Ermeni katliamlar\u0131na T\u00fcrk halk kitlelerinin ve K\u00fcrt a\u015firetlerinin kat\u0131l\u0131m\u0131, Ermeni Soyk\u0131r\u0131m\u0131\u2019nda devlet yap\u0131lar\u0131yla ordunun rol\u00fc, Mustafa Kemal\u2019in yak\u0131n \u00e7evresinin Armenosid imaj\u0131, Ermeni Jenosidi\u2019nden TC kurucu kadrolar\u0131n\u0131n sorumlulu\u011fu, Ermeni Soyk\u0131r\u0131m\u0131\u2019n\u0131n T\u00fcrk inkarc\u0131l\u0131\u011f\u0131, Ermeni mallar\u0131n\u0131n devlet ve halk taraf\u0131ndan gaspedilmesi, T\u00fcrklerin Ermeni \u00e7ocuklar\u0131n\u0131n hayatlar\u0131n\u0131 \u201ckurtarma\u201d te\u015febb\u00fcsleri ve Ermeni sorunuyla Atat\u00fcrk tabular\u0131 aras\u0131ndaki ili\u015fkiler bulunmaktad\u0131r.<\/p>\n<p style=\"text-align: justify;\">Ermenistan\u2019da Ermeni Soyk\u0131r\u0131m\u0131 konulu hayli ilgin\u00e7 ara\u015ft\u0131rmalar yay\u0131mlanm\u0131\u015ft\u0131r. Bunlar yukar\u0131da s\u00f6z\u00fc ge\u00e7en konulara de\u011finmediklerine bakmaks\u0131z\u0131n Ermeni tarih\u00e7ili\u011finde yeniliktir. Meline Anumyan\u2019\u0131n \u201cTan\u0131ma ve K\u0131nama. \u0130ttihat\u00e7\u0131lar\u0131n Davalar\u0131 (1919-1921 ve 1926)\u201d ara\u015ft\u0131rmas\u0131 da bu kitaplardan biridir.<\/p>\n<p style=\"text-align: justify;\">Bu kitaba de\u011finmekten \u00f6nce belirtmek gerekir ki, daha 2011\u2019de Bat\u0131 Ermenileri Sorunlar\u0131 Ara\u015ft\u0131rma Merkezi, ayn\u0131 yazar\u0131n \u201cOsmanl\u0131 bas\u0131n\u0131na istinaden \u0130ttihat\u00e7\u0131lar\u0131n 1919-1921 y\u0131llar\u0131ndaki davalar\u0131n\u0131n belgeleri\u201d ba\u015fl\u0131kl\u0131 kitab\u0131 yay\u0131nlam\u0131\u015ft\u0131. M. Anumyan\u2019\u0131n \u201cTan\u0131ma ve K\u0131nama. \u0130ttihat\u00e7\u0131lar\u0131n Davalar\u0131 (1919-1921 ve 1926)\u201d kitab\u0131 ise Ermeni Soyk\u0131r\u0131m\u0131 M\u00fcze-Enstit\u00fcs\u00fc taraf\u0131ndan bas\u0131lm\u0131\u015ft\u0131r.<\/p>\n<p style=\"text-align: justify;\">Bu kitap 3 b\u00f6l\u00fcmden ibarettir. Birinci b\u00f6l\u00fcmde 1918\u2019de imzalanm\u0131\u015f olan Mondros M\u00fctarekesi akabinde T\u00fcrkiye\u2019de h\u00fck\u00fcm s\u00fcren siyasi ortam ve Ermeni Soyk\u0131r\u0131m\u0131\u2019ndan sorumlu olan \u015fah\u0131slara kar\u015f\u0131 ger\u00e7ekle\u015ftirilmi\u015f soru\u015fturmalar ele al\u0131nmaktad\u0131r. \u0130kinci b\u00f6l\u00fcmde ise Ermeni Tehcir ve Taktili su\u00e7lamas\u0131yla a\u00e7\u0131lan davalar ara\u015ft\u0131r\u0131lmaktad\u0131r. \u00dc\u00e7\u00fcnc\u00fc b\u00f6l\u00fcmde de Mustafa Kemal\u2019e (Atat\u00fcrk) kar\u015f\u0131 giri\u015filen suikastle su\u00e7lanan \u0130ttihat\u00e7\u0131lar\u0131n yarg\u0131lanmalar\u0131 incelenmektedir. \u00dc\u00e7\u00fcnc\u00fc b\u00f6l\u00fcmde, ayr\u0131ca 1919-1921 ve 1926 y\u0131llar\u0131nda ger\u00e7ekle\u015ftirilmi\u015f olan davalar k\u0131yaslanmaktad\u0131r.<\/p>\n<p style=\"text-align: justify;\">Bu k\u0131yaslama, \u00f6nemlidir. Ermeni Tehcir ve Taktili su\u00e7lamas\u0131yla a\u00e7\u0131lm\u0131\u015f olan 63 dava sonucunda ancak 20 idam cezas\u0131 verildi. Bunlardan ise sadece \u00fc\u00e7\u00fc yerine getirildi.<\/p>\n<p style=\"text-align: justify;\">Kemalistlerin \u0130stiklal Mahkemeleri, \u015fimdiye kadar a\u00e7\u0131\u011fa kavu\u015fturulmam\u0131\u015f bu suikastten dolay\u0131 su\u00e7lanan 50 \u0130ttihat\u00e7\u0131dan 17\u2019sini idam cezas\u0131na \u00e7arpt\u0131rd\u0131.<\/p>\n<p style=\"text-align: justify;\">Mahkumlar, ayn\u0131 tarihte, yani 1926 y\u0131l\u0131n\u0131n Temmuz-A\u011fustos aylar\u0131nda Atat\u00fcrk\u2019\u00fcn emri \u00fczerine idam edildi. \u0130lgin\u00e7 olan, \u0130stiklal Mahkemesi \u0130ttihat\u00e7\u0131lar\u0131 idama \u00e7arpt\u0131rd\u0131\u011f\u0131nda yeni kurulmu\u015f T\u00fcrkiye Cumhuriyeti\u2019nde Kemalist h\u00fck\u00fcmetinin, Talat, Cemal, Trabzon Valisi Azmi, Bahaettin \u015eakir, sadrazam Sait Halim gibi katillerin ailelerine 27 Haziran 1926 tarihinde kabul edilen s\u00f6zde \u201cEmval-i Metruke\u201d vakf\u0131ndan 20 biner lira de\u011ferinde \u00e7iftlikler tahsis etmi\u015f olmas\u0131d\u0131r. Oysa 1919\u2019da Kemalist hareket daha yeni ortaya \u00e7\u0131km\u0131\u015fken Mustafa Kemal, Ermeni katliamlar\u0131n\u0131 tertipleyen \u0130ttihat\u00e7\u0131 \u00f6nderleri \u015fahsen k\u0131nam\u0131\u015ft\u0131.<\/p>\n<p style=\"text-align: justify;\">Her\u015feye ra\u011fmen Ermeni Tehcir ve Taktili\u2019nden dolay\u0131 \u0130ttihat\u00e7\u0131lar\u0131 k\u0131nayan Osmanl\u0131 h\u00fck\u00fcmetiyle modern T\u00fcrkiye Cumhuriyeti\u2019nin kurucusu Kemal Atat\u00fcrk, istemeyerek tarihi hakikati itiraf etmi\u015flerdir. \u0130stanbul Divan\u2019\u0131 Harb\u2019i \u00d6rfi ise \u0130ttihat\u00e7\u0131larla ilgili olarak verdi\u011fi kararlarla Ermeni Soyk\u0131r\u0131m\u0131n\u0131 hukuken de\u011ferlendirmi\u015f oldu.<\/p>\n<p style=\"text-align: justify;\">Meline Anumyan\u2019\u0131n \u201cTan\u0131ma ve K\u0131nama. \u0130ttihat\u00e7\u0131lar\u0131n Davalar\u0131 (1919-1921 ve 1926)\u201d ba\u015fl\u0131kl\u0131 kitab\u0131nda bu ger\u00e7ek vurgulanmaktad\u0131r. Bu kitap, do\u011fru kullan\u0131lmas\u0131 halinde T\u00fcrk inkarc\u0131l\u0131\u011f\u0131na kar\u015f\u0131 s\u00fcrd\u00fcr\u00fclen m\u00fccadelenin verimli bir arac\u0131 olabilir, dolay\u0131s\u0131yla Ermeni Soyk\u0131r\u0131m\u0131n\u0131n tan\u0131nmas\u0131n\u0131 sa\u011flayabilir.<\/p>\n<p style=\"text-align: justify;\"><b><i>\u201cAzg\u201d gazetesi<\/i><\/b><\/p>\n<p style=\"text-align: justify;\"><b><i>T\u00fcrk\u00e7esi: \u2018Akunq\u2019 web sayfas\u0131<\/i><\/b><\/p>\n<p style=\"text-align: justify;\">\n","protected":false},"excerpt":{"rendered":"<p>Hakob \u00c7ak\u0131ryan Tarih doktoru Kimi Ermenistanl\u0131 bilimadamlar\u0131n\u0131n, Ermeni Soyk\u0131r\u0131m\u0131\u2019n\u0131n tamamen ara\u015ft\u0131r\u0131lm\u0131\u015f oldu\u011funa ili\u015fkin tahminlerine ra\u011fmen, Ermeni Jenosidi\u2019yle ilgili bir\u00e7ok mesele, hala a\u00e7\u0131\u011fa kavu\u015fturulmam\u0131\u015ft\u0131r. Ara\u015ft\u0131r\u0131lmayan konular aras\u0131nda Kemalistlerin \u0130ttihat\u00e7\u0131 k\u00f6kleri, T\u00fcrkiye Cumhuriyeti\u2019nin Osmanl\u0131\u2019n\u0131n soyk\u0131r\u0131mc\u0131 siyasetini miras ald\u0131\u011f\u0131, Ermeni katliamlar\u0131na T\u00fcrk halk kitlelerinin ve K\u00fcrt a\u015firetlerinin kat\u0131l\u0131m\u0131, Ermeni Soyk\u0131r\u0131m\u0131\u2019nda devlet yap\u0131lar\u0131yla ordunun rol\u00fc, Mustafa Kemal\u2019in yak\u0131n \u00e7evresinin [&hellip;]<\/p>\n","protected":false},"author":7,"featured_media":0,"comment_status":"open","ping_status":"open","sticky":false,"template":"","format":"standard","meta":{"footnotes":""},"categories":[44,1,54],"tags":[],"class_list":["post-24832","post","type-post","status-publish","format-standard","hentry","category-ermeni-soykirimi","category-haberler","category-kitaplar-elestiriler"],"yoast_head":"<!-- This site is optimized with the Yoast SEO plugin v27.4 - https:\/\/yoast.com\/product\/yoast-seo-wordpress\/ -->\n<title>Meline Anumyan\u2019\u0131n \u201cTan\u0131ma ve K\u0131nama. \u0130ttihat\u00e7\u0131lar\u0131n Davalar\u0131 (1919-1921 ve 1926) kitab\u0131, pratik bir \u00f6nem de ta\u015f\u0131maktad\u0131r Do\u011fru kullan\u0131lmas\u0131 halinde T\u00fcrk inkarc\u0131l\u0131\u011f\u0131na kar\u015f\u0131 s\u00fcrd\u00fcr\u00fclen m\u00fccadelenin verimli bir arac\u0131 olabilir - Bati Ermenistan Ve Bati Ermenileri Sorunlari Ara\u015ftirmalar Merkezi<\/title>\n<meta name=\"robots\" content=\"index, follow, max-snippet:-1, max-image-preview:large, max-video-preview:-1\" \/>\n<link rel=\"canonical\" href=\"https:\/\/akunq.net\/tr\/?p=24832\" \/>\n<meta property=\"og:locale\" content=\"en_US\" \/>\n<meta property=\"og:type\" content=\"article\" \/>\n<meta property=\"og:title\" content=\"Meline Anumyan\u2019\u0131n \u201cTan\u0131ma ve K\u0131nama. \u0130ttihat\u00e7\u0131lar\u0131n Davalar\u0131 (1919-1921 ve 1926) kitab\u0131, pratik bir \u00f6nem de ta\u015f\u0131maktad\u0131r Do\u011fru kullan\u0131lmas\u0131 halinde T\u00fcrk inkarc\u0131l\u0131\u011f\u0131na kar\u015f\u0131 s\u00fcrd\u00fcr\u00fclen m\u00fccadelenin verimli bir arac\u0131 olabilir - Bati Ermenistan Ve Bati Ermenileri Sorunlari Ara\u015ftirmalar Merkezi\" \/>\n<meta property=\"og:description\" content=\"Hakob \u00c7ak\u0131ryan Tarih doktoru Kimi Ermenistanl\u0131 bilimadamlar\u0131n\u0131n, Ermeni Soyk\u0131r\u0131m\u0131\u2019n\u0131n tamamen ara\u015ft\u0131r\u0131lm\u0131\u015f oldu\u011funa ili\u015fkin tahminlerine ra\u011fmen, Ermeni Jenosidi\u2019yle ilgili bir\u00e7ok mesele, hala a\u00e7\u0131\u011fa kavu\u015fturulmam\u0131\u015ft\u0131r. Ara\u015ft\u0131r\u0131lmayan konular aras\u0131nda Kemalistlerin \u0130ttihat\u00e7\u0131 k\u00f6kleri, T\u00fcrkiye Cumhuriyeti\u2019nin Osmanl\u0131\u2019n\u0131n soyk\u0131r\u0131mc\u0131 siyasetini miras ald\u0131\u011f\u0131, Ermeni katliamlar\u0131na T\u00fcrk halk kitlelerinin ve K\u00fcrt a\u015firetlerinin kat\u0131l\u0131m\u0131, Ermeni Soyk\u0131r\u0131m\u0131\u2019nda devlet yap\u0131lar\u0131yla ordunun rol\u00fc, Mustafa Kemal\u2019in yak\u0131n \u00e7evresinin [&hellip;]\" \/>\n<meta property=\"og:url\" content=\"https:\/\/akunq.net\/tr\/?p=24832\" \/>\n<meta property=\"og:site_name\" content=\"Bati Ermenistan Ve Bati Ermenileri Sorunlari Ara\u015ftirmalar Merkezi\" \/>\n<meta property=\"article:published_time\" content=\"2013-08-03T08:56:48+00:00\" \/>\n<meta property=\"article:modified_time\" content=\"2013-08-03T11:59:43+00:00\" \/>\n<meta property=\"og:image\" content=\"http:\/\/akunq.net\/tr\/wp-content\/uploads\/2013\/08\/Meline-Anumyan.jpg\" \/>\n<meta name=\"author\" content=\"admin\" \/>\n<meta name=\"twitter:card\" content=\"summary_large_image\" \/>\n<meta name=\"twitter:label1\" content=\"Written by\" \/>\n\t<meta name=\"twitter:data1\" content=\"admin\" \/>\n\t<meta name=\"twitter:label2\" content=\"Est. reading time\" \/>\n\t<meta name=\"twitter:data2\" content=\"3 minutes\" \/>\n<script type=\"application\/ld+json\" class=\"yoast-schema-graph\">{\"@context\":\"https:\\\/\\\/schema.org\",\"@graph\":[{\"@type\":\"Article\",\"@id\":\"https:\\\/\\\/akunq.net\\\/tr\\\/?p=24832#article\",\"isPartOf\":{\"@id\":\"https:\\\/\\\/akunq.net\\\/tr\\\/?p=24832\"},\"author\":{\"name\":\"admin\",\"@id\":\"https:\\\/\\\/akunq.net\\\/tr\\\/#\\\/schema\\\/person\\\/096f1d38a12cce57fb855b485ed24c9e\"},\"headline\":\"Meline Anumyan\u2019\u0131n \u201cTan\u0131ma ve K\u0131nama. \u0130ttihat\u00e7\u0131lar\u0131n Davalar\u0131 (1919-1921 ve 1926) kitab\u0131, pratik bir \u00f6nem de ta\u015f\u0131maktad\u0131r Do\u011fru kullan\u0131lmas\u0131 halinde T\u00fcrk inkarc\u0131l\u0131\u011f\u0131na kar\u015f\u0131 s\u00fcrd\u00fcr\u00fclen m\u00fccadelenin verimli bir arac\u0131 olabilir\",\"datePublished\":\"2013-08-03T08:56:48+00:00\",\"dateModified\":\"2013-08-03T11:59:43+00:00\",\"mainEntityOfPage\":{\"@id\":\"https:\\\/\\\/akunq.net\\\/tr\\\/?p=24832\"},\"wordCount\":696,\"commentCount\":0,\"image\":{\"@id\":\"https:\\\/\\\/akunq.net\\\/tr\\\/?p=24832#primaryimage\"},\"thumbnailUrl\":\"http:\\\/\\\/akunq.net\\\/tr\\\/wp-content\\\/uploads\\\/2013\\\/08\\\/Meline-Anumyan.jpg\",\"articleSection\":[\"Ermeni Soyk\u0131r\u0131m\u0131\",\"Haberler\",\"Kitaplar-Ele\u015ftiriler\"],\"inLanguage\":\"en-US\",\"potentialAction\":[{\"@type\":\"CommentAction\",\"name\":\"Comment\",\"target\":[\"https:\\\/\\\/akunq.net\\\/tr\\\/?p=24832#respond\"]}]},{\"@type\":\"WebPage\",\"@id\":\"https:\\\/\\\/akunq.net\\\/tr\\\/?p=24832\",\"url\":\"https:\\\/\\\/akunq.net\\\/tr\\\/?p=24832\",\"name\":\"Meline Anumyan\u2019\u0131n \u201cTan\u0131ma ve K\u0131nama. \u0130ttihat\u00e7\u0131lar\u0131n Davalar\u0131 (1919-1921 ve 1926) kitab\u0131, pratik bir \u00f6nem de ta\u015f\u0131maktad\u0131r Do\u011fru kullan\u0131lmas\u0131 halinde T\u00fcrk inkarc\u0131l\u0131\u011f\u0131na kar\u015f\u0131 s\u00fcrd\u00fcr\u00fclen m\u00fccadelenin verimli bir arac\u0131 olabilir - Bati Ermenistan Ve Bati Ermenileri Sorunlari Ara\u015ftirmalar Merkezi\",\"isPartOf\":{\"@id\":\"https:\\\/\\\/akunq.net\\\/tr\\\/#website\"},\"primaryImageOfPage\":{\"@id\":\"https:\\\/\\\/akunq.net\\\/tr\\\/?p=24832#primaryimage\"},\"image\":{\"@id\":\"https:\\\/\\\/akunq.net\\\/tr\\\/?p=24832#primaryimage\"},\"thumbnailUrl\":\"http:\\\/\\\/akunq.net\\\/tr\\\/wp-content\\\/uploads\\\/2013\\\/08\\\/Meline-Anumyan.jpg\",\"datePublished\":\"2013-08-03T08:56:48+00:00\",\"dateModified\":\"2013-08-03T11:59:43+00:00\",\"author\":{\"@id\":\"https:\\\/\\\/akunq.net\\\/tr\\\/#\\\/schema\\\/person\\\/096f1d38a12cce57fb855b485ed24c9e\"},\"breadcrumb\":{\"@id\":\"https:\\\/\\\/akunq.net\\\/tr\\\/?p=24832#breadcrumb\"},\"inLanguage\":\"en-US\",\"potentialAction\":[{\"@type\":\"ReadAction\",\"target\":[\"https:\\\/\\\/akunq.net\\\/tr\\\/?p=24832\"]}]},{\"@type\":\"ImageObject\",\"inLanguage\":\"en-US\",\"@id\":\"https:\\\/\\\/akunq.net\\\/tr\\\/?p=24832#primaryimage\",\"url\":\"http:\\\/\\\/akunq.net\\\/tr\\\/wp-content\\\/uploads\\\/2013\\\/08\\\/Meline-Anumyan.jpg\",\"contentUrl\":\"http:\\\/\\\/akunq.net\\\/tr\\\/wp-content\\\/uploads\\\/2013\\\/08\\\/Meline-Anumyan.jpg\"},{\"@type\":\"BreadcrumbList\",\"@id\":\"https:\\\/\\\/akunq.net\\\/tr\\\/?p=24832#breadcrumb\",\"itemListElement\":[{\"@type\":\"ListItem\",\"position\":1,\"name\":\"Home\",\"item\":\"https:\\\/\\\/akunq.net\\\/tr\"},{\"@type\":\"ListItem\",\"position\":2,\"name\":\"Meline Anumyan\u2019\u0131n \u201cTan\u0131ma ve K\u0131nama. \u0130ttihat\u00e7\u0131lar\u0131n Davalar\u0131 (1919-1921 ve 1926) kitab\u0131, pratik bir \u00f6nem de ta\u015f\u0131maktad\u0131r Do\u011fru kullan\u0131lmas\u0131 halinde T\u00fcrk inkarc\u0131l\u0131\u011f\u0131na kar\u015f\u0131 s\u00fcrd\u00fcr\u00fclen m\u00fccadelenin verimli bir arac\u0131 olabilir\"}]},{\"@type\":\"WebSite\",\"@id\":\"https:\\\/\\\/akunq.net\\\/tr\\\/#website\",\"url\":\"https:\\\/\\\/akunq.net\\\/tr\\\/\",\"name\":\"Bati Ermenistan Ve Bati Ermenileri Sorunlari Ara\u015ftirmalar Merkezi\",\"description\":\"\",\"potentialAction\":[{\"@type\":\"SearchAction\",\"target\":{\"@type\":\"EntryPoint\",\"urlTemplate\":\"https:\\\/\\\/akunq.net\\\/tr\\\/?s={search_term_string}\"},\"query-input\":{\"@type\":\"PropertyValueSpecification\",\"valueRequired\":true,\"valueName\":\"search_term_string\"}}],\"inLanguage\":\"en-US\"},{\"@type\":\"Person\",\"@id\":\"https:\\\/\\\/akunq.net\\\/tr\\\/#\\\/schema\\\/person\\\/096f1d38a12cce57fb855b485ed24c9e\",\"name\":\"admin\",\"url\":\"https:\\\/\\\/akunq.net\\\/tr\\\/?author=7\"}]}<\/script>\n<!-- \/ Yoast SEO plugin. -->","yoast_head_json":{"title":"Meline Anumyan\u2019\u0131n \u201cTan\u0131ma ve K\u0131nama. \u0130ttihat\u00e7\u0131lar\u0131n Davalar\u0131 (1919-1921 ve 1926) kitab\u0131, pratik bir \u00f6nem de ta\u015f\u0131maktad\u0131r Do\u011fru kullan\u0131lmas\u0131 halinde T\u00fcrk inkarc\u0131l\u0131\u011f\u0131na kar\u015f\u0131 s\u00fcrd\u00fcr\u00fclen m\u00fccadelenin verimli bir arac\u0131 olabilir - Bati Ermenistan Ve Bati Ermenileri Sorunlari Ara\u015ftirmalar Merkezi","robots":{"index":"index","follow":"follow","max-snippet":"max-snippet:-1","max-image-preview":"max-image-preview:large","max-video-preview":"max-video-preview:-1"},"canonical":"https:\/\/akunq.net\/tr\/?p=24832","og_locale":"en_US","og_type":"article","og_title":"Meline Anumyan\u2019\u0131n \u201cTan\u0131ma ve K\u0131nama. \u0130ttihat\u00e7\u0131lar\u0131n Davalar\u0131 (1919-1921 ve 1926) kitab\u0131, pratik bir \u00f6nem de ta\u015f\u0131maktad\u0131r Do\u011fru kullan\u0131lmas\u0131 halinde T\u00fcrk inkarc\u0131l\u0131\u011f\u0131na kar\u015f\u0131 s\u00fcrd\u00fcr\u00fclen m\u00fccadelenin verimli bir arac\u0131 olabilir - Bati Ermenistan Ve Bati Ermenileri Sorunlari Ara\u015ftirmalar Merkezi","og_description":"Hakob \u00c7ak\u0131ryan Tarih doktoru Kimi Ermenistanl\u0131 bilimadamlar\u0131n\u0131n, Ermeni Soyk\u0131r\u0131m\u0131\u2019n\u0131n tamamen ara\u015ft\u0131r\u0131lm\u0131\u015f oldu\u011funa ili\u015fkin tahminlerine ra\u011fmen, Ermeni Jenosidi\u2019yle ilgili bir\u00e7ok mesele, hala a\u00e7\u0131\u011fa kavu\u015fturulmam\u0131\u015ft\u0131r. Ara\u015ft\u0131r\u0131lmayan konular aras\u0131nda Kemalistlerin \u0130ttihat\u00e7\u0131 k\u00f6kleri, T\u00fcrkiye Cumhuriyeti\u2019nin Osmanl\u0131\u2019n\u0131n soyk\u0131r\u0131mc\u0131 siyasetini miras ald\u0131\u011f\u0131, Ermeni katliamlar\u0131na T\u00fcrk halk kitlelerinin ve K\u00fcrt a\u015firetlerinin kat\u0131l\u0131m\u0131, Ermeni Soyk\u0131r\u0131m\u0131\u2019nda devlet yap\u0131lar\u0131yla ordunun rol\u00fc, Mustafa Kemal\u2019in yak\u0131n \u00e7evresinin [&hellip;]","og_url":"https:\/\/akunq.net\/tr\/?p=24832","og_site_name":"Bati Ermenistan Ve Bati Ermenileri Sorunlari Ara\u015ftirmalar Merkezi","article_published_time":"2013-08-03T08:56:48+00:00","article_modified_time":"2013-08-03T11:59:43+00:00","og_image":[{"url":"http:\/\/akunq.net\/tr\/wp-content\/uploads\/2013\/08\/Meline-Anumyan.jpg","type":"","width":"","height":""}],"author":"admin","twitter_card":"summary_large_image","twitter_misc":{"Written by":"admin","Est. reading time":"3 minutes"},"schema":{"@context":"https:\/\/schema.org","@graph":[{"@type":"Article","@id":"https:\/\/akunq.net\/tr\/?p=24832#article","isPartOf":{"@id":"https:\/\/akunq.net\/tr\/?p=24832"},"author":{"name":"admin","@id":"https:\/\/akunq.net\/tr\/#\/schema\/person\/096f1d38a12cce57fb855b485ed24c9e"},"headline":"Meline Anumyan\u2019\u0131n \u201cTan\u0131ma ve K\u0131nama. \u0130ttihat\u00e7\u0131lar\u0131n Davalar\u0131 (1919-1921 ve 1926) kitab\u0131, pratik bir \u00f6nem de ta\u015f\u0131maktad\u0131r Do\u011fru kullan\u0131lmas\u0131 halinde T\u00fcrk inkarc\u0131l\u0131\u011f\u0131na kar\u015f\u0131 s\u00fcrd\u00fcr\u00fclen m\u00fccadelenin verimli bir arac\u0131 olabilir","datePublished":"2013-08-03T08:56:48+00:00","dateModified":"2013-08-03T11:59:43+00:00","mainEntityOfPage":{"@id":"https:\/\/akunq.net\/tr\/?p=24832"},"wordCount":696,"commentCount":0,"image":{"@id":"https:\/\/akunq.net\/tr\/?p=24832#primaryimage"},"thumbnailUrl":"http:\/\/akunq.net\/tr\/wp-content\/uploads\/2013\/08\/Meline-Anumyan.jpg","articleSection":["Ermeni Soyk\u0131r\u0131m\u0131","Haberler","Kitaplar-Ele\u015ftiriler"],"inLanguage":"en-US","potentialAction":[{"@type":"CommentAction","name":"Comment","target":["https:\/\/akunq.net\/tr\/?p=24832#respond"]}]},{"@type":"WebPage","@id":"https:\/\/akunq.net\/tr\/?p=24832","url":"https:\/\/akunq.net\/tr\/?p=24832","name":"Meline Anumyan\u2019\u0131n \u201cTan\u0131ma ve K\u0131nama. \u0130ttihat\u00e7\u0131lar\u0131n Davalar\u0131 (1919-1921 ve 1926) kitab\u0131, pratik bir \u00f6nem de ta\u015f\u0131maktad\u0131r Do\u011fru kullan\u0131lmas\u0131 halinde T\u00fcrk inkarc\u0131l\u0131\u011f\u0131na kar\u015f\u0131 s\u00fcrd\u00fcr\u00fclen m\u00fccadelenin verimli bir arac\u0131 olabilir - Bati Ermenistan Ve Bati Ermenileri Sorunlari Ara\u015ftirmalar Merkezi","isPartOf":{"@id":"https:\/\/akunq.net\/tr\/#website"},"primaryImageOfPage":{"@id":"https:\/\/akunq.net\/tr\/?p=24832#primaryimage"},"image":{"@id":"https:\/\/akunq.net\/tr\/?p=24832#primaryimage"},"thumbnailUrl":"http:\/\/akunq.net\/tr\/wp-content\/uploads\/2013\/08\/Meline-Anumyan.jpg","datePublished":"2013-08-03T08:56:48+00:00","dateModified":"2013-08-03T11:59:43+00:00","author":{"@id":"https:\/\/akunq.net\/tr\/#\/schema\/person\/096f1d38a12cce57fb855b485ed24c9e"},"breadcrumb":{"@id":"https:\/\/akunq.net\/tr\/?p=24832#breadcrumb"},"inLanguage":"en-US","potentialAction":[{"@type":"ReadAction","target":["https:\/\/akunq.net\/tr\/?p=24832"]}]},{"@type":"ImageObject","inLanguage":"en-US","@id":"https:\/\/akunq.net\/tr\/?p=24832#primaryimage","url":"http:\/\/akunq.net\/tr\/wp-content\/uploads\/2013\/08\/Meline-Anumyan.jpg","contentUrl":"http:\/\/akunq.net\/tr\/wp-content\/uploads\/2013\/08\/Meline-Anumyan.jpg"},{"@type":"BreadcrumbList","@id":"https:\/\/akunq.net\/tr\/?p=24832#breadcrumb","itemListElement":[{"@type":"ListItem","position":1,"name":"Home","item":"https:\/\/akunq.net\/tr"},{"@type":"ListItem","position":2,"name":"Meline Anumyan\u2019\u0131n \u201cTan\u0131ma ve K\u0131nama. \u0130ttihat\u00e7\u0131lar\u0131n Davalar\u0131 (1919-1921 ve 1926) kitab\u0131, pratik bir \u00f6nem de ta\u015f\u0131maktad\u0131r Do\u011fru kullan\u0131lmas\u0131 halinde T\u00fcrk inkarc\u0131l\u0131\u011f\u0131na kar\u015f\u0131 s\u00fcrd\u00fcr\u00fclen m\u00fccadelenin verimli bir arac\u0131 olabilir"}]},{"@type":"WebSite","@id":"https:\/\/akunq.net\/tr\/#website","url":"https:\/\/akunq.net\/tr\/","name":"Bati Ermenistan Ve Bati Ermenileri Sorunlari Ara\u015ftirmalar Merkezi","description":"","potentialAction":[{"@type":"SearchAction","target":{"@type":"EntryPoint","urlTemplate":"https:\/\/akunq.net\/tr\/?s={search_term_string}"},"query-input":{"@type":"PropertyValueSpecification","valueRequired":true,"valueName":"search_term_string"}}],"inLanguage":"en-US"},{"@type":"Person","@id":"https:\/\/akunq.net\/tr\/#\/schema\/person\/096f1d38a12cce57fb855b485ed24c9e","name":"admin","url":"https:\/\/akunq.net\/tr\/?author=7"}]}},"_links":{"self":[{"href":"https:\/\/akunq.net\/tr\/index.php?rest_route=\/wp\/v2\/posts\/24832","targetHints":{"allow":["GET"]}}],"collection":[{"href":"https:\/\/akunq.net\/tr\/index.php?rest_route=\/wp\/v2\/posts"}],"about":[{"href":"https:\/\/akunq.net\/tr\/index.php?rest_route=\/wp\/v2\/types\/post"}],"author":[{"embeddable":true,"href":"https:\/\/akunq.net\/tr\/index.php?rest_route=\/wp\/v2\/users\/7"}],"replies":[{"embeddable":true,"href":"https:\/\/akunq.net\/tr\/index.php?rest_route=%2Fwp%2Fv2%2Fcomments&post=24832"}],"version-history":[{"count":2,"href":"https:\/\/akunq.net\/tr\/index.php?rest_route=\/wp\/v2\/posts\/24832\/revisions"}],"predecessor-version":[{"id":24835,"href":"https:\/\/akunq.net\/tr\/index.php?rest_route=\/wp\/v2\/posts\/24832\/revisions\/24835"}],"wp:attachment":[{"href":"https:\/\/akunq.net\/tr\/index.php?rest_route=%2Fwp%2Fv2%2Fmedia&parent=24832"}],"wp:term":[{"taxonomy":"category","embeddable":true,"href":"https:\/\/akunq.net\/tr\/index.php?rest_route=%2Fwp%2Fv2%2Fcategories&post=24832"},{"taxonomy":"post_tag","embeddable":true,"href":"https:\/\/akunq.net\/tr\/index.php?rest_route=%2Fwp%2Fv2%2Ftags&post=24832"}],"curies":[{"name":"wp","href":"https:\/\/api.w.org\/{rel}","templated":true}]}}