{"id":24826,"date":"2013-08-03T01:50:10","date_gmt":"2013-08-03T06:50:10","guid":{"rendered":"http:\/\/akunq.net\/tr\/?p=24826"},"modified":"2013-08-03T01:50:10","modified_gmt":"2013-08-03T06:50:10","slug":"pontos-soykirimi-tbmmde-21-agustos-1922-nasil-konusuldu","status":"publish","type":"post","link":"https:\/\/akunq.net\/tr\/?p=24826","title":{"rendered":"Pontos Soyk\u0131r\u0131m\u0131 TBMM\u2019de (21 A\u011fustos 1922) nas\u0131l konu\u015fuldu?"},"content":{"rendered":"<p style=\"text-align: justify;\"><b><a href=\"http:\/\/akunq.net\/tr\/wp-content\/uploads\/2013\/08\/PONTOS-SOYKIRIMI-TBMM\u2019DE.jpg\"><img loading=\"lazy\" decoding=\"async\" class=\"alignright size-medium wp-image-24827\" alt=\"PONTOS SOYKIRIMI TBMM\u2019DE\" src=\"http:\/\/akunq.net\/tr\/wp-content\/uploads\/2013\/08\/PONTOS-SOYKIRIMI-TBMM\u2019DE-300x122.jpg\" width=\"300\" height=\"122\" srcset=\"https:\/\/akunq.net\/tr\/wp-content\/uploads\/sites\/6\/2013\/08\/PONTOS-SOYKIRIMI-TBMM\u2019DE-300x122.jpg 300w, https:\/\/akunq.net\/tr\/wp-content\/uploads\/sites\/6\/2013\/08\/PONTOS-SOYKIRIMI-TBMM\u2019DE-600x245.jpg 600w, https:\/\/akunq.net\/tr\/wp-content\/uploads\/sites\/6\/2013\/08\/PONTOS-SOYKIRIMI-TBMM\u2019DE.jpg 610w\" sizes=\"auto, (max-width: 300px) 100vw, 300px\" \/><\/a>Devrimci Karadeniz<\/b><\/p>\n<p style=\"text-align: justify;\">Kemalist vekiller, \u00f6zellikle de Pontos b\u00f6lgesinden olanlar, Kemalist h\u00fck\u00fcmetin vah\u015fi tutumundan rahats\u0131zd\u0131lar. Bunlar 21 A\u011fustos 1922\u2032de yap\u0131lan parlamento oturumunda Bursal\u0131 meslekta\u015flar\u0131 Emin Bey taraf\u0131ndan \u201dPontos Fikirleri\u201dnin savunucusu olmakla su\u00e7land\u0131lar ve ard\u0131ndan da tutumlar\u0131ndan dolay\u0131 soru\u015fturma komisyonu \u00f6n\u00fcnde hesap vermek zorunda kald\u0131lar. <i>(Golo\u011flu Mahmut: Trabzon Taribi, Ankara 1975, sayfa 3)<\/i><\/p>\n<p style=\"text-align: justify;\">21 A\u011fustos 1922\u2032de yap\u0131lan s\u00f6zkonusu oturumda \u00f6ne \u00e7\u0131kan ki\u015fi \u00f6zellikle b\u00fcy\u00fck bir gayretle tehcirlerle (zorunlu g\u00f6\u00e7) kendi aras\u0131na mesafe koyan<b> Sinop milletvekili Hakk\u0131 Hami Bey<\/b>\u2018di (Ulukan) ve konu\u015fmas\u0131nda \u015f\u00f6yle diyordu:<br \/>\n\u201dTehcirlerden dolay\u0131 y\u00fcz\u00fcm\u00fczdeki utan\u00e7 lekesi ebediyen silinmeyecek. E\u011fer insanl\u0131\u011f\u0131n benli\u011fini katleden tehcirlerin muhasebesini yapacak olursak, o zaman efendiler, bu \u00e7ok nefret verici bir \u015feydir. Bu olaylar t\u00fcm d\u00fcnyan\u0131n g\u00f6z\u00fc \u00f6n\u00fcnde bizi kirletmektedir. Zira art\u0131k h\u00fck\u00fcmet de kendini hakl\u0131 \u00e7\u0131karamaz. Kendi g\u00f6zlerimle g\u00f6rd\u00fcm. \u00d6yle ahlak d\u0131\u015f\u0131 \u015feyler ya\u015fand\u0131 ki, Beyler, bug\u00fcn bizim memurlar\u0131m\u0131z\u0131n yapt\u0131\u011f\u0131 \u00e7irkinlikler, \u0130ngilizler taraf\u0131ndan bile yap\u0131lmad\u0131.\u201d<br \/>\n<i>TBMM Gizli Celse Zab\u0131tlar\u0131, Ankara, T\u00fcrkiye \u0130\u015f Bankas\u0131 K\u00fclt\u00fcr Yay\u0131nlar\u0131, Cilt 3, sayfa 721)<\/i><\/p>\n<p style=\"text-align: justify;\"><b>K\u0131r\u015fehir Milletvekili Yahya Galip (Karg\u0131) s\u00f6z al\u0131yor:<\/b><br \/>\n\u201d\u2026 Pontos sorunu \u00e7ok \u00f6nceden ortaya \u00e7\u0131km\u0131\u015ft\u0131r. Pontoslular\u0131n bir \u00f6rg\u00fct kuraca\u011f\u0131n\u0131, bir h\u00fck\u00fcmet kuraca\u011f\u0131n\u0131, \u015funu bunu yapaca\u011f\u0131n\u0131 duyduk. Ancak insanlar\u0131n tehcirlerden dolay\u0131 ortadan yokedildi\u011fi gibi bir sorun oldu\u011funu duymad\u0131k\u2026 Efendiler, meydana geldi\u011fi s\u00f6ylenen t\u00fcm k\u00f6t\u00fcl\u00fcklerin \u00f6zel yetkilerden kaynakland\u0131\u011f\u0131na emin olabilirsiniz. \u015eunu anlam\u0131yorum; bir \u00fclkeyi ayakta tutan, yasalard\u0131r. Ve y\u0131kan \u015fey ise yasalar\u0131n \u00e7i\u011fnenmesidir. \u00d6zel yetkilerin anlam\u0131, herkesin keyfine g\u00f6re insan asmas\u0131, kesmesi, kentleri yerle bir etmesi, evlerin talan edilmesi ve d\u00fcnyan\u0131n yak\u0131l\u0131p k\u00fcl edilmesi midir?<br \/>\n\u00c7\u00fcnk\u00fc i\u015fleri bask\u0131 olan insanlar, h\u0131rs\u0131zl\u0131klar\u0131 ortaya \u00e7\u0131kmas\u0131n diye evleri yak\u0131yorlar. Pontos sorununu yaratan ve bu k\u00f6t\u00fcl\u00fc\u011f\u00fc Pontos\u2019un ba\u015f\u0131na getiren herkes, bize en b\u00fcy\u00fck k\u00f6t\u00fcl\u00fc\u011f\u00fc yapt\u0131lar. Pontoslular\u0131n techir edilmesi ad\u0131 alt\u0131nda k\u00f6ylerdeki ya\u015fam\u0131, mal ve m\u00fclk\u00fc ortadan kald\u0131rd\u0131lar\u2026 Tek bir ki\u015finin bile techirini onaylamad\u0131\u011f\u0131ma buradaki herkesin \u015fahit olmas\u0131n\u0131 istiyorum. S\u00fcrg\u00fcnler bu \u00fclke i\u00e7in saatli bomba gibidir. \u00c7ok korkun\u00e7tur. Bunun bedelini daha ka\u00e7 y\u0131l boyunca \u00f6demek zorunda kalaca\u011f\u0131z? Mahkemeler kimin su\u00e7lu kimin su\u00e7suz oldu\u011funa karar vermelidir.\u201d<br \/>\n<i>TBMM: T\u00fcrk Genelkurmay Ba\u015fkanl\u0131\u011f\u0131, T\u00fcrk \u0130stiklal Harbi (T.\u0130.H.) cilt 4, Mondros M\u00fctarekesi ve Tatbikat\u0131, Ankara, 1962, sayfa 2708)<\/i><\/p>\n<p style=\"text-align: justify;\"><b>Mersin Milletvekili (H\u00fcseyin) Selahattin Bey (K\u00f6seo\u011flu)<\/b> de konu\u015fmas\u0131n\u0131 ayn\u0131 y\u00fckses ses tonuyla yapt\u0131:<br \/>\n\u201d\u2026 Y\u00fcz, y\u00fczyirmi y\u0131l boyunca y\u00f6netimin d\u00fczeltilmesine d\u00f6n\u00fck, pek de memnun edici olmayan \u00e7abalar oldu. Avrupal\u0131 g\u00fc\u00e7ler y\u00f6netimimizde eksikler g\u00f6rd\u00fc\u011f\u00fc s\u00fcrece, bize sald\u0131racaklard\u0131r. Reformlar talep edecekler. Taleplerinde hakl\u0131lar m\u0131? Evet hakl\u0131lar. Tebaa s\u0131fat\u0131yla bizleri elinden geldi\u011fince kucaklayan halk\u0131n namusunu, itibar\u0131n\u0131 ve mal\u0131n\u0131 korumaya d\u00f6n\u00fck g\u00f6revlerimizi yerine getiremedik\u2026 Millet Meclisinin amac\u0131, tek bir gayrim\u00fcslimin dahi geriye kalmamas\u0131, en sonuncusunun bile s\u00fcr\u00fcl\u00fcp, imha edilmesi midir acaba? B\u00f6ylesi bir durumda d\u00fcnyan\u0131n g\u00f6z\u00fcndeki varl\u0131\u011f\u0131m\u0131z ne olur? Kendi ayaklar\u0131m\u0131z\u0131n \u00fczerinde durabilir miyiz? Aff\u0131n\u0131z\u0131 diliyorum, ama bu sorunun \u00e7\u00f6z\u00fcmlenmesi milli can damarlar\u0131m\u0131zla alakalal\u0131d\u0131r.<br \/>\nEfendiler, bir h\u00fck\u00fcmet bir \u0130slami h\u00fck\u00fcmet, bir Osmanl\u0131 h\u00fck\u00fcmeti ya da nas\u0131l adland\u0131r\u0131rsan\u0131z adland\u0131r\u0131n, bir T\u00fcrk h\u00fck\u00fcmeti, dininden, cinsiyetinden veya dogmalardan ba\u011f\u0131ms\u0131z olarak d\u00fczenine tabi olan t\u00fcm tebaan\u0131n h\u00fck\u00fcmetidir. Yoksa sadece m\u00fcsl\u00fcmanlar\u0131n olan bir h\u00fck\u00fcmet mi? Herkese ayn\u0131 e\u015fit haklar tan\u0131yacak m\u0131? Neden imhaya ve y\u0131k\u0131ma dayal\u0131 bir politika izliyoruz? Zira imha, ba\u015fka tarz ve y\u00f6ntemlerle hayata ge\u00e7irilebilir. \u00c7e\u015fitli yollar\u0131 var\u2026\u201d<\/p>\n<p style=\"text-align: justify;\"><b>Kayseri Milletvekili Osman Bey (U\u015f\u015fakl\u0131)<\/b> tam da bu noktada konu\u015fmac\u0131n\u0131n s\u00f6zlerini \u015fu s\u00f6zlerle kesti: \u201dBu ya\u011fmaya ve y\u0131k\u0131ma d\u00f6n\u00fck bir politikad\u0131r\u201d Selahattin Bey onaylayarak devam etti:<br \/>\n\u201dBu sayede kimin ad\u0131 lekeleniyor? Zavall\u0131 millet!.. Ve \u015f\u00f6yle sorulacakt\u0131r: acaba hangi ulusun tarihinde katliamlarla onur duyulur ve \u00f6v\u00fcn\u00fcl\u00fcr?\u201d<\/p>\n<p style=\"text-align: justify;\"><i>TBMM: T\u00fcrk Genelkurmay Ba\u015fkanl\u0131\u011f\u0131, T\u00fcrk \u0130stiklal Harbi (T.\u0130.H.) cilt 4, Mondros M\u00fctarekesi ve Tatbikat\u0131, Ankara, 1962, sayfa 2708)<\/i><\/p>\n<p style=\"text-align: justify;\"><b><i>http:\/\/devrimcikaradeniz.com\/2013\/08\/02\/21-agustos-1922-tbmm-ve-pontus-soykirimina-dair-konusmalar\/<\/i><\/b><\/p>\n","protected":false},"excerpt":{"rendered":"<p>Devrimci Karadeniz Kemalist vekiller, \u00f6zellikle de Pontos b\u00f6lgesinden olanlar, Kemalist h\u00fck\u00fcmetin vah\u015fi tutumundan rahats\u0131zd\u0131lar. Bunlar 21 A\u011fustos 1922\u2032de yap\u0131lan parlamento oturumunda Bursal\u0131 meslekta\u015flar\u0131 Emin Bey taraf\u0131ndan \u201dPontos Fikirleri\u201dnin savunucusu olmakla su\u00e7land\u0131lar ve ard\u0131ndan da tutumlar\u0131ndan dolay\u0131 soru\u015fturma komisyonu \u00f6n\u00fcnde hesap vermek zorunda kald\u0131lar. (Golo\u011flu Mahmut: Trabzon Taribi, Ankara 1975, sayfa 3) 21 A\u011fustos 1922\u2032de yap\u0131lan [&hellip;]<\/p>\n","protected":false},"author":7,"featured_media":0,"comment_status":"open","ping_status":"open","sticky":false,"template":"","format":"standard","meta":{"footnotes":""},"categories":[1,20],"tags":[],"class_list":["post-24826","post","type-post","status-publish","format-standard","hentry","category-haberler","category-tarih-sayfalari"],"yoast_head":"<!-- This site is optimized with the Yoast SEO plugin v27.4 - https:\/\/yoast.com\/product\/yoast-seo-wordpress\/ -->\n<title>Pontos Soyk\u0131r\u0131m\u0131 TBMM\u2019de (21 A\u011fustos 1922) nas\u0131l konu\u015fuldu? - Bati Ermenistan Ve Bati Ermenileri Sorunlari Ara\u015ftirmalar Merkezi<\/title>\n<meta name=\"robots\" content=\"index, follow, max-snippet:-1, max-image-preview:large, max-video-preview:-1\" \/>\n<link rel=\"canonical\" href=\"https:\/\/akunq.net\/tr\/?p=24826\" \/>\n<meta property=\"og:locale\" content=\"en_US\" \/>\n<meta property=\"og:type\" content=\"article\" \/>\n<meta property=\"og:title\" content=\"Pontos Soyk\u0131r\u0131m\u0131 TBMM\u2019de (21 A\u011fustos 1922) nas\u0131l konu\u015fuldu? - Bati Ermenistan Ve Bati Ermenileri Sorunlari Ara\u015ftirmalar Merkezi\" \/>\n<meta property=\"og:description\" content=\"Devrimci Karadeniz Kemalist vekiller, \u00f6zellikle de Pontos b\u00f6lgesinden olanlar, Kemalist h\u00fck\u00fcmetin vah\u015fi tutumundan rahats\u0131zd\u0131lar. Bunlar 21 A\u011fustos 1922\u2032de yap\u0131lan parlamento oturumunda Bursal\u0131 meslekta\u015flar\u0131 Emin Bey taraf\u0131ndan \u201dPontos Fikirleri\u201dnin savunucusu olmakla su\u00e7land\u0131lar ve ard\u0131ndan da tutumlar\u0131ndan dolay\u0131 soru\u015fturma komisyonu \u00f6n\u00fcnde hesap vermek zorunda kald\u0131lar. (Golo\u011flu Mahmut: Trabzon Taribi, Ankara 1975, sayfa 3) 21 A\u011fustos 1922\u2032de yap\u0131lan [&hellip;]\" \/>\n<meta property=\"og:url\" content=\"https:\/\/akunq.net\/tr\/?p=24826\" \/>\n<meta property=\"og:site_name\" content=\"Bati Ermenistan Ve Bati Ermenileri Sorunlari Ara\u015ftirmalar Merkezi\" \/>\n<meta property=\"article:published_time\" content=\"2013-08-03T06:50:10+00:00\" \/>\n<meta name=\"author\" content=\"admin\" \/>\n<meta name=\"twitter:card\" content=\"summary_large_image\" \/>\n<meta name=\"twitter:label1\" content=\"Written by\" \/>\n\t<meta name=\"twitter:data1\" content=\"admin\" \/>\n\t<meta name=\"twitter:label2\" content=\"Est. reading time\" \/>\n\t<meta name=\"twitter:data2\" content=\"4 minutes\" \/>\n<script type=\"application\/ld+json\" class=\"yoast-schema-graph\">{\"@context\":\"https:\\\/\\\/schema.org\",\"@graph\":[{\"@type\":\"Article\",\"@id\":\"https:\\\/\\\/akunq.net\\\/tr\\\/?p=24826#article\",\"isPartOf\":{\"@id\":\"https:\\\/\\\/akunq.net\\\/tr\\\/?p=24826\"},\"author\":{\"name\":\"admin\",\"@id\":\"https:\\\/\\\/akunq.net\\\/tr\\\/#\\\/schema\\\/person\\\/096f1d38a12cce57fb855b485ed24c9e\"},\"headline\":\"Pontos Soyk\u0131r\u0131m\u0131 TBMM\u2019de (21 A\u011fustos 1922) nas\u0131l konu\u015fuldu?\",\"datePublished\":\"2013-08-03T06:50:10+00:00\",\"mainEntityOfPage\":{\"@id\":\"https:\\\/\\\/akunq.net\\\/tr\\\/?p=24826\"},\"wordCount\":793,\"commentCount\":0,\"articleSection\":[\"Haberler\",\"Tarih Sayfalar\u0131\"],\"inLanguage\":\"en-US\",\"potentialAction\":[{\"@type\":\"CommentAction\",\"name\":\"Comment\",\"target\":[\"https:\\\/\\\/akunq.net\\\/tr\\\/?p=24826#respond\"]}]},{\"@type\":\"WebPage\",\"@id\":\"https:\\\/\\\/akunq.net\\\/tr\\\/?p=24826\",\"url\":\"https:\\\/\\\/akunq.net\\\/tr\\\/?p=24826\",\"name\":\"Pontos Soyk\u0131r\u0131m\u0131 TBMM\u2019de (21 A\u011fustos 1922) nas\u0131l konu\u015fuldu? - Bati Ermenistan Ve Bati Ermenileri Sorunlari Ara\u015ftirmalar Merkezi\",\"isPartOf\":{\"@id\":\"https:\\\/\\\/akunq.net\\\/tr\\\/#website\"},\"datePublished\":\"2013-08-03T06:50:10+00:00\",\"author\":{\"@id\":\"https:\\\/\\\/akunq.net\\\/tr\\\/#\\\/schema\\\/person\\\/096f1d38a12cce57fb855b485ed24c9e\"},\"breadcrumb\":{\"@id\":\"https:\\\/\\\/akunq.net\\\/tr\\\/?p=24826#breadcrumb\"},\"inLanguage\":\"en-US\",\"potentialAction\":[{\"@type\":\"ReadAction\",\"target\":[\"https:\\\/\\\/akunq.net\\\/tr\\\/?p=24826\"]}]},{\"@type\":\"BreadcrumbList\",\"@id\":\"https:\\\/\\\/akunq.net\\\/tr\\\/?p=24826#breadcrumb\",\"itemListElement\":[{\"@type\":\"ListItem\",\"position\":1,\"name\":\"Home\",\"item\":\"https:\\\/\\\/akunq.net\\\/tr\"},{\"@type\":\"ListItem\",\"position\":2,\"name\":\"Pontos Soyk\u0131r\u0131m\u0131 TBMM\u2019de (21 A\u011fustos 1922) nas\u0131l konu\u015fuldu?\"}]},{\"@type\":\"WebSite\",\"@id\":\"https:\\\/\\\/akunq.net\\\/tr\\\/#website\",\"url\":\"https:\\\/\\\/akunq.net\\\/tr\\\/\",\"name\":\"Bati Ermenistan Ve Bati Ermenileri Sorunlari Ara\u015ftirmalar Merkezi\",\"description\":\"\",\"potentialAction\":[{\"@type\":\"SearchAction\",\"target\":{\"@type\":\"EntryPoint\",\"urlTemplate\":\"https:\\\/\\\/akunq.net\\\/tr\\\/?s={search_term_string}\"},\"query-input\":{\"@type\":\"PropertyValueSpecification\",\"valueRequired\":true,\"valueName\":\"search_term_string\"}}],\"inLanguage\":\"en-US\"},{\"@type\":\"Person\",\"@id\":\"https:\\\/\\\/akunq.net\\\/tr\\\/#\\\/schema\\\/person\\\/096f1d38a12cce57fb855b485ed24c9e\",\"name\":\"admin\",\"url\":\"https:\\\/\\\/akunq.net\\\/tr\\\/?author=7\"}]}<\/script>\n<!-- \/ Yoast SEO plugin. -->","yoast_head_json":{"title":"Pontos Soyk\u0131r\u0131m\u0131 TBMM\u2019de (21 A\u011fustos 1922) nas\u0131l konu\u015fuldu? - Bati Ermenistan Ve Bati Ermenileri Sorunlari Ara\u015ftirmalar Merkezi","robots":{"index":"index","follow":"follow","max-snippet":"max-snippet:-1","max-image-preview":"max-image-preview:large","max-video-preview":"max-video-preview:-1"},"canonical":"https:\/\/akunq.net\/tr\/?p=24826","og_locale":"en_US","og_type":"article","og_title":"Pontos Soyk\u0131r\u0131m\u0131 TBMM\u2019de (21 A\u011fustos 1922) nas\u0131l konu\u015fuldu? - Bati Ermenistan Ve Bati Ermenileri Sorunlari Ara\u015ftirmalar Merkezi","og_description":"Devrimci Karadeniz Kemalist vekiller, \u00f6zellikle de Pontos b\u00f6lgesinden olanlar, Kemalist h\u00fck\u00fcmetin vah\u015fi tutumundan rahats\u0131zd\u0131lar. Bunlar 21 A\u011fustos 1922\u2032de yap\u0131lan parlamento oturumunda Bursal\u0131 meslekta\u015flar\u0131 Emin Bey taraf\u0131ndan \u201dPontos Fikirleri\u201dnin savunucusu olmakla su\u00e7land\u0131lar ve ard\u0131ndan da tutumlar\u0131ndan dolay\u0131 soru\u015fturma komisyonu \u00f6n\u00fcnde hesap vermek zorunda kald\u0131lar. (Golo\u011flu Mahmut: Trabzon Taribi, Ankara 1975, sayfa 3) 21 A\u011fustos 1922\u2032de yap\u0131lan [&hellip;]","og_url":"https:\/\/akunq.net\/tr\/?p=24826","og_site_name":"Bati Ermenistan Ve Bati Ermenileri Sorunlari Ara\u015ftirmalar Merkezi","article_published_time":"2013-08-03T06:50:10+00:00","author":"admin","twitter_card":"summary_large_image","twitter_misc":{"Written by":"admin","Est. reading time":"4 minutes"},"schema":{"@context":"https:\/\/schema.org","@graph":[{"@type":"Article","@id":"https:\/\/akunq.net\/tr\/?p=24826#article","isPartOf":{"@id":"https:\/\/akunq.net\/tr\/?p=24826"},"author":{"name":"admin","@id":"https:\/\/akunq.net\/tr\/#\/schema\/person\/096f1d38a12cce57fb855b485ed24c9e"},"headline":"Pontos Soyk\u0131r\u0131m\u0131 TBMM\u2019de (21 A\u011fustos 1922) nas\u0131l konu\u015fuldu?","datePublished":"2013-08-03T06:50:10+00:00","mainEntityOfPage":{"@id":"https:\/\/akunq.net\/tr\/?p=24826"},"wordCount":793,"commentCount":0,"articleSection":["Haberler","Tarih Sayfalar\u0131"],"inLanguage":"en-US","potentialAction":[{"@type":"CommentAction","name":"Comment","target":["https:\/\/akunq.net\/tr\/?p=24826#respond"]}]},{"@type":"WebPage","@id":"https:\/\/akunq.net\/tr\/?p=24826","url":"https:\/\/akunq.net\/tr\/?p=24826","name":"Pontos Soyk\u0131r\u0131m\u0131 TBMM\u2019de (21 A\u011fustos 1922) nas\u0131l konu\u015fuldu? - Bati Ermenistan Ve Bati Ermenileri Sorunlari Ara\u015ftirmalar Merkezi","isPartOf":{"@id":"https:\/\/akunq.net\/tr\/#website"},"datePublished":"2013-08-03T06:50:10+00:00","author":{"@id":"https:\/\/akunq.net\/tr\/#\/schema\/person\/096f1d38a12cce57fb855b485ed24c9e"},"breadcrumb":{"@id":"https:\/\/akunq.net\/tr\/?p=24826#breadcrumb"},"inLanguage":"en-US","potentialAction":[{"@type":"ReadAction","target":["https:\/\/akunq.net\/tr\/?p=24826"]}]},{"@type":"BreadcrumbList","@id":"https:\/\/akunq.net\/tr\/?p=24826#breadcrumb","itemListElement":[{"@type":"ListItem","position":1,"name":"Home","item":"https:\/\/akunq.net\/tr"},{"@type":"ListItem","position":2,"name":"Pontos Soyk\u0131r\u0131m\u0131 TBMM\u2019de (21 A\u011fustos 1922) nas\u0131l konu\u015fuldu?"}]},{"@type":"WebSite","@id":"https:\/\/akunq.net\/tr\/#website","url":"https:\/\/akunq.net\/tr\/","name":"Bati Ermenistan Ve Bati Ermenileri Sorunlari Ara\u015ftirmalar Merkezi","description":"","potentialAction":[{"@type":"SearchAction","target":{"@type":"EntryPoint","urlTemplate":"https:\/\/akunq.net\/tr\/?s={search_term_string}"},"query-input":{"@type":"PropertyValueSpecification","valueRequired":true,"valueName":"search_term_string"}}],"inLanguage":"en-US"},{"@type":"Person","@id":"https:\/\/akunq.net\/tr\/#\/schema\/person\/096f1d38a12cce57fb855b485ed24c9e","name":"admin","url":"https:\/\/akunq.net\/tr\/?author=7"}]}},"_links":{"self":[{"href":"https:\/\/akunq.net\/tr\/index.php?rest_route=\/wp\/v2\/posts\/24826","targetHints":{"allow":["GET"]}}],"collection":[{"href":"https:\/\/akunq.net\/tr\/index.php?rest_route=\/wp\/v2\/posts"}],"about":[{"href":"https:\/\/akunq.net\/tr\/index.php?rest_route=\/wp\/v2\/types\/post"}],"author":[{"embeddable":true,"href":"https:\/\/akunq.net\/tr\/index.php?rest_route=\/wp\/v2\/users\/7"}],"replies":[{"embeddable":true,"href":"https:\/\/akunq.net\/tr\/index.php?rest_route=%2Fwp%2Fv2%2Fcomments&post=24826"}],"version-history":[{"count":1,"href":"https:\/\/akunq.net\/tr\/index.php?rest_route=\/wp\/v2\/posts\/24826\/revisions"}],"predecessor-version":[{"id":24828,"href":"https:\/\/akunq.net\/tr\/index.php?rest_route=\/wp\/v2\/posts\/24826\/revisions\/24828"}],"wp:attachment":[{"href":"https:\/\/akunq.net\/tr\/index.php?rest_route=%2Fwp%2Fv2%2Fmedia&parent=24826"}],"wp:term":[{"taxonomy":"category","embeddable":true,"href":"https:\/\/akunq.net\/tr\/index.php?rest_route=%2Fwp%2Fv2%2Fcategories&post=24826"},{"taxonomy":"post_tag","embeddable":true,"href":"https:\/\/akunq.net\/tr\/index.php?rest_route=%2Fwp%2Fv2%2Ftags&post=24826"}],"curies":[{"name":"wp","href":"https:\/\/api.w.org\/{rel}","templated":true}]}}